{"id":9829,"date":"2024-12-20T15:26:59","date_gmt":"2024-12-20T14:26:59","guid":{"rendered":"https:\/\/sztgotthard-altisk.hu\/?p=9829"},"modified":"2025-03-06T15:31:57","modified_gmt":"2025-03-06T14:31:57","slug":"karacsony-2024-3","status":"publish","type":"post","link":"https:\/\/sztgotthard-altisk.hu\/?p=9829","title":{"rendered":"Kar\u00e1csony 2024"},"content":{"rendered":"<div class=\"html-div xdj266r x11i5rnm xat24cr x1mh8g0r xexx8yu x4uap5 x18d9i69 xkhd6sd\" dir=\"auto\">\n<div class=\"html-div xdj266r x11i5rnm xat24cr x1mh8g0r xexx8yu x4uap5 x18d9i69 xkhd6sd\" data-ad-rendering-role=\"story_message\">\n<div id=\"\u00abr1e1\u00bb\" class=\"x1l90r2v x1iorvi4 x1ye3gou xn6708d\" data-ad-comet-preview=\"message\" data-ad-preview=\"message\">\n<div class=\"x78zum5 xdt5ytf xz62fqu x16ldp7u\">\n<div class=\"xu06os2 x1ok221b\">\n<div class=\"xdj266r x11i5rnm xat24cr x1mh8g0r x1vvkbs x126k92a\">\n<div dir=\"auto\">A kar\u00e1csonyi sz\u00fcnet el\u0151tti utols\u00f3 napon iskol\u00e1nk 5. \u00e9vfolyamos di\u00e1kjai, oszt\u00e1lyf\u0151n\u00f6keik, Doncseczn\u00e9 Verh\u00e1s Katalin tan\u00e1rn\u0151 \u00e9s Lang M\u00e1rk tan\u00e1r \u00far vezet\u00e9s\u00e9vel, meghat\u00f3 m\u0171sorral k\u00e9sz\u00fcltek iskol\u00e1nk tanul\u00f3i, tan\u00e1rai \u00e9s dolgoz\u00f3i sz\u00e1m\u00e1ra.<\/div>\n<div dir=\"auto\">A m\u0171sor sor\u00e1n hallhattunk egy kar\u00e1csonyi t\u00f6rt\u00e9netet, ahol a gyerek egy kar\u00e1csonyi csod\u00e1t \u00e9ltek \u00e1t. B\u00f6\u0151 Bendeg\u00faz szavalat\u00e1ban egy gy\u00f6ny\u00f6r\u0171 vers k\u00f6vetkezett. L\u00e1thattuk A n\u00e9gy gyertya gy\u00f6ny\u00f6r\u0171 mes\u00e9j\u00e9t, melynek sor\u00e1n fellobbant az adventi koszor\u00fan a negyedik gyertya is. Egy igaz\u00e1n sz\u00e9p gyertyaf\u00e9nyes t\u00e1nc k\u00f6vetkezett. A p\u00e1sztorj\u00e1t\u00e9k id\u00e9n \u00e1rnyj\u00e1t\u00e9k form\u00e1j\u00e1ban val\u00f3sult meg. A m\u0171sor legmeghat\u00f3bb pillanata volt, amikor a f\u00fcgg\u00f6ny m\u00f6g\u00fcl kil\u00e9ptek a J\u00f3zsefet \u00e9s M\u00e1ri\u00e1t megform\u00e1l\u00f3 di\u00e1kok, majd belehelyezt\u00e9k az \u00faj betlehem j\u00e1szl\u00e1ba a kis J\u00e9zust. Az el\u0151ad\u00e1s f\u00e9ny\u00e9t emelte a k\u00f3rus \u00e9neke is, Offnern\u00e9 Hadrik T\u00edmea tan\u00e1rn\u0151 vezet\u00e9s\u00e9vel.<\/div>\n<div dir=\"auto\">A m\u0171sor v\u00e9g\u00e9n Csuk Hajnalka, tagint\u00e9zm\u00e9ny-igazgat\u00f3 megk\u00f6sz\u00f6nte az 5. \u00e9vfolyamos, oszt\u00e1lyf\u0151n\u00f6keik, a k\u00f3rus, valamit a k\u00f3rusvezet\u0151 munk\u00e1j\u00e1t, majd elmondta \u00fcnnepi k\u00f6sz\u00f6nt\u0151j\u00e9t. Kit\u00e9rt arra, hogy mennyire fontos az, hogy ne csak a k\u00fcls\u0151s\u00e9gekre figyelj\u00fcnk oda a kar\u00e1csonyi k\u00e9sz\u00fcl\u0151d\u00e9s sor\u00e1n, hanem arra is, hogy a sz\u00edv\u00fcnkben is b\u00e9ke, szeretet, az egy\u00fctt t\u00f6lt\u00f6tt id\u0151. Felh\u00edvta a figyelmet arra hogy az igazi csoda a Megv\u00e1lt\u00f3, J\u00e9zus Krisztus sz\u00fclet\u00e9se.<\/div>\n<div dir=\"auto\">B\u00e9la atya a k\u00f6vetkez\u0151 gondolatokat osztotta meg vel\u00fcnk. Az \u00e1rnyj\u00e1t\u00e9k sor\u00e1n nem l\u00e1tjuk mi t\u00f6rt\u00e9nik val\u00f3j\u00e1ban a lepel m\u00f6g\u00f6tt, csak valamit sejt\u00fcnk abb\u00f3l, mit is jelent a kar\u00e1csony, mik\u00e9nt \u00e9rkeztek a kir\u00e1lyok \u00e9s a p\u00e1sztorok a kis J\u00e9zushoz. Heteken \u00e1t v\u00e1rakoztunk arra, hogy az aul\u00e1ban tal\u00e1lhat\u00f3 betlehemi j\u00e1szolba beker\u00fclj\u00f6n a kisded. Majd k\u00e9rte a gyerekeket, hogy ha b\u00e1rhol kar\u00e1csonyf\u00e1t l\u00e1tnak az \u00fcnnep alatt, mindig n\u00e9zzenek a cs\u00facs\u00e1ra. Figyelj\u00e9k meg mik\u00e9nt t\u00f6rekszik az \u00e9g fel\u00e9, hogy meg\u00e9rthess\u00e9k kar\u00e1csony igazi titk\u00e1t. V\u00e9g\u00fcl mindketten \u00e1ldott, b\u00e9k\u00e9s, boldog kar\u00e1csonyt k\u00edv\u00e1ntak mindenkinek.<\/div>\n<\/div>\n<div class=\"x11i5rnm xat24cr x1mh8g0r x1vvkbs xtlvy1s x126k92a\">\n<div dir=\"auto\">K\u00f6sz\u00f6nj\u00fck a di\u00e1kok, valamint oszt\u00e1lyf\u0151n\u00f6keik rengeteg munk\u00e1j\u00e1t \u00e9s a sz\u00ednvonalas el\u0151ad\u00e1st!<\/div>\n<\/div>\n<\/div>\n<\/div>\n<\/div>\n<\/div>\n<\/div>\n<div id=\"\u00abr1e2\u00bb\" class=\"html-div xdj266r x11i5rnm xat24cr x1mh8g0r xexx8yu x4uap5 x18d9i69 xkhd6sd x1n2onr6\">\n<div class=\"html-div xdj266r x11i5rnm xat24cr x1mh8g0r xexx8yu x4uap5 x18d9i69 xkhd6sd x1n2onr6\">\n<div class=\"html-div xdj266r x11i5rnm xat24cr x1mh8g0r xexx8yu x4uap5 x18d9i69 xkhd6sd x78zum5 xdt5ytf x6ikm8r x10wlt62 x1n2onr6\">\n<div class=\"html-div xdj266r x11i5rnm xat24cr x1mh8g0r xexx8yu x4uap5 x18d9i69 xkhd6sd x6ikm8r x10wlt62 x1n2onr6\">\n<div class=\"x1n2onr6\">\n<div class=\"x6s0dn4 x1jx94hy x78zum5 xdt5ytf x6ikm8r x10wlt62 x1n2onr6 xh8yej3\">\n<div>\n<div class=\"x10l6tqk x13vifvy\"><a href=\"https:\/\/i0.wp.com\/sztgotthard-altisk.hu\/wp-content\/uploads\/2025\/03\/471192789_1084575743463987_5822525406012215971_n.jpg?ssl=1\"><img data-recalc-dims=\"1\" fetchpriority=\"high\" decoding=\"async\" class=\"alignnone size-medium wp-image-9830\" src=\"https:\/\/i0.wp.com\/sztgotthard-altisk.hu\/wp-content\/uploads\/2025\/03\/471192789_1084575743463987_5822525406012215971_n.jpg?resize=300%2C200&#038;ssl=1\" alt=\"\" width=\"300\" height=\"200\" srcset=\"https:\/\/i0.wp.com\/sztgotthard-altisk.hu\/wp-content\/uploads\/2025\/03\/471192789_1084575743463987_5822525406012215971_n.jpg?resize=300%2C200&amp;ssl=1 300w, https:\/\/i0.wp.com\/sztgotthard-altisk.hu\/wp-content\/uploads\/2025\/03\/471192789_1084575743463987_5822525406012215971_n.jpg?resize=768%2C512&amp;ssl=1 768w, https:\/\/i0.wp.com\/sztgotthard-altisk.hu\/wp-content\/uploads\/2025\/03\/471192789_1084575743463987_5822525406012215971_n.jpg?w=810&amp;ssl=1 810w\" sizes=\"(max-width: 300px) 100vw, 300px\" \/><\/a><\/div>\n<\/div>\n<\/div>\n<div class=\"x1ey2m1c x5yr21d xds687c x17qophe x10l6tqk x13vifvy xh8yej3\" data-visualcompletion=\"ignore\">\n<div class=\"x1lliihq x5yr21d x1n2onr6 xh8yej3 x1ja2u2z\">\n<div class=\"x1lliihq x5yr21d x1n2onr6 xh8yej3 x1ja2u2z\">\n<div class=\"x1lliihq x5yr21d x1n2onr6 xh8yej3 x1ja2u2z\">\n<div class=\"x1lliihq x5yr21d x1n2onr6 xh8yej3 x1ja2u2z\">\n<div class=\"x1lliihq x5yr21d x1n2onr6 xh8yej3 x1ja2u2z\">\n<div class=\"x5yr21d x1n2onr6 xh8yej3\">\n<div class=\"x5yr21d x1n2onr6 xh8yej3\">\n<div class=\"x5yr21d x1uhb9sk xh8yej3\">\u00a0<\/div>\n<\/div>\n<\/div>\n<\/div>\n<\/div>\n<\/div>\n<\/div>\n<div data-instancekey=\"id-vpuid-f7cdb66871b8c46ec\">\n<div class=\"x5yr21d x10l6tqk x13vifvy xh8yej3\" data-visualcompletion=\"ignore\">\n<div class=\"xc9qbxq xtzzx4i x10l6tqk xwa60dl x11lhmoz x14qfxbe xg01cxk x13dflua x1jl3cmp xl405pv xlshs6z x1ahifba\">\u00a0<\/div>\n<div class=\"x1ey2m1c x9f619 xds687c x17qophe x10l6tqk x13vifvy\" role=\"presentation\">\u00a0<\/div>\n<div class=\"xu1mrb xh8yej3\">\u00a0<\/div>\n<div class=\"x6s0dn4 x78zum5 x5yr21d xh8yej3\">\u00a0<\/div>\n<\/div>\n<\/div>\n<\/div>\n<\/div>\n<\/div>\n<\/div>\n<\/div>\n<\/div>\n<\/div>\n","protected":false},"excerpt":{"rendered":"<p>A kar\u00e1csonyi sz\u00fcnet el\u0151tti utols\u00f3 napon iskol\u00e1nk 5. \u00e9vfolyamos di\u00e1kjai, oszt\u00e1lyf\u0151n\u00f6keik, Doncseczn\u00e9 Verh\u00e1s Katalin tan\u00e1rn\u0151 \u00e9s Lang M\u00e1rk tan\u00e1r \u00far vezet\u00e9s\u00e9vel, meghat\u00f3 m\u0171sorral k\u00e9sz\u00fcltek iskol\u00e1nk tanul\u00f3i, tan\u00e1rai \u00e9s dolgoz\u00f3i sz\u00e1m\u00e1ra. A m\u0171sor sor\u00e1n hallhattunk egy kar\u00e1csonyi t\u00f6rt\u00e9netet, ahol a gyerek egy kar\u00e1csonyi csod\u00e1t \u00e9ltek \u00e1t. B\u00f6\u0151 Bendeg\u00faz szavalat\u00e1ban egy gy\u00f6ny\u00f6r\u0171 vers k\u00f6vetkezett. L\u00e1thattuk A n\u00e9gy [&hellip;]<\/p>\n","protected":false},"author":7,"featured_media":9830,"comment_status":"closed","ping_status":"closed","sticky":false,"template":"","format":"standard","meta":{"_exactmetrics_skip_tracking":false,"_exactmetrics_sitenote_active":false,"_exactmetrics_sitenote_note":"","_exactmetrics_sitenote_category":0,"_jetpack_memberships_contains_paid_content":false,"footnotes":""},"categories":[1],"tags":[],"class_list":["post-9829","post","type-post","status-publish","format-standard","has-post-thumbnail","hentry","category-egyeb"],"yoast_head":"<!-- This site is optimized with the Yoast SEO plugin v26.7 - https:\/\/yoast.com\/wordpress\/plugins\/seo\/ -->\n<title>Kar\u00e1csony 2024 - Szent Gotth\u00e1rd \u00c1ltal\u00e1nos Iskola<\/title>\n<meta name=\"robots\" content=\"index, follow, max-snippet:-1, max-image-preview:large, max-video-preview:-1\" \/>\n<link rel=\"canonical\" href=\"https:\/\/sztgotthard-altisk.hu\/?p=9829\" \/>\n<meta property=\"og:locale\" content=\"hu_HU\" \/>\n<meta property=\"og:type\" content=\"article\" \/>\n<meta property=\"og:title\" content=\"Kar\u00e1csony 2024 - Szent Gotth\u00e1rd \u00c1ltal\u00e1nos Iskola\" \/>\n<meta property=\"og:description\" content=\"A kar\u00e1csonyi sz\u00fcnet el\u0151tti utols\u00f3 napon iskol\u00e1nk 5. \u00e9vfolyamos di\u00e1kjai, oszt\u00e1lyf\u0151n\u00f6keik, Doncseczn\u00e9 Verh\u00e1s Katalin tan\u00e1rn\u0151 \u00e9s Lang M\u00e1rk tan\u00e1r \u00far vezet\u00e9s\u00e9vel, meghat\u00f3 m\u0171sorral k\u00e9sz\u00fcltek iskol\u00e1nk tanul\u00f3i, tan\u00e1rai \u00e9s dolgoz\u00f3i sz\u00e1m\u00e1ra. A m\u0171sor sor\u00e1n hallhattunk egy kar\u00e1csonyi t\u00f6rt\u00e9netet, ahol a gyerek egy kar\u00e1csonyi csod\u00e1t \u00e9ltek \u00e1t. B\u00f6\u0151 Bendeg\u00faz szavalat\u00e1ban egy gy\u00f6ny\u00f6r\u0171 vers k\u00f6vetkezett. L\u00e1thattuk A n\u00e9gy [&hellip;]\" \/>\n<meta property=\"og:url\" content=\"https:\/\/sztgotthard-altisk.hu\/?p=9829\" \/>\n<meta property=\"og:site_name\" content=\"Szent Gotth\u00e1rd \u00c1ltal\u00e1nos Iskola\" \/>\n<meta property=\"article:published_time\" content=\"2024-12-20T14:26:59+00:00\" \/>\n<meta property=\"article:modified_time\" content=\"2025-03-06T14:31:57+00:00\" \/>\n<meta property=\"og:image\" content=\"https:\/\/sztgotthard-altisk.hu\/wp-content\/uploads\/2025\/03\/471192789_1084575743463987_5822525406012215971_n.jpg\" \/>\n\t<meta property=\"og:image:width\" content=\"810\" \/>\n\t<meta property=\"og:image:height\" content=\"540\" \/>\n\t<meta property=\"og:image:type\" content=\"image\/jpeg\" \/>\n<meta name=\"author\" content=\"Kert\u00e9sz Eszter\" \/>\n<meta name=\"twitter:card\" content=\"summary_large_image\" \/>\n<meta name=\"twitter:label1\" content=\"Szerz\u0151:\" \/>\n\t<meta name=\"twitter:data1\" content=\"Kert\u00e9sz Eszter\" \/>\n\t<meta name=\"twitter:label2\" content=\"Becs\u00fclt olvas\u00e1si id\u0151\" \/>\n\t<meta name=\"twitter:data2\" content=\"2 perc\" \/>\n<script type=\"application\/ld+json\" class=\"yoast-schema-graph\">{\"@context\":\"https:\/\/schema.org\",\"@graph\":[{\"@type\":\"Article\",\"@id\":\"https:\/\/sztgotthard-altisk.hu\/?p=9829#article\",\"isPartOf\":{\"@id\":\"https:\/\/sztgotthard-altisk.hu\/?p=9829\"},\"author\":{\"name\":\"Kert\u00e9sz Eszter\",\"@id\":\"https:\/\/sztgotthard-altisk.hu\/#\/schema\/person\/74426125c27fc0ae6f8250a304ac184f\"},\"headline\":\"Kar\u00e1csony 2024\",\"datePublished\":\"2024-12-20T14:26:59+00:00\",\"dateModified\":\"2025-03-06T14:31:57+00:00\",\"mainEntityOfPage\":{\"@id\":\"https:\/\/sztgotthard-altisk.hu\/?p=9829\"},\"wordCount\":463,\"publisher\":{\"@id\":\"https:\/\/sztgotthard-altisk.hu\/#organization\"},\"image\":{\"@id\":\"https:\/\/sztgotthard-altisk.hu\/?p=9829#primaryimage\"},\"thumbnailUrl\":\"https:\/\/i0.wp.com\/sztgotthard-altisk.hu\/wp-content\/uploads\/2025\/03\/471192789_1084575743463987_5822525406012215971_n.jpg?fit=810%2C540&ssl=1\",\"inLanguage\":\"hu\"},{\"@type\":\"WebPage\",\"@id\":\"https:\/\/sztgotthard-altisk.hu\/?p=9829\",\"url\":\"https:\/\/sztgotthard-altisk.hu\/?p=9829\",\"name\":\"Kar\u00e1csony 2024 - Szent Gotth\u00e1rd \u00c1ltal\u00e1nos Iskola\",\"isPartOf\":{\"@id\":\"https:\/\/sztgotthard-altisk.hu\/#website\"},\"primaryImageOfPage\":{\"@id\":\"https:\/\/sztgotthard-altisk.hu\/?p=9829#primaryimage\"},\"image\":{\"@id\":\"https:\/\/sztgotthard-altisk.hu\/?p=9829#primaryimage\"},\"thumbnailUrl\":\"https:\/\/i0.wp.com\/sztgotthard-altisk.hu\/wp-content\/uploads\/2025\/03\/471192789_1084575743463987_5822525406012215971_n.jpg?fit=810%2C540&ssl=1\",\"datePublished\":\"2024-12-20T14:26:59+00:00\",\"dateModified\":\"2025-03-06T14:31:57+00:00\",\"breadcrumb\":{\"@id\":\"https:\/\/sztgotthard-altisk.hu\/?p=9829#breadcrumb\"},\"inLanguage\":\"hu\",\"potentialAction\":[{\"@type\":\"ReadAction\",\"target\":[\"https:\/\/sztgotthard-altisk.hu\/?p=9829\"]}]},{\"@type\":\"ImageObject\",\"inLanguage\":\"hu\",\"@id\":\"https:\/\/sztgotthard-altisk.hu\/?p=9829#primaryimage\",\"url\":\"https:\/\/i0.wp.com\/sztgotthard-altisk.hu\/wp-content\/uploads\/2025\/03\/471192789_1084575743463987_5822525406012215971_n.jpg?fit=810%2C540&ssl=1\",\"contentUrl\":\"https:\/\/i0.wp.com\/sztgotthard-altisk.hu\/wp-content\/uploads\/2025\/03\/471192789_1084575743463987_5822525406012215971_n.jpg?fit=810%2C540&ssl=1\",\"width\":810,\"height\":540},{\"@type\":\"BreadcrumbList\",\"@id\":\"https:\/\/sztgotthard-altisk.hu\/?p=9829#breadcrumb\",\"itemListElement\":[{\"@type\":\"ListItem\",\"position\":1,\"name\":\"Kezd\u0151lap\",\"item\":\"https:\/\/sztgotthard-altisk.hu\/\"},{\"@type\":\"ListItem\",\"position\":2,\"name\":\"Kar\u00e1csony 2024\"}]},{\"@type\":\"WebSite\",\"@id\":\"https:\/\/sztgotthard-altisk.hu\/#website\",\"url\":\"https:\/\/sztgotthard-altisk.hu\/\",\"name\":\"Szent Gotth\u00e1rd \u00c1ltal\u00e1nos Iskola\",\"description\":\"Szent Gotth\u00e1rd \u00c1ltal\u00e1nos Iskola\",\"publisher\":{\"@id\":\"https:\/\/sztgotthard-altisk.hu\/#organization\"},\"potentialAction\":[{\"@type\":\"SearchAction\",\"target\":{\"@type\":\"EntryPoint\",\"urlTemplate\":\"https:\/\/sztgotthard-altisk.hu\/?s={search_term_string}\"},\"query-input\":{\"@type\":\"PropertyValueSpecification\",\"valueRequired\":true,\"valueName\":\"search_term_string\"}}],\"inLanguage\":\"hu\"},{\"@type\":\"Organization\",\"@id\":\"https:\/\/sztgotthard-altisk.hu\/#organization\",\"name\":\"Szent Gell\u00e9rt \u00c1ltal\u00e1nos Iskola\",\"url\":\"https:\/\/sztgotthard-altisk.hu\/\",\"logo\":{\"@type\":\"ImageObject\",\"inLanguage\":\"hu\",\"@id\":\"https:\/\/sztgotthard-altisk.hu\/#\/schema\/logo\/image\/\",\"url\":\"https:\/\/i0.wp.com\/www.sztgotthard-altisk.hu\/wp-content\/uploads\/2022\/01\/sztg_altisk_logo.png?fit=161%2C129&ssl=1\",\"contentUrl\":\"https:\/\/i0.wp.com\/www.sztgotthard-altisk.hu\/wp-content\/uploads\/2022\/01\/sztg_altisk_logo.png?fit=161%2C129&ssl=1\",\"width\":161,\"height\":129,\"caption\":\"Szent Gell\u00e9rt \u00c1ltal\u00e1nos Iskola\"},\"image\":{\"@id\":\"https:\/\/sztgotthard-altisk.hu\/#\/schema\/logo\/image\/\"}},{\"@type\":\"Person\",\"@id\":\"https:\/\/sztgotthard-altisk.hu\/#\/schema\/person\/74426125c27fc0ae6f8250a304ac184f\",\"name\":\"Kert\u00e9sz Eszter\",\"image\":{\"@type\":\"ImageObject\",\"inLanguage\":\"hu\",\"@id\":\"https:\/\/sztgotthard-altisk.hu\/#\/schema\/person\/image\/\",\"url\":\"https:\/\/secure.gravatar.com\/avatar\/e6149a4d3ceb751a9028a999ab9bf4153acf7a5ffb94985144b15c5393557aad?s=96&d=mm&r=g\",\"contentUrl\":\"https:\/\/secure.gravatar.com\/avatar\/e6149a4d3ceb751a9028a999ab9bf4153acf7a5ffb94985144b15c5393557aad?s=96&d=mm&r=g\",\"caption\":\"Kert\u00e9sz Eszter\"},\"url\":\"https:\/\/sztgotthard-altisk.hu\/?author=7\"}]}<\/script>\n<!-- \/ Yoast SEO plugin. -->","yoast_head_json":{"title":"Kar\u00e1csony 2024 - Szent Gotth\u00e1rd \u00c1ltal\u00e1nos Iskola","robots":{"index":"index","follow":"follow","max-snippet":"max-snippet:-1","max-image-preview":"max-image-preview:large","max-video-preview":"max-video-preview:-1"},"canonical":"https:\/\/sztgotthard-altisk.hu\/?p=9829","og_locale":"hu_HU","og_type":"article","og_title":"Kar\u00e1csony 2024 - Szent Gotth\u00e1rd \u00c1ltal\u00e1nos Iskola","og_description":"A kar\u00e1csonyi sz\u00fcnet el\u0151tti utols\u00f3 napon iskol\u00e1nk 5. \u00e9vfolyamos di\u00e1kjai, oszt\u00e1lyf\u0151n\u00f6keik, Doncseczn\u00e9 Verh\u00e1s Katalin tan\u00e1rn\u0151 \u00e9s Lang M\u00e1rk tan\u00e1r \u00far vezet\u00e9s\u00e9vel, meghat\u00f3 m\u0171sorral k\u00e9sz\u00fcltek iskol\u00e1nk tanul\u00f3i, tan\u00e1rai \u00e9s dolgoz\u00f3i sz\u00e1m\u00e1ra. A m\u0171sor sor\u00e1n hallhattunk egy kar\u00e1csonyi t\u00f6rt\u00e9netet, ahol a gyerek egy kar\u00e1csonyi csod\u00e1t \u00e9ltek \u00e1t. B\u00f6\u0151 Bendeg\u00faz szavalat\u00e1ban egy gy\u00f6ny\u00f6r\u0171 vers k\u00f6vetkezett. L\u00e1thattuk A n\u00e9gy [&hellip;]","og_url":"https:\/\/sztgotthard-altisk.hu\/?p=9829","og_site_name":"Szent Gotth\u00e1rd \u00c1ltal\u00e1nos Iskola","article_published_time":"2024-12-20T14:26:59+00:00","article_modified_time":"2025-03-06T14:31:57+00:00","og_image":[{"width":810,"height":540,"url":"https:\/\/sztgotthard-altisk.hu\/wp-content\/uploads\/2025\/03\/471192789_1084575743463987_5822525406012215971_n.jpg","type":"image\/jpeg"}],"author":"Kert\u00e9sz Eszter","twitter_card":"summary_large_image","twitter_misc":{"Szerz\u0151:":"Kert\u00e9sz Eszter","Becs\u00fclt olvas\u00e1si id\u0151":"2 perc"},"schema":{"@context":"https:\/\/schema.org","@graph":[{"@type":"Article","@id":"https:\/\/sztgotthard-altisk.hu\/?p=9829#article","isPartOf":{"@id":"https:\/\/sztgotthard-altisk.hu\/?p=9829"},"author":{"name":"Kert\u00e9sz Eszter","@id":"https:\/\/sztgotthard-altisk.hu\/#\/schema\/person\/74426125c27fc0ae6f8250a304ac184f"},"headline":"Kar\u00e1csony 2024","datePublished":"2024-12-20T14:26:59+00:00","dateModified":"2025-03-06T14:31:57+00:00","mainEntityOfPage":{"@id":"https:\/\/sztgotthard-altisk.hu\/?p=9829"},"wordCount":463,"publisher":{"@id":"https:\/\/sztgotthard-altisk.hu\/#organization"},"image":{"@id":"https:\/\/sztgotthard-altisk.hu\/?p=9829#primaryimage"},"thumbnailUrl":"https:\/\/i0.wp.com\/sztgotthard-altisk.hu\/wp-content\/uploads\/2025\/03\/471192789_1084575743463987_5822525406012215971_n.jpg?fit=810%2C540&ssl=1","inLanguage":"hu"},{"@type":"WebPage","@id":"https:\/\/sztgotthard-altisk.hu\/?p=9829","url":"https:\/\/sztgotthard-altisk.hu\/?p=9829","name":"Kar\u00e1csony 2024 - Szent Gotth\u00e1rd \u00c1ltal\u00e1nos Iskola","isPartOf":{"@id":"https:\/\/sztgotthard-altisk.hu\/#website"},"primaryImageOfPage":{"@id":"https:\/\/sztgotthard-altisk.hu\/?p=9829#primaryimage"},"image":{"@id":"https:\/\/sztgotthard-altisk.hu\/?p=9829#primaryimage"},"thumbnailUrl":"https:\/\/i0.wp.com\/sztgotthard-altisk.hu\/wp-content\/uploads\/2025\/03\/471192789_1084575743463987_5822525406012215971_n.jpg?fit=810%2C540&ssl=1","datePublished":"2024-12-20T14:26:59+00:00","dateModified":"2025-03-06T14:31:57+00:00","breadcrumb":{"@id":"https:\/\/sztgotthard-altisk.hu\/?p=9829#breadcrumb"},"inLanguage":"hu","potentialAction":[{"@type":"ReadAction","target":["https:\/\/sztgotthard-altisk.hu\/?p=9829"]}]},{"@type":"ImageObject","inLanguage":"hu","@id":"https:\/\/sztgotthard-altisk.hu\/?p=9829#primaryimage","url":"https:\/\/i0.wp.com\/sztgotthard-altisk.hu\/wp-content\/uploads\/2025\/03\/471192789_1084575743463987_5822525406012215971_n.jpg?fit=810%2C540&ssl=1","contentUrl":"https:\/\/i0.wp.com\/sztgotthard-altisk.hu\/wp-content\/uploads\/2025\/03\/471192789_1084575743463987_5822525406012215971_n.jpg?fit=810%2C540&ssl=1","width":810,"height":540},{"@type":"BreadcrumbList","@id":"https:\/\/sztgotthard-altisk.hu\/?p=9829#breadcrumb","itemListElement":[{"@type":"ListItem","position":1,"name":"Kezd\u0151lap","item":"https:\/\/sztgotthard-altisk.hu\/"},{"@type":"ListItem","position":2,"name":"Kar\u00e1csony 2024"}]},{"@type":"WebSite","@id":"https:\/\/sztgotthard-altisk.hu\/#website","url":"https:\/\/sztgotthard-altisk.hu\/","name":"Szent Gotth\u00e1rd \u00c1ltal\u00e1nos Iskola","description":"Szent Gotth\u00e1rd \u00c1ltal\u00e1nos Iskola","publisher":{"@id":"https:\/\/sztgotthard-altisk.hu\/#organization"},"potentialAction":[{"@type":"SearchAction","target":{"@type":"EntryPoint","urlTemplate":"https:\/\/sztgotthard-altisk.hu\/?s={search_term_string}"},"query-input":{"@type":"PropertyValueSpecification","valueRequired":true,"valueName":"search_term_string"}}],"inLanguage":"hu"},{"@type":"Organization","@id":"https:\/\/sztgotthard-altisk.hu\/#organization","name":"Szent Gell\u00e9rt \u00c1ltal\u00e1nos Iskola","url":"https:\/\/sztgotthard-altisk.hu\/","logo":{"@type":"ImageObject","inLanguage":"hu","@id":"https:\/\/sztgotthard-altisk.hu\/#\/schema\/logo\/image\/","url":"https:\/\/i0.wp.com\/www.sztgotthard-altisk.hu\/wp-content\/uploads\/2022\/01\/sztg_altisk_logo.png?fit=161%2C129&ssl=1","contentUrl":"https:\/\/i0.wp.com\/www.sztgotthard-altisk.hu\/wp-content\/uploads\/2022\/01\/sztg_altisk_logo.png?fit=161%2C129&ssl=1","width":161,"height":129,"caption":"Szent Gell\u00e9rt \u00c1ltal\u00e1nos Iskola"},"image":{"@id":"https:\/\/sztgotthard-altisk.hu\/#\/schema\/logo\/image\/"}},{"@type":"Person","@id":"https:\/\/sztgotthard-altisk.hu\/#\/schema\/person\/74426125c27fc0ae6f8250a304ac184f","name":"Kert\u00e9sz Eszter","image":{"@type":"ImageObject","inLanguage":"hu","@id":"https:\/\/sztgotthard-altisk.hu\/#\/schema\/person\/image\/","url":"https:\/\/secure.gravatar.com\/avatar\/e6149a4d3ceb751a9028a999ab9bf4153acf7a5ffb94985144b15c5393557aad?s=96&d=mm&r=g","contentUrl":"https:\/\/secure.gravatar.com\/avatar\/e6149a4d3ceb751a9028a999ab9bf4153acf7a5ffb94985144b15c5393557aad?s=96&d=mm&r=g","caption":"Kert\u00e9sz Eszter"},"url":"https:\/\/sztgotthard-altisk.hu\/?author=7"}]}},"jetpack_featured_media_url":"https:\/\/i0.wp.com\/sztgotthard-altisk.hu\/wp-content\/uploads\/2025\/03\/471192789_1084575743463987_5822525406012215971_n.jpg?fit=810%2C540&ssl=1","jetpack_shortlink":"https:\/\/wp.me\/p9tyQr-2yx","jetpack_sharing_enabled":true,"_links":{"self":[{"href":"https:\/\/sztgotthard-altisk.hu\/index.php?rest_route=\/wp\/v2\/posts\/9829","targetHints":{"allow":["GET"]}}],"collection":[{"href":"https:\/\/sztgotthard-altisk.hu\/index.php?rest_route=\/wp\/v2\/posts"}],"about":[{"href":"https:\/\/sztgotthard-altisk.hu\/index.php?rest_route=\/wp\/v2\/types\/post"}],"author":[{"embeddable":true,"href":"https:\/\/sztgotthard-altisk.hu\/index.php?rest_route=\/wp\/v2\/users\/7"}],"replies":[{"embeddable":true,"href":"https:\/\/sztgotthard-altisk.hu\/index.php?rest_route=%2Fwp%2Fv2%2Fcomments&post=9829"}],"version-history":[{"count":1,"href":"https:\/\/sztgotthard-altisk.hu\/index.php?rest_route=\/wp\/v2\/posts\/9829\/revisions"}],"predecessor-version":[{"id":9831,"href":"https:\/\/sztgotthard-altisk.hu\/index.php?rest_route=\/wp\/v2\/posts\/9829\/revisions\/9831"}],"wp:featuredmedia":[{"embeddable":true,"href":"https:\/\/sztgotthard-altisk.hu\/index.php?rest_route=\/wp\/v2\/media\/9830"}],"wp:attachment":[{"href":"https:\/\/sztgotthard-altisk.hu\/index.php?rest_route=%2Fwp%2Fv2%2Fmedia&parent=9829"}],"wp:term":[{"taxonomy":"category","embeddable":true,"href":"https:\/\/sztgotthard-altisk.hu\/index.php?rest_route=%2Fwp%2Fv2%2Fcategories&post=9829"},{"taxonomy":"post_tag","embeddable":true,"href":"https:\/\/sztgotthard-altisk.hu\/index.php?rest_route=%2Fwp%2Fv2%2Ftags&post=9829"}],"curies":[{"name":"wp","href":"https:\/\/api.w.org\/{rel}","templated":true}]}}