{"id":8184,"date":"2023-10-18T13:37:49","date_gmt":"2023-10-18T12:37:49","guid":{"rendered":"https:\/\/sztgotthard-altisk.hu\/?p=8184"},"modified":"2023-10-18T13:38:49","modified_gmt":"2023-10-18T12:38:49","slug":"mezei-futoverseny","status":"publish","type":"post","link":"https:\/\/sztgotthard-altisk.hu\/?p=8184","title":{"rendered":"Mezei fut\u00f3verseny"},"content":{"rendered":"<div class=\"xdj266r x11i5rnm xat24cr x1mh8g0r x1vvkbs x126k92a\">\n<div dir=\"auto\" style=\"text-align: justify;\"><strong>Okt\u00f3ber 5-\u00e9n di\u00e1kjaink megyei fut\u00f3bajnoks\u00e1gon vettek r\u00e9szt Ostffyasszonyf\u00e1n, ahol nagyon sok iskola k\u00e9pviseltette mag\u00e1t. Iskol\u00e1nk tanul\u00f3i sz\u00e1mos \u00e9rmet \u00e9s oklevelet szereztek a n\u00e9pes mez\u0151nyben.<\/strong><\/div>\n<div dir=\"auto\">\u00a0<\/div>\n<\/div>\n<div class=\"x11i5rnm xat24cr x1mh8g0r x1vvkbs xtlvy1s x126k92a\">\n<div dir=\"auto\">I. korcsoport fi\u00fa (t\u00e1v: 500 m) eredm\u00e9nyek:<\/div>\n<\/div>\n<div class=\"x11i5rnm xat24cr x1mh8g0r x1vvkbs xtlvy1s x126k92a\">\n<div dir=\"auto\">1. Mesics Vencel (3.a)<\/div>\n<div dir=\"auto\">2. Nagy No\u00e9 (3.a)<\/div>\n<div dir=\"auto\">4. K\u00f3cz\u00e1n Noel (3.a)<\/div>\n<div dir=\"auto\">5. Kov\u00e1cs \u00c1din (3.a)<\/div>\n<div dir=\"auto\">\u00a0<\/div>\n<\/div>\n<div class=\"x11i5rnm xat24cr x1mh8g0r x1vvkbs xtlvy1s x126k92a\">\n<div dir=\"auto\">I. korcsoport le\u00e1ny (t\u00e1v: 500 m) eredm\u00e9nyek:<\/div>\n<\/div>\n<div class=\"x11i5rnm xat24cr x1mh8g0r x1vvkbs xtlvy1s x126k92a\">\n<div dir=\"auto\">3. So\u00f3s Lia (3.a)<\/div>\n<div dir=\"auto\">6. S\u00fct\u0151 Bogl\u00e1rka (3.a)<\/div>\n<div dir=\"auto\">\u00a0<\/div>\n<\/div>\n<div class=\"x11i5rnm xat24cr x1mh8g0r x1vvkbs xtlvy1s x126k92a\">\n<div dir=\"auto\">II. korcsoport fi\u00fa (t\u00e1v: 1000 m) eredm\u00e9nyek:<\/div>\n<\/div>\n<div class=\"x11i5rnm xat24cr x1mh8g0r x1vvkbs xtlvy1s x126k92a\">\n<div dir=\"auto\">6. Kov\u00e1cs \u00c1d\u00e1m (4.a)<\/div>\n<div dir=\"auto\">26. N\u00e9meth D\u00e1vid (3.a)<\/div>\n<div dir=\"auto\">32. Czotter Tam\u00e1s (4.a)<\/div>\n<div dir=\"auto\">\u00a0<\/div>\n<\/div>\n<div class=\"x11i5rnm xat24cr x1mh8g0r x1vvkbs xtlvy1s x126k92a\">\n<div dir=\"auto\">II. korcsoport le\u00e1ny (t\u00e1v: 1000 m) eredm\u00e9nyek:<\/div>\n<\/div>\n<div class=\"x11i5rnm xat24cr x1mh8g0r x1vvkbs xtlvy1s x126k92a\">\n<div dir=\"auto\">8. Karsai Liza (4.a)<\/div>\n<div dir=\"auto\">13. Somfalvi Lili (3.a)<\/div>\n<div dir=\"auto\">\u00a0<\/div>\n<\/div>\n<div class=\"x11i5rnm xat24cr x1mh8g0r x1vvkbs xtlvy1s x126k92a\">\n<div dir=\"auto\">Edz\u0151: Hegyi J\u00f3zsef<\/div>\n<div dir=\"auto\">\u00a0<\/div>\n<\/div>\n<div class=\"x11i5rnm xat24cr x1mh8g0r x1vvkbs xtlvy1s x126k92a\">\n<div dir=\"auto\">III. korcsoport le\u00e1ny (t\u00e1v: 1849 m) eredm\u00e9nyek:<\/div>\n<\/div>\n<div class=\"x11i5rnm xat24cr x1mh8g0r x1vvkbs xtlvy1s x126k92a\">\n<div dir=\"auto\">5. Ga\u00e1l L\u00e9na (6.a)<\/div>\n<div dir=\"auto\">8. Monek Csenge ( 6.a)<\/div>\n<div dir=\"auto\">10. Nagy Mira (6.a)<\/div>\n<div dir=\"auto\">17. Monek Kincs\u0151 (5.b)<\/div>\n<div dir=\"auto\">\u00a0<\/div>\n<\/div>\n<div class=\"x11i5rnm xat24cr x1mh8g0r x1vvkbs xtlvy1s x126k92a\">\n<div dir=\"auto\">Edz\u0151: Kozma G\u00e1bor<\/div>\n<\/div>\n<div dir=\"auto\">\u00a0<\/div>\n<div dir=\"auto\"><a href=\"https:\/\/i0.wp.com\/sztgotthard-altisk.hu\/wp-content\/uploads\/2023\/10\/387536498_1026215408518898_3593665746615044596_n.jpg?ssl=1\"><img data-recalc-dims=\"1\" fetchpriority=\"high\" decoding=\"async\" class=\"alignnone size-medium wp-image-8186\" src=\"https:\/\/i0.wp.com\/sztgotthard-altisk.hu\/wp-content\/uploads\/2023\/10\/387536498_1026215408518898_3593665746615044596_n.jpg?resize=300%2C225&#038;ssl=1\" alt=\"\" width=\"300\" height=\"225\" srcset=\"https:\/\/i0.wp.com\/sztgotthard-altisk.hu\/wp-content\/uploads\/2023\/10\/387536498_1026215408518898_3593665746615044596_n.jpg?resize=300%2C225&amp;ssl=1 300w, https:\/\/i0.wp.com\/sztgotthard-altisk.hu\/wp-content\/uploads\/2023\/10\/387536498_1026215408518898_3593665746615044596_n.jpg?w=320&amp;ssl=1 320w\" sizes=\"(max-width: 300px) 100vw, 300px\" \/><\/a><\/div>\n<div dir=\"auto\">\u00a0<\/div>\n<div dir=\"auto\"><a href=\"https:\/\/i0.wp.com\/sztgotthard-altisk.hu\/wp-content\/uploads\/2023\/10\/393387489_299193939568355_1226543234434114774_n.jpg?ssl=1\"><img data-recalc-dims=\"1\" decoding=\"async\" class=\"alignnone size-medium wp-image-8187\" src=\"https:\/\/i0.wp.com\/sztgotthard-altisk.hu\/wp-content\/uploads\/2023\/10\/393387489_299193939568355_1226543234434114774_n.jpg?resize=225%2C300&#038;ssl=1\" alt=\"\" width=\"225\" height=\"300\" srcset=\"https:\/\/i0.wp.com\/sztgotthard-altisk.hu\/wp-content\/uploads\/2023\/10\/393387489_299193939568355_1226543234434114774_n.jpg?resize=225%2C300&amp;ssl=1 225w, https:\/\/i0.wp.com\/sztgotthard-altisk.hu\/wp-content\/uploads\/2023\/10\/393387489_299193939568355_1226543234434114774_n.jpg?w=240&amp;ssl=1 240w\" sizes=\"(max-width: 225px) 100vw, 225px\" \/><\/a><\/div>\n<div dir=\"auto\">\u00a0<\/div>\n<div dir=\"auto\"><a href=\"https:\/\/i0.wp.com\/sztgotthard-altisk.hu\/wp-content\/uploads\/2023\/10\/393591047_3519662134917729_1948800175286920019_n-1.jpg?ssl=1\"><img data-recalc-dims=\"1\" decoding=\"async\" class=\"alignnone size-medium wp-image-8188\" src=\"https:\/\/i0.wp.com\/sztgotthard-altisk.hu\/wp-content\/uploads\/2023\/10\/393591047_3519662134917729_1948800175286920019_n-1.jpg?resize=300%2C225&#038;ssl=1\" alt=\"\" width=\"300\" height=\"225\" srcset=\"https:\/\/i0.wp.com\/sztgotthard-altisk.hu\/wp-content\/uploads\/2023\/10\/393591047_3519662134917729_1948800175286920019_n-1.jpg?resize=300%2C225&amp;ssl=1 300w, https:\/\/i0.wp.com\/sztgotthard-altisk.hu\/wp-content\/uploads\/2023\/10\/393591047_3519662134917729_1948800175286920019_n-1.jpg?w=320&amp;ssl=1 320w\" sizes=\"(max-width: 300px) 100vw, 300px\" \/><\/a><\/div>\n<div dir=\"auto\">\u00a0<\/div>\n<div dir=\"auto\"><a href=\"https:\/\/i0.wp.com\/sztgotthard-altisk.hu\/wp-content\/uploads\/2023\/10\/387487466_1272735323444439_1373237103410976236_n.jpg?ssl=1\"><img data-recalc-dims=\"1\" loading=\"lazy\" decoding=\"async\" class=\"alignnone size-medium wp-image-8189\" src=\"https:\/\/i0.wp.com\/sztgotthard-altisk.hu\/wp-content\/uploads\/2023\/10\/387487466_1272735323444439_1373237103410976236_n.jpg?resize=300%2C225&#038;ssl=1\" alt=\"\" width=\"300\" height=\"225\" srcset=\"https:\/\/i0.wp.com\/sztgotthard-altisk.hu\/wp-content\/uploads\/2023\/10\/387487466_1272735323444439_1373237103410976236_n.jpg?resize=300%2C225&amp;ssl=1 300w, https:\/\/i0.wp.com\/sztgotthard-altisk.hu\/wp-content\/uploads\/2023\/10\/387487466_1272735323444439_1373237103410976236_n.jpg?w=480&amp;ssl=1 480w\" sizes=\"(max-width: 300px) 100vw, 300px\" \/><\/a><\/div>\n<div dir=\"auto\">\u00a0<\/div>\n<div dir=\"auto\"><a href=\"https:\/\/i0.wp.com\/sztgotthard-altisk.hu\/wp-content\/uploads\/2023\/10\/393441808_1299299907381046_8822964708510051665_n.jpg?ssl=1\"><img data-recalc-dims=\"1\" loading=\"lazy\" decoding=\"async\" class=\"alignnone size-medium wp-image-8190\" src=\"https:\/\/i0.wp.com\/sztgotthard-altisk.hu\/wp-content\/uploads\/2023\/10\/393441808_1299299907381046_8822964708510051665_n.jpg?resize=300%2C225&#038;ssl=1\" alt=\"\" width=\"300\" height=\"225\" srcset=\"https:\/\/i0.wp.com\/sztgotthard-altisk.hu\/wp-content\/uploads\/2023\/10\/393441808_1299299907381046_8822964708510051665_n.jpg?resize=300%2C225&amp;ssl=1 300w, https:\/\/i0.wp.com\/sztgotthard-altisk.hu\/wp-content\/uploads\/2023\/10\/393441808_1299299907381046_8822964708510051665_n.jpg?w=480&amp;ssl=1 480w\" sizes=\"(max-width: 300px) 100vw, 300px\" \/><\/a><\/div>\n<div dir=\"auto\">\u00a0<\/div>\n<div dir=\"auto\"><a href=\"https:\/\/i0.wp.com\/sztgotthard-altisk.hu\/wp-content\/uploads\/2023\/10\/393695210_1039690163889038_5338677993950982210_n.jpg?ssl=1\"><img data-recalc-dims=\"1\" loading=\"lazy\" decoding=\"async\" class=\"alignnone size-medium wp-image-8191\" src=\"https:\/\/i0.wp.com\/sztgotthard-altisk.hu\/wp-content\/uploads\/2023\/10\/393695210_1039690163889038_5338677993950982210_n.jpg?resize=300%2C225&#038;ssl=1\" alt=\"\" width=\"300\" height=\"225\" srcset=\"https:\/\/i0.wp.com\/sztgotthard-altisk.hu\/wp-content\/uploads\/2023\/10\/393695210_1039690163889038_5338677993950982210_n.jpg?resize=300%2C225&amp;ssl=1 300w, https:\/\/i0.wp.com\/sztgotthard-altisk.hu\/wp-content\/uploads\/2023\/10\/393695210_1039690163889038_5338677993950982210_n.jpg?w=480&amp;ssl=1 480w\" sizes=\"(max-width: 300px) 100vw, 300px\" \/><\/a><\/div>\n<div class=\"x11i5rnm xat24cr x1mh8g0r x1vvkbs xtlvy1s x126k92a\">\n<div dir=\"auto\">\u00a0<\/div>\n<\/div>\n<div class=\"x11i5rnm xat24cr x1mh8g0r x1vvkbs xtlvy1s x126k92a\">\n<div dir=\"auto\">Gratul\u00e1lunk mindannyiuknak!<\/div>\n<div dir=\"auto\">\u00a0<\/div>\n<\/div>\n<div class=\"x11i5rnm xat24cr x1mh8g0r x1vvkbs xtlvy1s x126k92a\">\n<div dir=\"auto\">A k\u00f6vetkez\u0151 verseny okt\u00f3ber 19-\u00e9n ker\u00fcl megrendez\u00e9sre, ahol az egy\u00e9ni mellett, csapatversenyt is szerveznek.<\/div>\n<\/div>\n","protected":false},"excerpt":{"rendered":"<p>Okt\u00f3ber 5-\u00e9n di\u00e1kjaink megyei fut\u00f3bajnoks\u00e1gon vettek r\u00e9szt Ostffyasszonyf\u00e1n, ahol nagyon sok iskola k\u00e9pviseltette mag\u00e1t. Iskol\u00e1nk tanul\u00f3i sz\u00e1mos \u00e9rmet \u00e9s oklevelet szereztek a n\u00e9pes mez\u0151nyben. \u00a0 I. korcsoport fi\u00fa (t\u00e1v: 500 m) eredm\u00e9nyek: 1. Mesics Vencel (3.a) 2. Nagy No\u00e9 (3.a) 4. K\u00f3cz\u00e1n Noel (3.a) 5. Kov\u00e1cs \u00c1din (3.a) \u00a0 I. korcsoport le\u00e1ny (t\u00e1v: 500 m) [&hellip;]<\/p>\n","protected":false},"author":5,"featured_media":8185,"comment_status":"closed","ping_status":"closed","sticky":false,"template":"","format":"standard","meta":{"_exactmetrics_skip_tracking":false,"_exactmetrics_sitenote_active":false,"_exactmetrics_sitenote_note":"","_exactmetrics_sitenote_category":0,"_jetpack_memberships_contains_paid_content":false,"footnotes":""},"categories":[5],"tags":[563],"class_list":["post-8184","post","type-post","status-publish","format-standard","has-post-thumbnail","hentry","category-hirek","tag-mezei-futoverseny"],"yoast_head":"<!-- This site is optimized with the Yoast SEO plugin v26.7 - https:\/\/yoast.com\/wordpress\/plugins\/seo\/ -->\n<title>Mezei fut\u00f3verseny - Szent Gotth\u00e1rd \u00c1ltal\u00e1nos Iskola<\/title>\n<meta name=\"description\" content=\"mezei fut\u00f3verseny, atl\u00e9tika\" \/>\n<meta name=\"robots\" content=\"index, follow, max-snippet:-1, max-image-preview:large, max-video-preview:-1\" \/>\n<link rel=\"canonical\" href=\"https:\/\/sztgotthard-altisk.hu\/?p=8184\" \/>\n<meta property=\"og:locale\" content=\"hu_HU\" \/>\n<meta property=\"og:type\" content=\"article\" \/>\n<meta property=\"og:title\" content=\"Mezei fut\u00f3verseny - Szent Gotth\u00e1rd \u00c1ltal\u00e1nos Iskola\" \/>\n<meta property=\"og:description\" content=\"mezei fut\u00f3verseny, atl\u00e9tika\" \/>\n<meta property=\"og:url\" content=\"https:\/\/sztgotthard-altisk.hu\/?p=8184\" \/>\n<meta property=\"og:site_name\" content=\"Szent Gotth\u00e1rd \u00c1ltal\u00e1nos Iskola\" \/>\n<meta property=\"article:published_time\" content=\"2023-10-18T12:37:49+00:00\" \/>\n<meta property=\"article:modified_time\" content=\"2023-10-18T12:38:49+00:00\" \/>\n<meta property=\"og:image\" content=\"https:\/\/sztgotthard-altisk.hu\/wp-content\/uploads\/2023\/10\/Athletics_track.jpg\" \/>\n\t<meta property=\"og:image:width\" content=\"640\" \/>\n\t<meta property=\"og:image:height\" content=\"897\" \/>\n\t<meta property=\"og:image:type\" content=\"image\/jpeg\" \/>\n<meta name=\"author\" content=\"V\u00f6lker-Horv\u00e1th Anita\" \/>\n<meta name=\"twitter:card\" content=\"summary_large_image\" \/>\n<meta name=\"twitter:label1\" content=\"Szerz\u0151:\" \/>\n\t<meta name=\"twitter:data1\" content=\"V\u00f6lker-Horv\u00e1th Anita\" \/>\n\t<meta name=\"twitter:label2\" content=\"Becs\u00fclt olvas\u00e1si id\u0151\" \/>\n\t<meta name=\"twitter:data2\" content=\"1 perc\" \/>\n<script type=\"application\/ld+json\" class=\"yoast-schema-graph\">{\"@context\":\"https:\/\/schema.org\",\"@graph\":[{\"@type\":\"Article\",\"@id\":\"https:\/\/sztgotthard-altisk.hu\/?p=8184#article\",\"isPartOf\":{\"@id\":\"https:\/\/sztgotthard-altisk.hu\/?p=8184\"},\"author\":{\"name\":\"V\u00f6lker-Horv\u00e1th Anita\",\"@id\":\"https:\/\/sztgotthard-altisk.hu\/#\/schema\/person\/81c8789606fdb4ad7bfb6e46cc0047be\"},\"headline\":\"Mezei fut\u00f3verseny\",\"datePublished\":\"2023-10-18T12:37:49+00:00\",\"dateModified\":\"2023-10-18T12:38:49+00:00\",\"mainEntityOfPage\":{\"@id\":\"https:\/\/sztgotthard-altisk.hu\/?p=8184\"},\"wordCount\":173,\"publisher\":{\"@id\":\"https:\/\/sztgotthard-altisk.hu\/#organization\"},\"image\":{\"@id\":\"https:\/\/sztgotthard-altisk.hu\/?p=8184#primaryimage\"},\"thumbnailUrl\":\"https:\/\/i0.wp.com\/sztgotthard-altisk.hu\/wp-content\/uploads\/2023\/10\/Athletics_track.jpg?fit=640%2C897&ssl=1\",\"keywords\":[\"mezei fut\u00f3verseny\"],\"articleSection\":[\"H\u00edrek\"],\"inLanguage\":\"hu\"},{\"@type\":\"WebPage\",\"@id\":\"https:\/\/sztgotthard-altisk.hu\/?p=8184\",\"url\":\"https:\/\/sztgotthard-altisk.hu\/?p=8184\",\"name\":\"Mezei fut\u00f3verseny - Szent Gotth\u00e1rd \u00c1ltal\u00e1nos Iskola\",\"isPartOf\":{\"@id\":\"https:\/\/sztgotthard-altisk.hu\/#website\"},\"primaryImageOfPage\":{\"@id\":\"https:\/\/sztgotthard-altisk.hu\/?p=8184#primaryimage\"},\"image\":{\"@id\":\"https:\/\/sztgotthard-altisk.hu\/?p=8184#primaryimage\"},\"thumbnailUrl\":\"https:\/\/i0.wp.com\/sztgotthard-altisk.hu\/wp-content\/uploads\/2023\/10\/Athletics_track.jpg?fit=640%2C897&ssl=1\",\"datePublished\":\"2023-10-18T12:37:49+00:00\",\"dateModified\":\"2023-10-18T12:38:49+00:00\",\"description\":\"mezei fut\u00f3verseny, atl\u00e9tika\",\"breadcrumb\":{\"@id\":\"https:\/\/sztgotthard-altisk.hu\/?p=8184#breadcrumb\"},\"inLanguage\":\"hu\",\"potentialAction\":[{\"@type\":\"ReadAction\",\"target\":[\"https:\/\/sztgotthard-altisk.hu\/?p=8184\"]}]},{\"@type\":\"ImageObject\",\"inLanguage\":\"hu\",\"@id\":\"https:\/\/sztgotthard-altisk.hu\/?p=8184#primaryimage\",\"url\":\"https:\/\/i0.wp.com\/sztgotthard-altisk.hu\/wp-content\/uploads\/2023\/10\/Athletics_track.jpg?fit=640%2C897&ssl=1\",\"contentUrl\":\"https:\/\/i0.wp.com\/sztgotthard-altisk.hu\/wp-content\/uploads\/2023\/10\/Athletics_track.jpg?fit=640%2C897&ssl=1\",\"width\":640,\"height\":897},{\"@type\":\"BreadcrumbList\",\"@id\":\"https:\/\/sztgotthard-altisk.hu\/?p=8184#breadcrumb\",\"itemListElement\":[{\"@type\":\"ListItem\",\"position\":1,\"name\":\"Kezd\u0151lap\",\"item\":\"https:\/\/sztgotthard-altisk.hu\/\"},{\"@type\":\"ListItem\",\"position\":2,\"name\":\"Mezei fut\u00f3verseny\"}]},{\"@type\":\"WebSite\",\"@id\":\"https:\/\/sztgotthard-altisk.hu\/#website\",\"url\":\"https:\/\/sztgotthard-altisk.hu\/\",\"name\":\"Szent Gotth\u00e1rd \u00c1ltal\u00e1nos Iskola\",\"description\":\"Szent Gotth\u00e1rd \u00c1ltal\u00e1nos Iskola\",\"publisher\":{\"@id\":\"https:\/\/sztgotthard-altisk.hu\/#organization\"},\"potentialAction\":[{\"@type\":\"SearchAction\",\"target\":{\"@type\":\"EntryPoint\",\"urlTemplate\":\"https:\/\/sztgotthard-altisk.hu\/?s={search_term_string}\"},\"query-input\":{\"@type\":\"PropertyValueSpecification\",\"valueRequired\":true,\"valueName\":\"search_term_string\"}}],\"inLanguage\":\"hu\"},{\"@type\":\"Organization\",\"@id\":\"https:\/\/sztgotthard-altisk.hu\/#organization\",\"name\":\"Szent Gell\u00e9rt \u00c1ltal\u00e1nos Iskola\",\"url\":\"https:\/\/sztgotthard-altisk.hu\/\",\"logo\":{\"@type\":\"ImageObject\",\"inLanguage\":\"hu\",\"@id\":\"https:\/\/sztgotthard-altisk.hu\/#\/schema\/logo\/image\/\",\"url\":\"https:\/\/i0.wp.com\/www.sztgotthard-altisk.hu\/wp-content\/uploads\/2022\/01\/sztg_altisk_logo.png?fit=161%2C129&ssl=1\",\"contentUrl\":\"https:\/\/i0.wp.com\/www.sztgotthard-altisk.hu\/wp-content\/uploads\/2022\/01\/sztg_altisk_logo.png?fit=161%2C129&ssl=1\",\"width\":161,\"height\":129,\"caption\":\"Szent Gell\u00e9rt \u00c1ltal\u00e1nos Iskola\"},\"image\":{\"@id\":\"https:\/\/sztgotthard-altisk.hu\/#\/schema\/logo\/image\/\"}},{\"@type\":\"Person\",\"@id\":\"https:\/\/sztgotthard-altisk.hu\/#\/schema\/person\/81c8789606fdb4ad7bfb6e46cc0047be\",\"name\":\"V\u00f6lker-Horv\u00e1th Anita\",\"image\":{\"@type\":\"ImageObject\",\"inLanguage\":\"hu\",\"@id\":\"https:\/\/sztgotthard-altisk.hu\/#\/schema\/person\/image\/\",\"url\":\"https:\/\/secure.gravatar.com\/avatar\/1a8d66fc73f8c791cf78a7063191d6b70541d018583a3fa8a3f40a10d64e7e73?s=96&d=mm&r=g\",\"contentUrl\":\"https:\/\/secure.gravatar.com\/avatar\/1a8d66fc73f8c791cf78a7063191d6b70541d018583a3fa8a3f40a10d64e7e73?s=96&d=mm&r=g\",\"caption\":\"V\u00f6lker-Horv\u00e1th Anita\"},\"url\":\"https:\/\/sztgotthard-altisk.hu\/?author=5\"}]}<\/script>\n<!-- \/ Yoast SEO plugin. -->","yoast_head_json":{"title":"Mezei fut\u00f3verseny - Szent Gotth\u00e1rd \u00c1ltal\u00e1nos Iskola","description":"mezei fut\u00f3verseny, atl\u00e9tika","robots":{"index":"index","follow":"follow","max-snippet":"max-snippet:-1","max-image-preview":"max-image-preview:large","max-video-preview":"max-video-preview:-1"},"canonical":"https:\/\/sztgotthard-altisk.hu\/?p=8184","og_locale":"hu_HU","og_type":"article","og_title":"Mezei fut\u00f3verseny - Szent Gotth\u00e1rd \u00c1ltal\u00e1nos Iskola","og_description":"mezei fut\u00f3verseny, atl\u00e9tika","og_url":"https:\/\/sztgotthard-altisk.hu\/?p=8184","og_site_name":"Szent Gotth\u00e1rd \u00c1ltal\u00e1nos Iskola","article_published_time":"2023-10-18T12:37:49+00:00","article_modified_time":"2023-10-18T12:38:49+00:00","og_image":[{"width":640,"height":897,"url":"https:\/\/sztgotthard-altisk.hu\/wp-content\/uploads\/2023\/10\/Athletics_track.jpg","type":"image\/jpeg"}],"author":"V\u00f6lker-Horv\u00e1th Anita","twitter_card":"summary_large_image","twitter_misc":{"Szerz\u0151:":"V\u00f6lker-Horv\u00e1th Anita","Becs\u00fclt olvas\u00e1si id\u0151":"1 perc"},"schema":{"@context":"https:\/\/schema.org","@graph":[{"@type":"Article","@id":"https:\/\/sztgotthard-altisk.hu\/?p=8184#article","isPartOf":{"@id":"https:\/\/sztgotthard-altisk.hu\/?p=8184"},"author":{"name":"V\u00f6lker-Horv\u00e1th Anita","@id":"https:\/\/sztgotthard-altisk.hu\/#\/schema\/person\/81c8789606fdb4ad7bfb6e46cc0047be"},"headline":"Mezei fut\u00f3verseny","datePublished":"2023-10-18T12:37:49+00:00","dateModified":"2023-10-18T12:38:49+00:00","mainEntityOfPage":{"@id":"https:\/\/sztgotthard-altisk.hu\/?p=8184"},"wordCount":173,"publisher":{"@id":"https:\/\/sztgotthard-altisk.hu\/#organization"},"image":{"@id":"https:\/\/sztgotthard-altisk.hu\/?p=8184#primaryimage"},"thumbnailUrl":"https:\/\/i0.wp.com\/sztgotthard-altisk.hu\/wp-content\/uploads\/2023\/10\/Athletics_track.jpg?fit=640%2C897&ssl=1","keywords":["mezei fut\u00f3verseny"],"articleSection":["H\u00edrek"],"inLanguage":"hu"},{"@type":"WebPage","@id":"https:\/\/sztgotthard-altisk.hu\/?p=8184","url":"https:\/\/sztgotthard-altisk.hu\/?p=8184","name":"Mezei fut\u00f3verseny - Szent Gotth\u00e1rd \u00c1ltal\u00e1nos Iskola","isPartOf":{"@id":"https:\/\/sztgotthard-altisk.hu\/#website"},"primaryImageOfPage":{"@id":"https:\/\/sztgotthard-altisk.hu\/?p=8184#primaryimage"},"image":{"@id":"https:\/\/sztgotthard-altisk.hu\/?p=8184#primaryimage"},"thumbnailUrl":"https:\/\/i0.wp.com\/sztgotthard-altisk.hu\/wp-content\/uploads\/2023\/10\/Athletics_track.jpg?fit=640%2C897&ssl=1","datePublished":"2023-10-18T12:37:49+00:00","dateModified":"2023-10-18T12:38:49+00:00","description":"mezei fut\u00f3verseny, atl\u00e9tika","breadcrumb":{"@id":"https:\/\/sztgotthard-altisk.hu\/?p=8184#breadcrumb"},"inLanguage":"hu","potentialAction":[{"@type":"ReadAction","target":["https:\/\/sztgotthard-altisk.hu\/?p=8184"]}]},{"@type":"ImageObject","inLanguage":"hu","@id":"https:\/\/sztgotthard-altisk.hu\/?p=8184#primaryimage","url":"https:\/\/i0.wp.com\/sztgotthard-altisk.hu\/wp-content\/uploads\/2023\/10\/Athletics_track.jpg?fit=640%2C897&ssl=1","contentUrl":"https:\/\/i0.wp.com\/sztgotthard-altisk.hu\/wp-content\/uploads\/2023\/10\/Athletics_track.jpg?fit=640%2C897&ssl=1","width":640,"height":897},{"@type":"BreadcrumbList","@id":"https:\/\/sztgotthard-altisk.hu\/?p=8184#breadcrumb","itemListElement":[{"@type":"ListItem","position":1,"name":"Kezd\u0151lap","item":"https:\/\/sztgotthard-altisk.hu\/"},{"@type":"ListItem","position":2,"name":"Mezei fut\u00f3verseny"}]},{"@type":"WebSite","@id":"https:\/\/sztgotthard-altisk.hu\/#website","url":"https:\/\/sztgotthard-altisk.hu\/","name":"Szent Gotth\u00e1rd \u00c1ltal\u00e1nos Iskola","description":"Szent Gotth\u00e1rd \u00c1ltal\u00e1nos Iskola","publisher":{"@id":"https:\/\/sztgotthard-altisk.hu\/#organization"},"potentialAction":[{"@type":"SearchAction","target":{"@type":"EntryPoint","urlTemplate":"https:\/\/sztgotthard-altisk.hu\/?s={search_term_string}"},"query-input":{"@type":"PropertyValueSpecification","valueRequired":true,"valueName":"search_term_string"}}],"inLanguage":"hu"},{"@type":"Organization","@id":"https:\/\/sztgotthard-altisk.hu\/#organization","name":"Szent Gell\u00e9rt \u00c1ltal\u00e1nos Iskola","url":"https:\/\/sztgotthard-altisk.hu\/","logo":{"@type":"ImageObject","inLanguage":"hu","@id":"https:\/\/sztgotthard-altisk.hu\/#\/schema\/logo\/image\/","url":"https:\/\/i0.wp.com\/www.sztgotthard-altisk.hu\/wp-content\/uploads\/2022\/01\/sztg_altisk_logo.png?fit=161%2C129&ssl=1","contentUrl":"https:\/\/i0.wp.com\/www.sztgotthard-altisk.hu\/wp-content\/uploads\/2022\/01\/sztg_altisk_logo.png?fit=161%2C129&ssl=1","width":161,"height":129,"caption":"Szent Gell\u00e9rt \u00c1ltal\u00e1nos Iskola"},"image":{"@id":"https:\/\/sztgotthard-altisk.hu\/#\/schema\/logo\/image\/"}},{"@type":"Person","@id":"https:\/\/sztgotthard-altisk.hu\/#\/schema\/person\/81c8789606fdb4ad7bfb6e46cc0047be","name":"V\u00f6lker-Horv\u00e1th Anita","image":{"@type":"ImageObject","inLanguage":"hu","@id":"https:\/\/sztgotthard-altisk.hu\/#\/schema\/person\/image\/","url":"https:\/\/secure.gravatar.com\/avatar\/1a8d66fc73f8c791cf78a7063191d6b70541d018583a3fa8a3f40a10d64e7e73?s=96&d=mm&r=g","contentUrl":"https:\/\/secure.gravatar.com\/avatar\/1a8d66fc73f8c791cf78a7063191d6b70541d018583a3fa8a3f40a10d64e7e73?s=96&d=mm&r=g","caption":"V\u00f6lker-Horv\u00e1th Anita"},"url":"https:\/\/sztgotthard-altisk.hu\/?author=5"}]}},"jetpack_featured_media_url":"https:\/\/i0.wp.com\/sztgotthard-altisk.hu\/wp-content\/uploads\/2023\/10\/Athletics_track.jpg?fit=640%2C897&ssl=1","jetpack_shortlink":"https:\/\/wp.me\/p9tyQr-280","jetpack_sharing_enabled":true,"_links":{"self":[{"href":"https:\/\/sztgotthard-altisk.hu\/index.php?rest_route=\/wp\/v2\/posts\/8184","targetHints":{"allow":["GET"]}}],"collection":[{"href":"https:\/\/sztgotthard-altisk.hu\/index.php?rest_route=\/wp\/v2\/posts"}],"about":[{"href":"https:\/\/sztgotthard-altisk.hu\/index.php?rest_route=\/wp\/v2\/types\/post"}],"author":[{"embeddable":true,"href":"https:\/\/sztgotthard-altisk.hu\/index.php?rest_route=\/wp\/v2\/users\/5"}],"replies":[{"embeddable":true,"href":"https:\/\/sztgotthard-altisk.hu\/index.php?rest_route=%2Fwp%2Fv2%2Fcomments&post=8184"}],"version-history":[{"count":2,"href":"https:\/\/sztgotthard-altisk.hu\/index.php?rest_route=\/wp\/v2\/posts\/8184\/revisions"}],"predecessor-version":[{"id":8193,"href":"https:\/\/sztgotthard-altisk.hu\/index.php?rest_route=\/wp\/v2\/posts\/8184\/revisions\/8193"}],"wp:featuredmedia":[{"embeddable":true,"href":"https:\/\/sztgotthard-altisk.hu\/index.php?rest_route=\/wp\/v2\/media\/8185"}],"wp:attachment":[{"href":"https:\/\/sztgotthard-altisk.hu\/index.php?rest_route=%2Fwp%2Fv2%2Fmedia&parent=8184"}],"wp:term":[{"taxonomy":"category","embeddable":true,"href":"https:\/\/sztgotthard-altisk.hu\/index.php?rest_route=%2Fwp%2Fv2%2Fcategories&post=8184"},{"taxonomy":"post_tag","embeddable":true,"href":"https:\/\/sztgotthard-altisk.hu\/index.php?rest_route=%2Fwp%2Fv2%2Ftags&post=8184"}],"curies":[{"name":"wp","href":"https:\/\/api.w.org\/{rel}","templated":true}]}}