{"id":8109,"date":"2023-10-09T09:34:28","date_gmt":"2023-10-09T08:34:28","guid":{"rendered":"https:\/\/sztgotthard-altisk.hu\/?p=8109"},"modified":"2023-10-09T09:34:28","modified_gmt":"2023-10-09T08:34:28","slug":"az-aradi-vertanukra-emlekeztunk","status":"publish","type":"post","link":"https:\/\/sztgotthard-altisk.hu\/?p=8109","title":{"rendered":"Az aradi v\u00e9rtan\u00fakra eml\u00e9kezt\u00fcnk"},"content":{"rendered":"<div class=\"xdj266r x11i5rnm xat24cr x1mh8g0r x1vvkbs x126k92a\">\n<div dir=\"auto\" style=\"text-align: justify;\"><strong>1849. okt\u00f3ber 6-\u00e1n, az orosz seg\u00edts\u00e9ggel levert szabads\u00e1gharcot k\u00f6vet\u0151 cs\u00e1sz\u00e1ri megtorl\u00e1s sor\u00e1n Pesten kiv\u00e9gezt\u00e9k gr\u00f3f Batthy\u00e1ny Lajost, az els\u0151 magyar minisztereln\u00f6k\u00f6t. Ugyanezen a napon a szabads\u00e1gharc tizenk\u00e9t t\u00e1bornoka \u2013 Aulich Lajos, Damjanich J\u00e1nos, Dessewffy Arisztid, Kiss Ern\u0151, Kn\u00e9zich K\u00e1roly, Lahner Gy\u00f6rgy, Leiningen-Westerburg K\u00e1roly, Nagys\u00e1ndor J\u00f3zsef, Poeltenberg Ern\u0151, Schweidel J\u00f3zsef, T\u00f6r\u00f6k Ign\u00e1c \u00e9s V\u00e9csey K\u00e1roly \u2013 \u00e9s egy f\u0151tisztje, L\u00e1z\u00e1r Vilmos ezredes szenvedett v\u00e9rtan\u00fahal\u00e1lt Aradon. Az aradi v\u00e9rtan\u00fak kiv\u00e9gz\u00e9s\u00e9nek napj\u00e1t 2001-ben nemzeti gy\u00e1sznapp\u00e1 nyilv\u00e1n\u00edtott\u00e1k.<\/strong><\/div>\n<div dir=\"auto\" style=\"text-align: justify;\">\u00a0<\/div>\n<\/div>\n<div class=\"x11i5rnm xat24cr x1mh8g0r x1vvkbs xtlvy1s x126k92a\" style=\"text-align: justify;\">\n<div dir=\"auto\">Ezen a napon iskol\u00e1nkban is megeml\u00e9kezt\u00fcnk a h\u0151s\u00f6kre, akik \u00e9let\u00fcket adt\u00e1k a haz\u00e1\u00e9rt, a f\u00fcggetlens\u00e9g\u00e9rt v\u00edvott harc\u00e9rt \u00e9s a j\u00f6v\u0151 nemzed\u00e9kei\u00e9rt.<\/div>\n<div dir=\"auto\">\u00a0<\/div>\n<\/div>\n<div class=\"x11i5rnm xat24cr x1mh8g0r x1vvkbs xtlvy1s x126k92a\" style=\"text-align: justify;\">\n<div dir=\"auto\">Az \u00fcnnepi m\u0171sorban a 6. \u00e9vfolyamos tanul\u00f3ink szerepeltek, akik el\u0151bb az als\u00f3, majd a fels\u0151 tagozatosoknak adt\u00e1k el\u0151 m\u0171sorukat. A di\u00e1kok verssel, zen\u00e9vel kieg\u00e9sz\u00edtve eleven\u00edtett\u00e9k fel a v\u00e9rtan\u00fak \u00e9let\u00e9t.<\/div>\n<\/div>\n<div dir=\"auto\">\u00a0<\/div>\n<div dir=\"auto\"><a href=\"https:\/\/i0.wp.com\/sztgotthard-altisk.hu\/wp-content\/uploads\/2023\/10\/20231006_102812.jpg?ssl=1\"><img data-recalc-dims=\"1\" fetchpriority=\"high\" decoding=\"async\" class=\"alignnone size-medium wp-image-8141\" src=\"https:\/\/i0.wp.com\/sztgotthard-altisk.hu\/wp-content\/uploads\/2023\/10\/20231006_102812.jpg?resize=300%2C169&#038;ssl=1\" alt=\"\" width=\"300\" height=\"169\" srcset=\"https:\/\/i0.wp.com\/sztgotthard-altisk.hu\/wp-content\/uploads\/2023\/10\/20231006_102812.jpg?resize=300%2C169&amp;ssl=1 300w, https:\/\/i0.wp.com\/sztgotthard-altisk.hu\/wp-content\/uploads\/2023\/10\/20231006_102812.jpg?resize=1024%2C576&amp;ssl=1 1024w, https:\/\/i0.wp.com\/sztgotthard-altisk.hu\/wp-content\/uploads\/2023\/10\/20231006_102812.jpg?resize=768%2C432&amp;ssl=1 768w, https:\/\/i0.wp.com\/sztgotthard-altisk.hu\/wp-content\/uploads\/2023\/10\/20231006_102812.jpg?resize=1536%2C864&amp;ssl=1 1536w, https:\/\/i0.wp.com\/sztgotthard-altisk.hu\/wp-content\/uploads\/2023\/10\/20231006_102812.jpg?resize=320%2C180&amp;ssl=1 320w, https:\/\/i0.wp.com\/sztgotthard-altisk.hu\/wp-content\/uploads\/2023\/10\/20231006_102812.jpg?w=1571&amp;ssl=1 1571w\" sizes=\"(max-width: 300px) 100vw, 300px\" \/><\/a><\/div>\n<div dir=\"auto\">\u00a0<\/div>\n<div dir=\"auto\"><a href=\"https:\/\/i0.wp.com\/sztgotthard-altisk.hu\/wp-content\/uploads\/2023\/10\/20231006_094921.jpg?ssl=1\"><img data-recalc-dims=\"1\" decoding=\"async\" class=\"alignnone size-medium wp-image-8114\" src=\"https:\/\/i0.wp.com\/sztgotthard-altisk.hu\/wp-content\/uploads\/2023\/10\/20231006_094921.jpg?resize=300%2C169&#038;ssl=1\" alt=\"\" width=\"300\" height=\"169\" srcset=\"https:\/\/i0.wp.com\/sztgotthard-altisk.hu\/wp-content\/uploads\/2023\/10\/20231006_094921.jpg?resize=300%2C169&amp;ssl=1 300w, https:\/\/i0.wp.com\/sztgotthard-altisk.hu\/wp-content\/uploads\/2023\/10\/20231006_094921.jpg?resize=1024%2C577&amp;ssl=1 1024w, https:\/\/i0.wp.com\/sztgotthard-altisk.hu\/wp-content\/uploads\/2023\/10\/20231006_094921.jpg?resize=768%2C433&amp;ssl=1 768w, https:\/\/i0.wp.com\/sztgotthard-altisk.hu\/wp-content\/uploads\/2023\/10\/20231006_094921.jpg?resize=1536%2C865&amp;ssl=1 1536w, https:\/\/i0.wp.com\/sztgotthard-altisk.hu\/wp-content\/uploads\/2023\/10\/20231006_094921.jpg?resize=320%2C180&amp;ssl=1 320w, https:\/\/i0.wp.com\/sztgotthard-altisk.hu\/wp-content\/uploads\/2023\/10\/20231006_094921.jpg?w=1569&amp;ssl=1 1569w\" sizes=\"(max-width: 300px) 100vw, 300px\" \/><\/a><\/div>\n<div dir=\"auto\">\u00a0<\/div>\n<div dir=\"auto\"><a href=\"https:\/\/i0.wp.com\/sztgotthard-altisk.hu\/wp-content\/uploads\/2023\/10\/20231006_101428.jpg?ssl=1\"><img data-recalc-dims=\"1\" decoding=\"async\" class=\"alignnone size-medium wp-image-8135\" src=\"https:\/\/i0.wp.com\/sztgotthard-altisk.hu\/wp-content\/uploads\/2023\/10\/20231006_101428.jpg?resize=300%2C169&#038;ssl=1\" alt=\"\" width=\"300\" height=\"169\" srcset=\"https:\/\/i0.wp.com\/sztgotthard-altisk.hu\/wp-content\/uploads\/2023\/10\/20231006_101428.jpg?resize=300%2C169&amp;ssl=1 300w, https:\/\/i0.wp.com\/sztgotthard-altisk.hu\/wp-content\/uploads\/2023\/10\/20231006_101428.jpg?resize=1024%2C577&amp;ssl=1 1024w, https:\/\/i0.wp.com\/sztgotthard-altisk.hu\/wp-content\/uploads\/2023\/10\/20231006_101428.jpg?resize=768%2C433&amp;ssl=1 768w, https:\/\/i0.wp.com\/sztgotthard-altisk.hu\/wp-content\/uploads\/2023\/10\/20231006_101428.jpg?resize=1536%2C865&amp;ssl=1 1536w, https:\/\/i0.wp.com\/sztgotthard-altisk.hu\/wp-content\/uploads\/2023\/10\/20231006_101428.jpg?resize=320%2C180&amp;ssl=1 320w, https:\/\/i0.wp.com\/sztgotthard-altisk.hu\/wp-content\/uploads\/2023\/10\/20231006_101428.jpg?w=1569&amp;ssl=1 1569w\" sizes=\"(max-width: 300px) 100vw, 300px\" \/><\/a><\/div>\n<div dir=\"auto\">\u00a0<\/div>\n<div dir=\"auto\"><a href=\"https:\/\/i0.wp.com\/sztgotthard-altisk.hu\/wp-content\/uploads\/2023\/10\/20231006_095907.jpg?ssl=1\"><img data-recalc-dims=\"1\" loading=\"lazy\" decoding=\"async\" class=\"alignnone size-medium wp-image-8131\" src=\"https:\/\/i0.wp.com\/sztgotthard-altisk.hu\/wp-content\/uploads\/2023\/10\/20231006_095907.jpg?resize=300%2C169&#038;ssl=1\" alt=\"\" width=\"300\" height=\"169\" srcset=\"https:\/\/i0.wp.com\/sztgotthard-altisk.hu\/wp-content\/uploads\/2023\/10\/20231006_095907.jpg?resize=300%2C169&amp;ssl=1 300w, https:\/\/i0.wp.com\/sztgotthard-altisk.hu\/wp-content\/uploads\/2023\/10\/20231006_095907.jpg?resize=1024%2C577&amp;ssl=1 1024w, https:\/\/i0.wp.com\/sztgotthard-altisk.hu\/wp-content\/uploads\/2023\/10\/20231006_095907.jpg?resize=768%2C433&amp;ssl=1 768w, https:\/\/i0.wp.com\/sztgotthard-altisk.hu\/wp-content\/uploads\/2023\/10\/20231006_095907.jpg?resize=1536%2C865&amp;ssl=1 1536w, https:\/\/i0.wp.com\/sztgotthard-altisk.hu\/wp-content\/uploads\/2023\/10\/20231006_095907.jpg?resize=320%2C180&amp;ssl=1 320w, https:\/\/i0.wp.com\/sztgotthard-altisk.hu\/wp-content\/uploads\/2023\/10\/20231006_095907.jpg?w=1569&amp;ssl=1 1569w\" sizes=\"(max-width: 300px) 100vw, 300px\" \/><\/a><\/div>\n<div dir=\"auto\">\u00a0<\/div>\n<div dir=\"auto\"><a href=\"https:\/\/i0.wp.com\/sztgotthard-altisk.hu\/wp-content\/uploads\/2023\/10\/20231006_102814.jpg?ssl=1\"><img data-recalc-dims=\"1\" loading=\"lazy\" decoding=\"async\" class=\"alignnone size-medium wp-image-8142\" src=\"https:\/\/i0.wp.com\/sztgotthard-altisk.hu\/wp-content\/uploads\/2023\/10\/20231006_102814.jpg?resize=300%2C169&#038;ssl=1\" alt=\"\" width=\"300\" height=\"169\" srcset=\"https:\/\/i0.wp.com\/sztgotthard-altisk.hu\/wp-content\/uploads\/2023\/10\/20231006_102814.jpg?resize=300%2C169&amp;ssl=1 300w, https:\/\/i0.wp.com\/sztgotthard-altisk.hu\/wp-content\/uploads\/2023\/10\/20231006_102814.jpg?resize=1024%2C576&amp;ssl=1 1024w, https:\/\/i0.wp.com\/sztgotthard-altisk.hu\/wp-content\/uploads\/2023\/10\/20231006_102814.jpg?resize=768%2C432&amp;ssl=1 768w, https:\/\/i0.wp.com\/sztgotthard-altisk.hu\/wp-content\/uploads\/2023\/10\/20231006_102814.jpg?resize=1536%2C864&amp;ssl=1 1536w, https:\/\/i0.wp.com\/sztgotthard-altisk.hu\/wp-content\/uploads\/2023\/10\/20231006_102814.jpg?resize=320%2C180&amp;ssl=1 320w, https:\/\/i0.wp.com\/sztgotthard-altisk.hu\/wp-content\/uploads\/2023\/10\/20231006_102814.jpg?w=1571&amp;ssl=1 1571w\" sizes=\"(max-width: 300px) 100vw, 300px\" \/><\/a><\/div>\n<div dir=\"auto\">\u00a0<\/div>\n<div dir=\"auto\">\u00a0<\/div>\n<div dir=\"auto\">\u00a0<\/div>\n<div class=\"x11i5rnm xat24cr x1mh8g0r x1vvkbs xtlvy1s x126k92a\" style=\"text-align: justify;\">\n<div dir=\"auto\">Az Aradon meghalt 13 h\u0151s hal\u00e1la az\u00f3ta jelk\u00e9pp\u00e9 v\u00e1lt. Annak a kitart\u00f3 k\u00fczdelemnek \u00e9s harcnak a szimb\u00f3lum\u00e1v\u00e1, amelyet a magyars\u00e1g folytatott \u00e9vsz\u00e1zadokon \u00e1t a f\u00fcggetlens\u00e9g megteremt\u00e9s\u00e9\u00e9rt.<\/div>\n<div dir=\"auto\">\u00a0<\/div>\n<\/div>\n<div class=\"x11i5rnm xat24cr x1mh8g0r x1vvkbs xtlvy1s x126k92a\">\n<div dir=\"auto\" style=\"text-align: justify;\">A sz\u00ednvonalas m\u0171sorra a di\u00e1kokat oszt\u00e1lyf\u0151n\u00f6keik, Vassn\u00e9 Juh\u00e1sz Enik\u0151 \u00e9s Katona D\u00e1niel k\u00e9sz\u00edtettek fel, melyhez ez\u00faton is gratul\u00e1lunk.<\/div>\n<\/div>\n","protected":false},"excerpt":{"rendered":"<p>1849. okt\u00f3ber 6-\u00e1n, az orosz seg\u00edts\u00e9ggel levert szabads\u00e1gharcot k\u00f6vet\u0151 cs\u00e1sz\u00e1ri megtorl\u00e1s sor\u00e1n Pesten kiv\u00e9gezt\u00e9k gr\u00f3f Batthy\u00e1ny Lajost, az els\u0151 magyar minisztereln\u00f6k\u00f6t. Ugyanezen a napon a szabads\u00e1gharc tizenk\u00e9t t\u00e1bornoka \u2013 Aulich Lajos, Damjanich J\u00e1nos, Dessewffy Arisztid, Kiss Ern\u0151, Kn\u00e9zich K\u00e1roly, Lahner Gy\u00f6rgy, Leiningen-Westerburg K\u00e1roly, Nagys\u00e1ndor J\u00f3zsef, Poeltenberg Ern\u0151, Schweidel J\u00f3zsef, T\u00f6r\u00f6k Ign\u00e1c \u00e9s V\u00e9csey K\u00e1roly \u2013 [&hellip;]<\/p>\n","protected":false},"author":5,"featured_media":8113,"comment_status":"closed","ping_status":"closed","sticky":false,"template":"","format":"standard","meta":{"_exactmetrics_skip_tracking":false,"_exactmetrics_sitenote_active":false,"_exactmetrics_sitenote_note":"","_exactmetrics_sitenote_category":0,"_jetpack_memberships_contains_paid_content":false,"footnotes":""},"categories":[5],"tags":[465,562],"class_list":["post-8109","post","type-post","status-publish","format-standard","has-post-thumbnail","hentry","category-hirek","tag-aradi-vertanuk","tag-oktober-6"],"yoast_head":"<!-- This site is optimized with the Yoast SEO plugin v26.7 - https:\/\/yoast.com\/wordpress\/plugins\/seo\/ -->\n<title>Az aradi v\u00e9rtan\u00fakra eml\u00e9kezt\u00fcnk - Szent Gotth\u00e1rd \u00c1ltal\u00e1nos Iskola<\/title>\n<meta name=\"description\" content=\"aradi v\u00e9rtan\u00fak, okt\u00f3ber 6\" \/>\n<meta name=\"robots\" content=\"index, follow, max-snippet:-1, max-image-preview:large, max-video-preview:-1\" \/>\n<link rel=\"canonical\" href=\"https:\/\/sztgotthard-altisk.hu\/?p=8109\" \/>\n<meta property=\"og:locale\" content=\"hu_HU\" \/>\n<meta property=\"og:type\" content=\"article\" \/>\n<meta property=\"og:title\" content=\"Az aradi v\u00e9rtan\u00fakra eml\u00e9kezt\u00fcnk - Szent Gotth\u00e1rd \u00c1ltal\u00e1nos Iskola\" \/>\n<meta property=\"og:description\" content=\"aradi v\u00e9rtan\u00fak, okt\u00f3ber 6\" \/>\n<meta property=\"og:url\" content=\"https:\/\/sztgotthard-altisk.hu\/?p=8109\" \/>\n<meta property=\"og:site_name\" content=\"Szent Gotth\u00e1rd \u00c1ltal\u00e1nos Iskola\" \/>\n<meta property=\"article:published_time\" content=\"2023-10-09T08:34:28+00:00\" \/>\n<meta property=\"og:image\" content=\"https:\/\/sztgotthard-altisk.hu\/wp-content\/uploads\/2023\/10\/20231006_094832.jpg\" \/>\n\t<meta property=\"og:image:width\" content=\"1569\" \/>\n\t<meta property=\"og:image:height\" content=\"884\" \/>\n\t<meta property=\"og:image:type\" content=\"image\/jpeg\" \/>\n<meta name=\"author\" content=\"V\u00f6lker-Horv\u00e1th Anita\" \/>\n<meta name=\"twitter:card\" content=\"summary_large_image\" \/>\n<meta name=\"twitter:label1\" content=\"Szerz\u0151:\" \/>\n\t<meta name=\"twitter:data1\" content=\"V\u00f6lker-Horv\u00e1th Anita\" \/>\n\t<meta name=\"twitter:label2\" content=\"Becs\u00fclt olvas\u00e1si id\u0151\" \/>\n\t<meta name=\"twitter:data2\" content=\"1 perc\" \/>\n<script type=\"application\/ld+json\" class=\"yoast-schema-graph\">{\"@context\":\"https:\/\/schema.org\",\"@graph\":[{\"@type\":\"Article\",\"@id\":\"https:\/\/sztgotthard-altisk.hu\/?p=8109#article\",\"isPartOf\":{\"@id\":\"https:\/\/sztgotthard-altisk.hu\/?p=8109\"},\"author\":{\"name\":\"V\u00f6lker-Horv\u00e1th Anita\",\"@id\":\"https:\/\/sztgotthard-altisk.hu\/#\/schema\/person\/81c8789606fdb4ad7bfb6e46cc0047be\"},\"headline\":\"Az aradi v\u00e9rtan\u00fakra eml\u00e9kezt\u00fcnk\",\"datePublished\":\"2023-10-09T08:34:28+00:00\",\"mainEntityOfPage\":{\"@id\":\"https:\/\/sztgotthard-altisk.hu\/?p=8109\"},\"wordCount\":274,\"publisher\":{\"@id\":\"https:\/\/sztgotthard-altisk.hu\/#organization\"},\"image\":{\"@id\":\"https:\/\/sztgotthard-altisk.hu\/?p=8109#primaryimage\"},\"thumbnailUrl\":\"https:\/\/i0.wp.com\/sztgotthard-altisk.hu\/wp-content\/uploads\/2023\/10\/20231006_094832.jpg?fit=1569%2C884&ssl=1\",\"keywords\":[\"aradi v\u00e9rtan\u00fak\",\"okt\u00f3ber 6\"],\"articleSection\":[\"H\u00edrek\"],\"inLanguage\":\"hu\"},{\"@type\":\"WebPage\",\"@id\":\"https:\/\/sztgotthard-altisk.hu\/?p=8109\",\"url\":\"https:\/\/sztgotthard-altisk.hu\/?p=8109\",\"name\":\"Az aradi v\u00e9rtan\u00fakra eml\u00e9kezt\u00fcnk - Szent Gotth\u00e1rd \u00c1ltal\u00e1nos Iskola\",\"isPartOf\":{\"@id\":\"https:\/\/sztgotthard-altisk.hu\/#website\"},\"primaryImageOfPage\":{\"@id\":\"https:\/\/sztgotthard-altisk.hu\/?p=8109#primaryimage\"},\"image\":{\"@id\":\"https:\/\/sztgotthard-altisk.hu\/?p=8109#primaryimage\"},\"thumbnailUrl\":\"https:\/\/i0.wp.com\/sztgotthard-altisk.hu\/wp-content\/uploads\/2023\/10\/20231006_094832.jpg?fit=1569%2C884&ssl=1\",\"datePublished\":\"2023-10-09T08:34:28+00:00\",\"description\":\"aradi v\u00e9rtan\u00fak, okt\u00f3ber 6\",\"breadcrumb\":{\"@id\":\"https:\/\/sztgotthard-altisk.hu\/?p=8109#breadcrumb\"},\"inLanguage\":\"hu\",\"potentialAction\":[{\"@type\":\"ReadAction\",\"target\":[\"https:\/\/sztgotthard-altisk.hu\/?p=8109\"]}]},{\"@type\":\"ImageObject\",\"inLanguage\":\"hu\",\"@id\":\"https:\/\/sztgotthard-altisk.hu\/?p=8109#primaryimage\",\"url\":\"https:\/\/i0.wp.com\/sztgotthard-altisk.hu\/wp-content\/uploads\/2023\/10\/20231006_094832.jpg?fit=1569%2C884&ssl=1\",\"contentUrl\":\"https:\/\/i0.wp.com\/sztgotthard-altisk.hu\/wp-content\/uploads\/2023\/10\/20231006_094832.jpg?fit=1569%2C884&ssl=1\",\"width\":1569,\"height\":884},{\"@type\":\"BreadcrumbList\",\"@id\":\"https:\/\/sztgotthard-altisk.hu\/?p=8109#breadcrumb\",\"itemListElement\":[{\"@type\":\"ListItem\",\"position\":1,\"name\":\"Kezd\u0151lap\",\"item\":\"https:\/\/sztgotthard-altisk.hu\/\"},{\"@type\":\"ListItem\",\"position\":2,\"name\":\"Az aradi v\u00e9rtan\u00fakra eml\u00e9kezt\u00fcnk\"}]},{\"@type\":\"WebSite\",\"@id\":\"https:\/\/sztgotthard-altisk.hu\/#website\",\"url\":\"https:\/\/sztgotthard-altisk.hu\/\",\"name\":\"Szent Gotth\u00e1rd \u00c1ltal\u00e1nos Iskola\",\"description\":\"Szent Gotth\u00e1rd \u00c1ltal\u00e1nos Iskola\",\"publisher\":{\"@id\":\"https:\/\/sztgotthard-altisk.hu\/#organization\"},\"potentialAction\":[{\"@type\":\"SearchAction\",\"target\":{\"@type\":\"EntryPoint\",\"urlTemplate\":\"https:\/\/sztgotthard-altisk.hu\/?s={search_term_string}\"},\"query-input\":{\"@type\":\"PropertyValueSpecification\",\"valueRequired\":true,\"valueName\":\"search_term_string\"}}],\"inLanguage\":\"hu\"},{\"@type\":\"Organization\",\"@id\":\"https:\/\/sztgotthard-altisk.hu\/#organization\",\"name\":\"Szent Gell\u00e9rt \u00c1ltal\u00e1nos Iskola\",\"url\":\"https:\/\/sztgotthard-altisk.hu\/\",\"logo\":{\"@type\":\"ImageObject\",\"inLanguage\":\"hu\",\"@id\":\"https:\/\/sztgotthard-altisk.hu\/#\/schema\/logo\/image\/\",\"url\":\"https:\/\/i0.wp.com\/www.sztgotthard-altisk.hu\/wp-content\/uploads\/2022\/01\/sztg_altisk_logo.png?fit=161%2C129&ssl=1\",\"contentUrl\":\"https:\/\/i0.wp.com\/www.sztgotthard-altisk.hu\/wp-content\/uploads\/2022\/01\/sztg_altisk_logo.png?fit=161%2C129&ssl=1\",\"width\":161,\"height\":129,\"caption\":\"Szent Gell\u00e9rt \u00c1ltal\u00e1nos Iskola\"},\"image\":{\"@id\":\"https:\/\/sztgotthard-altisk.hu\/#\/schema\/logo\/image\/\"}},{\"@type\":\"Person\",\"@id\":\"https:\/\/sztgotthard-altisk.hu\/#\/schema\/person\/81c8789606fdb4ad7bfb6e46cc0047be\",\"name\":\"V\u00f6lker-Horv\u00e1th Anita\",\"image\":{\"@type\":\"ImageObject\",\"inLanguage\":\"hu\",\"@id\":\"https:\/\/sztgotthard-altisk.hu\/#\/schema\/person\/image\/\",\"url\":\"https:\/\/secure.gravatar.com\/avatar\/1a8d66fc73f8c791cf78a7063191d6b70541d018583a3fa8a3f40a10d64e7e73?s=96&d=mm&r=g\",\"contentUrl\":\"https:\/\/secure.gravatar.com\/avatar\/1a8d66fc73f8c791cf78a7063191d6b70541d018583a3fa8a3f40a10d64e7e73?s=96&d=mm&r=g\",\"caption\":\"V\u00f6lker-Horv\u00e1th Anita\"},\"url\":\"https:\/\/sztgotthard-altisk.hu\/?author=5\"}]}<\/script>\n<!-- \/ Yoast SEO plugin. -->","yoast_head_json":{"title":"Az aradi v\u00e9rtan\u00fakra eml\u00e9kezt\u00fcnk - Szent Gotth\u00e1rd \u00c1ltal\u00e1nos Iskola","description":"aradi v\u00e9rtan\u00fak, okt\u00f3ber 6","robots":{"index":"index","follow":"follow","max-snippet":"max-snippet:-1","max-image-preview":"max-image-preview:large","max-video-preview":"max-video-preview:-1"},"canonical":"https:\/\/sztgotthard-altisk.hu\/?p=8109","og_locale":"hu_HU","og_type":"article","og_title":"Az aradi v\u00e9rtan\u00fakra eml\u00e9kezt\u00fcnk - Szent Gotth\u00e1rd \u00c1ltal\u00e1nos Iskola","og_description":"aradi v\u00e9rtan\u00fak, okt\u00f3ber 6","og_url":"https:\/\/sztgotthard-altisk.hu\/?p=8109","og_site_name":"Szent Gotth\u00e1rd \u00c1ltal\u00e1nos Iskola","article_published_time":"2023-10-09T08:34:28+00:00","og_image":[{"width":1569,"height":884,"url":"https:\/\/sztgotthard-altisk.hu\/wp-content\/uploads\/2023\/10\/20231006_094832.jpg","type":"image\/jpeg"}],"author":"V\u00f6lker-Horv\u00e1th Anita","twitter_card":"summary_large_image","twitter_misc":{"Szerz\u0151:":"V\u00f6lker-Horv\u00e1th Anita","Becs\u00fclt olvas\u00e1si id\u0151":"1 perc"},"schema":{"@context":"https:\/\/schema.org","@graph":[{"@type":"Article","@id":"https:\/\/sztgotthard-altisk.hu\/?p=8109#article","isPartOf":{"@id":"https:\/\/sztgotthard-altisk.hu\/?p=8109"},"author":{"name":"V\u00f6lker-Horv\u00e1th Anita","@id":"https:\/\/sztgotthard-altisk.hu\/#\/schema\/person\/81c8789606fdb4ad7bfb6e46cc0047be"},"headline":"Az aradi v\u00e9rtan\u00fakra eml\u00e9kezt\u00fcnk","datePublished":"2023-10-09T08:34:28+00:00","mainEntityOfPage":{"@id":"https:\/\/sztgotthard-altisk.hu\/?p=8109"},"wordCount":274,"publisher":{"@id":"https:\/\/sztgotthard-altisk.hu\/#organization"},"image":{"@id":"https:\/\/sztgotthard-altisk.hu\/?p=8109#primaryimage"},"thumbnailUrl":"https:\/\/i0.wp.com\/sztgotthard-altisk.hu\/wp-content\/uploads\/2023\/10\/20231006_094832.jpg?fit=1569%2C884&ssl=1","keywords":["aradi v\u00e9rtan\u00fak","okt\u00f3ber 6"],"articleSection":["H\u00edrek"],"inLanguage":"hu"},{"@type":"WebPage","@id":"https:\/\/sztgotthard-altisk.hu\/?p=8109","url":"https:\/\/sztgotthard-altisk.hu\/?p=8109","name":"Az aradi v\u00e9rtan\u00fakra eml\u00e9kezt\u00fcnk - Szent Gotth\u00e1rd \u00c1ltal\u00e1nos Iskola","isPartOf":{"@id":"https:\/\/sztgotthard-altisk.hu\/#website"},"primaryImageOfPage":{"@id":"https:\/\/sztgotthard-altisk.hu\/?p=8109#primaryimage"},"image":{"@id":"https:\/\/sztgotthard-altisk.hu\/?p=8109#primaryimage"},"thumbnailUrl":"https:\/\/i0.wp.com\/sztgotthard-altisk.hu\/wp-content\/uploads\/2023\/10\/20231006_094832.jpg?fit=1569%2C884&ssl=1","datePublished":"2023-10-09T08:34:28+00:00","description":"aradi v\u00e9rtan\u00fak, okt\u00f3ber 6","breadcrumb":{"@id":"https:\/\/sztgotthard-altisk.hu\/?p=8109#breadcrumb"},"inLanguage":"hu","potentialAction":[{"@type":"ReadAction","target":["https:\/\/sztgotthard-altisk.hu\/?p=8109"]}]},{"@type":"ImageObject","inLanguage":"hu","@id":"https:\/\/sztgotthard-altisk.hu\/?p=8109#primaryimage","url":"https:\/\/i0.wp.com\/sztgotthard-altisk.hu\/wp-content\/uploads\/2023\/10\/20231006_094832.jpg?fit=1569%2C884&ssl=1","contentUrl":"https:\/\/i0.wp.com\/sztgotthard-altisk.hu\/wp-content\/uploads\/2023\/10\/20231006_094832.jpg?fit=1569%2C884&ssl=1","width":1569,"height":884},{"@type":"BreadcrumbList","@id":"https:\/\/sztgotthard-altisk.hu\/?p=8109#breadcrumb","itemListElement":[{"@type":"ListItem","position":1,"name":"Kezd\u0151lap","item":"https:\/\/sztgotthard-altisk.hu\/"},{"@type":"ListItem","position":2,"name":"Az aradi v\u00e9rtan\u00fakra eml\u00e9kezt\u00fcnk"}]},{"@type":"WebSite","@id":"https:\/\/sztgotthard-altisk.hu\/#website","url":"https:\/\/sztgotthard-altisk.hu\/","name":"Szent Gotth\u00e1rd \u00c1ltal\u00e1nos Iskola","description":"Szent Gotth\u00e1rd \u00c1ltal\u00e1nos Iskola","publisher":{"@id":"https:\/\/sztgotthard-altisk.hu\/#organization"},"potentialAction":[{"@type":"SearchAction","target":{"@type":"EntryPoint","urlTemplate":"https:\/\/sztgotthard-altisk.hu\/?s={search_term_string}"},"query-input":{"@type":"PropertyValueSpecification","valueRequired":true,"valueName":"search_term_string"}}],"inLanguage":"hu"},{"@type":"Organization","@id":"https:\/\/sztgotthard-altisk.hu\/#organization","name":"Szent Gell\u00e9rt \u00c1ltal\u00e1nos Iskola","url":"https:\/\/sztgotthard-altisk.hu\/","logo":{"@type":"ImageObject","inLanguage":"hu","@id":"https:\/\/sztgotthard-altisk.hu\/#\/schema\/logo\/image\/","url":"https:\/\/i0.wp.com\/www.sztgotthard-altisk.hu\/wp-content\/uploads\/2022\/01\/sztg_altisk_logo.png?fit=161%2C129&ssl=1","contentUrl":"https:\/\/i0.wp.com\/www.sztgotthard-altisk.hu\/wp-content\/uploads\/2022\/01\/sztg_altisk_logo.png?fit=161%2C129&ssl=1","width":161,"height":129,"caption":"Szent Gell\u00e9rt \u00c1ltal\u00e1nos Iskola"},"image":{"@id":"https:\/\/sztgotthard-altisk.hu\/#\/schema\/logo\/image\/"}},{"@type":"Person","@id":"https:\/\/sztgotthard-altisk.hu\/#\/schema\/person\/81c8789606fdb4ad7bfb6e46cc0047be","name":"V\u00f6lker-Horv\u00e1th Anita","image":{"@type":"ImageObject","inLanguage":"hu","@id":"https:\/\/sztgotthard-altisk.hu\/#\/schema\/person\/image\/","url":"https:\/\/secure.gravatar.com\/avatar\/1a8d66fc73f8c791cf78a7063191d6b70541d018583a3fa8a3f40a10d64e7e73?s=96&d=mm&r=g","contentUrl":"https:\/\/secure.gravatar.com\/avatar\/1a8d66fc73f8c791cf78a7063191d6b70541d018583a3fa8a3f40a10d64e7e73?s=96&d=mm&r=g","caption":"V\u00f6lker-Horv\u00e1th Anita"},"url":"https:\/\/sztgotthard-altisk.hu\/?author=5"}]}},"jetpack_featured_media_url":"https:\/\/i0.wp.com\/sztgotthard-altisk.hu\/wp-content\/uploads\/2023\/10\/20231006_094832.jpg?fit=1569%2C884&ssl=1","jetpack_shortlink":"https:\/\/wp.me\/p9tyQr-26N","jetpack_sharing_enabled":true,"_links":{"self":[{"href":"https:\/\/sztgotthard-altisk.hu\/index.php?rest_route=\/wp\/v2\/posts\/8109","targetHints":{"allow":["GET"]}}],"collection":[{"href":"https:\/\/sztgotthard-altisk.hu\/index.php?rest_route=\/wp\/v2\/posts"}],"about":[{"href":"https:\/\/sztgotthard-altisk.hu\/index.php?rest_route=\/wp\/v2\/types\/post"}],"author":[{"embeddable":true,"href":"https:\/\/sztgotthard-altisk.hu\/index.php?rest_route=\/wp\/v2\/users\/5"}],"replies":[{"embeddable":true,"href":"https:\/\/sztgotthard-altisk.hu\/index.php?rest_route=%2Fwp%2Fv2%2Fcomments&post=8109"}],"version-history":[{"count":1,"href":"https:\/\/sztgotthard-altisk.hu\/index.php?rest_route=\/wp\/v2\/posts\/8109\/revisions"}],"predecessor-version":[{"id":8143,"href":"https:\/\/sztgotthard-altisk.hu\/index.php?rest_route=\/wp\/v2\/posts\/8109\/revisions\/8143"}],"wp:featuredmedia":[{"embeddable":true,"href":"https:\/\/sztgotthard-altisk.hu\/index.php?rest_route=\/wp\/v2\/media\/8113"}],"wp:attachment":[{"href":"https:\/\/sztgotthard-altisk.hu\/index.php?rest_route=%2Fwp%2Fv2%2Fmedia&parent=8109"}],"wp:term":[{"taxonomy":"category","embeddable":true,"href":"https:\/\/sztgotthard-altisk.hu\/index.php?rest_route=%2Fwp%2Fv2%2Fcategories&post=8109"},{"taxonomy":"post_tag","embeddable":true,"href":"https:\/\/sztgotthard-altisk.hu\/index.php?rest_route=%2Fwp%2Fv2%2Ftags&post=8109"}],"curies":[{"name":"wp","href":"https:\/\/api.w.org\/{rel}","templated":true}]}}