{"id":7914,"date":"2023-06-27T08:40:09","date_gmt":"2023-06-27T07:40:09","guid":{"rendered":"https:\/\/sztgotthard-altisk.hu\/?p=7914"},"modified":"2023-06-27T08:55:09","modified_gmt":"2023-06-27T07:55:09","slug":"segitsvelem-mosolytaska","status":"publish","type":"post","link":"https:\/\/sztgotthard-altisk.hu\/?p=7914","title":{"rendered":"Seg\u00edtsVelem Mosolyt\u00e1ska"},"content":{"rendered":"<p style=\"text-align: center;\"><strong>Seg\u00edtsVelem Mosolyt\u00e1ska<\/strong><\/p>\n<p style=\"text-align: center;\">KIN\u0150TTED AZ ISKOLAT\u00c1SK\u00c1D?<\/p>\n<p style=\"text-align: center;\">ESETLEG A K\u00d6VETKEZ\u0150 TAN\u00c9VBEN \u00daJAT KAPSZ? VAN, AKINEK SAJNOS M\u00c9G R\u00c9GI SINCS \u00c9S \u00daGY J\u00c1R ISKOL\u00c1BA\u2026<\/p>\n<p style=\"text-align: center;\">VAR\u00c1ZSOLJ MOSOLYT EGY T\u00c1RSAD ARC\u00c1RA!<\/p>\n<p style=\"text-align: center;\">ADJ \u00daJ \u00c9LETET A HASZN\u00c1LT, DE J\u00d3 \u00c1LLAPOT\u00da ISKOLAT\u00c1SK\u00c1DNAK!<\/p>\n<p>&nbsp;<\/p>\n<p><a href=\"https:\/\/i0.wp.com\/sztgotthard-altisk.hu\/wp-content\/uploads\/2023\/06\/mosolytaska.png?ssl=1\"><img data-recalc-dims=\"1\" fetchpriority=\"high\" decoding=\"async\" class=\"size-medium wp-image-7915 aligncenter\" src=\"https:\/\/i0.wp.com\/sztgotthard-altisk.hu\/wp-content\/uploads\/2023\/06\/mosolytaska.png?resize=261%2C300&#038;ssl=1\" alt=\"\" width=\"261\" height=\"300\" srcset=\"https:\/\/i0.wp.com\/sztgotthard-altisk.hu\/wp-content\/uploads\/2023\/06\/mosolytaska.png?resize=261%2C300&amp;ssl=1 261w, https:\/\/i0.wp.com\/sztgotthard-altisk.hu\/wp-content\/uploads\/2023\/06\/mosolytaska.png?w=600&amp;ssl=1 600w\" sizes=\"(max-width: 261px) 100vw, 261px\" \/><\/a><\/p>\n<p style=\"text-align: center;\">\u00a0<\/p>\n<p style=\"text-align: center;\">Ezen a ny\u00e1ron iskol\u00e1nk is csatlakozik a PontVelem Okos Program Seg\u00edtsVelem Mosolyt\u00e1ska akci\u00f3j\u00e1hoz, mely sor\u00e1n haszn\u00e1lt, de j\u00f3 \u00e1llapot\u00fa iskolat\u00e1sk\u00e1kat gy\u0171jt\u00fcnk r\u00e1szorul\u00f3 kisdi\u00e1kok r\u00e9sz\u00e9re.<\/p>\n<p style=\"text-align: center;\">Az adom\u00e1nygy\u0171jt\u00e9s a Magyar M\u00e1ltai Szeretetszolg\u00e1lattal k\u00f6z\u00f6s szervez\u00e9s\u00e9ben val\u00f3sul meg.<\/p>\n<p>&nbsp;<\/p>\n<p style=\"text-align: center;\">Hogyan seg\u00edtsvelem?<\/p>\n<p style=\"text-align: center;\">\nHa m\u00e1r kin\u0151tted az iskolat\u00e1sk\u00e1dat \u00e9s j\u00f6v\u0151re biztosan nem fogod haszn\u00e1lni, hasznos\u00edtsd \u00fajra \u00e9s k\u00e9sz\u00edts bel\u0151le MosolyT\u00e1sk\u00e1t! Amennyiben j\u00f3 \u00e1llapotban van a t\u00e1sk\u00e1d \u00e9s szeretn\u00e9l vele \u00f6r\u00f6m\u00f6t szerezni egy m\u00e1sik gyermeknek, akkor<\/p>\n<p style=\"text-align: center;\">&#8211; \u00fcr\u00edtsd ki,<\/p>\n<p style=\"text-align: center;\">-tiszt\u00edtsd meg,<\/p>\n<p style=\"text-align: center;\">-tegy\u00e9l bele egy j\u00f3k\u00edv\u00e1ns\u00e1got \u00e9s ak\u00e1r haszn\u00e1lhat\u00f3 iskolaszereket is!<\/p>\n<p style=\"text-align: center;\">\u00a0<\/p>\n<p style=\"text-align: center;\"><strong>Az iskolat\u00e1sk\u00e1kat a titk\u00e1rs\u00e1gra lehet leadni, minden nap 8.00-12.00 \u00f3r\u00e1ig.<\/strong><\/p>\n<p style=\"text-align: center;\">\u00a0<\/p>\n<p style=\"text-align: center;\">El\u0151re is k\u00f6sz\u00f6nj\u00fck a felaj\u00e1nl\u00e1sokat!<\/p>\n<p>&nbsp;<\/p>\n<p>&nbsp;<\/p>\n<p>&nbsp;<\/p>\n<p>&nbsp;<\/p>\n<p>&nbsp;<\/p>\n<p style=\"text-align: center;\">\u00a0<\/p>\n","protected":false},"excerpt":{"rendered":"<p>Seg\u00edtsVelem Mosolyt\u00e1ska KIN\u0150TTED AZ ISKOLAT\u00c1SK\u00c1D? ESETLEG A K\u00d6VETKEZ\u0150 TAN\u00c9VBEN \u00daJAT KAPSZ? VAN, AKINEK SAJNOS M\u00c9G R\u00c9GI SINCS \u00c9S \u00daGY J\u00c1R ISKOL\u00c1BA\u2026 VAR\u00c1ZSOLJ MOSOLYT EGY T\u00c1RSAD ARC\u00c1RA! ADJ \u00daJ \u00c9LETET A HASZN\u00c1LT, DE J\u00d3 \u00c1LLAPOT\u00da ISKOLAT\u00c1SK\u00c1DNAK! &nbsp; \u00a0 Ezen a ny\u00e1ron iskol\u00e1nk is csatlakozik a PontVelem Okos Program Seg\u00edtsVelem Mosolyt\u00e1ska akci\u00f3j\u00e1hoz, mely sor\u00e1n haszn\u00e1lt, de j\u00f3 [&hellip;]<\/p>\n","protected":false},"author":5,"featured_media":7919,"comment_status":"closed","ping_status":"closed","sticky":false,"template":"","format":"standard","meta":{"_exactmetrics_skip_tracking":false,"_exactmetrics_sitenote_active":false,"_exactmetrics_sitenote_note":"","_exactmetrics_sitenote_category":0,"_jetpack_memberships_contains_paid_content":false,"footnotes":""},"categories":[5],"tags":[558,557],"class_list":["post-7914","post","type-post","status-publish","format-standard","has-post-thumbnail","hentry","category-hirek","tag-mosolytaska","tag-pontvelem-msolytaska-akcio"],"yoast_head":"<!-- This site is optimized with the Yoast SEO plugin v26.7 - https:\/\/yoast.com\/wordpress\/plugins\/seo\/ -->\n<title>Seg\u00edtsVelem Mosolyt\u00e1ska - Szent Gotth\u00e1rd \u00c1ltal\u00e1nos Iskola<\/title>\n<meta name=\"description\" content=\"pontvelem mosolyt\u00e1ska akci\u00f3\" \/>\n<meta name=\"robots\" content=\"index, follow, max-snippet:-1, max-image-preview:large, max-video-preview:-1\" \/>\n<link rel=\"canonical\" href=\"https:\/\/sztgotthard-altisk.hu\/?p=7914\" \/>\n<meta property=\"og:locale\" content=\"hu_HU\" \/>\n<meta property=\"og:type\" content=\"article\" \/>\n<meta property=\"og:title\" content=\"Seg\u00edtsVelem Mosolyt\u00e1ska - Szent Gotth\u00e1rd \u00c1ltal\u00e1nos Iskola\" \/>\n<meta property=\"og:description\" content=\"pontvelem mosolyt\u00e1ska akci\u00f3\" \/>\n<meta property=\"og:url\" content=\"https:\/\/sztgotthard-altisk.hu\/?p=7914\" \/>\n<meta property=\"og:site_name\" content=\"Szent Gotth\u00e1rd \u00c1ltal\u00e1nos Iskola\" \/>\n<meta property=\"article:published_time\" content=\"2023-06-27T07:40:09+00:00\" \/>\n<meta property=\"article:modified_time\" content=\"2023-06-27T07:55:09+00:00\" \/>\n<meta property=\"og:image\" content=\"https:\/\/sztgotthard-altisk.hu\/wp-content\/uploads\/2023\/06\/mosolytaska2-1.jpg\" \/>\n\t<meta property=\"og:image:width\" content=\"175\" \/>\n\t<meta property=\"og:image:height\" content=\"72\" \/>\n\t<meta property=\"og:image:type\" content=\"image\/jpeg\" \/>\n<meta name=\"author\" content=\"V\u00f6lker-Horv\u00e1th Anita\" \/>\n<meta name=\"twitter:card\" content=\"summary_large_image\" \/>\n<meta name=\"twitter:label1\" content=\"Szerz\u0151:\" \/>\n\t<meta name=\"twitter:data1\" content=\"V\u00f6lker-Horv\u00e1th Anita\" \/>\n\t<meta name=\"twitter:label2\" content=\"Becs\u00fclt olvas\u00e1si id\u0151\" \/>\n\t<meta name=\"twitter:data2\" content=\"1 perc\" \/>\n<script type=\"application\/ld+json\" class=\"yoast-schema-graph\">{\"@context\":\"https:\/\/schema.org\",\"@graph\":[{\"@type\":\"Article\",\"@id\":\"https:\/\/sztgotthard-altisk.hu\/?p=7914#article\",\"isPartOf\":{\"@id\":\"https:\/\/sztgotthard-altisk.hu\/?p=7914\"},\"author\":{\"name\":\"V\u00f6lker-Horv\u00e1th Anita\",\"@id\":\"https:\/\/sztgotthard-altisk.hu\/#\/schema\/person\/81c8789606fdb4ad7bfb6e46cc0047be\"},\"headline\":\"Seg\u00edtsVelem Mosolyt\u00e1ska\",\"datePublished\":\"2023-06-27T07:40:09+00:00\",\"dateModified\":\"2023-06-27T07:55:09+00:00\",\"mainEntityOfPage\":{\"@id\":\"https:\/\/sztgotthard-altisk.hu\/?p=7914\"},\"wordCount\":226,\"publisher\":{\"@id\":\"https:\/\/sztgotthard-altisk.hu\/#organization\"},\"image\":{\"@id\":\"https:\/\/sztgotthard-altisk.hu\/?p=7914#primaryimage\"},\"thumbnailUrl\":\"https:\/\/i0.wp.com\/sztgotthard-altisk.hu\/wp-content\/uploads\/2023\/06\/mosolytaska2-1.jpg?fit=175%2C72&ssl=1\",\"keywords\":[\"mosolyt\u00e1ska\",\"pontvelem msolyt\u00e1ska akci\u00f3\"],\"articleSection\":[\"H\u00edrek\"],\"inLanguage\":\"hu\"},{\"@type\":\"WebPage\",\"@id\":\"https:\/\/sztgotthard-altisk.hu\/?p=7914\",\"url\":\"https:\/\/sztgotthard-altisk.hu\/?p=7914\",\"name\":\"Seg\u00edtsVelem Mosolyt\u00e1ska - Szent Gotth\u00e1rd \u00c1ltal\u00e1nos Iskola\",\"isPartOf\":{\"@id\":\"https:\/\/sztgotthard-altisk.hu\/#website\"},\"primaryImageOfPage\":{\"@id\":\"https:\/\/sztgotthard-altisk.hu\/?p=7914#primaryimage\"},\"image\":{\"@id\":\"https:\/\/sztgotthard-altisk.hu\/?p=7914#primaryimage\"},\"thumbnailUrl\":\"https:\/\/i0.wp.com\/sztgotthard-altisk.hu\/wp-content\/uploads\/2023\/06\/mosolytaska2-1.jpg?fit=175%2C72&ssl=1\",\"datePublished\":\"2023-06-27T07:40:09+00:00\",\"dateModified\":\"2023-06-27T07:55:09+00:00\",\"description\":\"pontvelem mosolyt\u00e1ska akci\u00f3\",\"breadcrumb\":{\"@id\":\"https:\/\/sztgotthard-altisk.hu\/?p=7914#breadcrumb\"},\"inLanguage\":\"hu\",\"potentialAction\":[{\"@type\":\"ReadAction\",\"target\":[\"https:\/\/sztgotthard-altisk.hu\/?p=7914\"]}]},{\"@type\":\"ImageObject\",\"inLanguage\":\"hu\",\"@id\":\"https:\/\/sztgotthard-altisk.hu\/?p=7914#primaryimage\",\"url\":\"https:\/\/i0.wp.com\/sztgotthard-altisk.hu\/wp-content\/uploads\/2023\/06\/mosolytaska2-1.jpg?fit=175%2C72&ssl=1\",\"contentUrl\":\"https:\/\/i0.wp.com\/sztgotthard-altisk.hu\/wp-content\/uploads\/2023\/06\/mosolytaska2-1.jpg?fit=175%2C72&ssl=1\",\"width\":175,\"height\":72},{\"@type\":\"BreadcrumbList\",\"@id\":\"https:\/\/sztgotthard-altisk.hu\/?p=7914#breadcrumb\",\"itemListElement\":[{\"@type\":\"ListItem\",\"position\":1,\"name\":\"Kezd\u0151lap\",\"item\":\"https:\/\/sztgotthard-altisk.hu\/\"},{\"@type\":\"ListItem\",\"position\":2,\"name\":\"Seg\u00edtsVelem Mosolyt\u00e1ska\"}]},{\"@type\":\"WebSite\",\"@id\":\"https:\/\/sztgotthard-altisk.hu\/#website\",\"url\":\"https:\/\/sztgotthard-altisk.hu\/\",\"name\":\"Szent Gotth\u00e1rd \u00c1ltal\u00e1nos Iskola\",\"description\":\"Szent Gotth\u00e1rd \u00c1ltal\u00e1nos Iskola\",\"publisher\":{\"@id\":\"https:\/\/sztgotthard-altisk.hu\/#organization\"},\"potentialAction\":[{\"@type\":\"SearchAction\",\"target\":{\"@type\":\"EntryPoint\",\"urlTemplate\":\"https:\/\/sztgotthard-altisk.hu\/?s={search_term_string}\"},\"query-input\":{\"@type\":\"PropertyValueSpecification\",\"valueRequired\":true,\"valueName\":\"search_term_string\"}}],\"inLanguage\":\"hu\"},{\"@type\":\"Organization\",\"@id\":\"https:\/\/sztgotthard-altisk.hu\/#organization\",\"name\":\"Szent Gell\u00e9rt \u00c1ltal\u00e1nos Iskola\",\"url\":\"https:\/\/sztgotthard-altisk.hu\/\",\"logo\":{\"@type\":\"ImageObject\",\"inLanguage\":\"hu\",\"@id\":\"https:\/\/sztgotthard-altisk.hu\/#\/schema\/logo\/image\/\",\"url\":\"https:\/\/i0.wp.com\/www.sztgotthard-altisk.hu\/wp-content\/uploads\/2022\/01\/sztg_altisk_logo.png?fit=161%2C129&ssl=1\",\"contentUrl\":\"https:\/\/i0.wp.com\/www.sztgotthard-altisk.hu\/wp-content\/uploads\/2022\/01\/sztg_altisk_logo.png?fit=161%2C129&ssl=1\",\"width\":161,\"height\":129,\"caption\":\"Szent Gell\u00e9rt \u00c1ltal\u00e1nos Iskola\"},\"image\":{\"@id\":\"https:\/\/sztgotthard-altisk.hu\/#\/schema\/logo\/image\/\"}},{\"@type\":\"Person\",\"@id\":\"https:\/\/sztgotthard-altisk.hu\/#\/schema\/person\/81c8789606fdb4ad7bfb6e46cc0047be\",\"name\":\"V\u00f6lker-Horv\u00e1th Anita\",\"image\":{\"@type\":\"ImageObject\",\"inLanguage\":\"hu\",\"@id\":\"https:\/\/sztgotthard-altisk.hu\/#\/schema\/person\/image\/\",\"url\":\"https:\/\/secure.gravatar.com\/avatar\/1a8d66fc73f8c791cf78a7063191d6b70541d018583a3fa8a3f40a10d64e7e73?s=96&d=mm&r=g\",\"contentUrl\":\"https:\/\/secure.gravatar.com\/avatar\/1a8d66fc73f8c791cf78a7063191d6b70541d018583a3fa8a3f40a10d64e7e73?s=96&d=mm&r=g\",\"caption\":\"V\u00f6lker-Horv\u00e1th Anita\"},\"url\":\"https:\/\/sztgotthard-altisk.hu\/?author=5\"}]}<\/script>\n<!-- \/ Yoast SEO plugin. -->","yoast_head_json":{"title":"Seg\u00edtsVelem Mosolyt\u00e1ska - Szent Gotth\u00e1rd \u00c1ltal\u00e1nos Iskola","description":"pontvelem mosolyt\u00e1ska akci\u00f3","robots":{"index":"index","follow":"follow","max-snippet":"max-snippet:-1","max-image-preview":"max-image-preview:large","max-video-preview":"max-video-preview:-1"},"canonical":"https:\/\/sztgotthard-altisk.hu\/?p=7914","og_locale":"hu_HU","og_type":"article","og_title":"Seg\u00edtsVelem Mosolyt\u00e1ska - Szent Gotth\u00e1rd \u00c1ltal\u00e1nos Iskola","og_description":"pontvelem mosolyt\u00e1ska akci\u00f3","og_url":"https:\/\/sztgotthard-altisk.hu\/?p=7914","og_site_name":"Szent Gotth\u00e1rd \u00c1ltal\u00e1nos Iskola","article_published_time":"2023-06-27T07:40:09+00:00","article_modified_time":"2023-06-27T07:55:09+00:00","og_image":[{"width":175,"height":72,"url":"https:\/\/sztgotthard-altisk.hu\/wp-content\/uploads\/2023\/06\/mosolytaska2-1.jpg","type":"image\/jpeg"}],"author":"V\u00f6lker-Horv\u00e1th Anita","twitter_card":"summary_large_image","twitter_misc":{"Szerz\u0151:":"V\u00f6lker-Horv\u00e1th Anita","Becs\u00fclt olvas\u00e1si id\u0151":"1 perc"},"schema":{"@context":"https:\/\/schema.org","@graph":[{"@type":"Article","@id":"https:\/\/sztgotthard-altisk.hu\/?p=7914#article","isPartOf":{"@id":"https:\/\/sztgotthard-altisk.hu\/?p=7914"},"author":{"name":"V\u00f6lker-Horv\u00e1th Anita","@id":"https:\/\/sztgotthard-altisk.hu\/#\/schema\/person\/81c8789606fdb4ad7bfb6e46cc0047be"},"headline":"Seg\u00edtsVelem Mosolyt\u00e1ska","datePublished":"2023-06-27T07:40:09+00:00","dateModified":"2023-06-27T07:55:09+00:00","mainEntityOfPage":{"@id":"https:\/\/sztgotthard-altisk.hu\/?p=7914"},"wordCount":226,"publisher":{"@id":"https:\/\/sztgotthard-altisk.hu\/#organization"},"image":{"@id":"https:\/\/sztgotthard-altisk.hu\/?p=7914#primaryimage"},"thumbnailUrl":"https:\/\/i0.wp.com\/sztgotthard-altisk.hu\/wp-content\/uploads\/2023\/06\/mosolytaska2-1.jpg?fit=175%2C72&ssl=1","keywords":["mosolyt\u00e1ska","pontvelem msolyt\u00e1ska akci\u00f3"],"articleSection":["H\u00edrek"],"inLanguage":"hu"},{"@type":"WebPage","@id":"https:\/\/sztgotthard-altisk.hu\/?p=7914","url":"https:\/\/sztgotthard-altisk.hu\/?p=7914","name":"Seg\u00edtsVelem Mosolyt\u00e1ska - Szent Gotth\u00e1rd \u00c1ltal\u00e1nos Iskola","isPartOf":{"@id":"https:\/\/sztgotthard-altisk.hu\/#website"},"primaryImageOfPage":{"@id":"https:\/\/sztgotthard-altisk.hu\/?p=7914#primaryimage"},"image":{"@id":"https:\/\/sztgotthard-altisk.hu\/?p=7914#primaryimage"},"thumbnailUrl":"https:\/\/i0.wp.com\/sztgotthard-altisk.hu\/wp-content\/uploads\/2023\/06\/mosolytaska2-1.jpg?fit=175%2C72&ssl=1","datePublished":"2023-06-27T07:40:09+00:00","dateModified":"2023-06-27T07:55:09+00:00","description":"pontvelem mosolyt\u00e1ska akci\u00f3","breadcrumb":{"@id":"https:\/\/sztgotthard-altisk.hu\/?p=7914#breadcrumb"},"inLanguage":"hu","potentialAction":[{"@type":"ReadAction","target":["https:\/\/sztgotthard-altisk.hu\/?p=7914"]}]},{"@type":"ImageObject","inLanguage":"hu","@id":"https:\/\/sztgotthard-altisk.hu\/?p=7914#primaryimage","url":"https:\/\/i0.wp.com\/sztgotthard-altisk.hu\/wp-content\/uploads\/2023\/06\/mosolytaska2-1.jpg?fit=175%2C72&ssl=1","contentUrl":"https:\/\/i0.wp.com\/sztgotthard-altisk.hu\/wp-content\/uploads\/2023\/06\/mosolytaska2-1.jpg?fit=175%2C72&ssl=1","width":175,"height":72},{"@type":"BreadcrumbList","@id":"https:\/\/sztgotthard-altisk.hu\/?p=7914#breadcrumb","itemListElement":[{"@type":"ListItem","position":1,"name":"Kezd\u0151lap","item":"https:\/\/sztgotthard-altisk.hu\/"},{"@type":"ListItem","position":2,"name":"Seg\u00edtsVelem Mosolyt\u00e1ska"}]},{"@type":"WebSite","@id":"https:\/\/sztgotthard-altisk.hu\/#website","url":"https:\/\/sztgotthard-altisk.hu\/","name":"Szent Gotth\u00e1rd \u00c1ltal\u00e1nos Iskola","description":"Szent Gotth\u00e1rd \u00c1ltal\u00e1nos Iskola","publisher":{"@id":"https:\/\/sztgotthard-altisk.hu\/#organization"},"potentialAction":[{"@type":"SearchAction","target":{"@type":"EntryPoint","urlTemplate":"https:\/\/sztgotthard-altisk.hu\/?s={search_term_string}"},"query-input":{"@type":"PropertyValueSpecification","valueRequired":true,"valueName":"search_term_string"}}],"inLanguage":"hu"},{"@type":"Organization","@id":"https:\/\/sztgotthard-altisk.hu\/#organization","name":"Szent Gell\u00e9rt \u00c1ltal\u00e1nos Iskola","url":"https:\/\/sztgotthard-altisk.hu\/","logo":{"@type":"ImageObject","inLanguage":"hu","@id":"https:\/\/sztgotthard-altisk.hu\/#\/schema\/logo\/image\/","url":"https:\/\/i0.wp.com\/www.sztgotthard-altisk.hu\/wp-content\/uploads\/2022\/01\/sztg_altisk_logo.png?fit=161%2C129&ssl=1","contentUrl":"https:\/\/i0.wp.com\/www.sztgotthard-altisk.hu\/wp-content\/uploads\/2022\/01\/sztg_altisk_logo.png?fit=161%2C129&ssl=1","width":161,"height":129,"caption":"Szent Gell\u00e9rt \u00c1ltal\u00e1nos Iskola"},"image":{"@id":"https:\/\/sztgotthard-altisk.hu\/#\/schema\/logo\/image\/"}},{"@type":"Person","@id":"https:\/\/sztgotthard-altisk.hu\/#\/schema\/person\/81c8789606fdb4ad7bfb6e46cc0047be","name":"V\u00f6lker-Horv\u00e1th Anita","image":{"@type":"ImageObject","inLanguage":"hu","@id":"https:\/\/sztgotthard-altisk.hu\/#\/schema\/person\/image\/","url":"https:\/\/secure.gravatar.com\/avatar\/1a8d66fc73f8c791cf78a7063191d6b70541d018583a3fa8a3f40a10d64e7e73?s=96&d=mm&r=g","contentUrl":"https:\/\/secure.gravatar.com\/avatar\/1a8d66fc73f8c791cf78a7063191d6b70541d018583a3fa8a3f40a10d64e7e73?s=96&d=mm&r=g","caption":"V\u00f6lker-Horv\u00e1th Anita"},"url":"https:\/\/sztgotthard-altisk.hu\/?author=5"}]}},"jetpack_featured_media_url":"https:\/\/i0.wp.com\/sztgotthard-altisk.hu\/wp-content\/uploads\/2023\/06\/mosolytaska2-1.jpg?fit=175%2C72&ssl=1","jetpack_shortlink":"https:\/\/wp.me\/p9tyQr-23E","jetpack_sharing_enabled":true,"_links":{"self":[{"href":"https:\/\/sztgotthard-altisk.hu\/index.php?rest_route=\/wp\/v2\/posts\/7914","targetHints":{"allow":["GET"]}}],"collection":[{"href":"https:\/\/sztgotthard-altisk.hu\/index.php?rest_route=\/wp\/v2\/posts"}],"about":[{"href":"https:\/\/sztgotthard-altisk.hu\/index.php?rest_route=\/wp\/v2\/types\/post"}],"author":[{"embeddable":true,"href":"https:\/\/sztgotthard-altisk.hu\/index.php?rest_route=\/wp\/v2\/users\/5"}],"replies":[{"embeddable":true,"href":"https:\/\/sztgotthard-altisk.hu\/index.php?rest_route=%2Fwp%2Fv2%2Fcomments&post=7914"}],"version-history":[{"count":2,"href":"https:\/\/sztgotthard-altisk.hu\/index.php?rest_route=\/wp\/v2\/posts\/7914\/revisions"}],"predecessor-version":[{"id":7918,"href":"https:\/\/sztgotthard-altisk.hu\/index.php?rest_route=\/wp\/v2\/posts\/7914\/revisions\/7918"}],"wp:featuredmedia":[{"embeddable":true,"href":"https:\/\/sztgotthard-altisk.hu\/index.php?rest_route=\/wp\/v2\/media\/7919"}],"wp:attachment":[{"href":"https:\/\/sztgotthard-altisk.hu\/index.php?rest_route=%2Fwp%2Fv2%2Fmedia&parent=7914"}],"wp:term":[{"taxonomy":"category","embeddable":true,"href":"https:\/\/sztgotthard-altisk.hu\/index.php?rest_route=%2Fwp%2Fv2%2Fcategories&post=7914"},{"taxonomy":"post_tag","embeddable":true,"href":"https:\/\/sztgotthard-altisk.hu\/index.php?rest_route=%2Fwp%2Fv2%2Ftags&post=7914"}],"curies":[{"name":"wp","href":"https:\/\/api.w.org\/{rel}","templated":true}]}}