{"id":7630,"date":"2023-05-30T11:54:13","date_gmt":"2023-05-30T10:54:13","guid":{"rendered":"https:\/\/sztgotthard-altisk.hu\/?p=7630"},"modified":"2023-06-07T14:39:31","modified_gmt":"2023-06-07T13:39:31","slug":"neptanc-verseny","status":"publish","type":"post","link":"https:\/\/sztgotthard-altisk.hu\/?p=7630","title":{"rendered":"N\u00e9pt\u00e1nc verseny"},"content":{"rendered":"<div>\n<div class=\"\" dir=\"auto\">\n<div id=\":r7r:\" class=\"x1iorvi4 x1pi30zi x1l90r2v x1swvt13\" data-ad-comet-preview=\"message\" data-ad-preview=\"message\">\n<div class=\"x78zum5 xdt5ytf xz62fqu x16ldp7u\">\n<div class=\"xu06os2 x1ok221b\">\n<div class=\"xdj266r x11i5rnm xat24cr x1mh8g0r x1vvkbs x126k92a\">\n<div dir=\"auto\" style=\"text-align: justify;\"><strong>M\u00e1jus 27-\u00e9n rendezt\u00e9k meg a 7. Vincze Ferenc Sz\u00f3l\u00f3t\u00e1ncversenyt a Gencsap\u00e1ti M\u0171vel\u0151d\u00e9si H\u00e1z \u00e9s K\u00f6nyvt\u00e1rban. 5 koroszt\u00e1lyban, 40 t\u00e1ncos, 24 produkci\u00f3val nevezett a megm\u00e9rettet\u00e9sre. K\u00f6zrem\u0171k\u00f6d\u00f6tt a Boglya N\u00e9pzenei Egy\u00fcttes.<\/strong><\/div>\n<div dir=\"auto\" style=\"text-align: justify;\">\u00a0<\/div>\n<\/div>\n<div class=\"x11i5rnm xat24cr x1mh8g0r x1vvkbs xtlvy1s x126k92a\" style=\"text-align: justify;\">\n<div dir=\"auto\">A nemes vet\u00e9lked\u00e9s c\u00e9lja, hogy megeml\u00e9kezzenek Vincze Ferencr\u0151l, a telep\u00fcl\u00e9s meghat\u00e1roz\u00f3 t\u00e1ncos egy\u00e9nis\u00e9g\u00e9r\u0151l, illetve a vasi n\u00e9pt\u00e1nchagyom\u00e1ny \u201ehaszn\u00e1lata&#8221;, feldolgoz\u00e1sa, \u00e9s sz\u00e9lesk\u00f6r\u0171 megismertet\u00e9se. A nevez\u0151k szabadon v\u00e1laszthattak a vasi t\u00e1ncanyagb\u00f3l.<\/div>\n<div dir=\"auto\">\u00a0<\/div>\n<\/div>\n<div class=\"x11i5rnm xat24cr x1mh8g0r x1vvkbs xtlvy1s x126k92a\" style=\"text-align: justify;\">\n<div dir=\"auto\">Iskol\u00e1nkb\u00f3l k\u00e9t tanul\u00f3 vett r\u00e9szt a versenyen a Partium Alapfok\u00fa M\u0171v\u00e9szeti Iskola k\u00e9pviselet\u00e9ben, Heged\u0171s Hanga, 5.a oszt\u00e1lyos tanul\u00f3 \u00e9s B\u00f6\u0151 Botond, 6.b oszt\u00e1lyos tanul\u00f3, akik vasi ugr\u00f3st \u00e9s cs\u00e1rd\u00e1st t\u00e1ncoltak.<\/div>\n<\/div>\n<\/div>\n<div dir=\"auto\"><img fetchpriority=\"high\" decoding=\"async\" class=\"\" src=\"https:\/\/scontent-vie1-1.xx.fbcdn.net\/v\/t39.30808-6\/347232711_956193702359685_7245392036542201563_n.jpg?_nc_cat=105&amp;ccb=1-7&amp;_nc_sid=730e14&amp;_nc_ohc=zjS3qSD6vkgAX_dOYoJ&amp;_nc_ht=scontent-vie1-1.xx&amp;oh=00_AfBR_ThmisotDfNbLdKURebG0boNReo7a3321VAwioKAAQ&amp;oe=6484A3A8\" alt=\"Lehet, hogy egy k\u00e9p err\u0151l: 3 ember \u00e9s dirndli\" width=\"279\" height=\"496\" \/><\/div>\n<div class=\"xu06os2 x1ok221b\">\n<div class=\"x11i5rnm xat24cr x1mh8g0r x1vvkbs xtlvy1s x126k92a\" style=\"text-align: justify;\">\n<div dir=\"auto\">\u00a0<\/div>\n<\/div>\n<\/div>\n<\/div>\n<\/div>\n<div dir=\"auto\"><img decoding=\"async\" class=\"\" src=\"https:\/\/scontent-vie1-1.xx.fbcdn.net\/v\/t39.30808-6\/350626370_635504091776549_8367358268671227154_n.jpg?_nc_cat=106&amp;ccb=1-7&amp;_nc_sid=730e14&amp;_nc_ohc=5Ujkiqk92sIAX96UqU5&amp;_nc_ht=scontent-vie1-1.xx&amp;oh=00_AfACOH13rfDbOy45yFxRjVjf1qcz8OK-TUuic3M9KouYEA&amp;oe=648541F8\" alt=\"Lehet, hogy egy k\u00e9p err\u0151l: 2 ember \u00e9s sz\u00f6veg\" width=\"252\" height=\"448\" \/><\/div>\n<div id=\":r7r:\" class=\"x1iorvi4 x1pi30zi x1l90r2v x1swvt13\" data-ad-comet-preview=\"message\" data-ad-preview=\"message\">\n<div class=\"x78zum5 xdt5ytf xz62fqu x16ldp7u\">\n<div class=\"xu06os2 x1ok221b\">\n<div class=\"x11i5rnm xat24cr x1mh8g0r x1vvkbs xtlvy1s x126k92a\" style=\"text-align: justify;\">\n<div dir=\"auto\">\u00a0<\/div>\n<\/div>\n<div class=\"x11i5rnm xat24cr x1mh8g0r x1vvkbs xtlvy1s x126k92a\" style=\"text-align: justify;\">\n<div dir=\"auto\">A versenysz\u00e1mokat n\u00e9gytag\u00fa zs\u0171ri \u00e9rt\u00e9kelte: Sztan\u00f3 H\u00e9di t\u00e1ncm\u0171v\u00e9sz, a Magyar \u00c1llami N\u00e9pi Egy\u00fcttes \u00d6r\u00f6k\u00f6s Tagja, n\u00e9prajzkutat\u00f3, filmrendez\u0151; Delb\u00f3 Krisztina n\u00e9pt\u00e1ncpedag\u00f3gus, koreogr\u00e1fus, Aranygy\u00f6ngy\u00f6s t\u00e1ncos; K\u00f6k\u00e9ny Rich\u00e1rd Harangoz\u00f3 Gyula-d\u00edjas t\u00e1ncm\u0171v\u00e9sz, a Magyar \u00c1llami N\u00e9pi Egy\u00fcttes \u00d6r\u00f6k\u00f6s Tagja, \u00d6r\u00f6k\u00f6s Aranysarkanty\u00fas t\u00e1ncos, a N\u00e9pm\u0171v\u00e9szet Ifj\u00fa Mestere \u00e9s Majoros R\u00f3bert t\u00e1ncpedag\u00f3gus, az Alba Regia T\u00e1ncegyes\u00fclet m\u0171v\u00e9szeti vezet\u0151je.<\/div>\n<div dir=\"auto\">\u00a0<\/div>\n<\/div>\n<div class=\"x11i5rnm xat24cr x1mh8g0r x1vvkbs xtlvy1s x126k92a\">\n<div dir=\"auto\" style=\"text-align: justify;\">Botond k\u00fcl\u00f6nd\u00edjban r\u00e9szes\u00fclt. Ez\u00faton is gratul\u00e1lunk nekik \u00e9s felk\u00e9sz\u00edt\u0151 n\u00e9pt\u00e1nc oktat\u00f3juknak, Balogh \u00c1d\u00e1mnak.<\/div>\n<\/div>\n<\/div>\n<\/div>\n<\/div>\n<\/div>\n<div id=\":r7s:\" class=\"x1n2onr6\">\n<div class=\"x1n2onr6\">\n<div class=\"x1n2onr6\">\n<div class=\"x1n2onr6\">\n<div class=\"x6ikm8r x10wlt62 x10l6tqk\">\n<div class=\"x6ikm8r x10wlt62\">\n<div class=\"xqtp20y x6ikm8r x10wlt62 x1n2onr6\">\n<div class=\"x10l6tqk x13vifvy\">\u00a0<\/div>\n<\/div>\n<div class=\"xua58t2 xzg4506 x1ey2m1c x9f619 xds687c x47corl x10l6tqk x17qophe x13vifvy\">\u00a0<\/div>\n<\/div>\n<div class=\"x1o1ewxj x3x9cwd x1e5q0jg x13rtm0m x1ey2m1c xds687c xg01cxk x47corl x10l6tqk x17qophe x13vifvy x1ebt8du x19991ni x1dhq9h\" data-visualcompletion=\"ignore\">\u00a0<\/div>\n<\/div>\n<div class=\"x6ikm8r x10wlt62 x10l6tqk\">\n<div class=\"x6ikm8r x10wlt62\">\n<div class=\"xqtp20y x6ikm8r x10wlt62 x1n2onr6\">\n<div class=\"x10l6tqk x13vifvy\"><img decoding=\"async\" class=\"x1ey2m1c xds687c x5yr21d x10l6tqk x17qophe x13vifvy xh8yej3\" src=\"https:\/\/scontent-vie1-1.xx.fbcdn.net\/v\/t39.30808-6\/350626370_635504091776549_8367358268671227154_n.jpg?stp=dst-jpg_p526x296&amp;_nc_cat=106&amp;ccb=1-7&amp;_nc_sid=730e14&amp;_nc_ohc=1hderwBDxNsAX_swS75&amp;_nc_ht=scontent-vie1-1.xx&amp;oh=00_AfAEIGpIPUG6QSJLS_XMpG74DvfETV4TQb8p809A0uEpCw&amp;oe=647B5EB8\" alt=\"\" \/><\/div>\n<\/div>\n<div class=\"xua58t2 xzg4506 x1ey2m1c x9f619 xds687c x47corl x10l6tqk x17qophe x13vifvy\">\u00a0<\/div>\n<\/div>\n<div class=\"x1o1ewxj x3x9cwd x1e5q0jg x13rtm0m x1ey2m1c xds687c xg01cxk x47corl x10l6tqk x17qophe x13vifvy x1ebt8du x19991ni x1dhq9h\" data-visualcompletion=\"ignore\">\u00a0<\/div>\n<\/div>\n<div class=\"x6ikm8r x10wlt62 x10l6tqk\">\n<div class=\"x6ikm8r x10wlt62\">\n<div class=\"xqtp20y x6ikm8r x10wlt62 x1n2onr6\">\n<div class=\"x10l6tqk x13vifvy\"><img decoding=\"async\" class=\"x1ey2m1c xds687c x5yr21d x10l6tqk x17qophe x13vifvy xh8yej3\" src=\"https:\/\/scontent-vie1-1.xx.fbcdn.net\/v\/t39.30808-6\/347232711_956193702359685_7245392036542201563_n.jpg?stp=dst-jpg_p526x296&amp;_nc_cat=105&amp;ccb=1-7&amp;_nc_sid=730e14&amp;_nc_ohc=bPh92IVai6YAX8yiOH6&amp;_nc_ht=scontent-vie1-1.xx&amp;oh=00_AfC1npn_2gEc0PNPHNFlRLiWZofAJPvpWCdDThkIykMVEg&amp;oe=647AC068\" alt=\"\" \/><\/div>\n<\/div>\n<div class=\"xua58t2 xzg4506 x1ey2m1c x9f619 xds687c x47corl x10l6tqk x17qophe x13vifvy\">\u00a0<\/div>\n<\/div>\n<div class=\"x1o1ewxj x3x9cwd x1e5q0jg x13rtm0m x1ey2m1c xds687c xg01cxk x47corl x10l6tqk x17qophe x13vifvy x1ebt8du x19991ni x1dhq9h\" data-visualcompletion=\"ignore\">\u00a0<\/div>\n<\/div>\n<\/div>\n<\/div>\n<\/div>\n<div class=\"x6ikm8r x10wlt62\">\u00a0<\/div>\n<\/div>\n<\/div>\n<div class=\"x8gbvx8 xdppsyt x1n2xptk x78zum5 x1q0g3np x1qughib xz9dl7a xn6708d xsag5q8 xpkgp8e\">\n<div class=\"x6s0dn4 x78zum5 x1nhvcw1\">\u00a0<\/div>\n<\/div>\n<div>\n<div class=\"x168nmei x13lgxp2 x30kzoy x9jhf4c x6ikm8r x10wlt62\" data-visualcompletion=\"ignore-dynamic\">\n<div>\n<div>\n<div>\n<div class=\"x1n2onr6\">\n<div class=\"x6s0dn4 xi81zsa x78zum5 x6prxxf x13a6bvl xvq8zen xdj266r xktsk01 xat24cr x1d52u69 x889kno x4uap5 x1a8lsjc xkhd6sd xdppsyt\">\n<div class=\"x9f619 x1n2onr6 x1ja2u2z x78zum5 x2lah0s x1qughib x1qjc9v5 xozqiw3 x1q0g3np xykv574 xbmpl8g x4cne27 xifccgj\">\u00a0<\/div>\n<\/div>\n<\/div>\n<\/div>\n<\/div>\n<\/div>\n<\/div>\n<\/div>\n","protected":false},"excerpt":{"rendered":"<p>M\u00e1jus 27-\u00e9n rendezt\u00e9k meg a 7. Vincze Ferenc Sz\u00f3l\u00f3t\u00e1ncversenyt a Gencsap\u00e1ti M\u0171vel\u0151d\u00e9si H\u00e1z \u00e9s K\u00f6nyvt\u00e1rban. 5 koroszt\u00e1lyban, 40 t\u00e1ncos, 24 produkci\u00f3val nevezett a megm\u00e9rettet\u00e9sre. K\u00f6zrem\u0171k\u00f6d\u00f6tt a Boglya N\u00e9pzenei Egy\u00fcttes. \u00a0 A nemes vet\u00e9lked\u00e9s c\u00e9lja, hogy megeml\u00e9kezzenek Vincze Ferencr\u0151l, a telep\u00fcl\u00e9s meghat\u00e1roz\u00f3 t\u00e1ncos egy\u00e9nis\u00e9g\u00e9r\u0151l, illetve a vasi n\u00e9pt\u00e1nchagyom\u00e1ny \u201ehaszn\u00e1lata&#8221;, feldolgoz\u00e1sa, \u00e9s sz\u00e9lesk\u00f6r\u0171 megismertet\u00e9se. A nevez\u0151k szabadon [&hellip;]<\/p>\n","protected":false},"author":5,"featured_media":7631,"comment_status":"closed","ping_status":"closed","sticky":false,"template":"","format":"standard","meta":{"_exactmetrics_skip_tracking":false,"_exactmetrics_sitenote_active":false,"_exactmetrics_sitenote_note":"","_exactmetrics_sitenote_category":0,"_jetpack_memberships_contains_paid_content":false,"footnotes":""},"categories":[5],"tags":[540],"class_list":["post-7630","post","type-post","status-publish","format-standard","has-post-thumbnail","hentry","category-hirek","tag-neptancverseny"],"yoast_head":"<!-- This site is optimized with the Yoast SEO plugin v26.7 - https:\/\/yoast.com\/wordpress\/plugins\/seo\/ -->\n<title>N\u00e9pt\u00e1nc verseny - Szent Gotth\u00e1rd \u00c1ltal\u00e1nos Iskola<\/title>\n<meta name=\"description\" content=\"n\u00e9pt\u00e1ncverseny\" \/>\n<meta name=\"robots\" content=\"index, follow, max-snippet:-1, max-image-preview:large, max-video-preview:-1\" \/>\n<link rel=\"canonical\" href=\"https:\/\/sztgotthard-altisk.hu\/?p=7630\" \/>\n<meta property=\"og:locale\" content=\"hu_HU\" \/>\n<meta property=\"og:type\" content=\"article\" \/>\n<meta property=\"og:title\" content=\"N\u00e9pt\u00e1nc verseny - Szent Gotth\u00e1rd \u00c1ltal\u00e1nos Iskola\" \/>\n<meta property=\"og:description\" content=\"n\u00e9pt\u00e1ncverseny\" \/>\n<meta property=\"og:url\" content=\"https:\/\/sztgotthard-altisk.hu\/?p=7630\" \/>\n<meta property=\"og:site_name\" content=\"Szent Gotth\u00e1rd \u00c1ltal\u00e1nos Iskola\" \/>\n<meta property=\"article:published_time\" content=\"2023-05-30T10:54:13+00:00\" \/>\n<meta property=\"article:modified_time\" content=\"2023-06-07T13:39:31+00:00\" \/>\n<meta property=\"og:image\" content=\"https:\/\/sztgotthard-altisk.hu\/wp-content\/uploads\/2023\/05\/349357871_173838842313639_7530340378346685450_n.jpg\" \/>\n\t<meta property=\"og:image:width\" content=\"1126\" \/>\n\t<meta property=\"og:image:height\" content=\"1591\" \/>\n\t<meta property=\"og:image:type\" content=\"image\/jpeg\" \/>\n<meta name=\"author\" content=\"V\u00f6lker-Horv\u00e1th Anita\" \/>\n<meta name=\"twitter:card\" content=\"summary_large_image\" \/>\n<meta name=\"twitter:label1\" content=\"Szerz\u0151:\" \/>\n\t<meta name=\"twitter:data1\" content=\"V\u00f6lker-Horv\u00e1th Anita\" \/>\n\t<meta name=\"twitter:label2\" content=\"Becs\u00fclt olvas\u00e1si id\u0151\" \/>\n\t<meta name=\"twitter:data2\" content=\"1 perc\" \/>\n<script type=\"application\/ld+json\" class=\"yoast-schema-graph\">{\"@context\":\"https:\/\/schema.org\",\"@graph\":[{\"@type\":\"Article\",\"@id\":\"https:\/\/sztgotthard-altisk.hu\/?p=7630#article\",\"isPartOf\":{\"@id\":\"https:\/\/sztgotthard-altisk.hu\/?p=7630\"},\"author\":{\"name\":\"V\u00f6lker-Horv\u00e1th Anita\",\"@id\":\"https:\/\/sztgotthard-altisk.hu\/#\/schema\/person\/81c8789606fdb4ad7bfb6e46cc0047be\"},\"headline\":\"N\u00e9pt\u00e1nc verseny\",\"datePublished\":\"2023-05-30T10:54:13+00:00\",\"dateModified\":\"2023-06-07T13:39:31+00:00\",\"mainEntityOfPage\":{\"@id\":\"https:\/\/sztgotthard-altisk.hu\/?p=7630\"},\"wordCount\":276,\"publisher\":{\"@id\":\"https:\/\/sztgotthard-altisk.hu\/#organization\"},\"image\":{\"@id\":\"https:\/\/sztgotthard-altisk.hu\/?p=7630#primaryimage\"},\"thumbnailUrl\":\"https:\/\/i0.wp.com\/sztgotthard-altisk.hu\/wp-content\/uploads\/2023\/05\/349357871_173838842313639_7530340378346685450_n.jpg?fit=1126%2C1591&ssl=1\",\"keywords\":[\"n\u00e9pt\u00e1ncverseny\"],\"articleSection\":[\"H\u00edrek\"],\"inLanguage\":\"hu\"},{\"@type\":\"WebPage\",\"@id\":\"https:\/\/sztgotthard-altisk.hu\/?p=7630\",\"url\":\"https:\/\/sztgotthard-altisk.hu\/?p=7630\",\"name\":\"N\u00e9pt\u00e1nc verseny - Szent Gotth\u00e1rd \u00c1ltal\u00e1nos Iskola\",\"isPartOf\":{\"@id\":\"https:\/\/sztgotthard-altisk.hu\/#website\"},\"primaryImageOfPage\":{\"@id\":\"https:\/\/sztgotthard-altisk.hu\/?p=7630#primaryimage\"},\"image\":{\"@id\":\"https:\/\/sztgotthard-altisk.hu\/?p=7630#primaryimage\"},\"thumbnailUrl\":\"https:\/\/i0.wp.com\/sztgotthard-altisk.hu\/wp-content\/uploads\/2023\/05\/349357871_173838842313639_7530340378346685450_n.jpg?fit=1126%2C1591&ssl=1\",\"datePublished\":\"2023-05-30T10:54:13+00:00\",\"dateModified\":\"2023-06-07T13:39:31+00:00\",\"description\":\"n\u00e9pt\u00e1ncverseny\",\"breadcrumb\":{\"@id\":\"https:\/\/sztgotthard-altisk.hu\/?p=7630#breadcrumb\"},\"inLanguage\":\"hu\",\"potentialAction\":[{\"@type\":\"ReadAction\",\"target\":[\"https:\/\/sztgotthard-altisk.hu\/?p=7630\"]}]},{\"@type\":\"ImageObject\",\"inLanguage\":\"hu\",\"@id\":\"https:\/\/sztgotthard-altisk.hu\/?p=7630#primaryimage\",\"url\":\"https:\/\/i0.wp.com\/sztgotthard-altisk.hu\/wp-content\/uploads\/2023\/05\/349357871_173838842313639_7530340378346685450_n.jpg?fit=1126%2C1591&ssl=1\",\"contentUrl\":\"https:\/\/i0.wp.com\/sztgotthard-altisk.hu\/wp-content\/uploads\/2023\/05\/349357871_173838842313639_7530340378346685450_n.jpg?fit=1126%2C1591&ssl=1\",\"width\":1126,\"height\":1591},{\"@type\":\"BreadcrumbList\",\"@id\":\"https:\/\/sztgotthard-altisk.hu\/?p=7630#breadcrumb\",\"itemListElement\":[{\"@type\":\"ListItem\",\"position\":1,\"name\":\"Kezd\u0151lap\",\"item\":\"https:\/\/sztgotthard-altisk.hu\/\"},{\"@type\":\"ListItem\",\"position\":2,\"name\":\"N\u00e9pt\u00e1nc verseny\"}]},{\"@type\":\"WebSite\",\"@id\":\"https:\/\/sztgotthard-altisk.hu\/#website\",\"url\":\"https:\/\/sztgotthard-altisk.hu\/\",\"name\":\"Szent Gotth\u00e1rd \u00c1ltal\u00e1nos Iskola\",\"description\":\"Szent Gotth\u00e1rd \u00c1ltal\u00e1nos Iskola\",\"publisher\":{\"@id\":\"https:\/\/sztgotthard-altisk.hu\/#organization\"},\"potentialAction\":[{\"@type\":\"SearchAction\",\"target\":{\"@type\":\"EntryPoint\",\"urlTemplate\":\"https:\/\/sztgotthard-altisk.hu\/?s={search_term_string}\"},\"query-input\":{\"@type\":\"PropertyValueSpecification\",\"valueRequired\":true,\"valueName\":\"search_term_string\"}}],\"inLanguage\":\"hu\"},{\"@type\":\"Organization\",\"@id\":\"https:\/\/sztgotthard-altisk.hu\/#organization\",\"name\":\"Szent Gell\u00e9rt \u00c1ltal\u00e1nos Iskola\",\"url\":\"https:\/\/sztgotthard-altisk.hu\/\",\"logo\":{\"@type\":\"ImageObject\",\"inLanguage\":\"hu\",\"@id\":\"https:\/\/sztgotthard-altisk.hu\/#\/schema\/logo\/image\/\",\"url\":\"https:\/\/i0.wp.com\/www.sztgotthard-altisk.hu\/wp-content\/uploads\/2022\/01\/sztg_altisk_logo.png?fit=161%2C129&ssl=1\",\"contentUrl\":\"https:\/\/i0.wp.com\/www.sztgotthard-altisk.hu\/wp-content\/uploads\/2022\/01\/sztg_altisk_logo.png?fit=161%2C129&ssl=1\",\"width\":161,\"height\":129,\"caption\":\"Szent Gell\u00e9rt \u00c1ltal\u00e1nos Iskola\"},\"image\":{\"@id\":\"https:\/\/sztgotthard-altisk.hu\/#\/schema\/logo\/image\/\"}},{\"@type\":\"Person\",\"@id\":\"https:\/\/sztgotthard-altisk.hu\/#\/schema\/person\/81c8789606fdb4ad7bfb6e46cc0047be\",\"name\":\"V\u00f6lker-Horv\u00e1th Anita\",\"image\":{\"@type\":\"ImageObject\",\"inLanguage\":\"hu\",\"@id\":\"https:\/\/sztgotthard-altisk.hu\/#\/schema\/person\/image\/\",\"url\":\"https:\/\/secure.gravatar.com\/avatar\/1a8d66fc73f8c791cf78a7063191d6b70541d018583a3fa8a3f40a10d64e7e73?s=96&d=mm&r=g\",\"contentUrl\":\"https:\/\/secure.gravatar.com\/avatar\/1a8d66fc73f8c791cf78a7063191d6b70541d018583a3fa8a3f40a10d64e7e73?s=96&d=mm&r=g\",\"caption\":\"V\u00f6lker-Horv\u00e1th Anita\"},\"url\":\"https:\/\/sztgotthard-altisk.hu\/?author=5\"}]}<\/script>\n<!-- \/ Yoast SEO plugin. -->","yoast_head_json":{"title":"N\u00e9pt\u00e1nc verseny - Szent Gotth\u00e1rd \u00c1ltal\u00e1nos Iskola","description":"n\u00e9pt\u00e1ncverseny","robots":{"index":"index","follow":"follow","max-snippet":"max-snippet:-1","max-image-preview":"max-image-preview:large","max-video-preview":"max-video-preview:-1"},"canonical":"https:\/\/sztgotthard-altisk.hu\/?p=7630","og_locale":"hu_HU","og_type":"article","og_title":"N\u00e9pt\u00e1nc verseny - Szent Gotth\u00e1rd \u00c1ltal\u00e1nos Iskola","og_description":"n\u00e9pt\u00e1ncverseny","og_url":"https:\/\/sztgotthard-altisk.hu\/?p=7630","og_site_name":"Szent Gotth\u00e1rd \u00c1ltal\u00e1nos Iskola","article_published_time":"2023-05-30T10:54:13+00:00","article_modified_time":"2023-06-07T13:39:31+00:00","og_image":[{"width":1126,"height":1591,"url":"https:\/\/sztgotthard-altisk.hu\/wp-content\/uploads\/2023\/05\/349357871_173838842313639_7530340378346685450_n.jpg","type":"image\/jpeg"}],"author":"V\u00f6lker-Horv\u00e1th Anita","twitter_card":"summary_large_image","twitter_misc":{"Szerz\u0151:":"V\u00f6lker-Horv\u00e1th Anita","Becs\u00fclt olvas\u00e1si id\u0151":"1 perc"},"schema":{"@context":"https:\/\/schema.org","@graph":[{"@type":"Article","@id":"https:\/\/sztgotthard-altisk.hu\/?p=7630#article","isPartOf":{"@id":"https:\/\/sztgotthard-altisk.hu\/?p=7630"},"author":{"name":"V\u00f6lker-Horv\u00e1th Anita","@id":"https:\/\/sztgotthard-altisk.hu\/#\/schema\/person\/81c8789606fdb4ad7bfb6e46cc0047be"},"headline":"N\u00e9pt\u00e1nc verseny","datePublished":"2023-05-30T10:54:13+00:00","dateModified":"2023-06-07T13:39:31+00:00","mainEntityOfPage":{"@id":"https:\/\/sztgotthard-altisk.hu\/?p=7630"},"wordCount":276,"publisher":{"@id":"https:\/\/sztgotthard-altisk.hu\/#organization"},"image":{"@id":"https:\/\/sztgotthard-altisk.hu\/?p=7630#primaryimage"},"thumbnailUrl":"https:\/\/i0.wp.com\/sztgotthard-altisk.hu\/wp-content\/uploads\/2023\/05\/349357871_173838842313639_7530340378346685450_n.jpg?fit=1126%2C1591&ssl=1","keywords":["n\u00e9pt\u00e1ncverseny"],"articleSection":["H\u00edrek"],"inLanguage":"hu"},{"@type":"WebPage","@id":"https:\/\/sztgotthard-altisk.hu\/?p=7630","url":"https:\/\/sztgotthard-altisk.hu\/?p=7630","name":"N\u00e9pt\u00e1nc verseny - Szent Gotth\u00e1rd \u00c1ltal\u00e1nos Iskola","isPartOf":{"@id":"https:\/\/sztgotthard-altisk.hu\/#website"},"primaryImageOfPage":{"@id":"https:\/\/sztgotthard-altisk.hu\/?p=7630#primaryimage"},"image":{"@id":"https:\/\/sztgotthard-altisk.hu\/?p=7630#primaryimage"},"thumbnailUrl":"https:\/\/i0.wp.com\/sztgotthard-altisk.hu\/wp-content\/uploads\/2023\/05\/349357871_173838842313639_7530340378346685450_n.jpg?fit=1126%2C1591&ssl=1","datePublished":"2023-05-30T10:54:13+00:00","dateModified":"2023-06-07T13:39:31+00:00","description":"n\u00e9pt\u00e1ncverseny","breadcrumb":{"@id":"https:\/\/sztgotthard-altisk.hu\/?p=7630#breadcrumb"},"inLanguage":"hu","potentialAction":[{"@type":"ReadAction","target":["https:\/\/sztgotthard-altisk.hu\/?p=7630"]}]},{"@type":"ImageObject","inLanguage":"hu","@id":"https:\/\/sztgotthard-altisk.hu\/?p=7630#primaryimage","url":"https:\/\/i0.wp.com\/sztgotthard-altisk.hu\/wp-content\/uploads\/2023\/05\/349357871_173838842313639_7530340378346685450_n.jpg?fit=1126%2C1591&ssl=1","contentUrl":"https:\/\/i0.wp.com\/sztgotthard-altisk.hu\/wp-content\/uploads\/2023\/05\/349357871_173838842313639_7530340378346685450_n.jpg?fit=1126%2C1591&ssl=1","width":1126,"height":1591},{"@type":"BreadcrumbList","@id":"https:\/\/sztgotthard-altisk.hu\/?p=7630#breadcrumb","itemListElement":[{"@type":"ListItem","position":1,"name":"Kezd\u0151lap","item":"https:\/\/sztgotthard-altisk.hu\/"},{"@type":"ListItem","position":2,"name":"N\u00e9pt\u00e1nc verseny"}]},{"@type":"WebSite","@id":"https:\/\/sztgotthard-altisk.hu\/#website","url":"https:\/\/sztgotthard-altisk.hu\/","name":"Szent Gotth\u00e1rd \u00c1ltal\u00e1nos Iskola","description":"Szent Gotth\u00e1rd \u00c1ltal\u00e1nos Iskola","publisher":{"@id":"https:\/\/sztgotthard-altisk.hu\/#organization"},"potentialAction":[{"@type":"SearchAction","target":{"@type":"EntryPoint","urlTemplate":"https:\/\/sztgotthard-altisk.hu\/?s={search_term_string}"},"query-input":{"@type":"PropertyValueSpecification","valueRequired":true,"valueName":"search_term_string"}}],"inLanguage":"hu"},{"@type":"Organization","@id":"https:\/\/sztgotthard-altisk.hu\/#organization","name":"Szent Gell\u00e9rt \u00c1ltal\u00e1nos Iskola","url":"https:\/\/sztgotthard-altisk.hu\/","logo":{"@type":"ImageObject","inLanguage":"hu","@id":"https:\/\/sztgotthard-altisk.hu\/#\/schema\/logo\/image\/","url":"https:\/\/i0.wp.com\/www.sztgotthard-altisk.hu\/wp-content\/uploads\/2022\/01\/sztg_altisk_logo.png?fit=161%2C129&ssl=1","contentUrl":"https:\/\/i0.wp.com\/www.sztgotthard-altisk.hu\/wp-content\/uploads\/2022\/01\/sztg_altisk_logo.png?fit=161%2C129&ssl=1","width":161,"height":129,"caption":"Szent Gell\u00e9rt \u00c1ltal\u00e1nos Iskola"},"image":{"@id":"https:\/\/sztgotthard-altisk.hu\/#\/schema\/logo\/image\/"}},{"@type":"Person","@id":"https:\/\/sztgotthard-altisk.hu\/#\/schema\/person\/81c8789606fdb4ad7bfb6e46cc0047be","name":"V\u00f6lker-Horv\u00e1th Anita","image":{"@type":"ImageObject","inLanguage":"hu","@id":"https:\/\/sztgotthard-altisk.hu\/#\/schema\/person\/image\/","url":"https:\/\/secure.gravatar.com\/avatar\/1a8d66fc73f8c791cf78a7063191d6b70541d018583a3fa8a3f40a10d64e7e73?s=96&d=mm&r=g","contentUrl":"https:\/\/secure.gravatar.com\/avatar\/1a8d66fc73f8c791cf78a7063191d6b70541d018583a3fa8a3f40a10d64e7e73?s=96&d=mm&r=g","caption":"V\u00f6lker-Horv\u00e1th Anita"},"url":"https:\/\/sztgotthard-altisk.hu\/?author=5"}]}},"jetpack_featured_media_url":"https:\/\/i0.wp.com\/sztgotthard-altisk.hu\/wp-content\/uploads\/2023\/05\/349357871_173838842313639_7530340378346685450_n.jpg?fit=1126%2C1591&ssl=1","jetpack_shortlink":"https:\/\/wp.me\/p9tyQr-1Z4","jetpack_sharing_enabled":true,"_links":{"self":[{"href":"https:\/\/sztgotthard-altisk.hu\/index.php?rest_route=\/wp\/v2\/posts\/7630","targetHints":{"allow":["GET"]}}],"collection":[{"href":"https:\/\/sztgotthard-altisk.hu\/index.php?rest_route=\/wp\/v2\/posts"}],"about":[{"href":"https:\/\/sztgotthard-altisk.hu\/index.php?rest_route=\/wp\/v2\/types\/post"}],"author":[{"embeddable":true,"href":"https:\/\/sztgotthard-altisk.hu\/index.php?rest_route=\/wp\/v2\/users\/5"}],"replies":[{"embeddable":true,"href":"https:\/\/sztgotthard-altisk.hu\/index.php?rest_route=%2Fwp%2Fv2%2Fcomments&post=7630"}],"version-history":[{"count":4,"href":"https:\/\/sztgotthard-altisk.hu\/index.php?rest_route=\/wp\/v2\/posts\/7630\/revisions"}],"predecessor-version":[{"id":7660,"href":"https:\/\/sztgotthard-altisk.hu\/index.php?rest_route=\/wp\/v2\/posts\/7630\/revisions\/7660"}],"wp:featuredmedia":[{"embeddable":true,"href":"https:\/\/sztgotthard-altisk.hu\/index.php?rest_route=\/wp\/v2\/media\/7631"}],"wp:attachment":[{"href":"https:\/\/sztgotthard-altisk.hu\/index.php?rest_route=%2Fwp%2Fv2%2Fmedia&parent=7630"}],"wp:term":[{"taxonomy":"category","embeddable":true,"href":"https:\/\/sztgotthard-altisk.hu\/index.php?rest_route=%2Fwp%2Fv2%2Fcategories&post=7630"},{"taxonomy":"post_tag","embeddable":true,"href":"https:\/\/sztgotthard-altisk.hu\/index.php?rest_route=%2Fwp%2Fv2%2Ftags&post=7630"}],"curies":[{"name":"wp","href":"https:\/\/api.w.org\/{rel}","templated":true}]}}