{"id":7379,"date":"2023-04-12T13:21:30","date_gmt":"2023-04-12T12:21:30","guid":{"rendered":"https:\/\/www.sztgotthard-altisk.hu\/?p=7379"},"modified":"2023-04-25T09:02:14","modified_gmt":"2023-04-25T08:02:14","slug":"beiratkozashoz-szukseges-dokumnetunok","status":"publish","type":"post","link":"https:\/\/sztgotthard-altisk.hu\/?p=7379","title":{"rendered":"Beiratkoz\u00e1shoz sz\u00fcks\u00e9ges dokumentumok"},"content":{"rendered":"<div class=\"x11i5rnm xat24cr x1mh8g0r x1vvkbs xdj266r x126k92a\">\n<div dir=\"auto\"><strong>Tisztelt leend\u0151 els\u0151 oszt\u00e1lyos sz\u00fcl\u0151k!<\/strong><\/div>\n<div dir=\"auto\">\u00a0<\/div>\n<\/div>\n<div class=\"x11i5rnm xat24cr x1mh8g0r x1vvkbs xtlvy1s x126k92a\">\n<div dir=\"auto\">A beiratkoz\u00e1shoz az al\u00e1bbi dokumentumokra lesz sz\u00fcks\u00e9g a gyermekre vonatkoz\u00f3lag:<\/div>\n<div dir=\"auto\">\u00a0<\/div>\n<\/div>\n<div class=\"x11i5rnm xat24cr x1mh8g0r x1vvkbs xtlvy1s x126k92a\">\n<div dir=\"auto\">&#8211; sz\u00fclet\u00e9si anyak\u00f6nyvi kivonat<\/div>\n<div dir=\"auto\">&#8211; szem\u00e9lyazonos\u00edt\u00f3 k\u00e1rtya<\/div>\n<div dir=\"auto\">&#8211; lakc\u00edmk\u00e1rtya<\/div>\n<div dir=\"auto\">&#8211; TAJ-k\u00e1rtya<\/div>\n<div dir=\"auto\">&#8211; ad\u00f3azonos\u00edt\u00f3 k\u00e1rtya<\/div>\n<div dir=\"auto\">&#8211; OM azonos\u00edt\u00f3 (\u00f3voda kiadja)<\/div>\n<div dir=\"auto\">&#8211; saj\u00e1tos nevel\u00e9si ig\u00e9ny\u0171 gyermekek eset\u00e9ben a Szak\u00e9rt\u0151i Bizotts\u00e1g szak\u00e9rt\u0151i v\u00e9lem\u00e9nye<\/div>\n<div dir=\"auto\">&#8211; NEK-adatlap a di\u00e1kigazolv\u00e1ny ig\u00e9nyl\u00e9s\u00e9hez (Korm\u00e1nyhivataln\u00e1l ig\u00e9nyelhet\u0151)<\/div>\n<div dir=\"auto\">&#8211; Ahol csak az egyik sz\u00fcl\u0151 gyakorolja a sz\u00fcl\u0151i fel\u00fcgyeleti jogot, sz\u00fcks\u00e9ges az err\u0151l<\/div>\n<div dir=\"auto\">sz\u00f3l\u00f3 hat\u00e1rozat.<\/div>\n<div dir=\"auto\">\u00a0<\/div>\n<\/div>\n<div class=\"x11i5rnm xat24cr x1mh8g0r x1vvkbs xtlvy1s x126k92a\">\n<div dir=\"auto\">Beiratkoz\u00e1s id\u0151pontjai: 2023. \u00e1prilis 20. 8.00 &#8211; 18.00<\/div>\n<div dir=\"auto\">\u00a0 \u00a0 \u00a0 \u00a0 \u00a0 \u00a0 \u00a0 \u00a0 \u00a0 \u00a0 \u00a0 \u00a0 \u00a0 \u00a0 \u00a0 \u00a0 \u00a0 \u00a0 \u00a02023. \u00e1prilis 21. 8.00 &#8211; 17.00<\/div>\n<\/div>\n","protected":false},"excerpt":{"rendered":"<p>Tisztelt leend\u0151 els\u0151 oszt\u00e1lyos sz\u00fcl\u0151k! \u00a0 A beiratkoz\u00e1shoz az al\u00e1bbi dokumentumokra lesz sz\u00fcks\u00e9g a gyermekre vonatkoz\u00f3lag: \u00a0 &#8211; sz\u00fclet\u00e9si anyak\u00f6nyvi kivonat &#8211; szem\u00e9lyazonos\u00edt\u00f3 k\u00e1rtya &#8211; lakc\u00edmk\u00e1rtya &#8211; TAJ-k\u00e1rtya &#8211; ad\u00f3azonos\u00edt\u00f3 k\u00e1rtya &#8211; OM azonos\u00edt\u00f3 (\u00f3voda kiadja) &#8211; saj\u00e1tos nevel\u00e9si ig\u00e9ny\u0171 gyermekek eset\u00e9ben a Szak\u00e9rt\u0151i Bizotts\u00e1g szak\u00e9rt\u0151i v\u00e9lem\u00e9nye &#8211; NEK-adatlap a di\u00e1kigazolv\u00e1ny ig\u00e9nyl\u00e9s\u00e9hez (Korm\u00e1nyhivataln\u00e1l ig\u00e9nyelhet\u0151) &#8211; [&hellip;]<\/p>\n","protected":false},"author":5,"featured_media":7380,"comment_status":"open","ping_status":"open","sticky":false,"template":"","format":"standard","meta":{"_exactmetrics_skip_tracking":false,"_exactmetrics_sitenote_active":false,"_exactmetrics_sitenote_note":"","_exactmetrics_sitenote_category":0,"_jetpack_memberships_contains_paid_content":false,"footnotes":""},"categories":[5],"tags":[514],"class_list":["post-7379","post","type-post","status-publish","format-standard","has-post-thumbnail","hentry","category-hirek","tag-beiratkozashoz-szukseges-dokumentumok"],"yoast_head":"<!-- This site is optimized with the Yoast SEO plugin v26.7 - https:\/\/yoast.com\/wordpress\/plugins\/seo\/ -->\n<title>Beiratkoz\u00e1shoz sz\u00fcks\u00e9ges dokumentumok - Szent Gotth\u00e1rd \u00c1ltal\u00e1nos Iskola<\/title>\n<meta name=\"description\" content=\"beiratkoz\u00e1shoz sz\u00fcks\u00e9ges dokumentumok\" \/>\n<meta name=\"robots\" content=\"index, follow, max-snippet:-1, max-image-preview:large, max-video-preview:-1\" \/>\n<link rel=\"canonical\" href=\"https:\/\/sztgotthard-altisk.hu\/?p=7379\" \/>\n<meta property=\"og:locale\" content=\"hu_HU\" \/>\n<meta property=\"og:type\" content=\"article\" \/>\n<meta property=\"og:title\" content=\"Beiratkoz\u00e1shoz sz\u00fcks\u00e9ges dokumentumok - Szent Gotth\u00e1rd \u00c1ltal\u00e1nos Iskola\" \/>\n<meta property=\"og:description\" content=\"beiratkoz\u00e1shoz sz\u00fcks\u00e9ges dokumentumok\" \/>\n<meta property=\"og:url\" content=\"https:\/\/sztgotthard-altisk.hu\/?p=7379\" \/>\n<meta property=\"og:site_name\" content=\"Szent Gotth\u00e1rd \u00c1ltal\u00e1nos Iskola\" \/>\n<meta property=\"article:published_time\" content=\"2023-04-12T12:21:30+00:00\" \/>\n<meta property=\"article:modified_time\" content=\"2023-04-25T08:02:14+00:00\" \/>\n<meta property=\"og:image\" content=\"https:\/\/sztgotthard-altisk.hu\/wp-content\/uploads\/2023\/04\/14303306-3D-white-man-with-big-red-exclamation-sign-isolated-on-white-Stock-Photo.jpg\" \/>\n\t<meta property=\"og:image:width\" content=\"150\" \/>\n\t<meta property=\"og:image:height\" content=\"150\" \/>\n\t<meta property=\"og:image:type\" content=\"image\/jpeg\" \/>\n<meta name=\"author\" content=\"V\u00f6lker-Horv\u00e1th Anita\" \/>\n<meta name=\"twitter:card\" content=\"summary_large_image\" \/>\n<meta name=\"twitter:label1\" content=\"Szerz\u0151:\" \/>\n\t<meta name=\"twitter:data1\" content=\"V\u00f6lker-Horv\u00e1th Anita\" \/>\n\t<meta name=\"twitter:label2\" content=\"Becs\u00fclt olvas\u00e1si id\u0151\" \/>\n\t<meta name=\"twitter:data2\" content=\"1 perc\" \/>\n<script type=\"application\/ld+json\" class=\"yoast-schema-graph\">{\"@context\":\"https:\/\/schema.org\",\"@graph\":[{\"@type\":\"Article\",\"@id\":\"https:\/\/sztgotthard-altisk.hu\/?p=7379#article\",\"isPartOf\":{\"@id\":\"https:\/\/sztgotthard-altisk.hu\/?p=7379\"},\"author\":{\"name\":\"V\u00f6lker-Horv\u00e1th Anita\",\"@id\":\"https:\/\/sztgotthard-altisk.hu\/#\/schema\/person\/81c8789606fdb4ad7bfb6e46cc0047be\"},\"headline\":\"Beiratkoz\u00e1shoz sz\u00fcks\u00e9ges dokumentumok\",\"datePublished\":\"2023-04-12T12:21:30+00:00\",\"dateModified\":\"2023-04-25T08:02:14+00:00\",\"mainEntityOfPage\":{\"@id\":\"https:\/\/sztgotthard-altisk.hu\/?p=7379\"},\"wordCount\":131,\"commentCount\":0,\"publisher\":{\"@id\":\"https:\/\/sztgotthard-altisk.hu\/#organization\"},\"image\":{\"@id\":\"https:\/\/sztgotthard-altisk.hu\/?p=7379#primaryimage\"},\"thumbnailUrl\":\"https:\/\/i0.wp.com\/sztgotthard-altisk.hu\/wp-content\/uploads\/2023\/04\/14303306-3D-white-man-with-big-red-exclamation-sign-isolated-on-white-Stock-Photo.jpg?fit=150%2C150&ssl=1\",\"keywords\":[\"beiratkoz\u00e1shoz sz\u00fcks\u00e9ges dokumentumok\"],\"articleSection\":[\"H\u00edrek\"],\"inLanguage\":\"hu\"},{\"@type\":\"WebPage\",\"@id\":\"https:\/\/sztgotthard-altisk.hu\/?p=7379\",\"url\":\"https:\/\/sztgotthard-altisk.hu\/?p=7379\",\"name\":\"Beiratkoz\u00e1shoz sz\u00fcks\u00e9ges dokumentumok - Szent Gotth\u00e1rd \u00c1ltal\u00e1nos Iskola\",\"isPartOf\":{\"@id\":\"https:\/\/sztgotthard-altisk.hu\/#website\"},\"primaryImageOfPage\":{\"@id\":\"https:\/\/sztgotthard-altisk.hu\/?p=7379#primaryimage\"},\"image\":{\"@id\":\"https:\/\/sztgotthard-altisk.hu\/?p=7379#primaryimage\"},\"thumbnailUrl\":\"https:\/\/i0.wp.com\/sztgotthard-altisk.hu\/wp-content\/uploads\/2023\/04\/14303306-3D-white-man-with-big-red-exclamation-sign-isolated-on-white-Stock-Photo.jpg?fit=150%2C150&ssl=1\",\"datePublished\":\"2023-04-12T12:21:30+00:00\",\"dateModified\":\"2023-04-25T08:02:14+00:00\",\"description\":\"beiratkoz\u00e1shoz sz\u00fcks\u00e9ges dokumentumok\",\"breadcrumb\":{\"@id\":\"https:\/\/sztgotthard-altisk.hu\/?p=7379#breadcrumb\"},\"inLanguage\":\"hu\",\"potentialAction\":[{\"@type\":\"ReadAction\",\"target\":[\"https:\/\/sztgotthard-altisk.hu\/?p=7379\"]}]},{\"@type\":\"ImageObject\",\"inLanguage\":\"hu\",\"@id\":\"https:\/\/sztgotthard-altisk.hu\/?p=7379#primaryimage\",\"url\":\"https:\/\/i0.wp.com\/sztgotthard-altisk.hu\/wp-content\/uploads\/2023\/04\/14303306-3D-white-man-with-big-red-exclamation-sign-isolated-on-white-Stock-Photo.jpg?fit=150%2C150&ssl=1\",\"contentUrl\":\"https:\/\/i0.wp.com\/sztgotthard-altisk.hu\/wp-content\/uploads\/2023\/04\/14303306-3D-white-man-with-big-red-exclamation-sign-isolated-on-white-Stock-Photo.jpg?fit=150%2C150&ssl=1\",\"width\":150,\"height\":150},{\"@type\":\"BreadcrumbList\",\"@id\":\"https:\/\/sztgotthard-altisk.hu\/?p=7379#breadcrumb\",\"itemListElement\":[{\"@type\":\"ListItem\",\"position\":1,\"name\":\"Kezd\u0151lap\",\"item\":\"https:\/\/sztgotthard-altisk.hu\/\"},{\"@type\":\"ListItem\",\"position\":2,\"name\":\"Beiratkoz\u00e1shoz sz\u00fcks\u00e9ges dokumentumok\"}]},{\"@type\":\"WebSite\",\"@id\":\"https:\/\/sztgotthard-altisk.hu\/#website\",\"url\":\"https:\/\/sztgotthard-altisk.hu\/\",\"name\":\"Szent Gotth\u00e1rd \u00c1ltal\u00e1nos Iskola\",\"description\":\"Szent Gotth\u00e1rd \u00c1ltal\u00e1nos Iskola\",\"publisher\":{\"@id\":\"https:\/\/sztgotthard-altisk.hu\/#organization\"},\"potentialAction\":[{\"@type\":\"SearchAction\",\"target\":{\"@type\":\"EntryPoint\",\"urlTemplate\":\"https:\/\/sztgotthard-altisk.hu\/?s={search_term_string}\"},\"query-input\":{\"@type\":\"PropertyValueSpecification\",\"valueRequired\":true,\"valueName\":\"search_term_string\"}}],\"inLanguage\":\"hu\"},{\"@type\":\"Organization\",\"@id\":\"https:\/\/sztgotthard-altisk.hu\/#organization\",\"name\":\"Szent Gell\u00e9rt \u00c1ltal\u00e1nos Iskola\",\"url\":\"https:\/\/sztgotthard-altisk.hu\/\",\"logo\":{\"@type\":\"ImageObject\",\"inLanguage\":\"hu\",\"@id\":\"https:\/\/sztgotthard-altisk.hu\/#\/schema\/logo\/image\/\",\"url\":\"https:\/\/i0.wp.com\/www.sztgotthard-altisk.hu\/wp-content\/uploads\/2022\/01\/sztg_altisk_logo.png?fit=161%2C129&ssl=1\",\"contentUrl\":\"https:\/\/i0.wp.com\/www.sztgotthard-altisk.hu\/wp-content\/uploads\/2022\/01\/sztg_altisk_logo.png?fit=161%2C129&ssl=1\",\"width\":161,\"height\":129,\"caption\":\"Szent Gell\u00e9rt \u00c1ltal\u00e1nos Iskola\"},\"image\":{\"@id\":\"https:\/\/sztgotthard-altisk.hu\/#\/schema\/logo\/image\/\"}},{\"@type\":\"Person\",\"@id\":\"https:\/\/sztgotthard-altisk.hu\/#\/schema\/person\/81c8789606fdb4ad7bfb6e46cc0047be\",\"name\":\"V\u00f6lker-Horv\u00e1th Anita\",\"image\":{\"@type\":\"ImageObject\",\"inLanguage\":\"hu\",\"@id\":\"https:\/\/sztgotthard-altisk.hu\/#\/schema\/person\/image\/\",\"url\":\"https:\/\/secure.gravatar.com\/avatar\/1a8d66fc73f8c791cf78a7063191d6b70541d018583a3fa8a3f40a10d64e7e73?s=96&d=mm&r=g\",\"contentUrl\":\"https:\/\/secure.gravatar.com\/avatar\/1a8d66fc73f8c791cf78a7063191d6b70541d018583a3fa8a3f40a10d64e7e73?s=96&d=mm&r=g\",\"caption\":\"V\u00f6lker-Horv\u00e1th Anita\"},\"url\":\"https:\/\/sztgotthard-altisk.hu\/?author=5\"}]}<\/script>\n<!-- \/ Yoast SEO plugin. -->","yoast_head_json":{"title":"Beiratkoz\u00e1shoz sz\u00fcks\u00e9ges dokumentumok - Szent Gotth\u00e1rd \u00c1ltal\u00e1nos Iskola","description":"beiratkoz\u00e1shoz sz\u00fcks\u00e9ges dokumentumok","robots":{"index":"index","follow":"follow","max-snippet":"max-snippet:-1","max-image-preview":"max-image-preview:large","max-video-preview":"max-video-preview:-1"},"canonical":"https:\/\/sztgotthard-altisk.hu\/?p=7379","og_locale":"hu_HU","og_type":"article","og_title":"Beiratkoz\u00e1shoz sz\u00fcks\u00e9ges dokumentumok - Szent Gotth\u00e1rd \u00c1ltal\u00e1nos Iskola","og_description":"beiratkoz\u00e1shoz sz\u00fcks\u00e9ges dokumentumok","og_url":"https:\/\/sztgotthard-altisk.hu\/?p=7379","og_site_name":"Szent Gotth\u00e1rd \u00c1ltal\u00e1nos Iskola","article_published_time":"2023-04-12T12:21:30+00:00","article_modified_time":"2023-04-25T08:02:14+00:00","og_image":[{"width":150,"height":150,"url":"https:\/\/sztgotthard-altisk.hu\/wp-content\/uploads\/2023\/04\/14303306-3D-white-man-with-big-red-exclamation-sign-isolated-on-white-Stock-Photo.jpg","type":"image\/jpeg"}],"author":"V\u00f6lker-Horv\u00e1th Anita","twitter_card":"summary_large_image","twitter_misc":{"Szerz\u0151:":"V\u00f6lker-Horv\u00e1th Anita","Becs\u00fclt olvas\u00e1si id\u0151":"1 perc"},"schema":{"@context":"https:\/\/schema.org","@graph":[{"@type":"Article","@id":"https:\/\/sztgotthard-altisk.hu\/?p=7379#article","isPartOf":{"@id":"https:\/\/sztgotthard-altisk.hu\/?p=7379"},"author":{"name":"V\u00f6lker-Horv\u00e1th Anita","@id":"https:\/\/sztgotthard-altisk.hu\/#\/schema\/person\/81c8789606fdb4ad7bfb6e46cc0047be"},"headline":"Beiratkoz\u00e1shoz sz\u00fcks\u00e9ges dokumentumok","datePublished":"2023-04-12T12:21:30+00:00","dateModified":"2023-04-25T08:02:14+00:00","mainEntityOfPage":{"@id":"https:\/\/sztgotthard-altisk.hu\/?p=7379"},"wordCount":131,"commentCount":0,"publisher":{"@id":"https:\/\/sztgotthard-altisk.hu\/#organization"},"image":{"@id":"https:\/\/sztgotthard-altisk.hu\/?p=7379#primaryimage"},"thumbnailUrl":"https:\/\/i0.wp.com\/sztgotthard-altisk.hu\/wp-content\/uploads\/2023\/04\/14303306-3D-white-man-with-big-red-exclamation-sign-isolated-on-white-Stock-Photo.jpg?fit=150%2C150&ssl=1","keywords":["beiratkoz\u00e1shoz sz\u00fcks\u00e9ges dokumentumok"],"articleSection":["H\u00edrek"],"inLanguage":"hu"},{"@type":"WebPage","@id":"https:\/\/sztgotthard-altisk.hu\/?p=7379","url":"https:\/\/sztgotthard-altisk.hu\/?p=7379","name":"Beiratkoz\u00e1shoz sz\u00fcks\u00e9ges dokumentumok - Szent Gotth\u00e1rd \u00c1ltal\u00e1nos Iskola","isPartOf":{"@id":"https:\/\/sztgotthard-altisk.hu\/#website"},"primaryImageOfPage":{"@id":"https:\/\/sztgotthard-altisk.hu\/?p=7379#primaryimage"},"image":{"@id":"https:\/\/sztgotthard-altisk.hu\/?p=7379#primaryimage"},"thumbnailUrl":"https:\/\/i0.wp.com\/sztgotthard-altisk.hu\/wp-content\/uploads\/2023\/04\/14303306-3D-white-man-with-big-red-exclamation-sign-isolated-on-white-Stock-Photo.jpg?fit=150%2C150&ssl=1","datePublished":"2023-04-12T12:21:30+00:00","dateModified":"2023-04-25T08:02:14+00:00","description":"beiratkoz\u00e1shoz sz\u00fcks\u00e9ges dokumentumok","breadcrumb":{"@id":"https:\/\/sztgotthard-altisk.hu\/?p=7379#breadcrumb"},"inLanguage":"hu","potentialAction":[{"@type":"ReadAction","target":["https:\/\/sztgotthard-altisk.hu\/?p=7379"]}]},{"@type":"ImageObject","inLanguage":"hu","@id":"https:\/\/sztgotthard-altisk.hu\/?p=7379#primaryimage","url":"https:\/\/i0.wp.com\/sztgotthard-altisk.hu\/wp-content\/uploads\/2023\/04\/14303306-3D-white-man-with-big-red-exclamation-sign-isolated-on-white-Stock-Photo.jpg?fit=150%2C150&ssl=1","contentUrl":"https:\/\/i0.wp.com\/sztgotthard-altisk.hu\/wp-content\/uploads\/2023\/04\/14303306-3D-white-man-with-big-red-exclamation-sign-isolated-on-white-Stock-Photo.jpg?fit=150%2C150&ssl=1","width":150,"height":150},{"@type":"BreadcrumbList","@id":"https:\/\/sztgotthard-altisk.hu\/?p=7379#breadcrumb","itemListElement":[{"@type":"ListItem","position":1,"name":"Kezd\u0151lap","item":"https:\/\/sztgotthard-altisk.hu\/"},{"@type":"ListItem","position":2,"name":"Beiratkoz\u00e1shoz sz\u00fcks\u00e9ges dokumentumok"}]},{"@type":"WebSite","@id":"https:\/\/sztgotthard-altisk.hu\/#website","url":"https:\/\/sztgotthard-altisk.hu\/","name":"Szent Gotth\u00e1rd \u00c1ltal\u00e1nos Iskola","description":"Szent Gotth\u00e1rd \u00c1ltal\u00e1nos Iskola","publisher":{"@id":"https:\/\/sztgotthard-altisk.hu\/#organization"},"potentialAction":[{"@type":"SearchAction","target":{"@type":"EntryPoint","urlTemplate":"https:\/\/sztgotthard-altisk.hu\/?s={search_term_string}"},"query-input":{"@type":"PropertyValueSpecification","valueRequired":true,"valueName":"search_term_string"}}],"inLanguage":"hu"},{"@type":"Organization","@id":"https:\/\/sztgotthard-altisk.hu\/#organization","name":"Szent Gell\u00e9rt \u00c1ltal\u00e1nos Iskola","url":"https:\/\/sztgotthard-altisk.hu\/","logo":{"@type":"ImageObject","inLanguage":"hu","@id":"https:\/\/sztgotthard-altisk.hu\/#\/schema\/logo\/image\/","url":"https:\/\/i0.wp.com\/www.sztgotthard-altisk.hu\/wp-content\/uploads\/2022\/01\/sztg_altisk_logo.png?fit=161%2C129&ssl=1","contentUrl":"https:\/\/i0.wp.com\/www.sztgotthard-altisk.hu\/wp-content\/uploads\/2022\/01\/sztg_altisk_logo.png?fit=161%2C129&ssl=1","width":161,"height":129,"caption":"Szent Gell\u00e9rt \u00c1ltal\u00e1nos Iskola"},"image":{"@id":"https:\/\/sztgotthard-altisk.hu\/#\/schema\/logo\/image\/"}},{"@type":"Person","@id":"https:\/\/sztgotthard-altisk.hu\/#\/schema\/person\/81c8789606fdb4ad7bfb6e46cc0047be","name":"V\u00f6lker-Horv\u00e1th Anita","image":{"@type":"ImageObject","inLanguage":"hu","@id":"https:\/\/sztgotthard-altisk.hu\/#\/schema\/person\/image\/","url":"https:\/\/secure.gravatar.com\/avatar\/1a8d66fc73f8c791cf78a7063191d6b70541d018583a3fa8a3f40a10d64e7e73?s=96&d=mm&r=g","contentUrl":"https:\/\/secure.gravatar.com\/avatar\/1a8d66fc73f8c791cf78a7063191d6b70541d018583a3fa8a3f40a10d64e7e73?s=96&d=mm&r=g","caption":"V\u00f6lker-Horv\u00e1th Anita"},"url":"https:\/\/sztgotthard-altisk.hu\/?author=5"}]}},"jetpack_featured_media_url":"https:\/\/i0.wp.com\/sztgotthard-altisk.hu\/wp-content\/uploads\/2023\/04\/14303306-3D-white-man-with-big-red-exclamation-sign-isolated-on-white-Stock-Photo.jpg?fit=150%2C150&ssl=1","jetpack_shortlink":"https:\/\/wp.me\/p9tyQr-1V1","jetpack_sharing_enabled":true,"_links":{"self":[{"href":"https:\/\/sztgotthard-altisk.hu\/index.php?rest_route=\/wp\/v2\/posts\/7379","targetHints":{"allow":["GET"]}}],"collection":[{"href":"https:\/\/sztgotthard-altisk.hu\/index.php?rest_route=\/wp\/v2\/posts"}],"about":[{"href":"https:\/\/sztgotthard-altisk.hu\/index.php?rest_route=\/wp\/v2\/types\/post"}],"author":[{"embeddable":true,"href":"https:\/\/sztgotthard-altisk.hu\/index.php?rest_route=\/wp\/v2\/users\/5"}],"replies":[{"embeddable":true,"href":"https:\/\/sztgotthard-altisk.hu\/index.php?rest_route=%2Fwp%2Fv2%2Fcomments&post=7379"}],"version-history":[{"count":2,"href":"https:\/\/sztgotthard-altisk.hu\/index.php?rest_route=\/wp\/v2\/posts\/7379\/revisions"}],"predecessor-version":[{"id":7453,"href":"https:\/\/sztgotthard-altisk.hu\/index.php?rest_route=\/wp\/v2\/posts\/7379\/revisions\/7453"}],"wp:featuredmedia":[{"embeddable":true,"href":"https:\/\/sztgotthard-altisk.hu\/index.php?rest_route=\/wp\/v2\/media\/7380"}],"wp:attachment":[{"href":"https:\/\/sztgotthard-altisk.hu\/index.php?rest_route=%2Fwp%2Fv2%2Fmedia&parent=7379"}],"wp:term":[{"taxonomy":"category","embeddable":true,"href":"https:\/\/sztgotthard-altisk.hu\/index.php?rest_route=%2Fwp%2Fv2%2Fcategories&post=7379"},{"taxonomy":"post_tag","embeddable":true,"href":"https:\/\/sztgotthard-altisk.hu\/index.php?rest_route=%2Fwp%2Fv2%2Ftags&post=7379"}],"curies":[{"name":"wp","href":"https:\/\/api.w.org\/{rel}","templated":true}]}}