{"id":7372,"date":"2023-04-04T09:02:29","date_gmt":"2023-04-04T08:02:29","guid":{"rendered":"https:\/\/www.sztgotthard-altisk.hu\/?p=7372"},"modified":"2023-04-04T11:32:43","modified_gmt":"2023-04-04T10:32:43","slug":"digitalis-temahet-2","status":"publish","type":"post","link":"https:\/\/sztgotthard-altisk.hu\/?p=7372","title":{"rendered":"Digit\u00e1lis t\u00e9mah\u00e9t"},"content":{"rendered":"<div class=\"x11i5rnm xat24cr x1mh8g0r x1vvkbs xdj266r x126k92a\">\n<div dir=\"auto\" style=\"text-align: justify;\"><strong>M\u00e1rcius 27-31. k\u00f6z\u00f6tt iskol\u00e1nkban digit\u00e1lis t\u00e9mahetet szervezt\u00fcnk.<\/strong><\/div>\n<div dir=\"auto\" style=\"text-align: justify;\">\u00a0<\/div>\n<\/div>\n<div class=\"x11i5rnm xat24cr x1mh8g0r x1vvkbs xtlvy1s x126k92a\" style=\"text-align: justify;\">\n<div dir=\"auto\">Az idei Digit\u00e1lis T\u00e9mah\u00e9t kiemelt t\u00e9m\u00e1i a digit\u00e1lis \u00e1llampolg\u00e1rs\u00e1g, a digitaliz\u00e1ci\u00f3 jelene \u00e9s j\u00f6v\u0151je, a technol\u00f3gia eszk\u00f6zei \u00e9s alkalmaz\u00e1sai, az algoritmikus gondolkod\u00e1s \u00e9s programoz\u00e1s mint az alkot\u00e1s eszk\u00f6zei, illetve a digit\u00e1lis biztons\u00e1g \u00e9s digit\u00e1lis es\u00e9lyteremt\u00e9s voltak, de szabadon lehetett v\u00e1lasztani egy\u00e9b, a tantervhez illeszked\u0151 projektt\u00e9m\u00e1kat is.<\/div>\n<div dir=\"auto\">\u00a0<\/div>\n<\/div>\n<div class=\"x11i5rnm xat24cr x1mh8g0r x1vvkbs xtlvy1s x126k92a\" style=\"text-align: justify;\">\n<div dir=\"auto\">Iskol\u00e1nkban a t\u00e9mah\u00e9t szervez\u0151i, Soh\u00e1r Attila \u00e9s Kozma G\u00e1bor \u00e9vfolyamonk\u00e9nt k\u00fcl\u00f6nb\u00f6z\u0151, \u00e9rdekes feladatok, vide\u00f3s anyagok elk\u00e9sz\u00edt\u00e9s\u00e9re \u00f6szt\u00f6n\u00f6zte a di\u00e1kokat. Az al\u00e1bbiakban ezek k\u00f6z\u00fcl osztunk meg n\u00e9h\u00e1nyat:<\/div>\n<\/div>\n<div dir=\"auto\">\u00a0<\/div>\n<div dir=\"auto\">A 2. oszt\u00e1ly a robotik\u00e1t k\u00f6t\u00f6tte \u00f6ssze a mozg\u00e1ssal kreat\u00edv m\u00f3don:<\/div>\n<div dir=\"auto\" style=\"text-align: justify;\">\u00a0<\/div>\n<div dir=\"auto\"><a href=\"https:\/\/www.youtube.com\/watch?v=yVpubtlSe7U\">https:\/\/www.youtube.com\/watch?v=yVpubtlSe7U<\/a><\/div>\n<div dir=\"auto\">\u00a0<\/div>\n<div dir=\"auto\">Az als\u00f3 tagozaton m\u00e1r hetekkel kor\u00e1bban elkezd\u0151d\u00f6tt a k\u00e9sz\u00fcl\u0151d\u00e9s a digit\u00e1lis t\u00e9mah\u00e9tre. \u00cdgy k\u00e9sz\u00fcltek el a n\u00f6v\u00e9nycs\u00edr\u00e1ztat\u00e1s folyamat\u00e1r\u00f3l a kisfilmek.<\/div>\n<div dir=\"auto\">\u00a0<\/div>\n<div dir=\"auto\"><a href=\"https:\/\/www.youtube.com\/watch?v=KTa7wNmch1k\">https:\/\/www.youtube.com\/watch?v=KTa7wNmch1k<\/a><\/div>\n<div dir=\"auto\">\u00a0<\/div>\n<div dir=\"auto\">A digit\u00e1lis t\u00e9mah\u00e9ten az \u00f6t\u00f6dik \u00e9vfolyamon a J\u00e1nos vit\u00e9z \u00f6sszefoglal\u00e1s\u00e1t v\u00e9gezt\u00e9k. Ehhez kapcsol\u00f3dva k\u00e9sz\u00fcltek prezent\u00e1ci\u00f3k. \u00cdme egy k\u00f6z\u00fcl\u00fck:<\/div>\n<div dir=\"auto\">\u00a0<\/div>\n<div dir=\"auto\"><a href=\"https:\/\/www.youtube.com\/watch?v=MP33BvhMm_c\">https:\/\/www.youtube.com\/watch?v=MP33BvhMm_c<\/a><\/div>\n<div dir=\"auto\">\u00a0<\/div>\n<div dir=\"auto\">A nyolcadikosok idegen nyelv\u0171 rekl\u00e1mfilmet k\u00e9sz\u00edtettek okostelefonon k\u00fcl\u00f6nb\u00f6z\u0151 alkalmaz\u00e1sok seg\u00edts\u00e9g\u00e9vel.<\/div>\n<div dir=\"auto\">\u00a0<\/div>\n<div dir=\"auto\"><a href=\"https:\/\/www.youtube.com\/shorts\/NNbni0DSQOA\">https:\/\/www.youtube.com\/shorts\/NNbni0DSQOA<\/a><\/div>\n<div dir=\"auto\">\u00a0<\/div>\n<div dir=\"auto\">\u00a0<\/div>\n<div dir=\"auto\">K\u00f6sz\u00f6nj\u00fck sz\u00e9pen a di\u00e1kok \u00e9s a k\u00f6zrem\u0171k\u00f6d\u0151 pedag\u00f3gusok munk\u00e1j\u00e1t!<\/div>\n<div dir=\"auto\">\u00a0<\/div>\n","protected":false},"excerpt":{"rendered":"<p>M\u00e1rcius 27-31. k\u00f6z\u00f6tt iskol\u00e1nkban digit\u00e1lis t\u00e9mahetet szervezt\u00fcnk. \u00a0 Az idei Digit\u00e1lis T\u00e9mah\u00e9t kiemelt t\u00e9m\u00e1i a digit\u00e1lis \u00e1llampolg\u00e1rs\u00e1g, a digitaliz\u00e1ci\u00f3 jelene \u00e9s j\u00f6v\u0151je, a technol\u00f3gia eszk\u00f6zei \u00e9s alkalmaz\u00e1sai, az algoritmikus gondolkod\u00e1s \u00e9s programoz\u00e1s mint az alkot\u00e1s eszk\u00f6zei, illetve a digit\u00e1lis biztons\u00e1g \u00e9s digit\u00e1lis es\u00e9lyteremt\u00e9s voltak, de szabadon lehetett v\u00e1lasztani egy\u00e9b, a tantervhez illeszked\u0151 projektt\u00e9m\u00e1kat is. \u00a0 [&hellip;]<\/p>\n","protected":false},"author":5,"featured_media":7375,"comment_status":"open","ping_status":"open","sticky":false,"template":"","format":"standard","meta":{"_exactmetrics_skip_tracking":false,"_exactmetrics_sitenote_active":false,"_exactmetrics_sitenote_note":"","_exactmetrics_sitenote_category":0,"_jetpack_memberships_contains_paid_content":false,"footnotes":""},"categories":[5],"tags":[209],"class_list":["post-7372","post","type-post","status-publish","format-standard","has-post-thumbnail","hentry","category-hirek","tag-digitalis-temahet"],"yoast_head":"<!-- This site is optimized with the Yoast SEO plugin v26.7 - https:\/\/yoast.com\/wordpress\/plugins\/seo\/ -->\n<title>Digit\u00e1lis t\u00e9mah\u00e9t - Szent Gotth\u00e1rd \u00c1ltal\u00e1nos Iskola<\/title>\n<meta name=\"description\" content=\"digit\u00e1lis t\u00e9mah\u00e9t\" \/>\n<meta name=\"robots\" content=\"index, follow, max-snippet:-1, max-image-preview:large, max-video-preview:-1\" \/>\n<link rel=\"canonical\" href=\"https:\/\/sztgotthard-altisk.hu\/?p=7372\" \/>\n<meta property=\"og:locale\" content=\"hu_HU\" \/>\n<meta property=\"og:type\" content=\"article\" \/>\n<meta property=\"og:title\" content=\"Digit\u00e1lis t\u00e9mah\u00e9t - Szent Gotth\u00e1rd \u00c1ltal\u00e1nos Iskola\" \/>\n<meta property=\"og:description\" content=\"digit\u00e1lis t\u00e9mah\u00e9t\" \/>\n<meta property=\"og:url\" content=\"https:\/\/sztgotthard-altisk.hu\/?p=7372\" \/>\n<meta property=\"og:site_name\" content=\"Szent Gotth\u00e1rd \u00c1ltal\u00e1nos Iskola\" \/>\n<meta property=\"article:published_time\" content=\"2023-04-04T08:02:29+00:00\" \/>\n<meta property=\"article:modified_time\" content=\"2023-04-04T10:32:43+00:00\" \/>\n<meta name=\"author\" content=\"V\u00f6lker-Horv\u00e1th Anita\" \/>\n<meta name=\"twitter:card\" content=\"summary_large_image\" \/>\n<meta name=\"twitter:label1\" content=\"Szerz\u0151:\" \/>\n\t<meta name=\"twitter:data1\" content=\"V\u00f6lker-Horv\u00e1th Anita\" \/>\n\t<meta name=\"twitter:label2\" content=\"Becs\u00fclt olvas\u00e1si id\u0151\" \/>\n\t<meta name=\"twitter:data2\" content=\"2 perc\" \/>\n<script type=\"application\/ld+json\" class=\"yoast-schema-graph\">{\"@context\":\"https:\/\/schema.org\",\"@graph\":[{\"@type\":\"Article\",\"@id\":\"https:\/\/sztgotthard-altisk.hu\/?p=7372#article\",\"isPartOf\":{\"@id\":\"https:\/\/sztgotthard-altisk.hu\/?p=7372\"},\"author\":{\"name\":\"V\u00f6lker-Horv\u00e1th Anita\",\"@id\":\"https:\/\/sztgotthard-altisk.hu\/#\/schema\/person\/81c8789606fdb4ad7bfb6e46cc0047be\"},\"headline\":\"Digit\u00e1lis t\u00e9mah\u00e9t\",\"datePublished\":\"2023-04-04T08:02:29+00:00\",\"dateModified\":\"2023-04-04T10:32:43+00:00\",\"mainEntityOfPage\":{\"@id\":\"https:\/\/sztgotthard-altisk.hu\/?p=7372\"},\"wordCount\":307,\"commentCount\":0,\"publisher\":{\"@id\":\"https:\/\/sztgotthard-altisk.hu\/#organization\"},\"image\":{\"@id\":\"https:\/\/sztgotthard-altisk.hu\/?p=7372#primaryimage\"},\"thumbnailUrl\":\"https:\/\/i0.wp.com\/sztgotthard-altisk.hu\/wp-content\/uploads\/2023\/04\/digtemahet.png?fit=225%2C225&ssl=1\",\"keywords\":[\"digit\u00e1lis t\u00e9mah\u00e9t\"],\"articleSection\":[\"H\u00edrek\"],\"inLanguage\":\"hu\"},{\"@type\":\"WebPage\",\"@id\":\"https:\/\/sztgotthard-altisk.hu\/?p=7372\",\"url\":\"https:\/\/sztgotthard-altisk.hu\/?p=7372\",\"name\":\"Digit\u00e1lis t\u00e9mah\u00e9t - Szent Gotth\u00e1rd \u00c1ltal\u00e1nos Iskola\",\"isPartOf\":{\"@id\":\"https:\/\/sztgotthard-altisk.hu\/#website\"},\"primaryImageOfPage\":{\"@id\":\"https:\/\/sztgotthard-altisk.hu\/?p=7372#primaryimage\"},\"image\":{\"@id\":\"https:\/\/sztgotthard-altisk.hu\/?p=7372#primaryimage\"},\"thumbnailUrl\":\"https:\/\/i0.wp.com\/sztgotthard-altisk.hu\/wp-content\/uploads\/2023\/04\/digtemahet.png?fit=225%2C225&ssl=1\",\"datePublished\":\"2023-04-04T08:02:29+00:00\",\"dateModified\":\"2023-04-04T10:32:43+00:00\",\"description\":\"digit\u00e1lis t\u00e9mah\u00e9t\",\"breadcrumb\":{\"@id\":\"https:\/\/sztgotthard-altisk.hu\/?p=7372#breadcrumb\"},\"inLanguage\":\"hu\",\"potentialAction\":[{\"@type\":\"ReadAction\",\"target\":[\"https:\/\/sztgotthard-altisk.hu\/?p=7372\"]}]},{\"@type\":\"ImageObject\",\"inLanguage\":\"hu\",\"@id\":\"https:\/\/sztgotthard-altisk.hu\/?p=7372#primaryimage\",\"url\":\"https:\/\/i0.wp.com\/sztgotthard-altisk.hu\/wp-content\/uploads\/2023\/04\/digtemahet.png?fit=225%2C225&ssl=1\",\"contentUrl\":\"https:\/\/i0.wp.com\/sztgotthard-altisk.hu\/wp-content\/uploads\/2023\/04\/digtemahet.png?fit=225%2C225&ssl=1\",\"width\":225,\"height\":225},{\"@type\":\"BreadcrumbList\",\"@id\":\"https:\/\/sztgotthard-altisk.hu\/?p=7372#breadcrumb\",\"itemListElement\":[{\"@type\":\"ListItem\",\"position\":1,\"name\":\"Kezd\u0151lap\",\"item\":\"https:\/\/sztgotthard-altisk.hu\/\"},{\"@type\":\"ListItem\",\"position\":2,\"name\":\"Digit\u00e1lis t\u00e9mah\u00e9t\"}]},{\"@type\":\"WebSite\",\"@id\":\"https:\/\/sztgotthard-altisk.hu\/#website\",\"url\":\"https:\/\/sztgotthard-altisk.hu\/\",\"name\":\"Szent Gotth\u00e1rd \u00c1ltal\u00e1nos Iskola\",\"description\":\"Szent Gotth\u00e1rd \u00c1ltal\u00e1nos Iskola\",\"publisher\":{\"@id\":\"https:\/\/sztgotthard-altisk.hu\/#organization\"},\"potentialAction\":[{\"@type\":\"SearchAction\",\"target\":{\"@type\":\"EntryPoint\",\"urlTemplate\":\"https:\/\/sztgotthard-altisk.hu\/?s={search_term_string}\"},\"query-input\":{\"@type\":\"PropertyValueSpecification\",\"valueRequired\":true,\"valueName\":\"search_term_string\"}}],\"inLanguage\":\"hu\"},{\"@type\":\"Organization\",\"@id\":\"https:\/\/sztgotthard-altisk.hu\/#organization\",\"name\":\"Szent Gell\u00e9rt \u00c1ltal\u00e1nos Iskola\",\"url\":\"https:\/\/sztgotthard-altisk.hu\/\",\"logo\":{\"@type\":\"ImageObject\",\"inLanguage\":\"hu\",\"@id\":\"https:\/\/sztgotthard-altisk.hu\/#\/schema\/logo\/image\/\",\"url\":\"https:\/\/i0.wp.com\/www.sztgotthard-altisk.hu\/wp-content\/uploads\/2022\/01\/sztg_altisk_logo.png?fit=161%2C129&ssl=1\",\"contentUrl\":\"https:\/\/i0.wp.com\/www.sztgotthard-altisk.hu\/wp-content\/uploads\/2022\/01\/sztg_altisk_logo.png?fit=161%2C129&ssl=1\",\"width\":161,\"height\":129,\"caption\":\"Szent Gell\u00e9rt \u00c1ltal\u00e1nos Iskola\"},\"image\":{\"@id\":\"https:\/\/sztgotthard-altisk.hu\/#\/schema\/logo\/image\/\"}},{\"@type\":\"Person\",\"@id\":\"https:\/\/sztgotthard-altisk.hu\/#\/schema\/person\/81c8789606fdb4ad7bfb6e46cc0047be\",\"name\":\"V\u00f6lker-Horv\u00e1th Anita\",\"image\":{\"@type\":\"ImageObject\",\"inLanguage\":\"hu\",\"@id\":\"https:\/\/sztgotthard-altisk.hu\/#\/schema\/person\/image\/\",\"url\":\"https:\/\/secure.gravatar.com\/avatar\/1a8d66fc73f8c791cf78a7063191d6b70541d018583a3fa8a3f40a10d64e7e73?s=96&d=mm&r=g\",\"contentUrl\":\"https:\/\/secure.gravatar.com\/avatar\/1a8d66fc73f8c791cf78a7063191d6b70541d018583a3fa8a3f40a10d64e7e73?s=96&d=mm&r=g\",\"caption\":\"V\u00f6lker-Horv\u00e1th Anita\"},\"url\":\"https:\/\/sztgotthard-altisk.hu\/?author=5\"}]}<\/script>\n<!-- \/ Yoast SEO plugin. -->","yoast_head_json":{"title":"Digit\u00e1lis t\u00e9mah\u00e9t - Szent Gotth\u00e1rd \u00c1ltal\u00e1nos Iskola","description":"digit\u00e1lis t\u00e9mah\u00e9t","robots":{"index":"index","follow":"follow","max-snippet":"max-snippet:-1","max-image-preview":"max-image-preview:large","max-video-preview":"max-video-preview:-1"},"canonical":"https:\/\/sztgotthard-altisk.hu\/?p=7372","og_locale":"hu_HU","og_type":"article","og_title":"Digit\u00e1lis t\u00e9mah\u00e9t - Szent Gotth\u00e1rd \u00c1ltal\u00e1nos Iskola","og_description":"digit\u00e1lis t\u00e9mah\u00e9t","og_url":"https:\/\/sztgotthard-altisk.hu\/?p=7372","og_site_name":"Szent Gotth\u00e1rd \u00c1ltal\u00e1nos Iskola","article_published_time":"2023-04-04T08:02:29+00:00","article_modified_time":"2023-04-04T10:32:43+00:00","author":"V\u00f6lker-Horv\u00e1th Anita","twitter_card":"summary_large_image","twitter_misc":{"Szerz\u0151:":"V\u00f6lker-Horv\u00e1th Anita","Becs\u00fclt olvas\u00e1si id\u0151":"2 perc"},"schema":{"@context":"https:\/\/schema.org","@graph":[{"@type":"Article","@id":"https:\/\/sztgotthard-altisk.hu\/?p=7372#article","isPartOf":{"@id":"https:\/\/sztgotthard-altisk.hu\/?p=7372"},"author":{"name":"V\u00f6lker-Horv\u00e1th Anita","@id":"https:\/\/sztgotthard-altisk.hu\/#\/schema\/person\/81c8789606fdb4ad7bfb6e46cc0047be"},"headline":"Digit\u00e1lis t\u00e9mah\u00e9t","datePublished":"2023-04-04T08:02:29+00:00","dateModified":"2023-04-04T10:32:43+00:00","mainEntityOfPage":{"@id":"https:\/\/sztgotthard-altisk.hu\/?p=7372"},"wordCount":307,"commentCount":0,"publisher":{"@id":"https:\/\/sztgotthard-altisk.hu\/#organization"},"image":{"@id":"https:\/\/sztgotthard-altisk.hu\/?p=7372#primaryimage"},"thumbnailUrl":"https:\/\/i0.wp.com\/sztgotthard-altisk.hu\/wp-content\/uploads\/2023\/04\/digtemahet.png?fit=225%2C225&ssl=1","keywords":["digit\u00e1lis t\u00e9mah\u00e9t"],"articleSection":["H\u00edrek"],"inLanguage":"hu"},{"@type":"WebPage","@id":"https:\/\/sztgotthard-altisk.hu\/?p=7372","url":"https:\/\/sztgotthard-altisk.hu\/?p=7372","name":"Digit\u00e1lis t\u00e9mah\u00e9t - Szent Gotth\u00e1rd \u00c1ltal\u00e1nos Iskola","isPartOf":{"@id":"https:\/\/sztgotthard-altisk.hu\/#website"},"primaryImageOfPage":{"@id":"https:\/\/sztgotthard-altisk.hu\/?p=7372#primaryimage"},"image":{"@id":"https:\/\/sztgotthard-altisk.hu\/?p=7372#primaryimage"},"thumbnailUrl":"https:\/\/i0.wp.com\/sztgotthard-altisk.hu\/wp-content\/uploads\/2023\/04\/digtemahet.png?fit=225%2C225&ssl=1","datePublished":"2023-04-04T08:02:29+00:00","dateModified":"2023-04-04T10:32:43+00:00","description":"digit\u00e1lis t\u00e9mah\u00e9t","breadcrumb":{"@id":"https:\/\/sztgotthard-altisk.hu\/?p=7372#breadcrumb"},"inLanguage":"hu","potentialAction":[{"@type":"ReadAction","target":["https:\/\/sztgotthard-altisk.hu\/?p=7372"]}]},{"@type":"ImageObject","inLanguage":"hu","@id":"https:\/\/sztgotthard-altisk.hu\/?p=7372#primaryimage","url":"https:\/\/i0.wp.com\/sztgotthard-altisk.hu\/wp-content\/uploads\/2023\/04\/digtemahet.png?fit=225%2C225&ssl=1","contentUrl":"https:\/\/i0.wp.com\/sztgotthard-altisk.hu\/wp-content\/uploads\/2023\/04\/digtemahet.png?fit=225%2C225&ssl=1","width":225,"height":225},{"@type":"BreadcrumbList","@id":"https:\/\/sztgotthard-altisk.hu\/?p=7372#breadcrumb","itemListElement":[{"@type":"ListItem","position":1,"name":"Kezd\u0151lap","item":"https:\/\/sztgotthard-altisk.hu\/"},{"@type":"ListItem","position":2,"name":"Digit\u00e1lis t\u00e9mah\u00e9t"}]},{"@type":"WebSite","@id":"https:\/\/sztgotthard-altisk.hu\/#website","url":"https:\/\/sztgotthard-altisk.hu\/","name":"Szent Gotth\u00e1rd \u00c1ltal\u00e1nos Iskola","description":"Szent Gotth\u00e1rd \u00c1ltal\u00e1nos Iskola","publisher":{"@id":"https:\/\/sztgotthard-altisk.hu\/#organization"},"potentialAction":[{"@type":"SearchAction","target":{"@type":"EntryPoint","urlTemplate":"https:\/\/sztgotthard-altisk.hu\/?s={search_term_string}"},"query-input":{"@type":"PropertyValueSpecification","valueRequired":true,"valueName":"search_term_string"}}],"inLanguage":"hu"},{"@type":"Organization","@id":"https:\/\/sztgotthard-altisk.hu\/#organization","name":"Szent Gell\u00e9rt \u00c1ltal\u00e1nos Iskola","url":"https:\/\/sztgotthard-altisk.hu\/","logo":{"@type":"ImageObject","inLanguage":"hu","@id":"https:\/\/sztgotthard-altisk.hu\/#\/schema\/logo\/image\/","url":"https:\/\/i0.wp.com\/www.sztgotthard-altisk.hu\/wp-content\/uploads\/2022\/01\/sztg_altisk_logo.png?fit=161%2C129&ssl=1","contentUrl":"https:\/\/i0.wp.com\/www.sztgotthard-altisk.hu\/wp-content\/uploads\/2022\/01\/sztg_altisk_logo.png?fit=161%2C129&ssl=1","width":161,"height":129,"caption":"Szent Gell\u00e9rt \u00c1ltal\u00e1nos Iskola"},"image":{"@id":"https:\/\/sztgotthard-altisk.hu\/#\/schema\/logo\/image\/"}},{"@type":"Person","@id":"https:\/\/sztgotthard-altisk.hu\/#\/schema\/person\/81c8789606fdb4ad7bfb6e46cc0047be","name":"V\u00f6lker-Horv\u00e1th Anita","image":{"@type":"ImageObject","inLanguage":"hu","@id":"https:\/\/sztgotthard-altisk.hu\/#\/schema\/person\/image\/","url":"https:\/\/secure.gravatar.com\/avatar\/1a8d66fc73f8c791cf78a7063191d6b70541d018583a3fa8a3f40a10d64e7e73?s=96&d=mm&r=g","contentUrl":"https:\/\/secure.gravatar.com\/avatar\/1a8d66fc73f8c791cf78a7063191d6b70541d018583a3fa8a3f40a10d64e7e73?s=96&d=mm&r=g","caption":"V\u00f6lker-Horv\u00e1th Anita"},"url":"https:\/\/sztgotthard-altisk.hu\/?author=5"}]}},"jetpack_featured_media_url":"https:\/\/i0.wp.com\/sztgotthard-altisk.hu\/wp-content\/uploads\/2023\/04\/digtemahet.png?fit=225%2C225&ssl=1","jetpack_shortlink":"https:\/\/wp.me\/p9tyQr-1UU","jetpack_sharing_enabled":true,"_links":{"self":[{"href":"https:\/\/sztgotthard-altisk.hu\/index.php?rest_route=\/wp\/v2\/posts\/7372","targetHints":{"allow":["GET"]}}],"collection":[{"href":"https:\/\/sztgotthard-altisk.hu\/index.php?rest_route=\/wp\/v2\/posts"}],"about":[{"href":"https:\/\/sztgotthard-altisk.hu\/index.php?rest_route=\/wp\/v2\/types\/post"}],"author":[{"embeddable":true,"href":"https:\/\/sztgotthard-altisk.hu\/index.php?rest_route=\/wp\/v2\/users\/5"}],"replies":[{"embeddable":true,"href":"https:\/\/sztgotthard-altisk.hu\/index.php?rest_route=%2Fwp%2Fv2%2Fcomments&post=7372"}],"version-history":[{"count":4,"href":"https:\/\/sztgotthard-altisk.hu\/index.php?rest_route=\/wp\/v2\/posts\/7372\/revisions"}],"predecessor-version":[{"id":7377,"href":"https:\/\/sztgotthard-altisk.hu\/index.php?rest_route=\/wp\/v2\/posts\/7372\/revisions\/7377"}],"wp:featuredmedia":[{"embeddable":true,"href":"https:\/\/sztgotthard-altisk.hu\/index.php?rest_route=\/wp\/v2\/media\/7375"}],"wp:attachment":[{"href":"https:\/\/sztgotthard-altisk.hu\/index.php?rest_route=%2Fwp%2Fv2%2Fmedia&parent=7372"}],"wp:term":[{"taxonomy":"category","embeddable":true,"href":"https:\/\/sztgotthard-altisk.hu\/index.php?rest_route=%2Fwp%2Fv2%2Fcategories&post=7372"},{"taxonomy":"post_tag","embeddable":true,"href":"https:\/\/sztgotthard-altisk.hu\/index.php?rest_route=%2Fwp%2Fv2%2Ftags&post=7372"}],"curies":[{"name":"wp","href":"https:\/\/api.w.org\/{rel}","templated":true}]}}