{"id":7358,"date":"2023-04-03T08:41:35","date_gmt":"2023-04-03T07:41:35","guid":{"rendered":"https:\/\/www.sztgotthard-altisk.hu\/?p=7358"},"modified":"2023-04-03T08:41:35","modified_gmt":"2023-04-03T07:41:35","slug":"uszo-diakolimpia-orszagos-donto","status":"publish","type":"post","link":"https:\/\/sztgotthard-altisk.hu\/?p=7358","title":{"rendered":"\u00dasz\u00f3 Di\u00e1kolimpia Orsz\u00e1gos D\u00f6nt\u0151"},"content":{"rendered":"<div>\n<div class=\"x1jx94hy x8cjs6t x1ch86jh x80vd3b xckqwgs xfh8nwu xoqspk4 x12v9rci x138vmkv x13fuv20 xu3j5b3 x1q0q8m5 x26u7qi x178xt8z xm81vs4 xso031l xy80clv x6ikm8r x10wlt62 x16n37ib xq8finb\">\n<div class=\"\">\n<div class=\"x1y332i5\">\n<div class=\"\" dir=\"auto\">\n<div class=\"\" dir=\"auto\">\n<div class=\"x1iorvi4 x1pi30zi x1swvt13 x1l90r2v\" data-ad-comet-preview=\"message\" data-ad-preview=\"message\">\n<div class=\"x78zum5 xdt5ytf xz62fqu x16ldp7u\">\n<div class=\"xu06os2 x1ok221b\">\n<div class=\"x11i5rnm xat24cr x1mh8g0r x1vvkbs xdj266r x126k92a\">\n<div dir=\"auto\"><strong>M\u00e1rcius 31-\u00e9n Budapesten rendezt\u00e9k meg a Di\u00e1kolimpia Orsz\u00e1gos \u00dasz\u00f3 D\u00f6nt\u0151j\u00e9t a Gyarmati Dezs\u0151 Uszod\u00e1ban.<\/strong><\/div>\n<div dir=\"auto\">\u00a0<\/div>\n<div dir=\"auto\">4&#215;50 m-es III. korcsoportos gyors\u00fasz\u00f3 v\u00e1lt\u00f3csapatunk a soproni region\u00e1lis versenyen el\u00e9rt eredm\u00e9ny\u00e9n 15 m\u00e1sodpercet jav\u00edtott \u00e9s 2:19.97 mp szenz\u00e1ci\u00f3s id\u0151t \u00faszva a 9. helyen csapott c\u00e9lba.<\/div>\n<div dir=\"auto\">A csapat tagjai N\u00e9meth Noel (gimn\u00e1zium), Mesics Ferenc (gimn\u00e1zium), S\u00f6menek L\u00e9n\u00e1rd K\u00e1roly (6.a), Varga Levente Barna(gimn\u00e1zium).<\/div>\n<div dir=\"auto\">A csapat tagja Horv\u00e1th M\u00e1t\u00e9 a felk\u00e9sz\u00fcl\u00e9s sor\u00e1n sajnos kez\u00e9t t\u00f6rte, \u00edgy \u0151 ez\u00fattal nem tarthatott a csapattal.<\/div>\n<div dir=\"auto\">\u00a0<\/div>\n<\/div>\n<div class=\"x11i5rnm xat24cr x1mh8g0r x1vvkbs xtlvy1s x126k92a\">\n<div dir=\"auto\">N\u00e9meth Noel 50 m-es pillang\u00f3\u00fasz\u00e1sban egy\u00e9ni cs\u00faccsal 19. helyezett lett.<\/div>\n<div dir=\"auto\">\u00a0<\/div>\n<\/div>\n<div class=\"x11i5rnm xat24cr x1mh8g0r x1vvkbs xtlvy1s x126k92a\">\n<div dir=\"auto\">A fi\u00fakat Cs\u00e1sz\u00e1r-Bartakovics Csaba k\u00e9sz\u00edtette fel a versenyre.<\/div>\n<div dir=\"auto\">\u00a0<\/div>\n<\/div>\n<div dir=\"auto\"><a href=\"https:\/\/i0.wp.com\/www.sztgotthard-altisk.hu\/wp-content\/uploads\/2023\/04\/339163704_882810076113241_3681432238439927490_n.jpg?ssl=1\"><img data-recalc-dims=\"1\" decoding=\"async\" class=\"alignnone size-medium wp-image-7359\" src=\"https:\/\/i0.wp.com\/www.sztgotthard-altisk.hu\/wp-content\/uploads\/2023\/04\/339163704_882810076113241_3681432238439927490_n-300x138.jpg?resize=300%2C138&#038;ssl=1\" alt=\"\" width=\"300\" height=\"138\" srcset=\"https:\/\/i0.wp.com\/sztgotthard-altisk.hu\/wp-content\/uploads\/2023\/04\/339163704_882810076113241_3681432238439927490_n.jpg?resize=300%2C138&amp;ssl=1 300w, https:\/\/i0.wp.com\/sztgotthard-altisk.hu\/wp-content\/uploads\/2023\/04\/339163704_882810076113241_3681432238439927490_n.jpg?resize=1024%2C472&amp;ssl=1 1024w, https:\/\/i0.wp.com\/sztgotthard-altisk.hu\/wp-content\/uploads\/2023\/04\/339163704_882810076113241_3681432238439927490_n.jpg?resize=768%2C354&amp;ssl=1 768w, https:\/\/i0.wp.com\/sztgotthard-altisk.hu\/wp-content\/uploads\/2023\/04\/339163704_882810076113241_3681432238439927490_n.jpg?resize=1536%2C709&amp;ssl=1 1536w, https:\/\/i0.wp.com\/sztgotthard-altisk.hu\/wp-content\/uploads\/2023\/04\/339163704_882810076113241_3681432238439927490_n.jpg?w=1873&amp;ssl=1 1873w\" sizes=\"(max-width: 300px) 100vw, 300px\" \/><\/a><\/div>\n<div class=\"x11i5rnm xat24cr x1mh8g0r x1vvkbs xtlvy1s x126k92a\">\n<div dir=\"auto\">\u00a0<\/div>\n<\/div>\n<div class=\"x11i5rnm xat24cr x1mh8g0r x1vvkbs xtlvy1s x126k92a\">\n<div dir=\"auto\">T\u00f3th Kinga, 8.b oszt\u00e1lyos tanul\u00f3 is l\u00e1zasan k\u00e9sz\u00fclt edz\u0151j\u00e9vel, Husz\u00e1r Vand\u00e1val a di\u00e1kolimpia d\u00f6nt\u0151j\u00e9re. Kinga a IV. korcsoportban szint\u00e9n nagyszer\u0171en versenyzett, \u00edgy a 100 m-es mell\u00fasz\u00e1sban a 21., 100 m-es gyors\u00fasz\u00e1sban pedig a 22. helyen v\u00e9gzett.<\/div>\n<\/div>\n<\/div>\n<\/div>\n<div dir=\"auto\">\u00a0<\/div>\n<\/div>\n<\/div>\n<div dir=\"auto\">\u00a0<\/div>\n<div class=\"\" dir=\"auto\">\n<div class=\"x1iorvi4 x1pi30zi x1swvt13 x1l90r2v\" data-ad-comet-preview=\"message\" data-ad-preview=\"message\">\n<div class=\"x78zum5 xdt5ytf xz62fqu x16ldp7u\">\n<div class=\"xu06os2 x1ok221b\">\n<div dir=\"auto\"><a href=\"https:\/\/i0.wp.com\/www.sztgotthard-altisk.hu\/wp-content\/uploads\/2023\/04\/338017437_935772014281335_3802915921098789530_n.jpg?ssl=1\"><img data-recalc-dims=\"1\" fetchpriority=\"high\" decoding=\"async\" class=\"alignnone size-medium wp-image-7360\" src=\"https:\/\/i0.wp.com\/www.sztgotthard-altisk.hu\/wp-content\/uploads\/2023\/04\/338017437_935772014281335_3802915921098789530_n-225x300.jpg?resize=225%2C300&#038;ssl=1\" alt=\"\" width=\"225\" height=\"300\" srcset=\"https:\/\/i0.wp.com\/sztgotthard-altisk.hu\/wp-content\/uploads\/2023\/04\/338017437_935772014281335_3802915921098789530_n.jpg?resize=225%2C300&amp;ssl=1 225w, https:\/\/i0.wp.com\/sztgotthard-altisk.hu\/wp-content\/uploads\/2023\/04\/338017437_935772014281335_3802915921098789530_n.jpg?w=720&amp;ssl=1 720w\" sizes=\"(max-width: 225px) 100vw, 225px\" \/><\/a><\/div>\n<div dir=\"auto\">\u00a0<\/div>\n<div class=\"x11i5rnm xat24cr x1mh8g0r x1vvkbs xtlvy1s x126k92a\">\n<div dir=\"auto\">Gratul\u00e1lunk mindannyiuknak!<\/div>\n<\/div>\n<\/div>\n<\/div>\n<\/div>\n<\/div>\n<\/div>\n<\/div>\n<\/div>\n<\/div>\n<\/div>\n<div>\n<div class=\"x168nmei x13lgxp2 x30kzoy x9jhf4c x6ikm8r x10wlt62\" data-visualcompletion=\"ignore-dynamic\">\n<div>\n<div class=\" xq8finb x16n37ib\">\n<div class=\"x9f619 x1n2onr6 x1ja2u2z x78zum5 x2lah0s x1qughib x1qjc9v5 xozqiw3 x1q0g3np x150jy0e x1e558r4 xjkvuk6 x1iorvi4 xwrv7xz x8182xy x4cne27 xifccgj\">\n<div class=\"x9f619 x1n2onr6 x1ja2u2z x78zum5 xdt5ytf x193iq5w xeuugli x1r8uery x1iyjqo2 xs83m0k xg83lxy x1h0ha7o x10b6aqq x1yrsyyn\">\n<div class=\"x1i10hfl x1qjc9v5 xjbqb8w xjqpnuy xa49m3k xqeqjp1 x2hbi6w x13fuv20 xu3j5b3 x1q0q8m5 x26u7qi x972fbf xcfux6l x1qhh985 xm0m39n x9f619 x1ypdohk xdl72j9 x2lah0s xe8uvvx xdj266r x11i5rnm xat24cr x1mh8g0r x2lwn1j xeuugli xexx8yu x4uap5 x18d9i69 xkhd6sd x1n2onr6 x16tdsg8 x1hl2dhg x1ja2u2z x1t137rt x1o1ewxj x3x9cwd x1e5q0jg x13rtm0m x3nfvp2 x1q0g3np x87ps6o x1lku1pv x1a2a7pz x5ve5x3\" tabindex=\"0\" role=\"button\" aria-label=\"Tetszik\">\n<div class=\"x9f619 x1n2onr6 x1ja2u2z x78zum5 x1r8uery x1iyjqo2 xs83m0k xeuugli xl56j7k x6s0dn4 xozqiw3 x1q0g3np xn6708d x1ye3gou xexx8yu xcud41i x139jcc6 x4cne27 xifccgj xn3w4p2 xuxw1ft\">\n<div class=\"x9f619 x1n2onr6 x1ja2u2z x78zum5 xdt5ytf x2lah0s x193iq5w xeuugli x150jy0e x1e558r4 x10b6aqq x1yrsyyn\">\u00a0<\/div>\n<div class=\"x9f619 x1n2onr6 x1ja2u2z x78zum5 xdt5ytf x2lah0s x193iq5w xeuugli x150jy0e x1e558r4 x10b6aqq x1yrsyyn\">\u00a0<\/div>\n<\/div>\n<div class=\"x1o1ewxj x3x9cwd x1e5q0jg x13rtm0m x1ey2m1c xds687c xg01cxk x47corl x10l6tqk x17qophe x13vifvy x1ebt8du x19991ni x1dhq9h x1wpzbip\" data-visualcompletion=\"ignore\">\u00a0<\/div>\n<\/div>\n<div class=\"x1i10hfl x1qjc9v5 xjbqb8w xjqpnuy xa49m3k xqeqjp1 x2hbi6w x13fuv20 xu3j5b3 x1q0q8m5 x26u7qi x972fbf xcfux6l x1qhh985 xm0m39n x9f619 x1ypdohk xdl72j9 x2lah0s xe8uvvx xdj266r x11i5rnm xat24cr x1mh8g0r x2lwn1j xeuugli x16tdsg8 x1hl2dhg x1ja2u2z x1t137rt x1o1ewxj x3x9cwd x1e5q0jg x13rtm0m x3nfvp2 x1q0g3np x87ps6o x1lku1pv x1a2a7pz x4r51d9 x1d0ri9u x4uap5 x1ug4tga xkhd6sd xnfr1j xzpqnlu x179tack x10l6tqk x5ve5x3\" tabindex=\"0\" role=\"button\" aria-label=\"Reag\u00e1l\u00e1s\"><i class=\"x1b0d499 x1d69dk1\" data-visualcompletion=\"css-img\"><\/i><\/p>\n<div class=\"x1o1ewxj x3x9cwd x1e5q0jg x13rtm0m x1ey2m1c xds687c xg01cxk x47corl x10l6tqk x17qophe x13vifvy x1ebt8du x19991ni x1dhq9h\" data-visualcompletion=\"ignore\">\u00a0<\/div>\n<\/div>\n<\/div>\n<div class=\"x9f619 x1n2onr6 x1ja2u2z x78zum5 xdt5ytf x193iq5w xeuugli x1r8uery x1iyjqo2 xs83m0k xg83lxy x1h0ha7o x10b6aqq x1yrsyyn\">\n<div class=\"x1i10hfl x1qjc9v5 xjbqb8w xjqpnuy xa49m3k xqeqjp1 x2hbi6w x13fuv20 xu3j5b3 x1q0q8m5 x26u7qi x972fbf xcfux6l x1qhh985 xm0m39n x9f619 x1ypdohk xdl72j9 x2lah0s xe8uvvx xdj266r x11i5rnm xat24cr x1mh8g0r x2lwn1j xeuugli xexx8yu x4uap5 x18d9i69 xkhd6sd x1n2onr6 x16tdsg8 x1hl2dhg xggy1nq x1ja2u2z x1t137rt x1o1ewxj x3x9cwd x1e5q0jg x13rtm0m x3nfvp2 x1q0g3np x87ps6o x1lku1pv x1a2a7pz\" tabindex=\"0\" role=\"button\" aria-label=\"Hozz\u00e1sz\u00f3l\u00e1s \u00edr\u00e1sa\">\n<div class=\"x9f619 x1n2onr6 x1ja2u2z x78zum5 x1r8uery x1iyjqo2 xs83m0k xeuugli xl56j7k x6s0dn4 xozqiw3 x1q0g3np xn6708d x1ye3gou xexx8yu xcud41i x139jcc6 x4cne27 xifccgj xn3w4p2 xuxw1ft\">\n<div class=\"x9f619 x1n2onr6 x1ja2u2z x78zum5 xdt5ytf x2lah0s x193iq5w xeuugli x150jy0e x1e558r4 x10b6aqq x1yrsyyn\">\u00a0<\/div>\n<\/div>\n<\/div>\n<\/div>\n<div class=\"x9f619 x1n2onr6 x1ja2u2z x78zum5 xdt5ytf x193iq5w xeuugli x1r8uery x1iyjqo2 xs83m0k xg83lxy x1h0ha7o x10b6aqq x1yrsyyn\">\n<div class=\"x1i10hfl x1qjc9v5 xjbqb8w xjqpnuy xa49m3k xqeqjp1 x2hbi6w x13fuv20 xu3j5b3 x1q0q8m5 x26u7qi x972fbf xcfux6l x1qhh985 xm0m39n x9f619 x1ypdohk xdl72j9 x2lah0s xe8uvvx xdj266r x11i5rnm xat24cr x1mh8g0r x2lwn1j xeuugli xexx8yu x4uap5 x18d9i69 xkhd6sd x1n2onr6 x16tdsg8 x1hl2dhg xggy1nq x1ja2u2z x1t137rt x1o1ewxj x3x9cwd x1e5q0jg x13rtm0m x3nfvp2 x1q0g3np x87ps6o x1lku1pv x1a2a7pz\" tabindex=\"0\" role=\"button\" aria-label=\"Elk\u00fcldheted ismer\u0151seidnek, vagy k\u00f6zz\u00e9teheted az id\u0151vonaladon.\">\n<div class=\"x1o1ewxj x3x9cwd x1e5q0jg x13rtm0m x1ey2m1c xds687c xg01cxk x47corl x10l6tqk x17qophe x13vifvy x1ebt8du x19991ni x1dhq9h x1wpzbip\" data-visualcompletion=\"ignore\">\u00a0<\/div>\n<\/div>\n<\/div>\n<\/div>\n<\/div>\n<\/div>\n<div class=\"xzueoph\">\u00a0<\/div>\n<\/div>\n<\/div>\n","protected":false},"excerpt":{"rendered":"<p>M\u00e1rcius 31-\u00e9n Budapesten rendezt\u00e9k meg a Di\u00e1kolimpia Orsz\u00e1gos \u00dasz\u00f3 D\u00f6nt\u0151j\u00e9t a Gyarmati Dezs\u0151 Uszod\u00e1ban. \u00a0 4&#215;50 m-es III. korcsoportos gyors\u00fasz\u00f3 v\u00e1lt\u00f3csapatunk a soproni region\u00e1lis versenyen el\u00e9rt eredm\u00e9ny\u00e9n 15 m\u00e1sodpercet jav\u00edtott \u00e9s 2:19.97 mp szenz\u00e1ci\u00f3s id\u0151t \u00faszva a 9. helyen csapott c\u00e9lba. A csapat tagjai N\u00e9meth Noel (gimn\u00e1zium), Mesics Ferenc (gimn\u00e1zium), S\u00f6menek L\u00e9n\u00e1rd K\u00e1roly (6.a), Varga [&hellip;]<\/p>\n","protected":false},"author":5,"featured_media":7361,"comment_status":"open","ping_status":"open","sticky":false,"template":"","format":"standard","meta":{"_exactmetrics_skip_tracking":false,"_exactmetrics_sitenote_active":false,"_exactmetrics_sitenote_note":"","_exactmetrics_sitenote_category":0,"_jetpack_memberships_contains_paid_content":false,"footnotes":""},"categories":[5],"tags":[272,512],"class_list":["post-7358","post","type-post","status-publish","format-standard","has-post-thumbnail","hentry","category-hirek","tag-orszagos","tag-uszo-diakolimpia-donto"],"yoast_head":"<!-- This site is optimized with the Yoast SEO plugin v26.7 - https:\/\/yoast.com\/wordpress\/plugins\/seo\/ -->\n<title>\u00dasz\u00f3 Di\u00e1kolimpia Orsz\u00e1gos D\u00f6nt\u0151 - Szent Gotth\u00e1rd \u00c1ltal\u00e1nos Iskola<\/title>\n<meta name=\"description\" content=\"Orsz\u00e1gos \u00fasz\u00f3 di\u00e1kolimpia d\u00f6nt\u0151\" \/>\n<meta name=\"robots\" content=\"index, follow, max-snippet:-1, max-image-preview:large, max-video-preview:-1\" \/>\n<link rel=\"canonical\" href=\"https:\/\/sztgotthard-altisk.hu\/?p=7358\" \/>\n<meta property=\"og:locale\" content=\"hu_HU\" \/>\n<meta property=\"og:type\" content=\"article\" \/>\n<meta property=\"og:title\" content=\"\u00dasz\u00f3 Di\u00e1kolimpia Orsz\u00e1gos D\u00f6nt\u0151 - Szent Gotth\u00e1rd \u00c1ltal\u00e1nos Iskola\" \/>\n<meta property=\"og:description\" content=\"Orsz\u00e1gos \u00fasz\u00f3 di\u00e1kolimpia d\u00f6nt\u0151\" \/>\n<meta property=\"og:url\" content=\"https:\/\/sztgotthard-altisk.hu\/?p=7358\" \/>\n<meta property=\"og:site_name\" content=\"Szent Gotth\u00e1rd \u00c1ltal\u00e1nos Iskola\" \/>\n<meta property=\"article:published_time\" content=\"2023-04-03T07:41:35+00:00\" \/>\n<meta property=\"og:image\" content=\"https:\/\/www.sztgotthard-altisk.hu\/wp-content\/uploads\/2023\/04\/339163704_882810076113241_3681432238439927490_n-300x138.jpg\" \/>\n<meta name=\"author\" content=\"V\u00f6lker-Horv\u00e1th Anita\" \/>\n<meta name=\"twitter:card\" content=\"summary_large_image\" \/>\n<meta name=\"twitter:label1\" content=\"Szerz\u0151:\" \/>\n\t<meta name=\"twitter:data1\" content=\"V\u00f6lker-Horv\u00e1th Anita\" \/>\n\t<meta name=\"twitter:label2\" content=\"Becs\u00fclt olvas\u00e1si id\u0151\" \/>\n\t<meta name=\"twitter:data2\" content=\"1 perc\" \/>\n<script type=\"application\/ld+json\" class=\"yoast-schema-graph\">{\"@context\":\"https:\/\/schema.org\",\"@graph\":[{\"@type\":\"Article\",\"@id\":\"https:\/\/sztgotthard-altisk.hu\/?p=7358#article\",\"isPartOf\":{\"@id\":\"https:\/\/sztgotthard-altisk.hu\/?p=7358\"},\"author\":{\"name\":\"V\u00f6lker-Horv\u00e1th Anita\",\"@id\":\"https:\/\/sztgotthard-altisk.hu\/#\/schema\/person\/81c8789606fdb4ad7bfb6e46cc0047be\"},\"headline\":\"\u00dasz\u00f3 Di\u00e1kolimpia Orsz\u00e1gos D\u00f6nt\u0151\",\"datePublished\":\"2023-04-03T07:41:35+00:00\",\"mainEntityOfPage\":{\"@id\":\"https:\/\/sztgotthard-altisk.hu\/?p=7358\"},\"wordCount\":198,\"commentCount\":0,\"publisher\":{\"@id\":\"https:\/\/sztgotthard-altisk.hu\/#organization\"},\"image\":{\"@id\":\"https:\/\/sztgotthard-altisk.hu\/?p=7358#primaryimage\"},\"thumbnailUrl\":\"https:\/\/i0.wp.com\/sztgotthard-altisk.hu\/wp-content\/uploads\/2023\/04\/Diakolimpia-logo-780x390-1.jpg?fit=780%2C390&ssl=1\",\"keywords\":[\"orszagos\",\"\u00fasz\u00f3 di\u00e1kolimpia d\u00f6nt\u0151\"],\"articleSection\":[\"H\u00edrek\"],\"inLanguage\":\"hu\"},{\"@type\":\"WebPage\",\"@id\":\"https:\/\/sztgotthard-altisk.hu\/?p=7358\",\"url\":\"https:\/\/sztgotthard-altisk.hu\/?p=7358\",\"name\":\"\u00dasz\u00f3 Di\u00e1kolimpia Orsz\u00e1gos D\u00f6nt\u0151 - Szent Gotth\u00e1rd \u00c1ltal\u00e1nos Iskola\",\"isPartOf\":{\"@id\":\"https:\/\/sztgotthard-altisk.hu\/#website\"},\"primaryImageOfPage\":{\"@id\":\"https:\/\/sztgotthard-altisk.hu\/?p=7358#primaryimage\"},\"image\":{\"@id\":\"https:\/\/sztgotthard-altisk.hu\/?p=7358#primaryimage\"},\"thumbnailUrl\":\"https:\/\/i0.wp.com\/sztgotthard-altisk.hu\/wp-content\/uploads\/2023\/04\/Diakolimpia-logo-780x390-1.jpg?fit=780%2C390&ssl=1\",\"datePublished\":\"2023-04-03T07:41:35+00:00\",\"description\":\"Orsz\u00e1gos \u00fasz\u00f3 di\u00e1kolimpia d\u00f6nt\u0151\",\"breadcrumb\":{\"@id\":\"https:\/\/sztgotthard-altisk.hu\/?p=7358#breadcrumb\"},\"inLanguage\":\"hu\",\"potentialAction\":[{\"@type\":\"ReadAction\",\"target\":[\"https:\/\/sztgotthard-altisk.hu\/?p=7358\"]}]},{\"@type\":\"ImageObject\",\"inLanguage\":\"hu\",\"@id\":\"https:\/\/sztgotthard-altisk.hu\/?p=7358#primaryimage\",\"url\":\"https:\/\/i0.wp.com\/sztgotthard-altisk.hu\/wp-content\/uploads\/2023\/04\/Diakolimpia-logo-780x390-1.jpg?fit=780%2C390&ssl=1\",\"contentUrl\":\"https:\/\/i0.wp.com\/sztgotthard-altisk.hu\/wp-content\/uploads\/2023\/04\/Diakolimpia-logo-780x390-1.jpg?fit=780%2C390&ssl=1\",\"width\":780,\"height\":390},{\"@type\":\"BreadcrumbList\",\"@id\":\"https:\/\/sztgotthard-altisk.hu\/?p=7358#breadcrumb\",\"itemListElement\":[{\"@type\":\"ListItem\",\"position\":1,\"name\":\"Kezd\u0151lap\",\"item\":\"https:\/\/sztgotthard-altisk.hu\/\"},{\"@type\":\"ListItem\",\"position\":2,\"name\":\"\u00dasz\u00f3 Di\u00e1kolimpia Orsz\u00e1gos D\u00f6nt\u0151\"}]},{\"@type\":\"WebSite\",\"@id\":\"https:\/\/sztgotthard-altisk.hu\/#website\",\"url\":\"https:\/\/sztgotthard-altisk.hu\/\",\"name\":\"Szent Gotth\u00e1rd \u00c1ltal\u00e1nos Iskola\",\"description\":\"Szent Gotth\u00e1rd \u00c1ltal\u00e1nos Iskola\",\"publisher\":{\"@id\":\"https:\/\/sztgotthard-altisk.hu\/#organization\"},\"potentialAction\":[{\"@type\":\"SearchAction\",\"target\":{\"@type\":\"EntryPoint\",\"urlTemplate\":\"https:\/\/sztgotthard-altisk.hu\/?s={search_term_string}\"},\"query-input\":{\"@type\":\"PropertyValueSpecification\",\"valueRequired\":true,\"valueName\":\"search_term_string\"}}],\"inLanguage\":\"hu\"},{\"@type\":\"Organization\",\"@id\":\"https:\/\/sztgotthard-altisk.hu\/#organization\",\"name\":\"Szent Gell\u00e9rt \u00c1ltal\u00e1nos Iskola\",\"url\":\"https:\/\/sztgotthard-altisk.hu\/\",\"logo\":{\"@type\":\"ImageObject\",\"inLanguage\":\"hu\",\"@id\":\"https:\/\/sztgotthard-altisk.hu\/#\/schema\/logo\/image\/\",\"url\":\"https:\/\/i0.wp.com\/www.sztgotthard-altisk.hu\/wp-content\/uploads\/2022\/01\/sztg_altisk_logo.png?fit=161%2C129&ssl=1\",\"contentUrl\":\"https:\/\/i0.wp.com\/www.sztgotthard-altisk.hu\/wp-content\/uploads\/2022\/01\/sztg_altisk_logo.png?fit=161%2C129&ssl=1\",\"width\":161,\"height\":129,\"caption\":\"Szent Gell\u00e9rt \u00c1ltal\u00e1nos Iskola\"},\"image\":{\"@id\":\"https:\/\/sztgotthard-altisk.hu\/#\/schema\/logo\/image\/\"}},{\"@type\":\"Person\",\"@id\":\"https:\/\/sztgotthard-altisk.hu\/#\/schema\/person\/81c8789606fdb4ad7bfb6e46cc0047be\",\"name\":\"V\u00f6lker-Horv\u00e1th Anita\",\"image\":{\"@type\":\"ImageObject\",\"inLanguage\":\"hu\",\"@id\":\"https:\/\/sztgotthard-altisk.hu\/#\/schema\/person\/image\/\",\"url\":\"https:\/\/secure.gravatar.com\/avatar\/1a8d66fc73f8c791cf78a7063191d6b70541d018583a3fa8a3f40a10d64e7e73?s=96&d=mm&r=g\",\"contentUrl\":\"https:\/\/secure.gravatar.com\/avatar\/1a8d66fc73f8c791cf78a7063191d6b70541d018583a3fa8a3f40a10d64e7e73?s=96&d=mm&r=g\",\"caption\":\"V\u00f6lker-Horv\u00e1th Anita\"},\"url\":\"https:\/\/sztgotthard-altisk.hu\/?author=5\"}]}<\/script>\n<!-- \/ Yoast SEO plugin. -->","yoast_head_json":{"title":"\u00dasz\u00f3 Di\u00e1kolimpia Orsz\u00e1gos D\u00f6nt\u0151 - Szent Gotth\u00e1rd \u00c1ltal\u00e1nos Iskola","description":"Orsz\u00e1gos \u00fasz\u00f3 di\u00e1kolimpia d\u00f6nt\u0151","robots":{"index":"index","follow":"follow","max-snippet":"max-snippet:-1","max-image-preview":"max-image-preview:large","max-video-preview":"max-video-preview:-1"},"canonical":"https:\/\/sztgotthard-altisk.hu\/?p=7358","og_locale":"hu_HU","og_type":"article","og_title":"\u00dasz\u00f3 Di\u00e1kolimpia Orsz\u00e1gos D\u00f6nt\u0151 - Szent Gotth\u00e1rd \u00c1ltal\u00e1nos Iskola","og_description":"Orsz\u00e1gos \u00fasz\u00f3 di\u00e1kolimpia d\u00f6nt\u0151","og_url":"https:\/\/sztgotthard-altisk.hu\/?p=7358","og_site_name":"Szent Gotth\u00e1rd \u00c1ltal\u00e1nos Iskola","article_published_time":"2023-04-03T07:41:35+00:00","og_image":[{"url":"https:\/\/www.sztgotthard-altisk.hu\/wp-content\/uploads\/2023\/04\/339163704_882810076113241_3681432238439927490_n-300x138.jpg","type":"","width":"","height":""}],"author":"V\u00f6lker-Horv\u00e1th Anita","twitter_card":"summary_large_image","twitter_misc":{"Szerz\u0151:":"V\u00f6lker-Horv\u00e1th Anita","Becs\u00fclt olvas\u00e1si id\u0151":"1 perc"},"schema":{"@context":"https:\/\/schema.org","@graph":[{"@type":"Article","@id":"https:\/\/sztgotthard-altisk.hu\/?p=7358#article","isPartOf":{"@id":"https:\/\/sztgotthard-altisk.hu\/?p=7358"},"author":{"name":"V\u00f6lker-Horv\u00e1th Anita","@id":"https:\/\/sztgotthard-altisk.hu\/#\/schema\/person\/81c8789606fdb4ad7bfb6e46cc0047be"},"headline":"\u00dasz\u00f3 Di\u00e1kolimpia Orsz\u00e1gos D\u00f6nt\u0151","datePublished":"2023-04-03T07:41:35+00:00","mainEntityOfPage":{"@id":"https:\/\/sztgotthard-altisk.hu\/?p=7358"},"wordCount":198,"commentCount":0,"publisher":{"@id":"https:\/\/sztgotthard-altisk.hu\/#organization"},"image":{"@id":"https:\/\/sztgotthard-altisk.hu\/?p=7358#primaryimage"},"thumbnailUrl":"https:\/\/i0.wp.com\/sztgotthard-altisk.hu\/wp-content\/uploads\/2023\/04\/Diakolimpia-logo-780x390-1.jpg?fit=780%2C390&ssl=1","keywords":["orszagos","\u00fasz\u00f3 di\u00e1kolimpia d\u00f6nt\u0151"],"articleSection":["H\u00edrek"],"inLanguage":"hu"},{"@type":"WebPage","@id":"https:\/\/sztgotthard-altisk.hu\/?p=7358","url":"https:\/\/sztgotthard-altisk.hu\/?p=7358","name":"\u00dasz\u00f3 Di\u00e1kolimpia Orsz\u00e1gos D\u00f6nt\u0151 - Szent Gotth\u00e1rd \u00c1ltal\u00e1nos Iskola","isPartOf":{"@id":"https:\/\/sztgotthard-altisk.hu\/#website"},"primaryImageOfPage":{"@id":"https:\/\/sztgotthard-altisk.hu\/?p=7358#primaryimage"},"image":{"@id":"https:\/\/sztgotthard-altisk.hu\/?p=7358#primaryimage"},"thumbnailUrl":"https:\/\/i0.wp.com\/sztgotthard-altisk.hu\/wp-content\/uploads\/2023\/04\/Diakolimpia-logo-780x390-1.jpg?fit=780%2C390&ssl=1","datePublished":"2023-04-03T07:41:35+00:00","description":"Orsz\u00e1gos \u00fasz\u00f3 di\u00e1kolimpia d\u00f6nt\u0151","breadcrumb":{"@id":"https:\/\/sztgotthard-altisk.hu\/?p=7358#breadcrumb"},"inLanguage":"hu","potentialAction":[{"@type":"ReadAction","target":["https:\/\/sztgotthard-altisk.hu\/?p=7358"]}]},{"@type":"ImageObject","inLanguage":"hu","@id":"https:\/\/sztgotthard-altisk.hu\/?p=7358#primaryimage","url":"https:\/\/i0.wp.com\/sztgotthard-altisk.hu\/wp-content\/uploads\/2023\/04\/Diakolimpia-logo-780x390-1.jpg?fit=780%2C390&ssl=1","contentUrl":"https:\/\/i0.wp.com\/sztgotthard-altisk.hu\/wp-content\/uploads\/2023\/04\/Diakolimpia-logo-780x390-1.jpg?fit=780%2C390&ssl=1","width":780,"height":390},{"@type":"BreadcrumbList","@id":"https:\/\/sztgotthard-altisk.hu\/?p=7358#breadcrumb","itemListElement":[{"@type":"ListItem","position":1,"name":"Kezd\u0151lap","item":"https:\/\/sztgotthard-altisk.hu\/"},{"@type":"ListItem","position":2,"name":"\u00dasz\u00f3 Di\u00e1kolimpia Orsz\u00e1gos D\u00f6nt\u0151"}]},{"@type":"WebSite","@id":"https:\/\/sztgotthard-altisk.hu\/#website","url":"https:\/\/sztgotthard-altisk.hu\/","name":"Szent Gotth\u00e1rd \u00c1ltal\u00e1nos Iskola","description":"Szent Gotth\u00e1rd \u00c1ltal\u00e1nos Iskola","publisher":{"@id":"https:\/\/sztgotthard-altisk.hu\/#organization"},"potentialAction":[{"@type":"SearchAction","target":{"@type":"EntryPoint","urlTemplate":"https:\/\/sztgotthard-altisk.hu\/?s={search_term_string}"},"query-input":{"@type":"PropertyValueSpecification","valueRequired":true,"valueName":"search_term_string"}}],"inLanguage":"hu"},{"@type":"Organization","@id":"https:\/\/sztgotthard-altisk.hu\/#organization","name":"Szent Gell\u00e9rt \u00c1ltal\u00e1nos Iskola","url":"https:\/\/sztgotthard-altisk.hu\/","logo":{"@type":"ImageObject","inLanguage":"hu","@id":"https:\/\/sztgotthard-altisk.hu\/#\/schema\/logo\/image\/","url":"https:\/\/i0.wp.com\/www.sztgotthard-altisk.hu\/wp-content\/uploads\/2022\/01\/sztg_altisk_logo.png?fit=161%2C129&ssl=1","contentUrl":"https:\/\/i0.wp.com\/www.sztgotthard-altisk.hu\/wp-content\/uploads\/2022\/01\/sztg_altisk_logo.png?fit=161%2C129&ssl=1","width":161,"height":129,"caption":"Szent Gell\u00e9rt \u00c1ltal\u00e1nos Iskola"},"image":{"@id":"https:\/\/sztgotthard-altisk.hu\/#\/schema\/logo\/image\/"}},{"@type":"Person","@id":"https:\/\/sztgotthard-altisk.hu\/#\/schema\/person\/81c8789606fdb4ad7bfb6e46cc0047be","name":"V\u00f6lker-Horv\u00e1th Anita","image":{"@type":"ImageObject","inLanguage":"hu","@id":"https:\/\/sztgotthard-altisk.hu\/#\/schema\/person\/image\/","url":"https:\/\/secure.gravatar.com\/avatar\/1a8d66fc73f8c791cf78a7063191d6b70541d018583a3fa8a3f40a10d64e7e73?s=96&d=mm&r=g","contentUrl":"https:\/\/secure.gravatar.com\/avatar\/1a8d66fc73f8c791cf78a7063191d6b70541d018583a3fa8a3f40a10d64e7e73?s=96&d=mm&r=g","caption":"V\u00f6lker-Horv\u00e1th Anita"},"url":"https:\/\/sztgotthard-altisk.hu\/?author=5"}]}},"jetpack_featured_media_url":"https:\/\/i0.wp.com\/sztgotthard-altisk.hu\/wp-content\/uploads\/2023\/04\/Diakolimpia-logo-780x390-1.jpg?fit=780%2C390&ssl=1","jetpack_shortlink":"https:\/\/wp.me\/p9tyQr-1UG","jetpack_sharing_enabled":true,"_links":{"self":[{"href":"https:\/\/sztgotthard-altisk.hu\/index.php?rest_route=\/wp\/v2\/posts\/7358","targetHints":{"allow":["GET"]}}],"collection":[{"href":"https:\/\/sztgotthard-altisk.hu\/index.php?rest_route=\/wp\/v2\/posts"}],"about":[{"href":"https:\/\/sztgotthard-altisk.hu\/index.php?rest_route=\/wp\/v2\/types\/post"}],"author":[{"embeddable":true,"href":"https:\/\/sztgotthard-altisk.hu\/index.php?rest_route=\/wp\/v2\/users\/5"}],"replies":[{"embeddable":true,"href":"https:\/\/sztgotthard-altisk.hu\/index.php?rest_route=%2Fwp%2Fv2%2Fcomments&post=7358"}],"version-history":[{"count":1,"href":"https:\/\/sztgotthard-altisk.hu\/index.php?rest_route=\/wp\/v2\/posts\/7358\/revisions"}],"predecessor-version":[{"id":7362,"href":"https:\/\/sztgotthard-altisk.hu\/index.php?rest_route=\/wp\/v2\/posts\/7358\/revisions\/7362"}],"wp:featuredmedia":[{"embeddable":true,"href":"https:\/\/sztgotthard-altisk.hu\/index.php?rest_route=\/wp\/v2\/media\/7361"}],"wp:attachment":[{"href":"https:\/\/sztgotthard-altisk.hu\/index.php?rest_route=%2Fwp%2Fv2%2Fmedia&parent=7358"}],"wp:term":[{"taxonomy":"category","embeddable":true,"href":"https:\/\/sztgotthard-altisk.hu\/index.php?rest_route=%2Fwp%2Fv2%2Fcategories&post=7358"},{"taxonomy":"post_tag","embeddable":true,"href":"https:\/\/sztgotthard-altisk.hu\/index.php?rest_route=%2Fwp%2Fv2%2Ftags&post=7358"}],"curies":[{"name":"wp","href":"https:\/\/api.w.org\/{rel}","templated":true}]}}