{"id":6893,"date":"2022-10-24T09:10:05","date_gmt":"2022-10-24T08:10:05","guid":{"rendered":"https:\/\/www.sztgotthard-altisk.hu\/?p=6893"},"modified":"2022-10-24T09:10:05","modified_gmt":"2022-10-24T08:10:05","slug":"kirandulas","status":"publish","type":"post","link":"https:\/\/sztgotthard-altisk.hu\/?p=6893","title":{"rendered":"Kir\u00e1ndul\u00e1s"},"content":{"rendered":"<p style=\"text-align: justify;\">A 4. a oszt\u00e1ly 2022. okt\u00f3ber 21-\u00e9n Budapestre kir\u00e1ndult. Kissn\u00e9 K\u00f6les Erika szlov\u00e9n orsz\u00e1ggy\u0171l\u00e9si sz\u00f3sz\u00f3l\u00f3 megh\u00edv\u00e1s\u00e1ra l\u00e1togat\u00e1st tett az Orsz\u00e1gh\u00e1zban. A di\u00e1kok Sz\u00f3sz\u00f3l\u00f3 Asszony vezet\u00e9s\u00e9vel egy s\u00e9ta keret\u00e9ben tekintett\u00e9k meg az Orsz\u00e1gh\u00e1z \u00e9p\u00fclet\u00e9t \u00e9s sok-sok \u00faj inform\u00e1ci\u00f3val gazdagodtak. A gyerekek a Dzsungel \u00e9tteremben eb\u00e9deltek, ahol az \u00edzletes eb\u00e9den k\u00edv\u00fcl egy igaz\u00e1n leny\u0171g\u00f6z\u0151 k\u00f6rnyezet v\u00e1rta \u0151ket. M\u00e9g egy b\u00e9bi c\u00e1pa etet\u00e9s\u00e9t is \u00e9lvezhett\u00e9k az ott t\u00f6lt\u00f6tt id\u0151ben. Ezut\u00e1n a Magyar Term\u00e9szettudom\u00e1nyi M\u00fazeumba metr\u00f3ztak el, ahol a Z\u00fcmm\u00f6g\u00e9s a m\u00fazeumban c\u00edm\u0171 ki\u00e1ll\u00edt\u00e1st interakt\u00edvan, rovarperspekt\u00edv\u00e1b\u00f3l fedezhett\u00e9k fel. A m\u00fazeumi t\u00far\u00e1t a szabadt\u00e9ri d\u00edn\u00f3ki\u00e1ll\u00edt\u00e1s megtekint\u00e9se z\u00e1rta. Sok- sok \u00e9lm\u00e9nnyel , k\u00f6z\u00f6ss\u00e9g\u00e9p\u00edt\u0151, egy\u00fctt t\u00f6lt\u00f6tt id\u0151vel t\u00e9rtek haza a gyerekek.<\/p>\n<p>A tanul\u00f3kat Varanka Krisztina, L\u00e1szl\u00f3n\u00e9 Kir\u00e1ly T\u00fcnde tan\u00e1rn\u0151k \u00e9s seg\u00edt\u0151k\u00e9sz anyuk\u00e1k k\u00eds\u00e9rt\u00e9k.<\/p>\n<p><a href=\"https:\/\/i0.wp.com\/www.sztgotthard-altisk.hu\/wp-content\/uploads\/2022\/10\/312551833_889365192048895_8068805080976494292_n.jpg?ssl=1\"><img data-recalc-dims=\"1\" fetchpriority=\"high\" decoding=\"async\" class=\"alignnone size-medium wp-image-6899\" src=\"https:\/\/i0.wp.com\/www.sztgotthard-altisk.hu\/wp-content\/uploads\/2022\/10\/312551833_889365192048895_8068805080976494292_n-224x300.jpg?resize=224%2C300&#038;ssl=1\" alt=\"\" width=\"224\" height=\"300\" srcset=\"https:\/\/i0.wp.com\/sztgotthard-altisk.hu\/wp-content\/uploads\/2022\/10\/312551833_889365192048895_8068805080976494292_n.jpg?resize=224%2C300&amp;ssl=1 224w, https:\/\/i0.wp.com\/sztgotthard-altisk.hu\/wp-content\/uploads\/2022\/10\/312551833_889365192048895_8068805080976494292_n.jpg?resize=766%2C1024&amp;ssl=1 766w, https:\/\/i0.wp.com\/sztgotthard-altisk.hu\/wp-content\/uploads\/2022\/10\/312551833_889365192048895_8068805080976494292_n.jpg?resize=768%2C1026&amp;ssl=1 768w, https:\/\/i0.wp.com\/sztgotthard-altisk.hu\/wp-content\/uploads\/2022\/10\/312551833_889365192048895_8068805080976494292_n.jpg?resize=1149%2C1536&amp;ssl=1 1149w, https:\/\/i0.wp.com\/sztgotthard-altisk.hu\/wp-content\/uploads\/2022\/10\/312551833_889365192048895_8068805080976494292_n.jpg?w=1302&amp;ssl=1 1302w\" sizes=\"(max-width: 224px) 100vw, 224px\" \/><\/a><\/p>\n<p><a href=\"https:\/\/i0.wp.com\/www.sztgotthard-altisk.hu\/wp-content\/uploads\/2022\/10\/312410395_498336948880920_5732143530728918681_n.jpg?ssl=1\"><img data-recalc-dims=\"1\" decoding=\"async\" class=\"alignnone size-medium wp-image-6894\" src=\"https:\/\/i0.wp.com\/www.sztgotthard-altisk.hu\/wp-content\/uploads\/2022\/10\/312410395_498336948880920_5732143530728918681_n-300x224.jpg?resize=300%2C224&#038;ssl=1\" alt=\"\" width=\"300\" height=\"224\" srcset=\"https:\/\/i0.wp.com\/sztgotthard-altisk.hu\/wp-content\/uploads\/2022\/10\/312410395_498336948880920_5732143530728918681_n.jpg?resize=300%2C224&amp;ssl=1 300w, https:\/\/i0.wp.com\/sztgotthard-altisk.hu\/wp-content\/uploads\/2022\/10\/312410395_498336948880920_5732143530728918681_n.jpg?resize=1024%2C766&amp;ssl=1 1024w, https:\/\/i0.wp.com\/sztgotthard-altisk.hu\/wp-content\/uploads\/2022\/10\/312410395_498336948880920_5732143530728918681_n.jpg?resize=768%2C575&amp;ssl=1 768w, https:\/\/i0.wp.com\/sztgotthard-altisk.hu\/wp-content\/uploads\/2022\/10\/312410395_498336948880920_5732143530728918681_n.jpg?resize=1536%2C1149&amp;ssl=1 1536w, https:\/\/i0.wp.com\/sztgotthard-altisk.hu\/wp-content\/uploads\/2022\/10\/312410395_498336948880920_5732143530728918681_n.jpg?w=1740&amp;ssl=1 1740w\" sizes=\"(max-width: 300px) 100vw, 300px\" \/><\/a><\/p>\n<p><a href=\"https:\/\/i0.wp.com\/www.sztgotthard-altisk.hu\/wp-content\/uploads\/2022\/10\/312603821_1516160168880708_7478724810197561297_n.jpg?ssl=1\"><img data-recalc-dims=\"1\" decoding=\"async\" class=\"alignnone size-medium wp-image-6895\" src=\"https:\/\/i0.wp.com\/www.sztgotthard-altisk.hu\/wp-content\/uploads\/2022\/10\/312603821_1516160168880708_7478724810197561297_n-300x224.jpg?resize=300%2C224&#038;ssl=1\" alt=\"\" width=\"300\" height=\"224\" srcset=\"https:\/\/i0.wp.com\/sztgotthard-altisk.hu\/wp-content\/uploads\/2022\/10\/312603821_1516160168880708_7478724810197561297_n.jpg?resize=300%2C224&amp;ssl=1 300w, https:\/\/i0.wp.com\/sztgotthard-altisk.hu\/wp-content\/uploads\/2022\/10\/312603821_1516160168880708_7478724810197561297_n.jpg?resize=1024%2C766&amp;ssl=1 1024w, https:\/\/i0.wp.com\/sztgotthard-altisk.hu\/wp-content\/uploads\/2022\/10\/312603821_1516160168880708_7478724810197561297_n.jpg?resize=768%2C575&amp;ssl=1 768w, https:\/\/i0.wp.com\/sztgotthard-altisk.hu\/wp-content\/uploads\/2022\/10\/312603821_1516160168880708_7478724810197561297_n.jpg?resize=1536%2C1149&amp;ssl=1 1536w, https:\/\/i0.wp.com\/sztgotthard-altisk.hu\/wp-content\/uploads\/2022\/10\/312603821_1516160168880708_7478724810197561297_n.jpg?w=1740&amp;ssl=1 1740w\" sizes=\"(max-width: 300px) 100vw, 300px\" \/><\/a><\/p>\n<p><a href=\"https:\/\/i0.wp.com\/www.sztgotthard-altisk.hu\/wp-content\/uploads\/2022\/10\/305984008_6122636441084015_5923321259529882708_n.jpg?ssl=1\"><img data-recalc-dims=\"1\" loading=\"lazy\" decoding=\"async\" class=\"alignnone size-medium wp-image-6896\" src=\"https:\/\/i0.wp.com\/www.sztgotthard-altisk.hu\/wp-content\/uploads\/2022\/10\/305984008_6122636441084015_5923321259529882708_n-300x224.jpg?resize=300%2C224&#038;ssl=1\" alt=\"\" width=\"300\" height=\"224\" srcset=\"https:\/\/i0.wp.com\/sztgotthard-altisk.hu\/wp-content\/uploads\/2022\/10\/305984008_6122636441084015_5923321259529882708_n.jpg?resize=300%2C224&amp;ssl=1 300w, https:\/\/i0.wp.com\/sztgotthard-altisk.hu\/wp-content\/uploads\/2022\/10\/305984008_6122636441084015_5923321259529882708_n.jpg?resize=1024%2C766&amp;ssl=1 1024w, https:\/\/i0.wp.com\/sztgotthard-altisk.hu\/wp-content\/uploads\/2022\/10\/305984008_6122636441084015_5923321259529882708_n.jpg?resize=768%2C575&amp;ssl=1 768w, https:\/\/i0.wp.com\/sztgotthard-altisk.hu\/wp-content\/uploads\/2022\/10\/305984008_6122636441084015_5923321259529882708_n.jpg?resize=1536%2C1149&amp;ssl=1 1536w, https:\/\/i0.wp.com\/sztgotthard-altisk.hu\/wp-content\/uploads\/2022\/10\/305984008_6122636441084015_5923321259529882708_n.jpg?w=1740&amp;ssl=1 1740w\" sizes=\"(max-width: 300px) 100vw, 300px\" \/><\/a><\/p>\n<p><a href=\"https:\/\/i0.wp.com\/www.sztgotthard-altisk.hu\/wp-content\/uploads\/2022\/10\/312449891_668402338138614_39785129178116228_n.jpg?ssl=1\"><img data-recalc-dims=\"1\" loading=\"lazy\" decoding=\"async\" class=\"alignnone size-medium wp-image-6897\" src=\"https:\/\/i0.wp.com\/www.sztgotthard-altisk.hu\/wp-content\/uploads\/2022\/10\/312449891_668402338138614_39785129178116228_n-300x224.jpg?resize=300%2C224&#038;ssl=1\" alt=\"\" width=\"300\" height=\"224\" srcset=\"https:\/\/i0.wp.com\/sztgotthard-altisk.hu\/wp-content\/uploads\/2022\/10\/312449891_668402338138614_39785129178116228_n.jpg?resize=300%2C224&amp;ssl=1 300w, https:\/\/i0.wp.com\/sztgotthard-altisk.hu\/wp-content\/uploads\/2022\/10\/312449891_668402338138614_39785129178116228_n.jpg?resize=1024%2C766&amp;ssl=1 1024w, https:\/\/i0.wp.com\/sztgotthard-altisk.hu\/wp-content\/uploads\/2022\/10\/312449891_668402338138614_39785129178116228_n.jpg?resize=768%2C575&amp;ssl=1 768w, https:\/\/i0.wp.com\/sztgotthard-altisk.hu\/wp-content\/uploads\/2022\/10\/312449891_668402338138614_39785129178116228_n.jpg?resize=1536%2C1149&amp;ssl=1 1536w, https:\/\/i0.wp.com\/sztgotthard-altisk.hu\/wp-content\/uploads\/2022\/10\/312449891_668402338138614_39785129178116228_n.jpg?w=1740&amp;ssl=1 1740w\" sizes=\"(max-width: 300px) 100vw, 300px\" \/><\/a><\/p>\n<p><a href=\"https:\/\/i0.wp.com\/www.sztgotthard-altisk.hu\/wp-content\/uploads\/2022\/10\/311462294_505800064728080_5825400591774713634_n.jpg?ssl=1\"><img data-recalc-dims=\"1\" loading=\"lazy\" decoding=\"async\" class=\"alignnone size-medium wp-image-6898\" src=\"https:\/\/i0.wp.com\/www.sztgotthard-altisk.hu\/wp-content\/uploads\/2022\/10\/311462294_505800064728080_5825400591774713634_n-300x224.jpg?resize=300%2C224&#038;ssl=1\" alt=\"\" width=\"300\" height=\"224\" srcset=\"https:\/\/i0.wp.com\/sztgotthard-altisk.hu\/wp-content\/uploads\/2022\/10\/311462294_505800064728080_5825400591774713634_n.jpg?resize=300%2C224&amp;ssl=1 300w, https:\/\/i0.wp.com\/sztgotthard-altisk.hu\/wp-content\/uploads\/2022\/10\/311462294_505800064728080_5825400591774713634_n.jpg?resize=1024%2C766&amp;ssl=1 1024w, https:\/\/i0.wp.com\/sztgotthard-altisk.hu\/wp-content\/uploads\/2022\/10\/311462294_505800064728080_5825400591774713634_n.jpg?resize=768%2C575&amp;ssl=1 768w, https:\/\/i0.wp.com\/sztgotthard-altisk.hu\/wp-content\/uploads\/2022\/10\/311462294_505800064728080_5825400591774713634_n.jpg?resize=1536%2C1149&amp;ssl=1 1536w, https:\/\/i0.wp.com\/sztgotthard-altisk.hu\/wp-content\/uploads\/2022\/10\/311462294_505800064728080_5825400591774713634_n.jpg?w=1740&amp;ssl=1 1740w\" sizes=\"(max-width: 300px) 100vw, 300px\" \/><\/a><\/p>\n<p><a href=\"https:\/\/i0.wp.com\/www.sztgotthard-altisk.hu\/wp-content\/uploads\/2022\/10\/312452378_5490182987760954_4444307569985287122_n.jpg?ssl=1\"><img data-recalc-dims=\"1\" loading=\"lazy\" decoding=\"async\" class=\"alignnone size-medium wp-image-6900\" src=\"https:\/\/i0.wp.com\/www.sztgotthard-altisk.hu\/wp-content\/uploads\/2022\/10\/312452378_5490182987760954_4444307569985287122_n-300x224.jpg?resize=300%2C224&#038;ssl=1\" alt=\"\" width=\"300\" height=\"224\" srcset=\"https:\/\/i0.wp.com\/sztgotthard-altisk.hu\/wp-content\/uploads\/2022\/10\/312452378_5490182987760954_4444307569985287122_n.jpg?resize=300%2C224&amp;ssl=1 300w, https:\/\/i0.wp.com\/sztgotthard-altisk.hu\/wp-content\/uploads\/2022\/10\/312452378_5490182987760954_4444307569985287122_n.jpg?resize=1024%2C766&amp;ssl=1 1024w, https:\/\/i0.wp.com\/sztgotthard-altisk.hu\/wp-content\/uploads\/2022\/10\/312452378_5490182987760954_4444307569985287122_n.jpg?resize=768%2C575&amp;ssl=1 768w, https:\/\/i0.wp.com\/sztgotthard-altisk.hu\/wp-content\/uploads\/2022\/10\/312452378_5490182987760954_4444307569985287122_n.jpg?resize=1536%2C1149&amp;ssl=1 1536w, https:\/\/i0.wp.com\/sztgotthard-altisk.hu\/wp-content\/uploads\/2022\/10\/312452378_5490182987760954_4444307569985287122_n.jpg?w=1740&amp;ssl=1 1740w\" sizes=\"(max-width: 300px) 100vw, 300px\" \/><\/a><\/p>\n<p><a href=\"https:\/\/i0.wp.com\/www.sztgotthard-altisk.hu\/wp-content\/uploads\/2022\/10\/306390752_806034560703499_7290095736916247796_n.jpg?ssl=1\"><img data-recalc-dims=\"1\" loading=\"lazy\" decoding=\"async\" class=\"alignnone size-medium wp-image-6901\" src=\"https:\/\/i0.wp.com\/www.sztgotthard-altisk.hu\/wp-content\/uploads\/2022\/10\/306390752_806034560703499_7290095736916247796_n-300x224.jpg?resize=300%2C224&#038;ssl=1\" alt=\"\" width=\"300\" height=\"224\" srcset=\"https:\/\/i0.wp.com\/sztgotthard-altisk.hu\/wp-content\/uploads\/2022\/10\/306390752_806034560703499_7290095736916247796_n.jpg?resize=300%2C224&amp;ssl=1 300w, https:\/\/i0.wp.com\/sztgotthard-altisk.hu\/wp-content\/uploads\/2022\/10\/306390752_806034560703499_7290095736916247796_n.jpg?resize=1024%2C766&amp;ssl=1 1024w, https:\/\/i0.wp.com\/sztgotthard-altisk.hu\/wp-content\/uploads\/2022\/10\/306390752_806034560703499_7290095736916247796_n.jpg?resize=768%2C575&amp;ssl=1 768w, https:\/\/i0.wp.com\/sztgotthard-altisk.hu\/wp-content\/uploads\/2022\/10\/306390752_806034560703499_7290095736916247796_n.jpg?resize=1536%2C1149&amp;ssl=1 1536w, https:\/\/i0.wp.com\/sztgotthard-altisk.hu\/wp-content\/uploads\/2022\/10\/306390752_806034560703499_7290095736916247796_n.jpg?w=1740&amp;ssl=1 1740w\" sizes=\"(max-width: 300px) 100vw, 300px\" \/><\/a><\/p>\n<p>&nbsp;<\/p>\n","protected":false},"excerpt":{"rendered":"<p>A 4. a oszt\u00e1ly 2022. okt\u00f3ber 21-\u00e9n Budapestre kir\u00e1ndult. Kissn\u00e9 K\u00f6les Erika szlov\u00e9n orsz\u00e1ggy\u0171l\u00e9si sz\u00f3sz\u00f3l\u00f3 megh\u00edv\u00e1s\u00e1ra l\u00e1togat\u00e1st tett az Orsz\u00e1gh\u00e1zban. A di\u00e1kok Sz\u00f3sz\u00f3l\u00f3 Asszony vezet\u00e9s\u00e9vel egy s\u00e9ta keret\u00e9ben tekintett\u00e9k meg az Orsz\u00e1gh\u00e1z \u00e9p\u00fclet\u00e9t \u00e9s sok-sok \u00faj inform\u00e1ci\u00f3val gazdagodtak. A gyerekek a Dzsungel \u00e9tteremben eb\u00e9deltek, ahol az \u00edzletes eb\u00e9den k\u00edv\u00fcl egy igaz\u00e1n leny\u0171g\u00f6z\u0151 k\u00f6rnyezet v\u00e1rta \u0151ket. [&hellip;]<\/p>\n","protected":false},"author":5,"featured_media":0,"comment_status":"open","ping_status":"open","sticky":false,"template":"","format":"standard","meta":{"_exactmetrics_skip_tracking":false,"_exactmetrics_sitenote_active":false,"_exactmetrics_sitenote_note":"","_exactmetrics_sitenote_category":0,"_jetpack_memberships_contains_paid_content":false,"footnotes":""},"categories":[5],"tags":[460,471],"class_list":["post-6893","post","type-post","status-publish","format-standard","hentry","category-hirek","tag-kirandulas","tag-parlament"],"yoast_head":"<!-- This site is optimized with the Yoast SEO plugin v26.7 - https:\/\/yoast.com\/wordpress\/plugins\/seo\/ -->\n<title>Kir\u00e1ndul\u00e1s - Szent Gotth\u00e1rd \u00c1ltal\u00e1nos Iskola<\/title>\n<meta name=\"description\" content=\"Kir\u00e1ndul\u00e1s, Parlament\" \/>\n<meta name=\"robots\" content=\"index, follow, max-snippet:-1, max-image-preview:large, max-video-preview:-1\" \/>\n<link rel=\"canonical\" href=\"https:\/\/sztgotthard-altisk.hu\/?p=6893\" \/>\n<meta property=\"og:locale\" content=\"hu_HU\" \/>\n<meta property=\"og:type\" content=\"article\" \/>\n<meta property=\"og:title\" content=\"Kir\u00e1ndul\u00e1s - Szent Gotth\u00e1rd \u00c1ltal\u00e1nos Iskola\" \/>\n<meta property=\"og:description\" content=\"Kir\u00e1ndul\u00e1s, Parlament\" \/>\n<meta property=\"og:url\" content=\"https:\/\/sztgotthard-altisk.hu\/?p=6893\" \/>\n<meta property=\"og:site_name\" content=\"Szent Gotth\u00e1rd \u00c1ltal\u00e1nos Iskola\" \/>\n<meta property=\"article:published_time\" content=\"2022-10-24T08:10:05+00:00\" \/>\n<meta property=\"og:image\" content=\"https:\/\/www.sztgotthard-altisk.hu\/wp-content\/uploads\/2022\/10\/312551833_889365192048895_8068805080976494292_n-224x300.jpg\" \/>\n<meta name=\"author\" content=\"V\u00f6lker-Horv\u00e1th Anita\" \/>\n<meta name=\"twitter:card\" content=\"summary_large_image\" \/>\n<meta name=\"twitter:label1\" content=\"Szerz\u0151:\" \/>\n\t<meta name=\"twitter:data1\" content=\"V\u00f6lker-Horv\u00e1th Anita\" \/>\n\t<meta name=\"twitter:label2\" content=\"Becs\u00fclt olvas\u00e1si id\u0151\" \/>\n\t<meta name=\"twitter:data2\" content=\"1 perc\" \/>\n<script type=\"application\/ld+json\" class=\"yoast-schema-graph\">{\"@context\":\"https:\/\/schema.org\",\"@graph\":[{\"@type\":\"Article\",\"@id\":\"https:\/\/sztgotthard-altisk.hu\/?p=6893#article\",\"isPartOf\":{\"@id\":\"https:\/\/sztgotthard-altisk.hu\/?p=6893\"},\"author\":{\"name\":\"V\u00f6lker-Horv\u00e1th Anita\",\"@id\":\"https:\/\/sztgotthard-altisk.hu\/#\/schema\/person\/81c8789606fdb4ad7bfb6e46cc0047be\"},\"headline\":\"Kir\u00e1ndul\u00e1s\",\"datePublished\":\"2022-10-24T08:10:05+00:00\",\"mainEntityOfPage\":{\"@id\":\"https:\/\/sztgotthard-altisk.hu\/?p=6893\"},\"wordCount\":221,\"commentCount\":0,\"publisher\":{\"@id\":\"https:\/\/sztgotthard-altisk.hu\/#organization\"},\"image\":{\"@id\":\"https:\/\/sztgotthard-altisk.hu\/?p=6893#primaryimage\"},\"thumbnailUrl\":\"https:\/\/www.sztgotthard-altisk.hu\/wp-content\/uploads\/2022\/10\/312551833_889365192048895_8068805080976494292_n-224x300.jpg\",\"keywords\":[\"kir\u00e1ndul\u00e1s\",\"parlament\"],\"articleSection\":[\"H\u00edrek\"],\"inLanguage\":\"hu\"},{\"@type\":\"WebPage\",\"@id\":\"https:\/\/sztgotthard-altisk.hu\/?p=6893\",\"url\":\"https:\/\/sztgotthard-altisk.hu\/?p=6893\",\"name\":\"Kir\u00e1ndul\u00e1s - Szent Gotth\u00e1rd \u00c1ltal\u00e1nos Iskola\",\"isPartOf\":{\"@id\":\"https:\/\/sztgotthard-altisk.hu\/#website\"},\"primaryImageOfPage\":{\"@id\":\"https:\/\/sztgotthard-altisk.hu\/?p=6893#primaryimage\"},\"image\":{\"@id\":\"https:\/\/sztgotthard-altisk.hu\/?p=6893#primaryimage\"},\"thumbnailUrl\":\"https:\/\/www.sztgotthard-altisk.hu\/wp-content\/uploads\/2022\/10\/312551833_889365192048895_8068805080976494292_n-224x300.jpg\",\"datePublished\":\"2022-10-24T08:10:05+00:00\",\"description\":\"Kir\u00e1ndul\u00e1s, Parlament\",\"breadcrumb\":{\"@id\":\"https:\/\/sztgotthard-altisk.hu\/?p=6893#breadcrumb\"},\"inLanguage\":\"hu\",\"potentialAction\":[{\"@type\":\"ReadAction\",\"target\":[\"https:\/\/sztgotthard-altisk.hu\/?p=6893\"]}]},{\"@type\":\"ImageObject\",\"inLanguage\":\"hu\",\"@id\":\"https:\/\/sztgotthard-altisk.hu\/?p=6893#primaryimage\",\"url\":\"https:\/\/www.sztgotthard-altisk.hu\/wp-content\/uploads\/2022\/10\/312551833_889365192048895_8068805080976494292_n-224x300.jpg\",\"contentUrl\":\"https:\/\/www.sztgotthard-altisk.hu\/wp-content\/uploads\/2022\/10\/312551833_889365192048895_8068805080976494292_n-224x300.jpg\"},{\"@type\":\"BreadcrumbList\",\"@id\":\"https:\/\/sztgotthard-altisk.hu\/?p=6893#breadcrumb\",\"itemListElement\":[{\"@type\":\"ListItem\",\"position\":1,\"name\":\"Kezd\u0151lap\",\"item\":\"https:\/\/sztgotthard-altisk.hu\/\"},{\"@type\":\"ListItem\",\"position\":2,\"name\":\"Kir\u00e1ndul\u00e1s\"}]},{\"@type\":\"WebSite\",\"@id\":\"https:\/\/sztgotthard-altisk.hu\/#website\",\"url\":\"https:\/\/sztgotthard-altisk.hu\/\",\"name\":\"Szent Gotth\u00e1rd \u00c1ltal\u00e1nos Iskola\",\"description\":\"Szent Gotth\u00e1rd \u00c1ltal\u00e1nos Iskola\",\"publisher\":{\"@id\":\"https:\/\/sztgotthard-altisk.hu\/#organization\"},\"potentialAction\":[{\"@type\":\"SearchAction\",\"target\":{\"@type\":\"EntryPoint\",\"urlTemplate\":\"https:\/\/sztgotthard-altisk.hu\/?s={search_term_string}\"},\"query-input\":{\"@type\":\"PropertyValueSpecification\",\"valueRequired\":true,\"valueName\":\"search_term_string\"}}],\"inLanguage\":\"hu\"},{\"@type\":\"Organization\",\"@id\":\"https:\/\/sztgotthard-altisk.hu\/#organization\",\"name\":\"Szent Gell\u00e9rt \u00c1ltal\u00e1nos Iskola\",\"url\":\"https:\/\/sztgotthard-altisk.hu\/\",\"logo\":{\"@type\":\"ImageObject\",\"inLanguage\":\"hu\",\"@id\":\"https:\/\/sztgotthard-altisk.hu\/#\/schema\/logo\/image\/\",\"url\":\"https:\/\/i0.wp.com\/www.sztgotthard-altisk.hu\/wp-content\/uploads\/2022\/01\/sztg_altisk_logo.png?fit=161%2C129&ssl=1\",\"contentUrl\":\"https:\/\/i0.wp.com\/www.sztgotthard-altisk.hu\/wp-content\/uploads\/2022\/01\/sztg_altisk_logo.png?fit=161%2C129&ssl=1\",\"width\":161,\"height\":129,\"caption\":\"Szent Gell\u00e9rt \u00c1ltal\u00e1nos Iskola\"},\"image\":{\"@id\":\"https:\/\/sztgotthard-altisk.hu\/#\/schema\/logo\/image\/\"}},{\"@type\":\"Person\",\"@id\":\"https:\/\/sztgotthard-altisk.hu\/#\/schema\/person\/81c8789606fdb4ad7bfb6e46cc0047be\",\"name\":\"V\u00f6lker-Horv\u00e1th Anita\",\"image\":{\"@type\":\"ImageObject\",\"inLanguage\":\"hu\",\"@id\":\"https:\/\/sztgotthard-altisk.hu\/#\/schema\/person\/image\/\",\"url\":\"https:\/\/secure.gravatar.com\/avatar\/1a8d66fc73f8c791cf78a7063191d6b70541d018583a3fa8a3f40a10d64e7e73?s=96&d=mm&r=g\",\"contentUrl\":\"https:\/\/secure.gravatar.com\/avatar\/1a8d66fc73f8c791cf78a7063191d6b70541d018583a3fa8a3f40a10d64e7e73?s=96&d=mm&r=g\",\"caption\":\"V\u00f6lker-Horv\u00e1th Anita\"},\"url\":\"https:\/\/sztgotthard-altisk.hu\/?author=5\"}]}<\/script>\n<!-- \/ Yoast SEO plugin. -->","yoast_head_json":{"title":"Kir\u00e1ndul\u00e1s - Szent Gotth\u00e1rd \u00c1ltal\u00e1nos Iskola","description":"Kir\u00e1ndul\u00e1s, Parlament","robots":{"index":"index","follow":"follow","max-snippet":"max-snippet:-1","max-image-preview":"max-image-preview:large","max-video-preview":"max-video-preview:-1"},"canonical":"https:\/\/sztgotthard-altisk.hu\/?p=6893","og_locale":"hu_HU","og_type":"article","og_title":"Kir\u00e1ndul\u00e1s - Szent Gotth\u00e1rd \u00c1ltal\u00e1nos Iskola","og_description":"Kir\u00e1ndul\u00e1s, Parlament","og_url":"https:\/\/sztgotthard-altisk.hu\/?p=6893","og_site_name":"Szent Gotth\u00e1rd \u00c1ltal\u00e1nos Iskola","article_published_time":"2022-10-24T08:10:05+00:00","og_image":[{"url":"https:\/\/www.sztgotthard-altisk.hu\/wp-content\/uploads\/2022\/10\/312551833_889365192048895_8068805080976494292_n-224x300.jpg","type":"","width":"","height":""}],"author":"V\u00f6lker-Horv\u00e1th Anita","twitter_card":"summary_large_image","twitter_misc":{"Szerz\u0151:":"V\u00f6lker-Horv\u00e1th Anita","Becs\u00fclt olvas\u00e1si id\u0151":"1 perc"},"schema":{"@context":"https:\/\/schema.org","@graph":[{"@type":"Article","@id":"https:\/\/sztgotthard-altisk.hu\/?p=6893#article","isPartOf":{"@id":"https:\/\/sztgotthard-altisk.hu\/?p=6893"},"author":{"name":"V\u00f6lker-Horv\u00e1th Anita","@id":"https:\/\/sztgotthard-altisk.hu\/#\/schema\/person\/81c8789606fdb4ad7bfb6e46cc0047be"},"headline":"Kir\u00e1ndul\u00e1s","datePublished":"2022-10-24T08:10:05+00:00","mainEntityOfPage":{"@id":"https:\/\/sztgotthard-altisk.hu\/?p=6893"},"wordCount":221,"commentCount":0,"publisher":{"@id":"https:\/\/sztgotthard-altisk.hu\/#organization"},"image":{"@id":"https:\/\/sztgotthard-altisk.hu\/?p=6893#primaryimage"},"thumbnailUrl":"https:\/\/www.sztgotthard-altisk.hu\/wp-content\/uploads\/2022\/10\/312551833_889365192048895_8068805080976494292_n-224x300.jpg","keywords":["kir\u00e1ndul\u00e1s","parlament"],"articleSection":["H\u00edrek"],"inLanguage":"hu"},{"@type":"WebPage","@id":"https:\/\/sztgotthard-altisk.hu\/?p=6893","url":"https:\/\/sztgotthard-altisk.hu\/?p=6893","name":"Kir\u00e1ndul\u00e1s - Szent Gotth\u00e1rd \u00c1ltal\u00e1nos Iskola","isPartOf":{"@id":"https:\/\/sztgotthard-altisk.hu\/#website"},"primaryImageOfPage":{"@id":"https:\/\/sztgotthard-altisk.hu\/?p=6893#primaryimage"},"image":{"@id":"https:\/\/sztgotthard-altisk.hu\/?p=6893#primaryimage"},"thumbnailUrl":"https:\/\/www.sztgotthard-altisk.hu\/wp-content\/uploads\/2022\/10\/312551833_889365192048895_8068805080976494292_n-224x300.jpg","datePublished":"2022-10-24T08:10:05+00:00","description":"Kir\u00e1ndul\u00e1s, Parlament","breadcrumb":{"@id":"https:\/\/sztgotthard-altisk.hu\/?p=6893#breadcrumb"},"inLanguage":"hu","potentialAction":[{"@type":"ReadAction","target":["https:\/\/sztgotthard-altisk.hu\/?p=6893"]}]},{"@type":"ImageObject","inLanguage":"hu","@id":"https:\/\/sztgotthard-altisk.hu\/?p=6893#primaryimage","url":"https:\/\/www.sztgotthard-altisk.hu\/wp-content\/uploads\/2022\/10\/312551833_889365192048895_8068805080976494292_n-224x300.jpg","contentUrl":"https:\/\/www.sztgotthard-altisk.hu\/wp-content\/uploads\/2022\/10\/312551833_889365192048895_8068805080976494292_n-224x300.jpg"},{"@type":"BreadcrumbList","@id":"https:\/\/sztgotthard-altisk.hu\/?p=6893#breadcrumb","itemListElement":[{"@type":"ListItem","position":1,"name":"Kezd\u0151lap","item":"https:\/\/sztgotthard-altisk.hu\/"},{"@type":"ListItem","position":2,"name":"Kir\u00e1ndul\u00e1s"}]},{"@type":"WebSite","@id":"https:\/\/sztgotthard-altisk.hu\/#website","url":"https:\/\/sztgotthard-altisk.hu\/","name":"Szent Gotth\u00e1rd \u00c1ltal\u00e1nos Iskola","description":"Szent Gotth\u00e1rd \u00c1ltal\u00e1nos Iskola","publisher":{"@id":"https:\/\/sztgotthard-altisk.hu\/#organization"},"potentialAction":[{"@type":"SearchAction","target":{"@type":"EntryPoint","urlTemplate":"https:\/\/sztgotthard-altisk.hu\/?s={search_term_string}"},"query-input":{"@type":"PropertyValueSpecification","valueRequired":true,"valueName":"search_term_string"}}],"inLanguage":"hu"},{"@type":"Organization","@id":"https:\/\/sztgotthard-altisk.hu\/#organization","name":"Szent Gell\u00e9rt \u00c1ltal\u00e1nos Iskola","url":"https:\/\/sztgotthard-altisk.hu\/","logo":{"@type":"ImageObject","inLanguage":"hu","@id":"https:\/\/sztgotthard-altisk.hu\/#\/schema\/logo\/image\/","url":"https:\/\/i0.wp.com\/www.sztgotthard-altisk.hu\/wp-content\/uploads\/2022\/01\/sztg_altisk_logo.png?fit=161%2C129&ssl=1","contentUrl":"https:\/\/i0.wp.com\/www.sztgotthard-altisk.hu\/wp-content\/uploads\/2022\/01\/sztg_altisk_logo.png?fit=161%2C129&ssl=1","width":161,"height":129,"caption":"Szent Gell\u00e9rt \u00c1ltal\u00e1nos Iskola"},"image":{"@id":"https:\/\/sztgotthard-altisk.hu\/#\/schema\/logo\/image\/"}},{"@type":"Person","@id":"https:\/\/sztgotthard-altisk.hu\/#\/schema\/person\/81c8789606fdb4ad7bfb6e46cc0047be","name":"V\u00f6lker-Horv\u00e1th Anita","image":{"@type":"ImageObject","inLanguage":"hu","@id":"https:\/\/sztgotthard-altisk.hu\/#\/schema\/person\/image\/","url":"https:\/\/secure.gravatar.com\/avatar\/1a8d66fc73f8c791cf78a7063191d6b70541d018583a3fa8a3f40a10d64e7e73?s=96&d=mm&r=g","contentUrl":"https:\/\/secure.gravatar.com\/avatar\/1a8d66fc73f8c791cf78a7063191d6b70541d018583a3fa8a3f40a10d64e7e73?s=96&d=mm&r=g","caption":"V\u00f6lker-Horv\u00e1th Anita"},"url":"https:\/\/sztgotthard-altisk.hu\/?author=5"}]}},"jetpack_featured_media_url":"","jetpack_shortlink":"https:\/\/wp.me\/p9tyQr-1Nb","jetpack_sharing_enabled":true,"_links":{"self":[{"href":"https:\/\/sztgotthard-altisk.hu\/index.php?rest_route=\/wp\/v2\/posts\/6893","targetHints":{"allow":["GET"]}}],"collection":[{"href":"https:\/\/sztgotthard-altisk.hu\/index.php?rest_route=\/wp\/v2\/posts"}],"about":[{"href":"https:\/\/sztgotthard-altisk.hu\/index.php?rest_route=\/wp\/v2\/types\/post"}],"author":[{"embeddable":true,"href":"https:\/\/sztgotthard-altisk.hu\/index.php?rest_route=\/wp\/v2\/users\/5"}],"replies":[{"embeddable":true,"href":"https:\/\/sztgotthard-altisk.hu\/index.php?rest_route=%2Fwp%2Fv2%2Fcomments&post=6893"}],"version-history":[{"count":1,"href":"https:\/\/sztgotthard-altisk.hu\/index.php?rest_route=\/wp\/v2\/posts\/6893\/revisions"}],"predecessor-version":[{"id":6902,"href":"https:\/\/sztgotthard-altisk.hu\/index.php?rest_route=\/wp\/v2\/posts\/6893\/revisions\/6902"}],"wp:attachment":[{"href":"https:\/\/sztgotthard-altisk.hu\/index.php?rest_route=%2Fwp%2Fv2%2Fmedia&parent=6893"}],"wp:term":[{"taxonomy":"category","embeddable":true,"href":"https:\/\/sztgotthard-altisk.hu\/index.php?rest_route=%2Fwp%2Fv2%2Fcategories&post=6893"},{"taxonomy":"post_tag","embeddable":true,"href":"https:\/\/sztgotthard-altisk.hu\/index.php?rest_route=%2Fwp%2Fv2%2Ftags&post=6893"}],"curies":[{"name":"wp","href":"https:\/\/api.w.org\/{rel}","templated":true}]}}