{"id":6820,"date":"2022-10-06T14:00:05","date_gmt":"2022-10-06T13:00:05","guid":{"rendered":"https:\/\/www.sztgotthard-altisk.hu\/?p=6820"},"modified":"2022-10-06T14:12:19","modified_gmt":"2022-10-06T13:12:19","slug":"6820","status":"publish","type":"post","link":"https:\/\/sztgotthard-altisk.hu\/?p=6820","title":{"rendered":""},"content":{"rendered":"<p style=\"text-align: justify;\"><strong>1849. okt\u00f3ber 6-\u00e1n v\u00e9gezt\u00e9k ki Aradon az 1848-49. \u00e9vi szabads\u00e1gharc 13 honv\u00e9dtisztj\u00e9t, Pesten pedig ugyanezen a napon hajtott\u00e1k v\u00e9gre a gr\u00f3f Batthy\u00e1ny Lajos egykori minisztereln\u00f6kre kiszabott hal\u00e1los \u00edt\u00e9letet. A b\u00e9csi forradalom \u00e9vfordul\u00f3j\u00e1ra id\u0151z\u00edtett kiv\u00e9gz\u00e9ssorozat a levert szabads\u00e1gharc ut\u00e1ni megtorl\u00e1sok tet\u0151pontja volt, amir\u0151l a magyars\u00e1g \u00e9vr\u0151l \u00e9vre nemzeti gy\u00e1sznap keret\u00e9ben eml\u00e9kezik meg.<\/strong><\/p>\n<p><a href=\"https:\/\/i0.wp.com\/www.sztgotthard-altisk.hu\/wp-content\/uploads\/2022\/10\/IMG_0439-scaled.jpg?ssl=1\"><img data-recalc-dims=\"1\" fetchpriority=\"high\" decoding=\"async\" class=\"alignnone size-medium wp-image-6822\" src=\"https:\/\/i0.wp.com\/www.sztgotthard-altisk.hu\/wp-content\/uploads\/2022\/10\/IMG_0439-300x200.jpg?resize=300%2C200&#038;ssl=1\" alt=\"\" width=\"300\" height=\"200\" srcset=\"https:\/\/i0.wp.com\/sztgotthard-altisk.hu\/wp-content\/uploads\/2022\/10\/IMG_0439-scaled.jpg?resize=300%2C200&amp;ssl=1 300w, https:\/\/i0.wp.com\/sztgotthard-altisk.hu\/wp-content\/uploads\/2022\/10\/IMG_0439-scaled.jpg?resize=1024%2C683&amp;ssl=1 1024w, https:\/\/i0.wp.com\/sztgotthard-altisk.hu\/wp-content\/uploads\/2022\/10\/IMG_0439-scaled.jpg?resize=768%2C512&amp;ssl=1 768w, https:\/\/i0.wp.com\/sztgotthard-altisk.hu\/wp-content\/uploads\/2022\/10\/IMG_0439-scaled.jpg?resize=1536%2C1024&amp;ssl=1 1536w, https:\/\/i0.wp.com\/sztgotthard-altisk.hu\/wp-content\/uploads\/2022\/10\/IMG_0439-scaled.jpg?resize=2048%2C1365&amp;ssl=1 2048w, https:\/\/i0.wp.com\/sztgotthard-altisk.hu\/wp-content\/uploads\/2022\/10\/IMG_0439-scaled.jpg?w=2280&amp;ssl=1 2280w\" sizes=\"(max-width: 300px) 100vw, 300px\" \/><\/a><\/p>\n<p style=\"text-align: justify;\">Haynau rendelkez\u00e9se nyom\u00e1n \u2013 hajnali f\u00e9l hatkor \u2013 a n\u00e9gy goly\u00f3 \u00e1ltali hal\u00e1lra \u00edt\u00e9lt tisztet \u2013 sorrendben <em>L\u00e1z\u00e1r Vilmost, Dessewffy<\/em> <em>Arisztidet, Kiss Ern\u0151t<\/em> \u00e9s <em>Schweidel J\u00f3zsefet<\/em> \u2013 v\u00e9gezt\u00e9k ki el\u0151sz\u00f6r, ut\u00e1nuk k\u00f6vetkeztek a k\u00f6t\u00e9lre sz\u00e1nt t\u00e1bornokok. A sort hat \u00f3rakor <em>Poeltenberg Ern\u0151<\/em> nyitotta meg, \u0151t pedig <em>T\u00f6r\u00f6k Ign\u00e1c, L\u00e1hner Gy\u00f6rgy, Knezi\u00e6 K\u00e1roly, Nagys\u00e1ndor J\u00f3zsef, Leiningen-Westerburg K\u00e1roly<\/em> <em>gr\u00f3f, Aulich Lajos<\/em>, majd <em>Damjanich J\u00e1nos<\/em> k\u00f6vette. A legsz\u00f6rny\u0171bb b\u00fcntet\u00e9s \u00edgy V\u00e9csey K\u00e1roly gr\u00f3fnak jutott oszt\u00e1lyr\u00e9sz\u00fcl, neki ugyanis v\u00e9gig kellett n\u00e9znie t\u00e1rsai hal\u00e1l\u00e1t; miut\u00e1n \u0151 m\u00e1r senkit\u0151l nem tudott elb\u00facs\u00fazni, kiv\u00e9gz\u00e9se el\u0151tt jobb h\u00edj\u00e1n Damjanichnak cs\u00f3kolt kezet.<\/p>\n<p style=\"text-align: justify;\">A magyar korm\u00e1ny 2001. november 24-\u00e9n nemzeti gy\u00e1sznapp\u00e1 nyilv\u00e1n\u00edtotta okt\u00f3ber 6-\u00e1t. Ezen a napon az \u00e1llami lobog\u00f3t f\u00e9l\u00e1rbocra eresztik, a k\u00f6z\u00e9p\u00fcletekre kit\u0171zik a gy\u00e1szlobog\u00f3t, az iskol\u00e1kban megeml\u00e9kez\u00e9st tartanak.<\/p>\n<p style=\"text-align: justify;\">Ezen a napon iskol\u00e1nkban is megeml\u00e9kezt\u00fcnk a h\u0151s\u00f6kre, akik \u00e9let\u00fcket adt\u00e1k a haz\u00e1\u00e9rt, a f\u00fcggetlens\u00e9g\u00e9rt v\u00edvott harc\u00e9rt \u00e9s a j\u00f6v\u0151 nemzed\u00e9kei\u00e9rt. Az \u00fcnnepi m\u0171sorban a 6. \u00e9vfolyamos tanul\u00f3ink szerepeltek, akiket oszt\u00e1lyf\u0151n\u00f6keik Gomb\u00e1sn\u00e9 B\u00e1nfi Andrea \u00e9s Offnern\u00e9 Hadrik T\u00edmea k\u00e9sz\u00edtettek fel.<\/p>\n<p><a href=\"https:\/\/i0.wp.com\/www.sztgotthard-altisk.hu\/wp-content\/uploads\/2022\/10\/IMG_0396-scaled.jpg?ssl=1\"><img data-recalc-dims=\"1\" decoding=\"async\" class=\"alignnone size-medium wp-image-6824\" src=\"https:\/\/i0.wp.com\/www.sztgotthard-altisk.hu\/wp-content\/uploads\/2022\/10\/IMG_0396-300x200.jpg?resize=300%2C200&#038;ssl=1\" alt=\"\" width=\"300\" height=\"200\" srcset=\"https:\/\/i0.wp.com\/sztgotthard-altisk.hu\/wp-content\/uploads\/2022\/10\/IMG_0396-scaled.jpg?resize=300%2C200&amp;ssl=1 300w, https:\/\/i0.wp.com\/sztgotthard-altisk.hu\/wp-content\/uploads\/2022\/10\/IMG_0396-scaled.jpg?resize=1024%2C683&amp;ssl=1 1024w, https:\/\/i0.wp.com\/sztgotthard-altisk.hu\/wp-content\/uploads\/2022\/10\/IMG_0396-scaled.jpg?resize=768%2C512&amp;ssl=1 768w, https:\/\/i0.wp.com\/sztgotthard-altisk.hu\/wp-content\/uploads\/2022\/10\/IMG_0396-scaled.jpg?resize=1536%2C1024&amp;ssl=1 1536w, https:\/\/i0.wp.com\/sztgotthard-altisk.hu\/wp-content\/uploads\/2022\/10\/IMG_0396-scaled.jpg?resize=2048%2C1365&amp;ssl=1 2048w, https:\/\/i0.wp.com\/sztgotthard-altisk.hu\/wp-content\/uploads\/2022\/10\/IMG_0396-scaled.jpg?w=2280&amp;ssl=1 2280w\" sizes=\"(max-width: 300px) 100vw, 300px\" \/><\/a><\/p>\n<p><a href=\"https:\/\/i0.wp.com\/www.sztgotthard-altisk.hu\/wp-content\/uploads\/2022\/10\/310173972_592372112630571_1463760885529930619_n.jpg?ssl=1\"><img data-recalc-dims=\"1\" decoding=\"async\" class=\"alignnone size-medium wp-image-6837\" src=\"https:\/\/i0.wp.com\/www.sztgotthard-altisk.hu\/wp-content\/uploads\/2022\/10\/310173972_592372112630571_1463760885529930619_n-300x225.jpg?resize=300%2C225&#038;ssl=1\" alt=\"\" width=\"300\" height=\"225\" srcset=\"https:\/\/i0.wp.com\/sztgotthard-altisk.hu\/wp-content\/uploads\/2022\/10\/310173972_592372112630571_1463760885529930619_n.jpg?resize=300%2C225&amp;ssl=1 300w, https:\/\/i0.wp.com\/sztgotthard-altisk.hu\/wp-content\/uploads\/2022\/10\/310173972_592372112630571_1463760885529930619_n.jpg?resize=1024%2C768&amp;ssl=1 1024w, https:\/\/i0.wp.com\/sztgotthard-altisk.hu\/wp-content\/uploads\/2022\/10\/310173972_592372112630571_1463760885529930619_n.jpg?resize=768%2C576&amp;ssl=1 768w, https:\/\/i0.wp.com\/sztgotthard-altisk.hu\/wp-content\/uploads\/2022\/10\/310173972_592372112630571_1463760885529930619_n.jpg?resize=1536%2C1152&amp;ssl=1 1536w, https:\/\/i0.wp.com\/sztgotthard-altisk.hu\/wp-content\/uploads\/2022\/10\/310173972_592372112630571_1463760885529930619_n.jpg?w=2048&amp;ssl=1 2048w\" sizes=\"(max-width: 300px) 100vw, 300px\" \/><\/a><\/p>\n<p><a href=\"https:\/\/i0.wp.com\/www.sztgotthard-altisk.hu\/wp-content\/uploads\/2022\/10\/IMG_0423-scaled.jpg?ssl=1\"><img data-recalc-dims=\"1\" loading=\"lazy\" decoding=\"async\" class=\"alignnone size-medium wp-image-6827\" src=\"https:\/\/i0.wp.com\/www.sztgotthard-altisk.hu\/wp-content\/uploads\/2022\/10\/IMG_0423-300x200.jpg?resize=300%2C200&#038;ssl=1\" alt=\"\" width=\"300\" height=\"200\" srcset=\"https:\/\/i0.wp.com\/sztgotthard-altisk.hu\/wp-content\/uploads\/2022\/10\/IMG_0423-scaled.jpg?resize=300%2C200&amp;ssl=1 300w, https:\/\/i0.wp.com\/sztgotthard-altisk.hu\/wp-content\/uploads\/2022\/10\/IMG_0423-scaled.jpg?resize=1024%2C683&amp;ssl=1 1024w, https:\/\/i0.wp.com\/sztgotthard-altisk.hu\/wp-content\/uploads\/2022\/10\/IMG_0423-scaled.jpg?resize=768%2C512&amp;ssl=1 768w, https:\/\/i0.wp.com\/sztgotthard-altisk.hu\/wp-content\/uploads\/2022\/10\/IMG_0423-scaled.jpg?resize=1536%2C1024&amp;ssl=1 1536w, https:\/\/i0.wp.com\/sztgotthard-altisk.hu\/wp-content\/uploads\/2022\/10\/IMG_0423-scaled.jpg?resize=2048%2C1365&amp;ssl=1 2048w, https:\/\/i0.wp.com\/sztgotthard-altisk.hu\/wp-content\/uploads\/2022\/10\/IMG_0423-scaled.jpg?w=2280&amp;ssl=1 2280w\" sizes=\"(max-width: 300px) 100vw, 300px\" \/><\/a><\/p>\n<p><a href=\"https:\/\/i0.wp.com\/www.sztgotthard-altisk.hu\/wp-content\/uploads\/2022\/10\/IMG_0425-scaled.jpg?ssl=1\"><img data-recalc-dims=\"1\" loading=\"lazy\" decoding=\"async\" class=\"alignnone size-medium wp-image-6828\" src=\"https:\/\/i0.wp.com\/www.sztgotthard-altisk.hu\/wp-content\/uploads\/2022\/10\/IMG_0425-300x200.jpg?resize=300%2C200&#038;ssl=1\" alt=\"\" width=\"300\" height=\"200\" srcset=\"https:\/\/i0.wp.com\/sztgotthard-altisk.hu\/wp-content\/uploads\/2022\/10\/IMG_0425-scaled.jpg?resize=300%2C200&amp;ssl=1 300w, https:\/\/i0.wp.com\/sztgotthard-altisk.hu\/wp-content\/uploads\/2022\/10\/IMG_0425-scaled.jpg?resize=1024%2C683&amp;ssl=1 1024w, https:\/\/i0.wp.com\/sztgotthard-altisk.hu\/wp-content\/uploads\/2022\/10\/IMG_0425-scaled.jpg?resize=768%2C512&amp;ssl=1 768w, https:\/\/i0.wp.com\/sztgotthard-altisk.hu\/wp-content\/uploads\/2022\/10\/IMG_0425-scaled.jpg?resize=1536%2C1024&amp;ssl=1 1536w, https:\/\/i0.wp.com\/sztgotthard-altisk.hu\/wp-content\/uploads\/2022\/10\/IMG_0425-scaled.jpg?resize=2048%2C1365&amp;ssl=1 2048w, https:\/\/i0.wp.com\/sztgotthard-altisk.hu\/wp-content\/uploads\/2022\/10\/IMG_0425-scaled.jpg?w=2280&amp;ssl=1 2280w\" sizes=\"(max-width: 300px) 100vw, 300px\" \/><\/a><\/p>\n<p><a href=\"https:\/\/i0.wp.com\/www.sztgotthard-altisk.hu\/wp-content\/uploads\/2022\/10\/IMG_0434-scaled.jpg?ssl=1\"><img data-recalc-dims=\"1\" loading=\"lazy\" decoding=\"async\" class=\"alignnone size-medium wp-image-6834\" src=\"https:\/\/i0.wp.com\/www.sztgotthard-altisk.hu\/wp-content\/uploads\/2022\/10\/IMG_0434-300x200.jpg?resize=300%2C200&#038;ssl=1\" alt=\"\" width=\"300\" height=\"200\" srcset=\"https:\/\/i0.wp.com\/sztgotthard-altisk.hu\/wp-content\/uploads\/2022\/10\/IMG_0434-scaled.jpg?resize=300%2C200&amp;ssl=1 300w, https:\/\/i0.wp.com\/sztgotthard-altisk.hu\/wp-content\/uploads\/2022\/10\/IMG_0434-scaled.jpg?resize=1024%2C683&amp;ssl=1 1024w, https:\/\/i0.wp.com\/sztgotthard-altisk.hu\/wp-content\/uploads\/2022\/10\/IMG_0434-scaled.jpg?resize=768%2C512&amp;ssl=1 768w, https:\/\/i0.wp.com\/sztgotthard-altisk.hu\/wp-content\/uploads\/2022\/10\/IMG_0434-scaled.jpg?resize=1536%2C1024&amp;ssl=1 1536w, https:\/\/i0.wp.com\/sztgotthard-altisk.hu\/wp-content\/uploads\/2022\/10\/IMG_0434-scaled.jpg?resize=2048%2C1365&amp;ssl=1 2048w, https:\/\/i0.wp.com\/sztgotthard-altisk.hu\/wp-content\/uploads\/2022\/10\/IMG_0434-scaled.jpg?w=2280&amp;ssl=1 2280w\" sizes=\"(max-width: 300px) 100vw, 300px\" \/><\/a><\/p>\n<p><a href=\"https:\/\/i0.wp.com\/www.sztgotthard-altisk.hu\/wp-content\/uploads\/2022\/10\/IMG_0398-scaled.jpg?ssl=1\"><img data-recalc-dims=\"1\" loading=\"lazy\" decoding=\"async\" class=\"alignnone size-medium wp-image-6835\" src=\"https:\/\/i0.wp.com\/www.sztgotthard-altisk.hu\/wp-content\/uploads\/2022\/10\/IMG_0398-300x200.jpg?resize=300%2C200&#038;ssl=1\" alt=\"\" width=\"300\" height=\"200\" srcset=\"https:\/\/i0.wp.com\/sztgotthard-altisk.hu\/wp-content\/uploads\/2022\/10\/IMG_0398-scaled.jpg?resize=300%2C200&amp;ssl=1 300w, https:\/\/i0.wp.com\/sztgotthard-altisk.hu\/wp-content\/uploads\/2022\/10\/IMG_0398-scaled.jpg?resize=1024%2C683&amp;ssl=1 1024w, https:\/\/i0.wp.com\/sztgotthard-altisk.hu\/wp-content\/uploads\/2022\/10\/IMG_0398-scaled.jpg?resize=768%2C512&amp;ssl=1 768w, https:\/\/i0.wp.com\/sztgotthard-altisk.hu\/wp-content\/uploads\/2022\/10\/IMG_0398-scaled.jpg?resize=1536%2C1024&amp;ssl=1 1536w, https:\/\/i0.wp.com\/sztgotthard-altisk.hu\/wp-content\/uploads\/2022\/10\/IMG_0398-scaled.jpg?resize=2048%2C1365&amp;ssl=1 2048w, https:\/\/i0.wp.com\/sztgotthard-altisk.hu\/wp-content\/uploads\/2022\/10\/IMG_0398-scaled.jpg?w=2280&amp;ssl=1 2280w\" sizes=\"(max-width: 300px) 100vw, 300px\" \/><\/a><\/p>\n<p><a href=\"https:\/\/i0.wp.com\/www.sztgotthard-altisk.hu\/wp-content\/uploads\/2022\/10\/IMG_0441-scaled.jpg?ssl=1\"><img data-recalc-dims=\"1\" loading=\"lazy\" decoding=\"async\" class=\"alignnone size-medium wp-image-6830\" src=\"https:\/\/i0.wp.com\/www.sztgotthard-altisk.hu\/wp-content\/uploads\/2022\/10\/IMG_0441-300x200.jpg?resize=300%2C200&#038;ssl=1\" alt=\"\" width=\"300\" height=\"200\" srcset=\"https:\/\/i0.wp.com\/sztgotthard-altisk.hu\/wp-content\/uploads\/2022\/10\/IMG_0441-scaled.jpg?resize=300%2C200&amp;ssl=1 300w, https:\/\/i0.wp.com\/sztgotthard-altisk.hu\/wp-content\/uploads\/2022\/10\/IMG_0441-scaled.jpg?resize=1024%2C683&amp;ssl=1 1024w, https:\/\/i0.wp.com\/sztgotthard-altisk.hu\/wp-content\/uploads\/2022\/10\/IMG_0441-scaled.jpg?resize=768%2C512&amp;ssl=1 768w, https:\/\/i0.wp.com\/sztgotthard-altisk.hu\/wp-content\/uploads\/2022\/10\/IMG_0441-scaled.jpg?resize=1536%2C1024&amp;ssl=1 1536w, https:\/\/i0.wp.com\/sztgotthard-altisk.hu\/wp-content\/uploads\/2022\/10\/IMG_0441-scaled.jpg?resize=2048%2C1365&amp;ssl=1 2048w, https:\/\/i0.wp.com\/sztgotthard-altisk.hu\/wp-content\/uploads\/2022\/10\/IMG_0441-scaled.jpg?w=2280&amp;ssl=1 2280w\" sizes=\"(max-width: 300px) 100vw, 300px\" \/><\/a><\/p>\n<p>&nbsp;<\/p>\n","protected":false},"excerpt":{"rendered":"<p>1849. okt\u00f3ber 6-\u00e1n v\u00e9gezt\u00e9k ki Aradon az 1848-49. \u00e9vi szabads\u00e1gharc 13 honv\u00e9dtisztj\u00e9t, Pesten pedig ugyanezen a napon hajtott\u00e1k v\u00e9gre a gr\u00f3f Batthy\u00e1ny Lajos egykori minisztereln\u00f6kre kiszabott hal\u00e1los \u00edt\u00e9letet. A b\u00e9csi forradalom \u00e9vfordul\u00f3j\u00e1ra id\u0151z\u00edtett kiv\u00e9gz\u00e9ssorozat a levert szabads\u00e1gharc ut\u00e1ni megtorl\u00e1sok tet\u0151pontja volt, amir\u0151l a magyars\u00e1g \u00e9vr\u0151l \u00e9vre nemzeti gy\u00e1sznap keret\u00e9ben eml\u00e9kezik meg. Haynau rendelkez\u00e9se nyom\u00e1n \u2013 [&hellip;]<\/p>\n","protected":false},"author":5,"featured_media":6821,"comment_status":"open","ping_status":"open","sticky":false,"template":"","format":"standard","meta":{"_exactmetrics_skip_tracking":false,"_exactmetrics_sitenote_active":false,"_exactmetrics_sitenote_note":"","_exactmetrics_sitenote_category":0,"_jetpack_memberships_contains_paid_content":false,"footnotes":""},"categories":[5],"tags":[465],"class_list":["post-6820","post","type-post","status-publish","format-standard","has-post-thumbnail","hentry","category-hirek","tag-aradi-vertanuk"],"yoast_head":"<!-- This site is optimized with the Yoast SEO plugin v26.7 - https:\/\/yoast.com\/wordpress\/plugins\/seo\/ -->\n<title>- Szent Gotth\u00e1rd \u00c1ltal\u00e1nos Iskola<\/title>\n<meta name=\"description\" content=\"aradi v\u00e9rtan\u00fak eml\u00e9knapja\" \/>\n<meta name=\"robots\" content=\"index, follow, max-snippet:-1, max-image-preview:large, max-video-preview:-1\" \/>\n<link rel=\"canonical\" href=\"https:\/\/sztgotthard-altisk.hu\/?p=6820\" \/>\n<meta property=\"og:locale\" content=\"hu_HU\" \/>\n<meta property=\"og:type\" content=\"article\" \/>\n<meta property=\"og:title\" content=\"- Szent Gotth\u00e1rd \u00c1ltal\u00e1nos Iskola\" \/>\n<meta property=\"og:description\" content=\"aradi v\u00e9rtan\u00fak eml\u00e9knapja\" \/>\n<meta property=\"og:url\" content=\"https:\/\/sztgotthard-altisk.hu\/?p=6820\" \/>\n<meta property=\"og:site_name\" content=\"Szent Gotth\u00e1rd \u00c1ltal\u00e1nos Iskola\" \/>\n<meta property=\"article:published_time\" content=\"2022-10-06T13:00:05+00:00\" \/>\n<meta property=\"article:modified_time\" content=\"2022-10-06T13:12:19+00:00\" \/>\n<meta property=\"og:image\" content=\"https:\/\/i0.wp.com\/sztgotthard-altisk.hu\/wp-content\/uploads\/2022\/10\/aradi-1.jpg?fit=1890%2C1063&ssl=1\" \/>\n\t<meta property=\"og:image:width\" content=\"1890\" \/>\n\t<meta property=\"og:image:height\" content=\"1063\" \/>\n\t<meta property=\"og:image:type\" content=\"image\/jpeg\" \/>\n<meta name=\"author\" content=\"V\u00f6lker-Horv\u00e1th Anita\" \/>\n<meta name=\"twitter:card\" content=\"summary_large_image\" \/>\n<meta name=\"twitter:label1\" content=\"Szerz\u0151:\" \/>\n\t<meta name=\"twitter:data1\" content=\"V\u00f6lker-Horv\u00e1th Anita\" \/>\n\t<meta name=\"twitter:label2\" content=\"Becs\u00fclt olvas\u00e1si id\u0151\" \/>\n\t<meta name=\"twitter:data2\" content=\"2 perc\" \/>\n<script type=\"application\/ld+json\" class=\"yoast-schema-graph\">{\"@context\":\"https:\/\/schema.org\",\"@graph\":[{\"@type\":\"Article\",\"@id\":\"https:\/\/sztgotthard-altisk.hu\/?p=6820#article\",\"isPartOf\":{\"@id\":\"https:\/\/sztgotthard-altisk.hu\/?p=6820\"},\"author\":{\"name\":\"V\u00f6lker-Horv\u00e1th Anita\",\"@id\":\"https:\/\/sztgotthard-altisk.hu\/#\/schema\/person\/81c8789606fdb4ad7bfb6e46cc0047be\"},\"headline\":\"Nincs c\u00edm\",\"datePublished\":\"2022-10-06T13:00:05+00:00\",\"dateModified\":\"2022-10-06T13:12:19+00:00\",\"mainEntityOfPage\":{\"@id\":\"https:\/\/sztgotthard-altisk.hu\/?p=6820\"},\"wordCount\":338,\"commentCount\":0,\"publisher\":{\"@id\":\"https:\/\/sztgotthard-altisk.hu\/#organization\"},\"image\":{\"@id\":\"https:\/\/sztgotthard-altisk.hu\/?p=6820#primaryimage\"},\"thumbnailUrl\":\"https:\/\/i0.wp.com\/sztgotthard-altisk.hu\/wp-content\/uploads\/2022\/10\/aradi-1.jpg?fit=1890%2C1063&ssl=1\",\"keywords\":[\"aradi v\u00e9rtan\u00fak\"],\"articleSection\":[\"H\u00edrek\"],\"inLanguage\":\"hu\"},{\"@type\":\"WebPage\",\"@id\":\"https:\/\/sztgotthard-altisk.hu\/?p=6820\",\"url\":\"https:\/\/sztgotthard-altisk.hu\/?p=6820\",\"name\":\"- Szent Gotth\u00e1rd \u00c1ltal\u00e1nos Iskola\",\"isPartOf\":{\"@id\":\"https:\/\/sztgotthard-altisk.hu\/#website\"},\"primaryImageOfPage\":{\"@id\":\"https:\/\/sztgotthard-altisk.hu\/?p=6820#primaryimage\"},\"image\":{\"@id\":\"https:\/\/sztgotthard-altisk.hu\/?p=6820#primaryimage\"},\"thumbnailUrl\":\"https:\/\/i0.wp.com\/sztgotthard-altisk.hu\/wp-content\/uploads\/2022\/10\/aradi-1.jpg?fit=1890%2C1063&ssl=1\",\"datePublished\":\"2022-10-06T13:00:05+00:00\",\"dateModified\":\"2022-10-06T13:12:19+00:00\",\"description\":\"aradi v\u00e9rtan\u00fak eml\u00e9knapja\",\"inLanguage\":\"hu\",\"potentialAction\":[{\"@type\":\"ReadAction\",\"target\":[\"https:\/\/sztgotthard-altisk.hu\/?p=6820\"]}]},{\"@type\":\"ImageObject\",\"inLanguage\":\"hu\",\"@id\":\"https:\/\/sztgotthard-altisk.hu\/?p=6820#primaryimage\",\"url\":\"https:\/\/i0.wp.com\/sztgotthard-altisk.hu\/wp-content\/uploads\/2022\/10\/aradi-1.jpg?fit=1890%2C1063&ssl=1\",\"contentUrl\":\"https:\/\/i0.wp.com\/sztgotthard-altisk.hu\/wp-content\/uploads\/2022\/10\/aradi-1.jpg?fit=1890%2C1063&ssl=1\",\"width\":1890,\"height\":1063},{\"@type\":\"WebSite\",\"@id\":\"https:\/\/sztgotthard-altisk.hu\/#website\",\"url\":\"https:\/\/sztgotthard-altisk.hu\/\",\"name\":\"Szent Gotth\u00e1rd \u00c1ltal\u00e1nos Iskola\",\"description\":\"Szent Gotth\u00e1rd \u00c1ltal\u00e1nos Iskola\",\"publisher\":{\"@id\":\"https:\/\/sztgotthard-altisk.hu\/#organization\"},\"potentialAction\":[{\"@type\":\"SearchAction\",\"target\":{\"@type\":\"EntryPoint\",\"urlTemplate\":\"https:\/\/sztgotthard-altisk.hu\/?s={search_term_string}\"},\"query-input\":{\"@type\":\"PropertyValueSpecification\",\"valueRequired\":true,\"valueName\":\"search_term_string\"}}],\"inLanguage\":\"hu\"},{\"@type\":\"Organization\",\"@id\":\"https:\/\/sztgotthard-altisk.hu\/#organization\",\"name\":\"Szent Gell\u00e9rt \u00c1ltal\u00e1nos Iskola\",\"url\":\"https:\/\/sztgotthard-altisk.hu\/\",\"logo\":{\"@type\":\"ImageObject\",\"inLanguage\":\"hu\",\"@id\":\"https:\/\/sztgotthard-altisk.hu\/#\/schema\/logo\/image\/\",\"url\":\"https:\/\/i0.wp.com\/www.sztgotthard-altisk.hu\/wp-content\/uploads\/2022\/01\/sztg_altisk_logo.png?fit=161%2C129&ssl=1\",\"contentUrl\":\"https:\/\/i0.wp.com\/www.sztgotthard-altisk.hu\/wp-content\/uploads\/2022\/01\/sztg_altisk_logo.png?fit=161%2C129&ssl=1\",\"width\":161,\"height\":129,\"caption\":\"Szent Gell\u00e9rt \u00c1ltal\u00e1nos Iskola\"},\"image\":{\"@id\":\"https:\/\/sztgotthard-altisk.hu\/#\/schema\/logo\/image\/\"}},{\"@type\":\"Person\",\"@id\":\"https:\/\/sztgotthard-altisk.hu\/#\/schema\/person\/81c8789606fdb4ad7bfb6e46cc0047be\",\"name\":\"V\u00f6lker-Horv\u00e1th Anita\",\"image\":{\"@type\":\"ImageObject\",\"inLanguage\":\"hu\",\"@id\":\"https:\/\/sztgotthard-altisk.hu\/#\/schema\/person\/image\/\",\"url\":\"https:\/\/secure.gravatar.com\/avatar\/1a8d66fc73f8c791cf78a7063191d6b70541d018583a3fa8a3f40a10d64e7e73?s=96&d=mm&r=g\",\"contentUrl\":\"https:\/\/secure.gravatar.com\/avatar\/1a8d66fc73f8c791cf78a7063191d6b70541d018583a3fa8a3f40a10d64e7e73?s=96&d=mm&r=g\",\"caption\":\"V\u00f6lker-Horv\u00e1th Anita\"},\"url\":\"https:\/\/sztgotthard-altisk.hu\/?author=5\"}]}<\/script>\n<!-- \/ Yoast SEO plugin. -->","yoast_head_json":{"title":"- Szent Gotth\u00e1rd \u00c1ltal\u00e1nos Iskola","description":"aradi v\u00e9rtan\u00fak eml\u00e9knapja","robots":{"index":"index","follow":"follow","max-snippet":"max-snippet:-1","max-image-preview":"max-image-preview:large","max-video-preview":"max-video-preview:-1"},"canonical":"https:\/\/sztgotthard-altisk.hu\/?p=6820","og_locale":"hu_HU","og_type":"article","og_title":"- Szent Gotth\u00e1rd \u00c1ltal\u00e1nos Iskola","og_description":"aradi v\u00e9rtan\u00fak eml\u00e9knapja","og_url":"https:\/\/sztgotthard-altisk.hu\/?p=6820","og_site_name":"Szent Gotth\u00e1rd \u00c1ltal\u00e1nos Iskola","article_published_time":"2022-10-06T13:00:05+00:00","article_modified_time":"2022-10-06T13:12:19+00:00","og_image":[{"width":1890,"height":1063,"url":"https:\/\/i0.wp.com\/sztgotthard-altisk.hu\/wp-content\/uploads\/2022\/10\/aradi-1.jpg?fit=1890%2C1063&ssl=1","type":"image\/jpeg"}],"author":"V\u00f6lker-Horv\u00e1th Anita","twitter_card":"summary_large_image","twitter_misc":{"Szerz\u0151:":"V\u00f6lker-Horv\u00e1th Anita","Becs\u00fclt olvas\u00e1si id\u0151":"2 perc"},"schema":{"@context":"https:\/\/schema.org","@graph":[{"@type":"Article","@id":"https:\/\/sztgotthard-altisk.hu\/?p=6820#article","isPartOf":{"@id":"https:\/\/sztgotthard-altisk.hu\/?p=6820"},"author":{"name":"V\u00f6lker-Horv\u00e1th Anita","@id":"https:\/\/sztgotthard-altisk.hu\/#\/schema\/person\/81c8789606fdb4ad7bfb6e46cc0047be"},"headline":"Nincs c\u00edm","datePublished":"2022-10-06T13:00:05+00:00","dateModified":"2022-10-06T13:12:19+00:00","mainEntityOfPage":{"@id":"https:\/\/sztgotthard-altisk.hu\/?p=6820"},"wordCount":338,"commentCount":0,"publisher":{"@id":"https:\/\/sztgotthard-altisk.hu\/#organization"},"image":{"@id":"https:\/\/sztgotthard-altisk.hu\/?p=6820#primaryimage"},"thumbnailUrl":"https:\/\/i0.wp.com\/sztgotthard-altisk.hu\/wp-content\/uploads\/2022\/10\/aradi-1.jpg?fit=1890%2C1063&ssl=1","keywords":["aradi v\u00e9rtan\u00fak"],"articleSection":["H\u00edrek"],"inLanguage":"hu"},{"@type":"WebPage","@id":"https:\/\/sztgotthard-altisk.hu\/?p=6820","url":"https:\/\/sztgotthard-altisk.hu\/?p=6820","name":"- Szent Gotth\u00e1rd \u00c1ltal\u00e1nos Iskola","isPartOf":{"@id":"https:\/\/sztgotthard-altisk.hu\/#website"},"primaryImageOfPage":{"@id":"https:\/\/sztgotthard-altisk.hu\/?p=6820#primaryimage"},"image":{"@id":"https:\/\/sztgotthard-altisk.hu\/?p=6820#primaryimage"},"thumbnailUrl":"https:\/\/i0.wp.com\/sztgotthard-altisk.hu\/wp-content\/uploads\/2022\/10\/aradi-1.jpg?fit=1890%2C1063&ssl=1","datePublished":"2022-10-06T13:00:05+00:00","dateModified":"2022-10-06T13:12:19+00:00","description":"aradi v\u00e9rtan\u00fak eml\u00e9knapja","inLanguage":"hu","potentialAction":[{"@type":"ReadAction","target":["https:\/\/sztgotthard-altisk.hu\/?p=6820"]}]},{"@type":"ImageObject","inLanguage":"hu","@id":"https:\/\/sztgotthard-altisk.hu\/?p=6820#primaryimage","url":"https:\/\/i0.wp.com\/sztgotthard-altisk.hu\/wp-content\/uploads\/2022\/10\/aradi-1.jpg?fit=1890%2C1063&ssl=1","contentUrl":"https:\/\/i0.wp.com\/sztgotthard-altisk.hu\/wp-content\/uploads\/2022\/10\/aradi-1.jpg?fit=1890%2C1063&ssl=1","width":1890,"height":1063},{"@type":"WebSite","@id":"https:\/\/sztgotthard-altisk.hu\/#website","url":"https:\/\/sztgotthard-altisk.hu\/","name":"Szent Gotth\u00e1rd \u00c1ltal\u00e1nos Iskola","description":"Szent Gotth\u00e1rd \u00c1ltal\u00e1nos Iskola","publisher":{"@id":"https:\/\/sztgotthard-altisk.hu\/#organization"},"potentialAction":[{"@type":"SearchAction","target":{"@type":"EntryPoint","urlTemplate":"https:\/\/sztgotthard-altisk.hu\/?s={search_term_string}"},"query-input":{"@type":"PropertyValueSpecification","valueRequired":true,"valueName":"search_term_string"}}],"inLanguage":"hu"},{"@type":"Organization","@id":"https:\/\/sztgotthard-altisk.hu\/#organization","name":"Szent Gell\u00e9rt \u00c1ltal\u00e1nos Iskola","url":"https:\/\/sztgotthard-altisk.hu\/","logo":{"@type":"ImageObject","inLanguage":"hu","@id":"https:\/\/sztgotthard-altisk.hu\/#\/schema\/logo\/image\/","url":"https:\/\/i0.wp.com\/www.sztgotthard-altisk.hu\/wp-content\/uploads\/2022\/01\/sztg_altisk_logo.png?fit=161%2C129&ssl=1","contentUrl":"https:\/\/i0.wp.com\/www.sztgotthard-altisk.hu\/wp-content\/uploads\/2022\/01\/sztg_altisk_logo.png?fit=161%2C129&ssl=1","width":161,"height":129,"caption":"Szent Gell\u00e9rt \u00c1ltal\u00e1nos Iskola"},"image":{"@id":"https:\/\/sztgotthard-altisk.hu\/#\/schema\/logo\/image\/"}},{"@type":"Person","@id":"https:\/\/sztgotthard-altisk.hu\/#\/schema\/person\/81c8789606fdb4ad7bfb6e46cc0047be","name":"V\u00f6lker-Horv\u00e1th Anita","image":{"@type":"ImageObject","inLanguage":"hu","@id":"https:\/\/sztgotthard-altisk.hu\/#\/schema\/person\/image\/","url":"https:\/\/secure.gravatar.com\/avatar\/1a8d66fc73f8c791cf78a7063191d6b70541d018583a3fa8a3f40a10d64e7e73?s=96&d=mm&r=g","contentUrl":"https:\/\/secure.gravatar.com\/avatar\/1a8d66fc73f8c791cf78a7063191d6b70541d018583a3fa8a3f40a10d64e7e73?s=96&d=mm&r=g","caption":"V\u00f6lker-Horv\u00e1th Anita"},"url":"https:\/\/sztgotthard-altisk.hu\/?author=5"}]}},"jetpack_featured_media_url":"https:\/\/i0.wp.com\/sztgotthard-altisk.hu\/wp-content\/uploads\/2022\/10\/aradi-1.jpg?fit=1890%2C1063&ssl=1","jetpack_shortlink":"https:\/\/wp.me\/s9tyQr-6820","jetpack_sharing_enabled":true,"_links":{"self":[{"href":"https:\/\/sztgotthard-altisk.hu\/index.php?rest_route=\/wp\/v2\/posts\/6820","targetHints":{"allow":["GET"]}}],"collection":[{"href":"https:\/\/sztgotthard-altisk.hu\/index.php?rest_route=\/wp\/v2\/posts"}],"about":[{"href":"https:\/\/sztgotthard-altisk.hu\/index.php?rest_route=\/wp\/v2\/types\/post"}],"author":[{"embeddable":true,"href":"https:\/\/sztgotthard-altisk.hu\/index.php?rest_route=\/wp\/v2\/users\/5"}],"replies":[{"embeddable":true,"href":"https:\/\/sztgotthard-altisk.hu\/index.php?rest_route=%2Fwp%2Fv2%2Fcomments&post=6820"}],"version-history":[{"count":6,"href":"https:\/\/sztgotthard-altisk.hu\/index.php?rest_route=\/wp\/v2\/posts\/6820\/revisions"}],"predecessor-version":[{"id":6838,"href":"https:\/\/sztgotthard-altisk.hu\/index.php?rest_route=\/wp\/v2\/posts\/6820\/revisions\/6838"}],"wp:featuredmedia":[{"embeddable":true,"href":"https:\/\/sztgotthard-altisk.hu\/index.php?rest_route=\/wp\/v2\/media\/6821"}],"wp:attachment":[{"href":"https:\/\/sztgotthard-altisk.hu\/index.php?rest_route=%2Fwp%2Fv2%2Fmedia&parent=6820"}],"wp:term":[{"taxonomy":"category","embeddable":true,"href":"https:\/\/sztgotthard-altisk.hu\/index.php?rest_route=%2Fwp%2Fv2%2Fcategories&post=6820"},{"taxonomy":"post_tag","embeddable":true,"href":"https:\/\/sztgotthard-altisk.hu\/index.php?rest_route=%2Fwp%2Fv2%2Ftags&post=6820"}],"curies":[{"name":"wp","href":"https:\/\/api.w.org\/{rel}","templated":true}]}}