{"id":6804,"date":"2022-10-06T10:14:29","date_gmt":"2022-10-06T09:14:29","guid":{"rendered":"https:\/\/www.sztgotthard-altisk.hu\/?p=6804"},"modified":"2022-10-06T10:44:38","modified_gmt":"2022-10-06T09:44:38","slug":"kituno-kirandulas","status":"publish","type":"post","link":"https:\/\/sztgotthard-altisk.hu\/?p=6804","title":{"rendered":"Kit\u0171n\u0151 kir\u00e1ndul\u00e1s"},"content":{"rendered":"<p>Okt\u00f3ber 4-\u00e9n iskol\u00e1nk kit\u0171n\u0151 tanul\u00f3i az \u00c1llatok vil\u00e1gnapj\u00e1n jutalom kir\u00e1ndul\u00e1son vettek r\u00e9szt az \u0150rs\u00e9gi Nemzeti Parkban. \u0150riszentp\u00e9teren megtekintett\u00e9k az <strong>\u0150rs\u00e9gi Vad\u00e1szati Ki\u00e1ll\u00edt\u00e1st<\/strong>.<\/p>\n<p style=\"text-align: justify;\">A m\u00fazeumban l\u00e1that\u00f3k G\u00f6mb\u00f6s M\u00e1ty\u00e1s, a ki\u00e1ll\u00edt\u00e1s h\u00e1zigazd\u00e1ja \u00e1ltal az \u0150rs\u00e9gben elejtett vadak tr\u00f3fe\u00e1i: kapit\u00e1lis szarvasagancsok \u00e9s vadkan agyarak, \u00e9rdekes \u0151zagancsok \u00e9s a nem megfelel\u0151 genetikai tulajdons\u00e1gaik miatt elejtett tr\u00f3fe\u00e1s vadak, de ki\u00e1ll\u00edtott\u00e1k a tulajdonos Afrik\u00e1ban szerzett vad\u00e1szzs\u00e1km\u00e1nyait is.<br \/>\nA t\u00e1rlatot vad\u00e1szfelszerel\u00e9sek, k\u00e9sek, t\u0151r\u00f6k, vad\u00e1szati makettek sz\u00ednes\u00edtik.<\/p>\n<p><a href=\"https:\/\/i0.wp.com\/www.sztgotthard-altisk.hu\/wp-content\/uploads\/2022\/10\/IMG_7543.jpg?ssl=1\"><img data-recalc-dims=\"1\" fetchpriority=\"high\" decoding=\"async\" class=\"alignnone size-medium wp-image-6808\" src=\"https:\/\/i0.wp.com\/www.sztgotthard-altisk.hu\/wp-content\/uploads\/2022\/10\/IMG_7543-300x225.jpg?resize=300%2C225&#038;ssl=1\" alt=\"\" width=\"300\" height=\"225\" srcset=\"https:\/\/i0.wp.com\/sztgotthard-altisk.hu\/wp-content\/uploads\/2022\/10\/IMG_7543.jpg?resize=300%2C225&amp;ssl=1 300w, https:\/\/i0.wp.com\/sztgotthard-altisk.hu\/wp-content\/uploads\/2022\/10\/IMG_7543.jpg?resize=1024%2C768&amp;ssl=1 1024w, https:\/\/i0.wp.com\/sztgotthard-altisk.hu\/wp-content\/uploads\/2022\/10\/IMG_7543.jpg?resize=768%2C576&amp;ssl=1 768w, https:\/\/i0.wp.com\/sztgotthard-altisk.hu\/wp-content\/uploads\/2022\/10\/IMG_7543.jpg?resize=1536%2C1152&amp;ssl=1 1536w, https:\/\/i0.wp.com\/sztgotthard-altisk.hu\/wp-content\/uploads\/2022\/10\/IMG_7543.jpg?w=2016&amp;ssl=1 2016w\" sizes=\"(max-width: 300px) 100vw, 300px\" \/><\/a><\/p>\n<p><a href=\"https:\/\/i0.wp.com\/www.sztgotthard-altisk.hu\/wp-content\/uploads\/2022\/10\/IMG_7546.jpg?ssl=1\"><img data-recalc-dims=\"1\" decoding=\"async\" class=\"alignnone size-medium wp-image-6809\" src=\"https:\/\/i0.wp.com\/www.sztgotthard-altisk.hu\/wp-content\/uploads\/2022\/10\/IMG_7546-225x300.jpg?resize=225%2C300&#038;ssl=1\" alt=\"\" width=\"225\" height=\"300\" srcset=\"https:\/\/i0.wp.com\/sztgotthard-altisk.hu\/wp-content\/uploads\/2022\/10\/IMG_7546.jpg?resize=225%2C300&amp;ssl=1 225w, https:\/\/i0.wp.com\/sztgotthard-altisk.hu\/wp-content\/uploads\/2022\/10\/IMG_7546.jpg?resize=768%2C1024&amp;ssl=1 768w, https:\/\/i0.wp.com\/sztgotthard-altisk.hu\/wp-content\/uploads\/2022\/10\/IMG_7546.jpg?resize=1152%2C1536&amp;ssl=1 1152w, https:\/\/i0.wp.com\/sztgotthard-altisk.hu\/wp-content\/uploads\/2022\/10\/IMG_7546.jpg?w=1512&amp;ssl=1 1512w\" sizes=\"(max-width: 225px) 100vw, 225px\" \/><\/a><\/p>\n<p>Szint\u00e9n \u0150riszentp\u00e9teren megcsod\u00e1lt\u00e1k az \u00c1rp\u00e1d-kori Szent P\u00e9ter templomot is.<\/p>\n<p><a href=\"https:\/\/i0.wp.com\/www.sztgotthard-altisk.hu\/wp-content\/uploads\/2022\/10\/IMG_7548.jpg?ssl=1\"><img data-recalc-dims=\"1\" decoding=\"async\" class=\"alignnone size-medium wp-image-6807\" src=\"https:\/\/i0.wp.com\/www.sztgotthard-altisk.hu\/wp-content\/uploads\/2022\/10\/IMG_7548-300x300.jpg?resize=300%2C300&#038;ssl=1\" alt=\"\" width=\"300\" height=\"300\" srcset=\"https:\/\/i0.wp.com\/sztgotthard-altisk.hu\/wp-content\/uploads\/2022\/10\/IMG_7548.jpg?resize=300%2C300&amp;ssl=1 300w, https:\/\/i0.wp.com\/sztgotthard-altisk.hu\/wp-content\/uploads\/2022\/10\/IMG_7548.jpg?resize=1024%2C1024&amp;ssl=1 1024w, https:\/\/i0.wp.com\/sztgotthard-altisk.hu\/wp-content\/uploads\/2022\/10\/IMG_7548.jpg?resize=150%2C150&amp;ssl=1 150w, https:\/\/i0.wp.com\/sztgotthard-altisk.hu\/wp-content\/uploads\/2022\/10\/IMG_7548.jpg?resize=768%2C768&amp;ssl=1 768w, https:\/\/i0.wp.com\/sztgotthard-altisk.hu\/wp-content\/uploads\/2022\/10\/IMG_7548.jpg?w=1512&amp;ssl=1 1512w\" sizes=\"(max-width: 300px) 100vw, 300px\" \/><\/a><\/p>\n<p style=\"text-align: justify;\">Szalaf\u0151 Pityerszeren az \u0150rs\u00e9gi N\u00e9pi M\u0171eml\u00e9kegy\u00fcttes \u00e9p\u00fcleteivel \u00e9s az ott \u00e9l\u0151 \u00e1llatokkal ismerkedtek meg.<\/p>\n<p style=\"text-align: justify;\">A Pityerszeri Skanzen port\u00e1i t\u00f6bb l\u00e1tnival\u00f3t is magukba foglalnak. Az els\u0151 sz\u00e1m\u00fa port\u00e1n a 19. sz\u00e1zadban \u00e9p\u00edtett\u00a0szob\u00e1s-konyh\u00e1s, kamr\u00e1s, boronafal\u00fa, zs\u00fapfedeles lak\u00f3h\u00e1z tekinthet\u0151 meg, melyekhez \u00e1ltal\u00e1ban \u00f3l, kamra \u00e9s pajta tartozott. A porta legl\u00e1tv\u00e1nyosabb \u00e9p\u00fclete az emeletes k\u00e1stu, mely egy jellegzetes \u0151rs\u00e9gi \u00e9p\u00fclet. Emellett egy\u00a0v\u00edzgy\u0171jt\u0151 t\u00f3ka ker\u00fclt kialak\u00edt\u00e1sra.<\/p>\n<p>A m\u00e1sodik sz\u00e1m\u00fa porta leg\u00e9rdekesebb l\u00e1tv\u00e1nyoss\u00e1ga a h\u00e1rom oldalr\u00f3l ker\u00edtett h\u00e1z, mely a 19. sz\u00e1zad elej\u00e9n \u00e9p\u00fclt. Az \u00e9p\u00fclet U alak\u00fa \u00e9s egy udvart z\u00e1r k\u00f6r\u00fcl, melyek egykor tr\u00e1gyadombok voltak. Az ezekben a h\u00e1zakban elhelyezett t\u00e1rgyak, berendez\u00e9sek mind-mind a 20. sz\u00e1zadi id\u0151szakot ismerteti. A tizenkettes sz\u00e1m\u00fa lak\u00f3h\u00e1zat 1899-ben helyezt\u00e9k \u00e1t mostani hely\u00e9re Gy\u00f6ngy\u00f6sszerb\u0151l. Napjainkban m\u00e1r csak lak\u00f3r\u00e9sze tekinthet\u0151 meg, berendez\u00e9sei a 20. sz\u00e1zad els\u0151 \u00e9vtizedeinek \u00e1llapot\u00e1t szimboliz\u00e1lja.<\/p>\n<p style=\"text-align: justify;\">\u00a0A nemzeti park vadon \u00e9l\u0151 eur\u00f3pai b\u00f6l\u00e9nyei a park huszadik sz\u00fclet\u00e9snapj\u00e1ra kaptak h\u00fasz hekt\u00e1rt, ahol m\u00e1r egy patak \u00e9s fenyves is v\u00e1rta \u0151ket. A b\u00f6l\u00e9nyek mellett nyulak, vadl\u00f3 \u00e9s kecsk\u00e9k is helyet kaptak az elker\u00edtett ter\u00fcleteken.<\/p>\n<p><a href=\"https:\/\/i0.wp.com\/www.sztgotthard-altisk.hu\/wp-content\/uploads\/2022\/10\/IMG_7556.jpg?ssl=1\"><img data-recalc-dims=\"1\" loading=\"lazy\" decoding=\"async\" class=\"alignnone size-medium wp-image-6811\" src=\"https:\/\/i0.wp.com\/www.sztgotthard-altisk.hu\/wp-content\/uploads\/2022\/10\/IMG_7556-300x169.jpg?resize=300%2C169&#038;ssl=1\" alt=\"\" width=\"300\" height=\"169\" srcset=\"https:\/\/i0.wp.com\/sztgotthard-altisk.hu\/wp-content\/uploads\/2022\/10\/IMG_7556.jpg?resize=300%2C169&amp;ssl=1 300w, https:\/\/i0.wp.com\/sztgotthard-altisk.hu\/wp-content\/uploads\/2022\/10\/IMG_7556.jpg?resize=1024%2C576&amp;ssl=1 1024w, https:\/\/i0.wp.com\/sztgotthard-altisk.hu\/wp-content\/uploads\/2022\/10\/IMG_7556.jpg?resize=768%2C432&amp;ssl=1 768w, https:\/\/i0.wp.com\/sztgotthard-altisk.hu\/wp-content\/uploads\/2022\/10\/IMG_7556.jpg?resize=1536%2C864&amp;ssl=1 1536w, https:\/\/i0.wp.com\/sztgotthard-altisk.hu\/wp-content\/uploads\/2022\/10\/IMG_7556.jpg?resize=320%2C180&amp;ssl=1 320w, https:\/\/i0.wp.com\/sztgotthard-altisk.hu\/wp-content\/uploads\/2022\/10\/IMG_7556.jpg?w=2048&amp;ssl=1 2048w\" sizes=\"(max-width: 300px) 100vw, 300px\" \/><\/a><\/p>\n<p><a href=\"https:\/\/i0.wp.com\/www.sztgotthard-altisk.hu\/wp-content\/uploads\/2022\/10\/IMG_7562.jpg?ssl=1\"><img data-recalc-dims=\"1\" loading=\"lazy\" decoding=\"async\" class=\"alignnone size-medium wp-image-6812\" src=\"https:\/\/i0.wp.com\/www.sztgotthard-altisk.hu\/wp-content\/uploads\/2022\/10\/IMG_7562-300x225.jpg?resize=300%2C225&#038;ssl=1\" alt=\"\" width=\"300\" height=\"225\" srcset=\"https:\/\/i0.wp.com\/sztgotthard-altisk.hu\/wp-content\/uploads\/2022\/10\/IMG_7562.jpg?resize=300%2C225&amp;ssl=1 300w, https:\/\/i0.wp.com\/sztgotthard-altisk.hu\/wp-content\/uploads\/2022\/10\/IMG_7562.jpg?resize=1024%2C768&amp;ssl=1 1024w, https:\/\/i0.wp.com\/sztgotthard-altisk.hu\/wp-content\/uploads\/2022\/10\/IMG_7562.jpg?resize=768%2C576&amp;ssl=1 768w, https:\/\/i0.wp.com\/sztgotthard-altisk.hu\/wp-content\/uploads\/2022\/10\/IMG_7562.jpg?resize=1536%2C1152&amp;ssl=1 1536w, https:\/\/i0.wp.com\/sztgotthard-altisk.hu\/wp-content\/uploads\/2022\/10\/IMG_7562.jpg?w=2016&amp;ssl=1 2016w\" sizes=\"(max-width: 300px) 100vw, 300px\" \/><\/a><\/p>\n<p>&nbsp;<\/p>\n<p>A di\u00e1kok a kir\u00e1ndul\u00e1s z\u00e1r\u00e1sak\u00e9nt \u00a0kipr\u00f3b\u00e1lhatt\u00e1k az \u00edj\u00e1szkod\u00e1st, majd eml\u00e9k\u00fcl saj\u00e1t kark\u00f6t\u0151t k\u00e9sz\u00edtettek.<\/p>\n<p>&nbsp;<\/p>\n<p><a href=\"https:\/\/i0.wp.com\/www.sztgotthard-altisk.hu\/wp-content\/uploads\/2022\/10\/IMG_7564.jpg?ssl=1\"><img data-recalc-dims=\"1\" loading=\"lazy\" decoding=\"async\" class=\"alignnone size-medium wp-image-6813\" src=\"https:\/\/i0.wp.com\/www.sztgotthard-altisk.hu\/wp-content\/uploads\/2022\/10\/IMG_7564-300x225.jpg?resize=300%2C225&#038;ssl=1\" alt=\"\" width=\"300\" height=\"225\" srcset=\"https:\/\/i0.wp.com\/sztgotthard-altisk.hu\/wp-content\/uploads\/2022\/10\/IMG_7564.jpg?resize=300%2C225&amp;ssl=1 300w, https:\/\/i0.wp.com\/sztgotthard-altisk.hu\/wp-content\/uploads\/2022\/10\/IMG_7564.jpg?resize=768%2C576&amp;ssl=1 768w, https:\/\/i0.wp.com\/sztgotthard-altisk.hu\/wp-content\/uploads\/2022\/10\/IMG_7564.jpg?w=1008&amp;ssl=1 1008w\" sizes=\"(max-width: 300px) 100vw, 300px\" \/><\/a><\/p>\n<p><a href=\"https:\/\/i0.wp.com\/www.sztgotthard-altisk.hu\/wp-content\/uploads\/2022\/10\/IMG_7566.jpg?ssl=1\"><img data-recalc-dims=\"1\" loading=\"lazy\" decoding=\"async\" class=\"alignnone size-medium wp-image-6814\" src=\"https:\/\/i0.wp.com\/www.sztgotthard-altisk.hu\/wp-content\/uploads\/2022\/10\/IMG_7566-225x300.jpg?resize=225%2C300&#038;ssl=1\" alt=\"\" width=\"225\" height=\"300\" srcset=\"https:\/\/i0.wp.com\/sztgotthard-altisk.hu\/wp-content\/uploads\/2022\/10\/IMG_7566.jpg?resize=225%2C300&amp;ssl=1 225w, https:\/\/i0.wp.com\/sztgotthard-altisk.hu\/wp-content\/uploads\/2022\/10\/IMG_7566.jpg?w=756&amp;ssl=1 756w\" sizes=\"(max-width: 225px) 100vw, 225px\" \/><\/a><\/p>\n<p><a href=\"https:\/\/i0.wp.com\/www.sztgotthard-altisk.hu\/wp-content\/uploads\/2022\/10\/IMG_7569.jpg?ssl=1\"><img data-recalc-dims=\"1\" loading=\"lazy\" decoding=\"async\" class=\"alignnone size-medium wp-image-6815\" src=\"https:\/\/i0.wp.com\/www.sztgotthard-altisk.hu\/wp-content\/uploads\/2022\/10\/IMG_7569-225x300.jpg?resize=225%2C300&#038;ssl=1\" alt=\"\" width=\"225\" height=\"300\" srcset=\"https:\/\/i0.wp.com\/sztgotthard-altisk.hu\/wp-content\/uploads\/2022\/10\/IMG_7569.jpg?resize=225%2C300&amp;ssl=1 225w, https:\/\/i0.wp.com\/sztgotthard-altisk.hu\/wp-content\/uploads\/2022\/10\/IMG_7569.jpg?resize=768%2C1024&amp;ssl=1 768w, https:\/\/i0.wp.com\/sztgotthard-altisk.hu\/wp-content\/uploads\/2022\/10\/IMG_7569.jpg?resize=1152%2C1536&amp;ssl=1 1152w, https:\/\/i0.wp.com\/sztgotthard-altisk.hu\/wp-content\/uploads\/2022\/10\/IMG_7569.jpg?w=1512&amp;ssl=1 1512w\" sizes=\"(max-width: 225px) 100vw, 225px\" \/><\/a><\/p>\n<p>Ez\u00faton is k\u00f6sz\u00f6nj\u00fck a szervez\u00e9st Kocsisn\u00e9 Tak\u00e1cs \u00c9va tan\u00e1rn\u0151nek.<\/p>\n<p>&nbsp;<\/p>\n","protected":false},"excerpt":{"rendered":"<p>Okt\u00f3ber 4-\u00e9n iskol\u00e1nk kit\u0171n\u0151 tanul\u00f3i az \u00c1llatok vil\u00e1gnapj\u00e1n jutalom kir\u00e1ndul\u00e1son vettek r\u00e9szt az \u0150rs\u00e9gi Nemzeti Parkban. \u0150riszentp\u00e9teren megtekintett\u00e9k az \u0150rs\u00e9gi Vad\u00e1szati Ki\u00e1ll\u00edt\u00e1st. A m\u00fazeumban l\u00e1that\u00f3k G\u00f6mb\u00f6s M\u00e1ty\u00e1s, a ki\u00e1ll\u00edt\u00e1s h\u00e1zigazd\u00e1ja \u00e1ltal az \u0150rs\u00e9gben elejtett vadak tr\u00f3fe\u00e1i: kapit\u00e1lis szarvasagancsok \u00e9s vadkan agyarak, \u00e9rdekes \u0151zagancsok \u00e9s a nem megfelel\u0151 genetikai tulajdons\u00e1gaik miatt elejtett tr\u00f3fe\u00e1s vadak, de ki\u00e1ll\u00edtott\u00e1k [&hellip;]<\/p>\n","protected":false},"author":5,"featured_media":6805,"comment_status":"open","ping_status":"open","sticky":false,"template":"","format":"standard","meta":{"_exactmetrics_skip_tracking":false,"_exactmetrics_sitenote_active":false,"_exactmetrics_sitenote_note":"","_exactmetrics_sitenote_category":0,"_jetpack_memberships_contains_paid_content":false,"footnotes":""},"categories":[5],"tags":[464],"class_list":["post-6804","post","type-post","status-publish","format-standard","has-post-thumbnail","hentry","category-hirek","tag-kituno-kirandulas"],"yoast_head":"<!-- This site is optimized with the Yoast SEO plugin v26.7 - https:\/\/yoast.com\/wordpress\/plugins\/seo\/ -->\n<title>Kit\u0171n\u0151 kir\u00e1ndul\u00e1s - Szent Gotth\u00e1rd \u00c1ltal\u00e1nos Iskola<\/title>\n<meta name=\"description\" content=\"kit\u0171n\u0151 kir\u00e1ndul\u00e1s\" \/>\n<meta name=\"robots\" content=\"index, follow, max-snippet:-1, max-image-preview:large, max-video-preview:-1\" \/>\n<link rel=\"canonical\" href=\"https:\/\/sztgotthard-altisk.hu\/?p=6804\" \/>\n<meta property=\"og:locale\" content=\"hu_HU\" \/>\n<meta property=\"og:type\" content=\"article\" \/>\n<meta property=\"og:title\" content=\"Kit\u0171n\u0151 kir\u00e1ndul\u00e1s - Szent Gotth\u00e1rd \u00c1ltal\u00e1nos Iskola\" \/>\n<meta property=\"og:description\" content=\"kit\u0171n\u0151 kir\u00e1ndul\u00e1s\" \/>\n<meta property=\"og:url\" content=\"https:\/\/sztgotthard-altisk.hu\/?p=6804\" \/>\n<meta property=\"og:site_name\" content=\"Szent Gotth\u00e1rd \u00c1ltal\u00e1nos Iskola\" \/>\n<meta property=\"article:published_time\" content=\"2022-10-06T09:14:29+00:00\" \/>\n<meta property=\"article:modified_time\" content=\"2022-10-06T09:44:38+00:00\" \/>\n<meta property=\"og:image\" content=\"https:\/\/i0.wp.com\/sztgotthard-altisk.hu\/wp-content\/uploads\/2022\/10\/IMG_7547.jpg?fit=1512%2C1512&ssl=1\" \/>\n\t<meta property=\"og:image:width\" content=\"1512\" \/>\n\t<meta property=\"og:image:height\" content=\"1512\" \/>\n\t<meta property=\"og:image:type\" content=\"image\/jpeg\" \/>\n<meta name=\"author\" content=\"V\u00f6lker-Horv\u00e1th Anita\" \/>\n<meta name=\"twitter:card\" content=\"summary_large_image\" \/>\n<meta name=\"twitter:label1\" content=\"Szerz\u0151:\" \/>\n\t<meta name=\"twitter:data1\" content=\"V\u00f6lker-Horv\u00e1th Anita\" \/>\n\t<meta name=\"twitter:label2\" content=\"Becs\u00fclt olvas\u00e1si id\u0151\" \/>\n\t<meta name=\"twitter:data2\" content=\"2 perc\" \/>\n<script type=\"application\/ld+json\" class=\"yoast-schema-graph\">{\"@context\":\"https:\/\/schema.org\",\"@graph\":[{\"@type\":\"Article\",\"@id\":\"https:\/\/sztgotthard-altisk.hu\/?p=6804#article\",\"isPartOf\":{\"@id\":\"https:\/\/sztgotthard-altisk.hu\/?p=6804\"},\"author\":{\"name\":\"V\u00f6lker-Horv\u00e1th Anita\",\"@id\":\"https:\/\/sztgotthard-altisk.hu\/#\/schema\/person\/81c8789606fdb4ad7bfb6e46cc0047be\"},\"headline\":\"Kit\u0171n\u0151 kir\u00e1ndul\u00e1s\",\"datePublished\":\"2022-10-06T09:14:29+00:00\",\"dateModified\":\"2022-10-06T09:44:38+00:00\",\"mainEntityOfPage\":{\"@id\":\"https:\/\/sztgotthard-altisk.hu\/?p=6804\"},\"wordCount\":441,\"commentCount\":0,\"publisher\":{\"@id\":\"https:\/\/sztgotthard-altisk.hu\/#organization\"},\"image\":{\"@id\":\"https:\/\/sztgotthard-altisk.hu\/?p=6804#primaryimage\"},\"thumbnailUrl\":\"https:\/\/i0.wp.com\/sztgotthard-altisk.hu\/wp-content\/uploads\/2022\/10\/IMG_7547.jpg?fit=1512%2C1512&ssl=1\",\"keywords\":[\"kit\u0171n\u0151 kir\u00e1ndul\u00e1s\"],\"articleSection\":[\"H\u00edrek\"],\"inLanguage\":\"hu\"},{\"@type\":\"WebPage\",\"@id\":\"https:\/\/sztgotthard-altisk.hu\/?p=6804\",\"url\":\"https:\/\/sztgotthard-altisk.hu\/?p=6804\",\"name\":\"Kit\u0171n\u0151 kir\u00e1ndul\u00e1s - Szent Gotth\u00e1rd \u00c1ltal\u00e1nos Iskola\",\"isPartOf\":{\"@id\":\"https:\/\/sztgotthard-altisk.hu\/#website\"},\"primaryImageOfPage\":{\"@id\":\"https:\/\/sztgotthard-altisk.hu\/?p=6804#primaryimage\"},\"image\":{\"@id\":\"https:\/\/sztgotthard-altisk.hu\/?p=6804#primaryimage\"},\"thumbnailUrl\":\"https:\/\/i0.wp.com\/sztgotthard-altisk.hu\/wp-content\/uploads\/2022\/10\/IMG_7547.jpg?fit=1512%2C1512&ssl=1\",\"datePublished\":\"2022-10-06T09:14:29+00:00\",\"dateModified\":\"2022-10-06T09:44:38+00:00\",\"description\":\"kit\u0171n\u0151 kir\u00e1ndul\u00e1s\",\"breadcrumb\":{\"@id\":\"https:\/\/sztgotthard-altisk.hu\/?p=6804#breadcrumb\"},\"inLanguage\":\"hu\",\"potentialAction\":[{\"@type\":\"ReadAction\",\"target\":[\"https:\/\/sztgotthard-altisk.hu\/?p=6804\"]}]},{\"@type\":\"ImageObject\",\"inLanguage\":\"hu\",\"@id\":\"https:\/\/sztgotthard-altisk.hu\/?p=6804#primaryimage\",\"url\":\"https:\/\/i0.wp.com\/sztgotthard-altisk.hu\/wp-content\/uploads\/2022\/10\/IMG_7547.jpg?fit=1512%2C1512&ssl=1\",\"contentUrl\":\"https:\/\/i0.wp.com\/sztgotthard-altisk.hu\/wp-content\/uploads\/2022\/10\/IMG_7547.jpg?fit=1512%2C1512&ssl=1\",\"width\":1512,\"height\":1512},{\"@type\":\"BreadcrumbList\",\"@id\":\"https:\/\/sztgotthard-altisk.hu\/?p=6804#breadcrumb\",\"itemListElement\":[{\"@type\":\"ListItem\",\"position\":1,\"name\":\"Kezd\u0151lap\",\"item\":\"https:\/\/sztgotthard-altisk.hu\/\"},{\"@type\":\"ListItem\",\"position\":2,\"name\":\"Kit\u0171n\u0151 kir\u00e1ndul\u00e1s\"}]},{\"@type\":\"WebSite\",\"@id\":\"https:\/\/sztgotthard-altisk.hu\/#website\",\"url\":\"https:\/\/sztgotthard-altisk.hu\/\",\"name\":\"Szent Gotth\u00e1rd \u00c1ltal\u00e1nos Iskola\",\"description\":\"Szent Gotth\u00e1rd \u00c1ltal\u00e1nos Iskola\",\"publisher\":{\"@id\":\"https:\/\/sztgotthard-altisk.hu\/#organization\"},\"potentialAction\":[{\"@type\":\"SearchAction\",\"target\":{\"@type\":\"EntryPoint\",\"urlTemplate\":\"https:\/\/sztgotthard-altisk.hu\/?s={search_term_string}\"},\"query-input\":{\"@type\":\"PropertyValueSpecification\",\"valueRequired\":true,\"valueName\":\"search_term_string\"}}],\"inLanguage\":\"hu\"},{\"@type\":\"Organization\",\"@id\":\"https:\/\/sztgotthard-altisk.hu\/#organization\",\"name\":\"Szent Gell\u00e9rt \u00c1ltal\u00e1nos Iskola\",\"url\":\"https:\/\/sztgotthard-altisk.hu\/\",\"logo\":{\"@type\":\"ImageObject\",\"inLanguage\":\"hu\",\"@id\":\"https:\/\/sztgotthard-altisk.hu\/#\/schema\/logo\/image\/\",\"url\":\"https:\/\/i0.wp.com\/www.sztgotthard-altisk.hu\/wp-content\/uploads\/2022\/01\/sztg_altisk_logo.png?fit=161%2C129&ssl=1\",\"contentUrl\":\"https:\/\/i0.wp.com\/www.sztgotthard-altisk.hu\/wp-content\/uploads\/2022\/01\/sztg_altisk_logo.png?fit=161%2C129&ssl=1\",\"width\":161,\"height\":129,\"caption\":\"Szent Gell\u00e9rt \u00c1ltal\u00e1nos Iskola\"},\"image\":{\"@id\":\"https:\/\/sztgotthard-altisk.hu\/#\/schema\/logo\/image\/\"}},{\"@type\":\"Person\",\"@id\":\"https:\/\/sztgotthard-altisk.hu\/#\/schema\/person\/81c8789606fdb4ad7bfb6e46cc0047be\",\"name\":\"V\u00f6lker-Horv\u00e1th Anita\",\"image\":{\"@type\":\"ImageObject\",\"inLanguage\":\"hu\",\"@id\":\"https:\/\/sztgotthard-altisk.hu\/#\/schema\/person\/image\/\",\"url\":\"https:\/\/secure.gravatar.com\/avatar\/1a8d66fc73f8c791cf78a7063191d6b70541d018583a3fa8a3f40a10d64e7e73?s=96&d=mm&r=g\",\"contentUrl\":\"https:\/\/secure.gravatar.com\/avatar\/1a8d66fc73f8c791cf78a7063191d6b70541d018583a3fa8a3f40a10d64e7e73?s=96&d=mm&r=g\",\"caption\":\"V\u00f6lker-Horv\u00e1th Anita\"},\"url\":\"https:\/\/sztgotthard-altisk.hu\/?author=5\"}]}<\/script>\n<!-- \/ Yoast SEO plugin. -->","yoast_head_json":{"title":"Kit\u0171n\u0151 kir\u00e1ndul\u00e1s - Szent Gotth\u00e1rd \u00c1ltal\u00e1nos Iskola","description":"kit\u0171n\u0151 kir\u00e1ndul\u00e1s","robots":{"index":"index","follow":"follow","max-snippet":"max-snippet:-1","max-image-preview":"max-image-preview:large","max-video-preview":"max-video-preview:-1"},"canonical":"https:\/\/sztgotthard-altisk.hu\/?p=6804","og_locale":"hu_HU","og_type":"article","og_title":"Kit\u0171n\u0151 kir\u00e1ndul\u00e1s - Szent Gotth\u00e1rd \u00c1ltal\u00e1nos Iskola","og_description":"kit\u0171n\u0151 kir\u00e1ndul\u00e1s","og_url":"https:\/\/sztgotthard-altisk.hu\/?p=6804","og_site_name":"Szent Gotth\u00e1rd \u00c1ltal\u00e1nos Iskola","article_published_time":"2022-10-06T09:14:29+00:00","article_modified_time":"2022-10-06T09:44:38+00:00","og_image":[{"width":1512,"height":1512,"url":"https:\/\/i0.wp.com\/sztgotthard-altisk.hu\/wp-content\/uploads\/2022\/10\/IMG_7547.jpg?fit=1512%2C1512&ssl=1","type":"image\/jpeg"}],"author":"V\u00f6lker-Horv\u00e1th Anita","twitter_card":"summary_large_image","twitter_misc":{"Szerz\u0151:":"V\u00f6lker-Horv\u00e1th Anita","Becs\u00fclt olvas\u00e1si id\u0151":"2 perc"},"schema":{"@context":"https:\/\/schema.org","@graph":[{"@type":"Article","@id":"https:\/\/sztgotthard-altisk.hu\/?p=6804#article","isPartOf":{"@id":"https:\/\/sztgotthard-altisk.hu\/?p=6804"},"author":{"name":"V\u00f6lker-Horv\u00e1th Anita","@id":"https:\/\/sztgotthard-altisk.hu\/#\/schema\/person\/81c8789606fdb4ad7bfb6e46cc0047be"},"headline":"Kit\u0171n\u0151 kir\u00e1ndul\u00e1s","datePublished":"2022-10-06T09:14:29+00:00","dateModified":"2022-10-06T09:44:38+00:00","mainEntityOfPage":{"@id":"https:\/\/sztgotthard-altisk.hu\/?p=6804"},"wordCount":441,"commentCount":0,"publisher":{"@id":"https:\/\/sztgotthard-altisk.hu\/#organization"},"image":{"@id":"https:\/\/sztgotthard-altisk.hu\/?p=6804#primaryimage"},"thumbnailUrl":"https:\/\/i0.wp.com\/sztgotthard-altisk.hu\/wp-content\/uploads\/2022\/10\/IMG_7547.jpg?fit=1512%2C1512&ssl=1","keywords":["kit\u0171n\u0151 kir\u00e1ndul\u00e1s"],"articleSection":["H\u00edrek"],"inLanguage":"hu"},{"@type":"WebPage","@id":"https:\/\/sztgotthard-altisk.hu\/?p=6804","url":"https:\/\/sztgotthard-altisk.hu\/?p=6804","name":"Kit\u0171n\u0151 kir\u00e1ndul\u00e1s - Szent Gotth\u00e1rd \u00c1ltal\u00e1nos Iskola","isPartOf":{"@id":"https:\/\/sztgotthard-altisk.hu\/#website"},"primaryImageOfPage":{"@id":"https:\/\/sztgotthard-altisk.hu\/?p=6804#primaryimage"},"image":{"@id":"https:\/\/sztgotthard-altisk.hu\/?p=6804#primaryimage"},"thumbnailUrl":"https:\/\/i0.wp.com\/sztgotthard-altisk.hu\/wp-content\/uploads\/2022\/10\/IMG_7547.jpg?fit=1512%2C1512&ssl=1","datePublished":"2022-10-06T09:14:29+00:00","dateModified":"2022-10-06T09:44:38+00:00","description":"kit\u0171n\u0151 kir\u00e1ndul\u00e1s","breadcrumb":{"@id":"https:\/\/sztgotthard-altisk.hu\/?p=6804#breadcrumb"},"inLanguage":"hu","potentialAction":[{"@type":"ReadAction","target":["https:\/\/sztgotthard-altisk.hu\/?p=6804"]}]},{"@type":"ImageObject","inLanguage":"hu","@id":"https:\/\/sztgotthard-altisk.hu\/?p=6804#primaryimage","url":"https:\/\/i0.wp.com\/sztgotthard-altisk.hu\/wp-content\/uploads\/2022\/10\/IMG_7547.jpg?fit=1512%2C1512&ssl=1","contentUrl":"https:\/\/i0.wp.com\/sztgotthard-altisk.hu\/wp-content\/uploads\/2022\/10\/IMG_7547.jpg?fit=1512%2C1512&ssl=1","width":1512,"height":1512},{"@type":"BreadcrumbList","@id":"https:\/\/sztgotthard-altisk.hu\/?p=6804#breadcrumb","itemListElement":[{"@type":"ListItem","position":1,"name":"Kezd\u0151lap","item":"https:\/\/sztgotthard-altisk.hu\/"},{"@type":"ListItem","position":2,"name":"Kit\u0171n\u0151 kir\u00e1ndul\u00e1s"}]},{"@type":"WebSite","@id":"https:\/\/sztgotthard-altisk.hu\/#website","url":"https:\/\/sztgotthard-altisk.hu\/","name":"Szent Gotth\u00e1rd \u00c1ltal\u00e1nos Iskola","description":"Szent Gotth\u00e1rd \u00c1ltal\u00e1nos Iskola","publisher":{"@id":"https:\/\/sztgotthard-altisk.hu\/#organization"},"potentialAction":[{"@type":"SearchAction","target":{"@type":"EntryPoint","urlTemplate":"https:\/\/sztgotthard-altisk.hu\/?s={search_term_string}"},"query-input":{"@type":"PropertyValueSpecification","valueRequired":true,"valueName":"search_term_string"}}],"inLanguage":"hu"},{"@type":"Organization","@id":"https:\/\/sztgotthard-altisk.hu\/#organization","name":"Szent Gell\u00e9rt \u00c1ltal\u00e1nos Iskola","url":"https:\/\/sztgotthard-altisk.hu\/","logo":{"@type":"ImageObject","inLanguage":"hu","@id":"https:\/\/sztgotthard-altisk.hu\/#\/schema\/logo\/image\/","url":"https:\/\/i0.wp.com\/www.sztgotthard-altisk.hu\/wp-content\/uploads\/2022\/01\/sztg_altisk_logo.png?fit=161%2C129&ssl=1","contentUrl":"https:\/\/i0.wp.com\/www.sztgotthard-altisk.hu\/wp-content\/uploads\/2022\/01\/sztg_altisk_logo.png?fit=161%2C129&ssl=1","width":161,"height":129,"caption":"Szent Gell\u00e9rt \u00c1ltal\u00e1nos Iskola"},"image":{"@id":"https:\/\/sztgotthard-altisk.hu\/#\/schema\/logo\/image\/"}},{"@type":"Person","@id":"https:\/\/sztgotthard-altisk.hu\/#\/schema\/person\/81c8789606fdb4ad7bfb6e46cc0047be","name":"V\u00f6lker-Horv\u00e1th Anita","image":{"@type":"ImageObject","inLanguage":"hu","@id":"https:\/\/sztgotthard-altisk.hu\/#\/schema\/person\/image\/","url":"https:\/\/secure.gravatar.com\/avatar\/1a8d66fc73f8c791cf78a7063191d6b70541d018583a3fa8a3f40a10d64e7e73?s=96&d=mm&r=g","contentUrl":"https:\/\/secure.gravatar.com\/avatar\/1a8d66fc73f8c791cf78a7063191d6b70541d018583a3fa8a3f40a10d64e7e73?s=96&d=mm&r=g","caption":"V\u00f6lker-Horv\u00e1th Anita"},"url":"https:\/\/sztgotthard-altisk.hu\/?author=5"}]}},"jetpack_featured_media_url":"https:\/\/i0.wp.com\/sztgotthard-altisk.hu\/wp-content\/uploads\/2022\/10\/IMG_7547.jpg?fit=1512%2C1512&ssl=1","jetpack_shortlink":"https:\/\/wp.me\/p9tyQr-1LK","jetpack_sharing_enabled":true,"_links":{"self":[{"href":"https:\/\/sztgotthard-altisk.hu\/index.php?rest_route=\/wp\/v2\/posts\/6804","targetHints":{"allow":["GET"]}}],"collection":[{"href":"https:\/\/sztgotthard-altisk.hu\/index.php?rest_route=\/wp\/v2\/posts"}],"about":[{"href":"https:\/\/sztgotthard-altisk.hu\/index.php?rest_route=\/wp\/v2\/types\/post"}],"author":[{"embeddable":true,"href":"https:\/\/sztgotthard-altisk.hu\/index.php?rest_route=\/wp\/v2\/users\/5"}],"replies":[{"embeddable":true,"href":"https:\/\/sztgotthard-altisk.hu\/index.php?rest_route=%2Fwp%2Fv2%2Fcomments&post=6804"}],"version-history":[{"count":5,"href":"https:\/\/sztgotthard-altisk.hu\/index.php?rest_route=\/wp\/v2\/posts\/6804\/revisions"}],"predecessor-version":[{"id":6819,"href":"https:\/\/sztgotthard-altisk.hu\/index.php?rest_route=\/wp\/v2\/posts\/6804\/revisions\/6819"}],"wp:featuredmedia":[{"embeddable":true,"href":"https:\/\/sztgotthard-altisk.hu\/index.php?rest_route=\/wp\/v2\/media\/6805"}],"wp:attachment":[{"href":"https:\/\/sztgotthard-altisk.hu\/index.php?rest_route=%2Fwp%2Fv2%2Fmedia&parent=6804"}],"wp:term":[{"taxonomy":"category","embeddable":true,"href":"https:\/\/sztgotthard-altisk.hu\/index.php?rest_route=%2Fwp%2Fv2%2Fcategories&post=6804"},{"taxonomy":"post_tag","embeddable":true,"href":"https:\/\/sztgotthard-altisk.hu\/index.php?rest_route=%2Fwp%2Fv2%2Ftags&post=6804"}],"curies":[{"name":"wp","href":"https:\/\/api.w.org\/{rel}","templated":true}]}}