{"id":6791,"date":"2022-10-05T14:23:24","date_gmt":"2022-10-05T13:23:24","guid":{"rendered":"https:\/\/www.sztgotthard-altisk.hu\/?p=6791"},"modified":"2022-10-05T14:34:18","modified_gmt":"2022-10-05T13:34:18","slug":"az-allatok-vilagnapja","status":"publish","type":"post","link":"https:\/\/sztgotthard-altisk.hu\/?p=6791","title":{"rendered":"Az \u00e1llatok vil\u00e1gnapja"},"content":{"rendered":"<p style=\"text-align: justify;\"><strong>Az \u00e1llatok vil\u00e1gnapj\u00e1t 1931 \u00f3ta \u00fcnneplik minden esztend\u0151ben Szent Ferenc eml\u00e9knapj\u00e1n, okt\u00f3ber 4-\u00e9n. Ez a nap Assisi Szent Ferencnek, az \u00e1llatok v\u00e9d\u0151szentj\u00e9nek hal\u00e1l\u00e1nak napja.<\/strong><\/p>\n<p style=\"text-align: justify;\">A rendalap\u00edt\u00f3 Assisi Szent Ferenc a legenda szerint nemcsak \u00e9rtette az \u00e1llatok nyelv\u00e9t, hanem besz\u00e9lgetett is vel\u00fck, s m\u00e1r a 13. sz\u00e1zad elej\u00e9n azt hirdette, hogy mindent \u00e9s mindenkit szeretn\u00fcnk kell, ami k\u00f6r\u00fclvesz minket, legyen az \u00e9l\u0151 vagy \u00e9lettelen. A vil\u00e1gnapon ma m\u00e1r nemcsak a vadon \u00e9l\u0151, hanem minden \u00e1llat v\u00e9delm\u00e9re felh\u00edvj\u00e1k a figyelmet.\u00a0Nemcsak az \u00e1llatok vil\u00e1gnapj\u00e1n, de a h\u00e9tk\u00f6znapokban sem szabadna elfeledkezn\u00fcnk a benn\u00fcnket k\u00f6r\u00fclvev\u0151 term\u00e9szetr\u0151l, \u00e9l\u0151l\u00e9nyekr\u0151l.\u00a0<\/p>\n<p style=\"text-align: justify;\">Ezen a napon iskol\u00e1nk tanul\u00f3i az Opel Szentgotth\u00e1rd Kft. t\u00e1mogat\u00e1s\u00e1val egy gy\u00f6ny\u00f6r\u0171 term\u00e9szetfilmet tekinthettek meg a Cs\u00e1k\u00e1nyi L\u00e1szl\u00f3 Filmsz\u00ednh\u00e1zban. A fels\u0151 tagozatosok d\u00e9lel\u0151tt, az als\u00f3 tagozatos tanul\u00f3k pedig d\u00e9lut\u00e1n n\u00e9zt\u00e9k meg a Vadlovak- Hortob\u00e1gyi mese c\u00edm\u0171 magyar-n\u00e9met-osztr\u00e1k-sv\u00e9d dokumentumfilmet.<\/p>\n<p style=\"text-align: justify;\">\u00a0<\/p>\n<div class=\"yarpp-related yarpp-related-none\">\n<div class=\"share-btn\">\n<p>&nbsp;<\/p>\n<\/div>\n<\/div>\n","protected":false},"excerpt":{"rendered":"<p>Az \u00e1llatok vil\u00e1gnapj\u00e1t 1931 \u00f3ta \u00fcnneplik minden esztend\u0151ben Szent Ferenc eml\u00e9knapj\u00e1n, okt\u00f3ber 4-\u00e9n. Ez a nap Assisi Szent Ferencnek, az \u00e1llatok v\u00e9d\u0151szentj\u00e9nek hal\u00e1l\u00e1nak napja. A rendalap\u00edt\u00f3 Assisi Szent Ferenc a legenda szerint nemcsak \u00e9rtette az \u00e1llatok nyelv\u00e9t, hanem besz\u00e9lgetett is vel\u00fck, s m\u00e1r a 13. sz\u00e1zad elej\u00e9n azt hirdette, hogy mindent \u00e9s mindenkit szeretn\u00fcnk kell, [&hellip;]<\/p>\n","protected":false},"author":5,"featured_media":6800,"comment_status":"open","ping_status":"open","sticky":false,"template":"","format":"standard","meta":{"_exactmetrics_skip_tracking":false,"_exactmetrics_sitenote_active":false,"_exactmetrics_sitenote_note":"","_exactmetrics_sitenote_category":0,"_jetpack_memberships_contains_paid_content":false,"footnotes":""},"categories":[5],"tags":[459,460,461],"class_list":["post-6791","post","type-post","status-publish","format-standard","has-post-thumbnail","hentry","category-hirek","tag-allatok-vilagnapja","tag-kirandulas","tag-mozi"],"yoast_head":"<!-- This site is optimized with the Yoast SEO plugin v26.7 - https:\/\/yoast.com\/wordpress\/plugins\/seo\/ -->\n<title>Az \u00e1llatok vil\u00e1gnapja - Szent Gotth\u00e1rd \u00c1ltal\u00e1nos Iskola<\/title>\n<meta name=\"description\" content=\"\u00e1llatok vil\u00e1gnapja, kir\u00e1ndul\u00e1s, mozi\" \/>\n<meta name=\"robots\" content=\"index, follow, max-snippet:-1, max-image-preview:large, max-video-preview:-1\" \/>\n<link rel=\"canonical\" href=\"https:\/\/sztgotthard-altisk.hu\/?p=6791\" \/>\n<meta property=\"og:locale\" content=\"hu_HU\" \/>\n<meta property=\"og:type\" content=\"article\" \/>\n<meta property=\"og:title\" content=\"Az \u00e1llatok vil\u00e1gnapja - Szent Gotth\u00e1rd \u00c1ltal\u00e1nos Iskola\" \/>\n<meta property=\"og:description\" content=\"\u00e1llatok vil\u00e1gnapja, kir\u00e1ndul\u00e1s, mozi\" \/>\n<meta property=\"og:url\" content=\"https:\/\/sztgotthard-altisk.hu\/?p=6791\" \/>\n<meta property=\"og:site_name\" content=\"Szent Gotth\u00e1rd \u00c1ltal\u00e1nos Iskola\" \/>\n<meta property=\"article:published_time\" content=\"2022-10-05T13:23:24+00:00\" \/>\n<meta property=\"article:modified_time\" content=\"2022-10-05T13:34:18+00:00\" \/>\n<meta property=\"og:image\" content=\"https:\/\/i0.wp.com\/sztgotthard-altisk.hu\/wp-content\/uploads\/2022\/10\/allatok_vilagnapja1.jpg?fit=830%2C553&ssl=1\" \/>\n\t<meta property=\"og:image:width\" content=\"830\" \/>\n\t<meta property=\"og:image:height\" content=\"553\" \/>\n\t<meta property=\"og:image:type\" content=\"image\/jpeg\" \/>\n<meta name=\"author\" content=\"V\u00f6lker-Horv\u00e1th Anita\" \/>\n<meta name=\"twitter:card\" content=\"summary_large_image\" \/>\n<meta name=\"twitter:label1\" content=\"Szerz\u0151:\" \/>\n\t<meta name=\"twitter:data1\" content=\"V\u00f6lker-Horv\u00e1th Anita\" \/>\n\t<meta name=\"twitter:label2\" content=\"Becs\u00fclt olvas\u00e1si id\u0151\" \/>\n\t<meta name=\"twitter:data2\" content=\"1 perc\" \/>\n<script type=\"application\/ld+json\" class=\"yoast-schema-graph\">{\"@context\":\"https:\/\/schema.org\",\"@graph\":[{\"@type\":\"Article\",\"@id\":\"https:\/\/sztgotthard-altisk.hu\/?p=6791#article\",\"isPartOf\":{\"@id\":\"https:\/\/sztgotthard-altisk.hu\/?p=6791\"},\"author\":{\"name\":\"V\u00f6lker-Horv\u00e1th Anita\",\"@id\":\"https:\/\/sztgotthard-altisk.hu\/#\/schema\/person\/81c8789606fdb4ad7bfb6e46cc0047be\"},\"headline\":\"Az \u00e1llatok vil\u00e1gnapja\",\"datePublished\":\"2022-10-05T13:23:24+00:00\",\"dateModified\":\"2022-10-05T13:34:18+00:00\",\"mainEntityOfPage\":{\"@id\":\"https:\/\/sztgotthard-altisk.hu\/?p=6791\"},\"wordCount\":201,\"commentCount\":0,\"publisher\":{\"@id\":\"https:\/\/sztgotthard-altisk.hu\/#organization\"},\"image\":{\"@id\":\"https:\/\/sztgotthard-altisk.hu\/?p=6791#primaryimage\"},\"thumbnailUrl\":\"https:\/\/i0.wp.com\/sztgotthard-altisk.hu\/wp-content\/uploads\/2022\/10\/allatok_vilagnapja1.jpg?fit=830%2C553&ssl=1\",\"keywords\":[\"\u00e1llatok vil\u00e1gnapja\",\"kir\u00e1ndul\u00e1s\",\"mozi\"],\"articleSection\":[\"H\u00edrek\"],\"inLanguage\":\"hu\"},{\"@type\":\"WebPage\",\"@id\":\"https:\/\/sztgotthard-altisk.hu\/?p=6791\",\"url\":\"https:\/\/sztgotthard-altisk.hu\/?p=6791\",\"name\":\"Az \u00e1llatok vil\u00e1gnapja - Szent Gotth\u00e1rd \u00c1ltal\u00e1nos Iskola\",\"isPartOf\":{\"@id\":\"https:\/\/sztgotthard-altisk.hu\/#website\"},\"primaryImageOfPage\":{\"@id\":\"https:\/\/sztgotthard-altisk.hu\/?p=6791#primaryimage\"},\"image\":{\"@id\":\"https:\/\/sztgotthard-altisk.hu\/?p=6791#primaryimage\"},\"thumbnailUrl\":\"https:\/\/i0.wp.com\/sztgotthard-altisk.hu\/wp-content\/uploads\/2022\/10\/allatok_vilagnapja1.jpg?fit=830%2C553&ssl=1\",\"datePublished\":\"2022-10-05T13:23:24+00:00\",\"dateModified\":\"2022-10-05T13:34:18+00:00\",\"description\":\"\u00e1llatok vil\u00e1gnapja, kir\u00e1ndul\u00e1s, mozi\",\"breadcrumb\":{\"@id\":\"https:\/\/sztgotthard-altisk.hu\/?p=6791#breadcrumb\"},\"inLanguage\":\"hu\",\"potentialAction\":[{\"@type\":\"ReadAction\",\"target\":[\"https:\/\/sztgotthard-altisk.hu\/?p=6791\"]}]},{\"@type\":\"ImageObject\",\"inLanguage\":\"hu\",\"@id\":\"https:\/\/sztgotthard-altisk.hu\/?p=6791#primaryimage\",\"url\":\"https:\/\/i0.wp.com\/sztgotthard-altisk.hu\/wp-content\/uploads\/2022\/10\/allatok_vilagnapja1.jpg?fit=830%2C553&ssl=1\",\"contentUrl\":\"https:\/\/i0.wp.com\/sztgotthard-altisk.hu\/wp-content\/uploads\/2022\/10\/allatok_vilagnapja1.jpg?fit=830%2C553&ssl=1\",\"width\":830,\"height\":553},{\"@type\":\"BreadcrumbList\",\"@id\":\"https:\/\/sztgotthard-altisk.hu\/?p=6791#breadcrumb\",\"itemListElement\":[{\"@type\":\"ListItem\",\"position\":1,\"name\":\"Kezd\u0151lap\",\"item\":\"https:\/\/sztgotthard-altisk.hu\/\"},{\"@type\":\"ListItem\",\"position\":2,\"name\":\"Az \u00e1llatok vil\u00e1gnapja\"}]},{\"@type\":\"WebSite\",\"@id\":\"https:\/\/sztgotthard-altisk.hu\/#website\",\"url\":\"https:\/\/sztgotthard-altisk.hu\/\",\"name\":\"Szent Gotth\u00e1rd \u00c1ltal\u00e1nos Iskola\",\"description\":\"Szent Gotth\u00e1rd \u00c1ltal\u00e1nos Iskola\",\"publisher\":{\"@id\":\"https:\/\/sztgotthard-altisk.hu\/#organization\"},\"potentialAction\":[{\"@type\":\"SearchAction\",\"target\":{\"@type\":\"EntryPoint\",\"urlTemplate\":\"https:\/\/sztgotthard-altisk.hu\/?s={search_term_string}\"},\"query-input\":{\"@type\":\"PropertyValueSpecification\",\"valueRequired\":true,\"valueName\":\"search_term_string\"}}],\"inLanguage\":\"hu\"},{\"@type\":\"Organization\",\"@id\":\"https:\/\/sztgotthard-altisk.hu\/#organization\",\"name\":\"Szent Gell\u00e9rt \u00c1ltal\u00e1nos Iskola\",\"url\":\"https:\/\/sztgotthard-altisk.hu\/\",\"logo\":{\"@type\":\"ImageObject\",\"inLanguage\":\"hu\",\"@id\":\"https:\/\/sztgotthard-altisk.hu\/#\/schema\/logo\/image\/\",\"url\":\"https:\/\/i0.wp.com\/www.sztgotthard-altisk.hu\/wp-content\/uploads\/2022\/01\/sztg_altisk_logo.png?fit=161%2C129&ssl=1\",\"contentUrl\":\"https:\/\/i0.wp.com\/www.sztgotthard-altisk.hu\/wp-content\/uploads\/2022\/01\/sztg_altisk_logo.png?fit=161%2C129&ssl=1\",\"width\":161,\"height\":129,\"caption\":\"Szent Gell\u00e9rt \u00c1ltal\u00e1nos Iskola\"},\"image\":{\"@id\":\"https:\/\/sztgotthard-altisk.hu\/#\/schema\/logo\/image\/\"}},{\"@type\":\"Person\",\"@id\":\"https:\/\/sztgotthard-altisk.hu\/#\/schema\/person\/81c8789606fdb4ad7bfb6e46cc0047be\",\"name\":\"V\u00f6lker-Horv\u00e1th Anita\",\"image\":{\"@type\":\"ImageObject\",\"inLanguage\":\"hu\",\"@id\":\"https:\/\/sztgotthard-altisk.hu\/#\/schema\/person\/image\/\",\"url\":\"https:\/\/secure.gravatar.com\/avatar\/1a8d66fc73f8c791cf78a7063191d6b70541d018583a3fa8a3f40a10d64e7e73?s=96&d=mm&r=g\",\"contentUrl\":\"https:\/\/secure.gravatar.com\/avatar\/1a8d66fc73f8c791cf78a7063191d6b70541d018583a3fa8a3f40a10d64e7e73?s=96&d=mm&r=g\",\"caption\":\"V\u00f6lker-Horv\u00e1th Anita\"},\"url\":\"https:\/\/sztgotthard-altisk.hu\/?author=5\"}]}<\/script>\n<!-- \/ Yoast SEO plugin. -->","yoast_head_json":{"title":"Az \u00e1llatok vil\u00e1gnapja - Szent Gotth\u00e1rd \u00c1ltal\u00e1nos Iskola","description":"\u00e1llatok vil\u00e1gnapja, kir\u00e1ndul\u00e1s, mozi","robots":{"index":"index","follow":"follow","max-snippet":"max-snippet:-1","max-image-preview":"max-image-preview:large","max-video-preview":"max-video-preview:-1"},"canonical":"https:\/\/sztgotthard-altisk.hu\/?p=6791","og_locale":"hu_HU","og_type":"article","og_title":"Az \u00e1llatok vil\u00e1gnapja - Szent Gotth\u00e1rd \u00c1ltal\u00e1nos Iskola","og_description":"\u00e1llatok vil\u00e1gnapja, kir\u00e1ndul\u00e1s, mozi","og_url":"https:\/\/sztgotthard-altisk.hu\/?p=6791","og_site_name":"Szent Gotth\u00e1rd \u00c1ltal\u00e1nos Iskola","article_published_time":"2022-10-05T13:23:24+00:00","article_modified_time":"2022-10-05T13:34:18+00:00","og_image":[{"width":830,"height":553,"url":"https:\/\/i0.wp.com\/sztgotthard-altisk.hu\/wp-content\/uploads\/2022\/10\/allatok_vilagnapja1.jpg?fit=830%2C553&ssl=1","type":"image\/jpeg"}],"author":"V\u00f6lker-Horv\u00e1th Anita","twitter_card":"summary_large_image","twitter_misc":{"Szerz\u0151:":"V\u00f6lker-Horv\u00e1th Anita","Becs\u00fclt olvas\u00e1si id\u0151":"1 perc"},"schema":{"@context":"https:\/\/schema.org","@graph":[{"@type":"Article","@id":"https:\/\/sztgotthard-altisk.hu\/?p=6791#article","isPartOf":{"@id":"https:\/\/sztgotthard-altisk.hu\/?p=6791"},"author":{"name":"V\u00f6lker-Horv\u00e1th Anita","@id":"https:\/\/sztgotthard-altisk.hu\/#\/schema\/person\/81c8789606fdb4ad7bfb6e46cc0047be"},"headline":"Az \u00e1llatok vil\u00e1gnapja","datePublished":"2022-10-05T13:23:24+00:00","dateModified":"2022-10-05T13:34:18+00:00","mainEntityOfPage":{"@id":"https:\/\/sztgotthard-altisk.hu\/?p=6791"},"wordCount":201,"commentCount":0,"publisher":{"@id":"https:\/\/sztgotthard-altisk.hu\/#organization"},"image":{"@id":"https:\/\/sztgotthard-altisk.hu\/?p=6791#primaryimage"},"thumbnailUrl":"https:\/\/i0.wp.com\/sztgotthard-altisk.hu\/wp-content\/uploads\/2022\/10\/allatok_vilagnapja1.jpg?fit=830%2C553&ssl=1","keywords":["\u00e1llatok vil\u00e1gnapja","kir\u00e1ndul\u00e1s","mozi"],"articleSection":["H\u00edrek"],"inLanguage":"hu"},{"@type":"WebPage","@id":"https:\/\/sztgotthard-altisk.hu\/?p=6791","url":"https:\/\/sztgotthard-altisk.hu\/?p=6791","name":"Az \u00e1llatok vil\u00e1gnapja - Szent Gotth\u00e1rd \u00c1ltal\u00e1nos Iskola","isPartOf":{"@id":"https:\/\/sztgotthard-altisk.hu\/#website"},"primaryImageOfPage":{"@id":"https:\/\/sztgotthard-altisk.hu\/?p=6791#primaryimage"},"image":{"@id":"https:\/\/sztgotthard-altisk.hu\/?p=6791#primaryimage"},"thumbnailUrl":"https:\/\/i0.wp.com\/sztgotthard-altisk.hu\/wp-content\/uploads\/2022\/10\/allatok_vilagnapja1.jpg?fit=830%2C553&ssl=1","datePublished":"2022-10-05T13:23:24+00:00","dateModified":"2022-10-05T13:34:18+00:00","description":"\u00e1llatok vil\u00e1gnapja, kir\u00e1ndul\u00e1s, mozi","breadcrumb":{"@id":"https:\/\/sztgotthard-altisk.hu\/?p=6791#breadcrumb"},"inLanguage":"hu","potentialAction":[{"@type":"ReadAction","target":["https:\/\/sztgotthard-altisk.hu\/?p=6791"]}]},{"@type":"ImageObject","inLanguage":"hu","@id":"https:\/\/sztgotthard-altisk.hu\/?p=6791#primaryimage","url":"https:\/\/i0.wp.com\/sztgotthard-altisk.hu\/wp-content\/uploads\/2022\/10\/allatok_vilagnapja1.jpg?fit=830%2C553&ssl=1","contentUrl":"https:\/\/i0.wp.com\/sztgotthard-altisk.hu\/wp-content\/uploads\/2022\/10\/allatok_vilagnapja1.jpg?fit=830%2C553&ssl=1","width":830,"height":553},{"@type":"BreadcrumbList","@id":"https:\/\/sztgotthard-altisk.hu\/?p=6791#breadcrumb","itemListElement":[{"@type":"ListItem","position":1,"name":"Kezd\u0151lap","item":"https:\/\/sztgotthard-altisk.hu\/"},{"@type":"ListItem","position":2,"name":"Az \u00e1llatok vil\u00e1gnapja"}]},{"@type":"WebSite","@id":"https:\/\/sztgotthard-altisk.hu\/#website","url":"https:\/\/sztgotthard-altisk.hu\/","name":"Szent Gotth\u00e1rd \u00c1ltal\u00e1nos Iskola","description":"Szent Gotth\u00e1rd \u00c1ltal\u00e1nos Iskola","publisher":{"@id":"https:\/\/sztgotthard-altisk.hu\/#organization"},"potentialAction":[{"@type":"SearchAction","target":{"@type":"EntryPoint","urlTemplate":"https:\/\/sztgotthard-altisk.hu\/?s={search_term_string}"},"query-input":{"@type":"PropertyValueSpecification","valueRequired":true,"valueName":"search_term_string"}}],"inLanguage":"hu"},{"@type":"Organization","@id":"https:\/\/sztgotthard-altisk.hu\/#organization","name":"Szent Gell\u00e9rt \u00c1ltal\u00e1nos Iskola","url":"https:\/\/sztgotthard-altisk.hu\/","logo":{"@type":"ImageObject","inLanguage":"hu","@id":"https:\/\/sztgotthard-altisk.hu\/#\/schema\/logo\/image\/","url":"https:\/\/i0.wp.com\/www.sztgotthard-altisk.hu\/wp-content\/uploads\/2022\/01\/sztg_altisk_logo.png?fit=161%2C129&ssl=1","contentUrl":"https:\/\/i0.wp.com\/www.sztgotthard-altisk.hu\/wp-content\/uploads\/2022\/01\/sztg_altisk_logo.png?fit=161%2C129&ssl=1","width":161,"height":129,"caption":"Szent Gell\u00e9rt \u00c1ltal\u00e1nos Iskola"},"image":{"@id":"https:\/\/sztgotthard-altisk.hu\/#\/schema\/logo\/image\/"}},{"@type":"Person","@id":"https:\/\/sztgotthard-altisk.hu\/#\/schema\/person\/81c8789606fdb4ad7bfb6e46cc0047be","name":"V\u00f6lker-Horv\u00e1th Anita","image":{"@type":"ImageObject","inLanguage":"hu","@id":"https:\/\/sztgotthard-altisk.hu\/#\/schema\/person\/image\/","url":"https:\/\/secure.gravatar.com\/avatar\/1a8d66fc73f8c791cf78a7063191d6b70541d018583a3fa8a3f40a10d64e7e73?s=96&d=mm&r=g","contentUrl":"https:\/\/secure.gravatar.com\/avatar\/1a8d66fc73f8c791cf78a7063191d6b70541d018583a3fa8a3f40a10d64e7e73?s=96&d=mm&r=g","caption":"V\u00f6lker-Horv\u00e1th Anita"},"url":"https:\/\/sztgotthard-altisk.hu\/?author=5"}]}},"jetpack_featured_media_url":"https:\/\/i0.wp.com\/sztgotthard-altisk.hu\/wp-content\/uploads\/2022\/10\/allatok_vilagnapja1.jpg?fit=830%2C553&ssl=1","jetpack_shortlink":"https:\/\/wp.me\/p9tyQr-1Lx","jetpack_sharing_enabled":true,"_links":{"self":[{"href":"https:\/\/sztgotthard-altisk.hu\/index.php?rest_route=\/wp\/v2\/posts\/6791","targetHints":{"allow":["GET"]}}],"collection":[{"href":"https:\/\/sztgotthard-altisk.hu\/index.php?rest_route=\/wp\/v2\/posts"}],"about":[{"href":"https:\/\/sztgotthard-altisk.hu\/index.php?rest_route=\/wp\/v2\/types\/post"}],"author":[{"embeddable":true,"href":"https:\/\/sztgotthard-altisk.hu\/index.php?rest_route=\/wp\/v2\/users\/5"}],"replies":[{"embeddable":true,"href":"https:\/\/sztgotthard-altisk.hu\/index.php?rest_route=%2Fwp%2Fv2%2Fcomments&post=6791"}],"version-history":[{"count":2,"href":"https:\/\/sztgotthard-altisk.hu\/index.php?rest_route=\/wp\/v2\/posts\/6791\/revisions"}],"predecessor-version":[{"id":6801,"href":"https:\/\/sztgotthard-altisk.hu\/index.php?rest_route=\/wp\/v2\/posts\/6791\/revisions\/6801"}],"wp:featuredmedia":[{"embeddable":true,"href":"https:\/\/sztgotthard-altisk.hu\/index.php?rest_route=\/wp\/v2\/media\/6800"}],"wp:attachment":[{"href":"https:\/\/sztgotthard-altisk.hu\/index.php?rest_route=%2Fwp%2Fv2%2Fmedia&parent=6791"}],"wp:term":[{"taxonomy":"category","embeddable":true,"href":"https:\/\/sztgotthard-altisk.hu\/index.php?rest_route=%2Fwp%2Fv2%2Fcategories&post=6791"},{"taxonomy":"post_tag","embeddable":true,"href":"https:\/\/sztgotthard-altisk.hu\/index.php?rest_route=%2Fwp%2Fv2%2Ftags&post=6791"}],"curies":[{"name":"wp","href":"https:\/\/api.w.org\/{rel}","templated":true}]}}