{"id":6674,"date":"2022-08-31T10:59:37","date_gmt":"2022-08-31T09:59:37","guid":{"rendered":"https:\/\/www.sztgotthard-altisk.hu\/?p=6674"},"modified":"2022-08-31T10:59:37","modified_gmt":"2022-08-31T09:59:37","slug":"tajekoztato-az-etkezessel-kapcsolatban","status":"publish","type":"post","link":"https:\/\/sztgotthard-altisk.hu\/?p=6674","title":{"rendered":"T\u00e1j\u00e9koztat\u00f3 az \u00e9tkez\u00e9ssel kapcsolatban"},"content":{"rendered":"<p style=\"text-align: center;\"><strong><u>T \u00c1 J \u00c9 K O Z T A T \u00d3!<\/u><\/strong><\/p>\n<p style=\"text-align: justify;\"><strong>T\u00e1j\u00e9koztatom a Tisztelt Sz\u00fcl\u0151ket, hogy az \u00e9tkez\u00e9si t\u00e9r\u00edt\u00e9si d\u00edjak befizet\u00e9se minden h\u00f3nap 10-e ut\u00e1n esed\u00e9kes, amely id\u0151pontok az iskol\u00e1kban, a Szentgotth\u00e1rdi K\u00f6z\u00f6s \u00d6nkorm\u00e1nyzati Hivatalban, illetve Szentgotth\u00e1rd V\u00e1ros Honlapj\u00e1n: szentgotthard.hu\/Egy\u00e9b H\u00edrek minden h\u00f3napban megtekinthet\u0151k.<\/strong><\/p>\n<p style=\"text-align: justify;\">Csak annak a tanul\u00f3nak tudunk \u00e9tkeztet\u00e9st biztos\u00edtani, akinek t\u00e9r\u00edt\u00e9si d\u00edj tartoz\u00e1sa nincsen. Akinek t\u00e9r\u00edt\u00e9si d\u00edj h\u00e1tral\u00e9ka van, az sajnos a k\u00f6vetkez\u0151 h\u00f3nap elsej\u00e9t\u0151l nem kaphat iskolai \u00e9tkez\u00e9st. Amennyiben a tartoz\u00e1st rendezik, a tanul\u00f3 az \u00e9tkez\u00e9st azonnal \u00fajra ig\u00e9nybe veheti.\u00a0<\/p>\n<p style=\"text-align: justify;\"><strong>A t\u00e9r\u00edt\u00e9si d\u00edj csoportos beszed\u00e9si megb\u00edz\u00e1ssal vagy k\u00e9szp\u00e9nzben fizethet\u0151. R\u00e9szletekr\u0151l \u00e9rdekl\u0151dni lehet a\u00a0 94\/ 553-046-os telefonsz\u00e1mon.<\/strong><\/p>\n<p style=\"text-align: justify;\"><strong><u>Az \u00e9tkez\u00e9s lemond\u00e1sa t\u00e1voll\u00e9t ill. betegs\u00e9g eset\u00e9n a sz\u00fcl\u0151 feladata<\/u><\/strong><strong>. Az iskol\u00e1ban jelzett hi\u00e1nyz\u00e1s, nem vonja mag\u00e1val az \u00e9tkez\u00e9si ig\u00e9ny lemond\u00e1s\u00e1t!<\/strong><\/p>\n<p style=\"text-align: justify;\"><strong>Az ingyenes \u00e9tkez\u0151knek is sz\u00fcks\u00e9ges\/k\u00f6telez\u0151 az \u00e9tkez\u00e9s lemond\u00e1sa hi\u00e1nyz\u00e1s eset\u00e9n!<\/strong><\/p>\n<p style=\"text-align: justify;\"><strong>Nyomat\u00e9kosan k\u00e9rj\u00fck a sz\u00fcl\u0151ket, hogy hi\u00e1nyz\u00e1s eset\u00e9n az \u00e9tkez\u00e9st lemondani sz\u00edveskedjenek a 94\/553-046-os telefonsz\u00e1mon, vagy a <\/strong><a href=\"mailto:menza@szentgotthard.hu\"><strong>menza@szentgotthard.hu<\/strong><\/a><strong> e-mail c\u00edmen.<\/strong><\/p>\n<p style=\"text-align: justify;\"><strong>Betegs\u00e9g, hi\u00e1nyz\u00e1s eset\u00e9n a szolg\u00e1ltat\u00f3 az \u00e9tkez\u00e9s lemond\u00e1s\u00e1t t\u00e1rgynapot megel\u0151z\u0151 nap reggel 10.00 \u00f3r\u00e1ig fogadja el.<\/strong><\/p>\n<p style=\"text-align: justify;\"><strong>K\u00e9s\u0151i lemond\u00e1s eset\u00e9n, lehet\u0151s\u00e9g van az eb\u00e9d \u00e9thord\u00f3ban t\u00f6rt\u00e9n\u0151 elvitel\u00e9re, \u00e1tv\u00e9teli elismerv\u00e9ny kit\u00f6lt\u00e9se ellen\u00e9ben.<\/strong><\/p>\n","protected":false},"excerpt":{"rendered":"<p>T \u00c1 J \u00c9 K O Z T A T \u00d3! T\u00e1j\u00e9koztatom a Tisztelt Sz\u00fcl\u0151ket, hogy az \u00e9tkez\u00e9si t\u00e9r\u00edt\u00e9si d\u00edjak befizet\u00e9se minden h\u00f3nap 10-e ut\u00e1n esed\u00e9kes, amely id\u0151pontok az iskol\u00e1kban, a Szentgotth\u00e1rdi K\u00f6z\u00f6s \u00d6nkorm\u00e1nyzati Hivatalban, illetve Szentgotth\u00e1rd V\u00e1ros Honlapj\u00e1n: szentgotthard.hu\/Egy\u00e9b H\u00edrek minden h\u00f3napban megtekinthet\u0151k. Csak annak a tanul\u00f3nak tudunk \u00e9tkeztet\u00e9st biztos\u00edtani, akinek t\u00e9r\u00edt\u00e9si d\u00edj tartoz\u00e1sa [&hellip;]<\/p>\n","protected":false},"author":5,"featured_media":6675,"comment_status":"open","ping_status":"open","sticky":false,"template":"","format":"standard","meta":{"_exactmetrics_skip_tracking":false,"_exactmetrics_sitenote_active":false,"_exactmetrics_sitenote_note":"","_exactmetrics_sitenote_category":0,"_jetpack_memberships_contains_paid_content":false,"footnotes":""},"categories":[1],"tags":[447],"class_list":["post-6674","post","type-post","status-publish","format-standard","has-post-thumbnail","hentry","category-egyeb","tag-tajekoztato-etkezesrol"],"yoast_head":"<!-- This site is optimized with the Yoast SEO plugin v26.7 - https:\/\/yoast.com\/wordpress\/plugins\/seo\/ -->\n<title>T\u00e1j\u00e9koztat\u00f3 az \u00e9tkez\u00e9ssel kapcsolatban - Szent Gotth\u00e1rd \u00c1ltal\u00e1nos Iskola<\/title>\n<meta name=\"description\" content=\"t\u00e1j\u00e9koztat\u00f3 \u00e9tkez\u00e9sr\u0151l\" \/>\n<meta name=\"robots\" content=\"index, follow, max-snippet:-1, max-image-preview:large, max-video-preview:-1\" \/>\n<link rel=\"canonical\" href=\"https:\/\/sztgotthard-altisk.hu\/?p=6674\" \/>\n<meta property=\"og:locale\" content=\"hu_HU\" \/>\n<meta property=\"og:type\" content=\"article\" \/>\n<meta property=\"og:title\" content=\"T\u00e1j\u00e9koztat\u00f3 az \u00e9tkez\u00e9ssel kapcsolatban - Szent Gotth\u00e1rd \u00c1ltal\u00e1nos Iskola\" \/>\n<meta property=\"og:description\" content=\"t\u00e1j\u00e9koztat\u00f3 \u00e9tkez\u00e9sr\u0151l\" \/>\n<meta property=\"og:url\" content=\"https:\/\/sztgotthard-altisk.hu\/?p=6674\" \/>\n<meta property=\"og:site_name\" content=\"Szent Gotth\u00e1rd \u00c1ltal\u00e1nos Iskola\" \/>\n<meta property=\"article:published_time\" content=\"2022-08-31T09:59:37+00:00\" \/>\n<meta property=\"og:image\" content=\"https:\/\/i0.wp.com\/sztgotthard-altisk.hu\/wp-content\/uploads\/2022\/08\/figyelem3.jpg?fit=480%2C600&ssl=1\" \/>\n\t<meta property=\"og:image:width\" content=\"480\" \/>\n\t<meta property=\"og:image:height\" content=\"600\" \/>\n\t<meta property=\"og:image:type\" content=\"image\/jpeg\" \/>\n<meta name=\"author\" content=\"V\u00f6lker-Horv\u00e1th Anita\" \/>\n<meta name=\"twitter:card\" content=\"summary_large_image\" \/>\n<meta name=\"twitter:label1\" content=\"Szerz\u0151:\" \/>\n\t<meta name=\"twitter:data1\" content=\"V\u00f6lker-Horv\u00e1th Anita\" \/>\n\t<meta name=\"twitter:label2\" content=\"Becs\u00fclt olvas\u00e1si id\u0151\" \/>\n\t<meta name=\"twitter:data2\" content=\"2 perc\" \/>\n<script type=\"application\/ld+json\" class=\"yoast-schema-graph\">{\"@context\":\"https:\/\/schema.org\",\"@graph\":[{\"@type\":\"Article\",\"@id\":\"https:\/\/sztgotthard-altisk.hu\/?p=6674#article\",\"isPartOf\":{\"@id\":\"https:\/\/sztgotthard-altisk.hu\/?p=6674\"},\"author\":{\"name\":\"V\u00f6lker-Horv\u00e1th Anita\",\"@id\":\"https:\/\/sztgotthard-altisk.hu\/#\/schema\/person\/81c8789606fdb4ad7bfb6e46cc0047be\"},\"headline\":\"T\u00e1j\u00e9koztat\u00f3 az \u00e9tkez\u00e9ssel kapcsolatban\",\"datePublished\":\"2022-08-31T09:59:37+00:00\",\"mainEntityOfPage\":{\"@id\":\"https:\/\/sztgotthard-altisk.hu\/?p=6674\"},\"wordCount\":312,\"commentCount\":0,\"publisher\":{\"@id\":\"https:\/\/sztgotthard-altisk.hu\/#organization\"},\"image\":{\"@id\":\"https:\/\/sztgotthard-altisk.hu\/?p=6674#primaryimage\"},\"thumbnailUrl\":\"https:\/\/i0.wp.com\/sztgotthard-altisk.hu\/wp-content\/uploads\/2022\/08\/figyelem3.jpg?fit=480%2C600&ssl=1\",\"keywords\":[\"t\u00e1j\u00e9koztat\u00f3 \u00e9tkez\u00e9sr\u0151l\"],\"inLanguage\":\"hu\"},{\"@type\":\"WebPage\",\"@id\":\"https:\/\/sztgotthard-altisk.hu\/?p=6674\",\"url\":\"https:\/\/sztgotthard-altisk.hu\/?p=6674\",\"name\":\"T\u00e1j\u00e9koztat\u00f3 az \u00e9tkez\u00e9ssel kapcsolatban - Szent Gotth\u00e1rd \u00c1ltal\u00e1nos Iskola\",\"isPartOf\":{\"@id\":\"https:\/\/sztgotthard-altisk.hu\/#website\"},\"primaryImageOfPage\":{\"@id\":\"https:\/\/sztgotthard-altisk.hu\/?p=6674#primaryimage\"},\"image\":{\"@id\":\"https:\/\/sztgotthard-altisk.hu\/?p=6674#primaryimage\"},\"thumbnailUrl\":\"https:\/\/i0.wp.com\/sztgotthard-altisk.hu\/wp-content\/uploads\/2022\/08\/figyelem3.jpg?fit=480%2C600&ssl=1\",\"datePublished\":\"2022-08-31T09:59:37+00:00\",\"description\":\"t\u00e1j\u00e9koztat\u00f3 \u00e9tkez\u00e9sr\u0151l\",\"breadcrumb\":{\"@id\":\"https:\/\/sztgotthard-altisk.hu\/?p=6674#breadcrumb\"},\"inLanguage\":\"hu\",\"potentialAction\":[{\"@type\":\"ReadAction\",\"target\":[\"https:\/\/sztgotthard-altisk.hu\/?p=6674\"]}]},{\"@type\":\"ImageObject\",\"inLanguage\":\"hu\",\"@id\":\"https:\/\/sztgotthard-altisk.hu\/?p=6674#primaryimage\",\"url\":\"https:\/\/i0.wp.com\/sztgotthard-altisk.hu\/wp-content\/uploads\/2022\/08\/figyelem3.jpg?fit=480%2C600&ssl=1\",\"contentUrl\":\"https:\/\/i0.wp.com\/sztgotthard-altisk.hu\/wp-content\/uploads\/2022\/08\/figyelem3.jpg?fit=480%2C600&ssl=1\",\"width\":480,\"height\":600},{\"@type\":\"BreadcrumbList\",\"@id\":\"https:\/\/sztgotthard-altisk.hu\/?p=6674#breadcrumb\",\"itemListElement\":[{\"@type\":\"ListItem\",\"position\":1,\"name\":\"Kezd\u0151lap\",\"item\":\"https:\/\/sztgotthard-altisk.hu\/\"},{\"@type\":\"ListItem\",\"position\":2,\"name\":\"T\u00e1j\u00e9koztat\u00f3 az \u00e9tkez\u00e9ssel kapcsolatban\"}]},{\"@type\":\"WebSite\",\"@id\":\"https:\/\/sztgotthard-altisk.hu\/#website\",\"url\":\"https:\/\/sztgotthard-altisk.hu\/\",\"name\":\"Szent Gotth\u00e1rd \u00c1ltal\u00e1nos Iskola\",\"description\":\"Szent Gotth\u00e1rd \u00c1ltal\u00e1nos Iskola\",\"publisher\":{\"@id\":\"https:\/\/sztgotthard-altisk.hu\/#organization\"},\"potentialAction\":[{\"@type\":\"SearchAction\",\"target\":{\"@type\":\"EntryPoint\",\"urlTemplate\":\"https:\/\/sztgotthard-altisk.hu\/?s={search_term_string}\"},\"query-input\":{\"@type\":\"PropertyValueSpecification\",\"valueRequired\":true,\"valueName\":\"search_term_string\"}}],\"inLanguage\":\"hu\"},{\"@type\":\"Organization\",\"@id\":\"https:\/\/sztgotthard-altisk.hu\/#organization\",\"name\":\"Szent Gell\u00e9rt \u00c1ltal\u00e1nos Iskola\",\"url\":\"https:\/\/sztgotthard-altisk.hu\/\",\"logo\":{\"@type\":\"ImageObject\",\"inLanguage\":\"hu\",\"@id\":\"https:\/\/sztgotthard-altisk.hu\/#\/schema\/logo\/image\/\",\"url\":\"https:\/\/i0.wp.com\/www.sztgotthard-altisk.hu\/wp-content\/uploads\/2022\/01\/sztg_altisk_logo.png?fit=161%2C129&ssl=1\",\"contentUrl\":\"https:\/\/i0.wp.com\/www.sztgotthard-altisk.hu\/wp-content\/uploads\/2022\/01\/sztg_altisk_logo.png?fit=161%2C129&ssl=1\",\"width\":161,\"height\":129,\"caption\":\"Szent Gell\u00e9rt \u00c1ltal\u00e1nos Iskola\"},\"image\":{\"@id\":\"https:\/\/sztgotthard-altisk.hu\/#\/schema\/logo\/image\/\"}},{\"@type\":\"Person\",\"@id\":\"https:\/\/sztgotthard-altisk.hu\/#\/schema\/person\/81c8789606fdb4ad7bfb6e46cc0047be\",\"name\":\"V\u00f6lker-Horv\u00e1th Anita\",\"image\":{\"@type\":\"ImageObject\",\"inLanguage\":\"hu\",\"@id\":\"https:\/\/sztgotthard-altisk.hu\/#\/schema\/person\/image\/\",\"url\":\"https:\/\/secure.gravatar.com\/avatar\/1a8d66fc73f8c791cf78a7063191d6b70541d018583a3fa8a3f40a10d64e7e73?s=96&d=mm&r=g\",\"contentUrl\":\"https:\/\/secure.gravatar.com\/avatar\/1a8d66fc73f8c791cf78a7063191d6b70541d018583a3fa8a3f40a10d64e7e73?s=96&d=mm&r=g\",\"caption\":\"V\u00f6lker-Horv\u00e1th Anita\"},\"url\":\"https:\/\/sztgotthard-altisk.hu\/?author=5\"}]}<\/script>\n<!-- \/ Yoast SEO plugin. -->","yoast_head_json":{"title":"T\u00e1j\u00e9koztat\u00f3 az \u00e9tkez\u00e9ssel kapcsolatban - Szent Gotth\u00e1rd \u00c1ltal\u00e1nos Iskola","description":"t\u00e1j\u00e9koztat\u00f3 \u00e9tkez\u00e9sr\u0151l","robots":{"index":"index","follow":"follow","max-snippet":"max-snippet:-1","max-image-preview":"max-image-preview:large","max-video-preview":"max-video-preview:-1"},"canonical":"https:\/\/sztgotthard-altisk.hu\/?p=6674","og_locale":"hu_HU","og_type":"article","og_title":"T\u00e1j\u00e9koztat\u00f3 az \u00e9tkez\u00e9ssel kapcsolatban - Szent Gotth\u00e1rd \u00c1ltal\u00e1nos Iskola","og_description":"t\u00e1j\u00e9koztat\u00f3 \u00e9tkez\u00e9sr\u0151l","og_url":"https:\/\/sztgotthard-altisk.hu\/?p=6674","og_site_name":"Szent Gotth\u00e1rd \u00c1ltal\u00e1nos Iskola","article_published_time":"2022-08-31T09:59:37+00:00","og_image":[{"width":480,"height":600,"url":"https:\/\/i0.wp.com\/sztgotthard-altisk.hu\/wp-content\/uploads\/2022\/08\/figyelem3.jpg?fit=480%2C600&ssl=1","type":"image\/jpeg"}],"author":"V\u00f6lker-Horv\u00e1th Anita","twitter_card":"summary_large_image","twitter_misc":{"Szerz\u0151:":"V\u00f6lker-Horv\u00e1th Anita","Becs\u00fclt olvas\u00e1si id\u0151":"2 perc"},"schema":{"@context":"https:\/\/schema.org","@graph":[{"@type":"Article","@id":"https:\/\/sztgotthard-altisk.hu\/?p=6674#article","isPartOf":{"@id":"https:\/\/sztgotthard-altisk.hu\/?p=6674"},"author":{"name":"V\u00f6lker-Horv\u00e1th Anita","@id":"https:\/\/sztgotthard-altisk.hu\/#\/schema\/person\/81c8789606fdb4ad7bfb6e46cc0047be"},"headline":"T\u00e1j\u00e9koztat\u00f3 az \u00e9tkez\u00e9ssel kapcsolatban","datePublished":"2022-08-31T09:59:37+00:00","mainEntityOfPage":{"@id":"https:\/\/sztgotthard-altisk.hu\/?p=6674"},"wordCount":312,"commentCount":0,"publisher":{"@id":"https:\/\/sztgotthard-altisk.hu\/#organization"},"image":{"@id":"https:\/\/sztgotthard-altisk.hu\/?p=6674#primaryimage"},"thumbnailUrl":"https:\/\/i0.wp.com\/sztgotthard-altisk.hu\/wp-content\/uploads\/2022\/08\/figyelem3.jpg?fit=480%2C600&ssl=1","keywords":["t\u00e1j\u00e9koztat\u00f3 \u00e9tkez\u00e9sr\u0151l"],"inLanguage":"hu"},{"@type":"WebPage","@id":"https:\/\/sztgotthard-altisk.hu\/?p=6674","url":"https:\/\/sztgotthard-altisk.hu\/?p=6674","name":"T\u00e1j\u00e9koztat\u00f3 az \u00e9tkez\u00e9ssel kapcsolatban - Szent Gotth\u00e1rd \u00c1ltal\u00e1nos Iskola","isPartOf":{"@id":"https:\/\/sztgotthard-altisk.hu\/#website"},"primaryImageOfPage":{"@id":"https:\/\/sztgotthard-altisk.hu\/?p=6674#primaryimage"},"image":{"@id":"https:\/\/sztgotthard-altisk.hu\/?p=6674#primaryimage"},"thumbnailUrl":"https:\/\/i0.wp.com\/sztgotthard-altisk.hu\/wp-content\/uploads\/2022\/08\/figyelem3.jpg?fit=480%2C600&ssl=1","datePublished":"2022-08-31T09:59:37+00:00","description":"t\u00e1j\u00e9koztat\u00f3 \u00e9tkez\u00e9sr\u0151l","breadcrumb":{"@id":"https:\/\/sztgotthard-altisk.hu\/?p=6674#breadcrumb"},"inLanguage":"hu","potentialAction":[{"@type":"ReadAction","target":["https:\/\/sztgotthard-altisk.hu\/?p=6674"]}]},{"@type":"ImageObject","inLanguage":"hu","@id":"https:\/\/sztgotthard-altisk.hu\/?p=6674#primaryimage","url":"https:\/\/i0.wp.com\/sztgotthard-altisk.hu\/wp-content\/uploads\/2022\/08\/figyelem3.jpg?fit=480%2C600&ssl=1","contentUrl":"https:\/\/i0.wp.com\/sztgotthard-altisk.hu\/wp-content\/uploads\/2022\/08\/figyelem3.jpg?fit=480%2C600&ssl=1","width":480,"height":600},{"@type":"BreadcrumbList","@id":"https:\/\/sztgotthard-altisk.hu\/?p=6674#breadcrumb","itemListElement":[{"@type":"ListItem","position":1,"name":"Kezd\u0151lap","item":"https:\/\/sztgotthard-altisk.hu\/"},{"@type":"ListItem","position":2,"name":"T\u00e1j\u00e9koztat\u00f3 az \u00e9tkez\u00e9ssel kapcsolatban"}]},{"@type":"WebSite","@id":"https:\/\/sztgotthard-altisk.hu\/#website","url":"https:\/\/sztgotthard-altisk.hu\/","name":"Szent Gotth\u00e1rd \u00c1ltal\u00e1nos Iskola","description":"Szent Gotth\u00e1rd \u00c1ltal\u00e1nos Iskola","publisher":{"@id":"https:\/\/sztgotthard-altisk.hu\/#organization"},"potentialAction":[{"@type":"SearchAction","target":{"@type":"EntryPoint","urlTemplate":"https:\/\/sztgotthard-altisk.hu\/?s={search_term_string}"},"query-input":{"@type":"PropertyValueSpecification","valueRequired":true,"valueName":"search_term_string"}}],"inLanguage":"hu"},{"@type":"Organization","@id":"https:\/\/sztgotthard-altisk.hu\/#organization","name":"Szent Gell\u00e9rt \u00c1ltal\u00e1nos Iskola","url":"https:\/\/sztgotthard-altisk.hu\/","logo":{"@type":"ImageObject","inLanguage":"hu","@id":"https:\/\/sztgotthard-altisk.hu\/#\/schema\/logo\/image\/","url":"https:\/\/i0.wp.com\/www.sztgotthard-altisk.hu\/wp-content\/uploads\/2022\/01\/sztg_altisk_logo.png?fit=161%2C129&ssl=1","contentUrl":"https:\/\/i0.wp.com\/www.sztgotthard-altisk.hu\/wp-content\/uploads\/2022\/01\/sztg_altisk_logo.png?fit=161%2C129&ssl=1","width":161,"height":129,"caption":"Szent Gell\u00e9rt \u00c1ltal\u00e1nos Iskola"},"image":{"@id":"https:\/\/sztgotthard-altisk.hu\/#\/schema\/logo\/image\/"}},{"@type":"Person","@id":"https:\/\/sztgotthard-altisk.hu\/#\/schema\/person\/81c8789606fdb4ad7bfb6e46cc0047be","name":"V\u00f6lker-Horv\u00e1th Anita","image":{"@type":"ImageObject","inLanguage":"hu","@id":"https:\/\/sztgotthard-altisk.hu\/#\/schema\/person\/image\/","url":"https:\/\/secure.gravatar.com\/avatar\/1a8d66fc73f8c791cf78a7063191d6b70541d018583a3fa8a3f40a10d64e7e73?s=96&d=mm&r=g","contentUrl":"https:\/\/secure.gravatar.com\/avatar\/1a8d66fc73f8c791cf78a7063191d6b70541d018583a3fa8a3f40a10d64e7e73?s=96&d=mm&r=g","caption":"V\u00f6lker-Horv\u00e1th Anita"},"url":"https:\/\/sztgotthard-altisk.hu\/?author=5"}]}},"jetpack_featured_media_url":"https:\/\/i0.wp.com\/sztgotthard-altisk.hu\/wp-content\/uploads\/2022\/08\/figyelem3.jpg?fit=480%2C600&ssl=1","jetpack_shortlink":"https:\/\/wp.me\/p9tyQr-1JE","jetpack_sharing_enabled":true,"_links":{"self":[{"href":"https:\/\/sztgotthard-altisk.hu\/index.php?rest_route=\/wp\/v2\/posts\/6674","targetHints":{"allow":["GET"]}}],"collection":[{"href":"https:\/\/sztgotthard-altisk.hu\/index.php?rest_route=\/wp\/v2\/posts"}],"about":[{"href":"https:\/\/sztgotthard-altisk.hu\/index.php?rest_route=\/wp\/v2\/types\/post"}],"author":[{"embeddable":true,"href":"https:\/\/sztgotthard-altisk.hu\/index.php?rest_route=\/wp\/v2\/users\/5"}],"replies":[{"embeddable":true,"href":"https:\/\/sztgotthard-altisk.hu\/index.php?rest_route=%2Fwp%2Fv2%2Fcomments&post=6674"}],"version-history":[{"count":1,"href":"https:\/\/sztgotthard-altisk.hu\/index.php?rest_route=\/wp\/v2\/posts\/6674\/revisions"}],"predecessor-version":[{"id":6676,"href":"https:\/\/sztgotthard-altisk.hu\/index.php?rest_route=\/wp\/v2\/posts\/6674\/revisions\/6676"}],"wp:featuredmedia":[{"embeddable":true,"href":"https:\/\/sztgotthard-altisk.hu\/index.php?rest_route=\/wp\/v2\/media\/6675"}],"wp:attachment":[{"href":"https:\/\/sztgotthard-altisk.hu\/index.php?rest_route=%2Fwp%2Fv2%2Fmedia&parent=6674"}],"wp:term":[{"taxonomy":"category","embeddable":true,"href":"https:\/\/sztgotthard-altisk.hu\/index.php?rest_route=%2Fwp%2Fv2%2Fcategories&post=6674"},{"taxonomy":"post_tag","embeddable":true,"href":"https:\/\/sztgotthard-altisk.hu\/index.php?rest_route=%2Fwp%2Fv2%2Ftags&post=6674"}],"curies":[{"name":"wp","href":"https:\/\/api.w.org\/{rel}","templated":true}]}}