{"id":6477,"date":"2022-05-12T10:36:00","date_gmt":"2022-05-12T09:36:00","guid":{"rendered":"https:\/\/www.sztgotthard-altisk.hu\/?p=6477"},"modified":"2022-05-12T10:41:31","modified_gmt":"2022-05-12T09:41:31","slug":"labdarugo-megyei-diakolimpia-donto","status":"publish","type":"post","link":"https:\/\/sztgotthard-altisk.hu\/?p=6477","title":{"rendered":"Labdar\u00fag\u00f3 megyei di\u00e1kolimpia d\u00f6nt\u0151"},"content":{"rendered":"<p>M\u00e1jus 10-\u00e9n ker\u00fclt sor Szombathelyen az I. korcsoportos Labdar\u00fag\u00f3 Di\u00e1kolimpia Megyei D\u00f6nt\u0151j\u00e9re, ahol iskol\u00e1nk csapata a 4. helyen v\u00e9gzett.<\/p>\n<p><a href=\"https:\/\/i0.wp.com\/www.sztgotthard-altisk.hu\/wp-content\/uploads\/2022\/05\/280160084_519898443109703_6350249049305747175_n.jpg?ssl=1\"><img data-recalc-dims=\"1\" fetchpriority=\"high\" decoding=\"async\" class=\"alignnone size-medium wp-image-6479\" src=\"https:\/\/i0.wp.com\/www.sztgotthard-altisk.hu\/wp-content\/uploads\/2022\/05\/280160084_519898443109703_6350249049305747175_n-300x225.jpg?resize=300%2C225&#038;ssl=1\" alt=\"\" width=\"300\" height=\"225\" srcset=\"https:\/\/i0.wp.com\/sztgotthard-altisk.hu\/wp-content\/uploads\/2022\/05\/280160084_519898443109703_6350249049305747175_n.jpg?resize=300%2C225&amp;ssl=1 300w, https:\/\/i0.wp.com\/sztgotthard-altisk.hu\/wp-content\/uploads\/2022\/05\/280160084_519898443109703_6350249049305747175_n.jpg?resize=1024%2C768&amp;ssl=1 1024w, https:\/\/i0.wp.com\/sztgotthard-altisk.hu\/wp-content\/uploads\/2022\/05\/280160084_519898443109703_6350249049305747175_n.jpg?resize=768%2C576&amp;ssl=1 768w, https:\/\/i0.wp.com\/sztgotthard-altisk.hu\/wp-content\/uploads\/2022\/05\/280160084_519898443109703_6350249049305747175_n.jpg?w=1156&amp;ssl=1 1156w\" sizes=\"(max-width: 300px) 100vw, 300px\" \/><\/a><\/p>\n<p style=\"text-align: justify;\">Fels\u0151 sor: Katona D\u00e1niel (testnevel\u0151 tan\u00e1r), Kov\u00e1cs \u00c1d\u00e1m, Szepesi \u00c1kos, Czotter Tam\u00e1s, Greben\u00e1r Mil\u00e1n, Hegyi J\u00f3zsef (testnevel\u0151)<\/p>\n<p style=\"text-align: justify;\">Als\u00f3 sor: S\u00f6menek Levente, N\u00e9meth D\u00e1vid, \u00d3v\u00e1ri Filip, S\u00f6menek B\u00e1lint, R\u00fcsics Levente, Mesics D\u00e1vid<\/p>\n<p style=\"text-align: justify;\">M\u00e1snap a II. korcsoportos fi\u00fak k\u00fczd\u00f6ttek a <strong>megyei<\/strong> d\u00f6nt\u0151n \u00e9s b\u00e1r v\u00e9gig a &#8222;leveg\u0151ben volt&#8221; a tov\u00e1bbjut\u00e1s lehet\u0151s\u00e9ge, v\u00e9g\u00fcl szoros k\u00fczdelemben, kiv\u00e1l\u00f3 j\u00e1t\u00e9kkal a <strong>3. helyez\u00e9st<\/strong> \u00e9rt\u00e9k el.\u00a0\u00a0<\/p>\n<p><a href=\"https:\/\/i0.wp.com\/www.sztgotthard-altisk.hu\/wp-content\/uploads\/2022\/05\/280270269_364792112347336_3210273338252890332_n.jpg?ssl=1\"><img data-recalc-dims=\"1\" decoding=\"async\" class=\"alignnone size-medium wp-image-6480\" src=\"https:\/\/i0.wp.com\/www.sztgotthard-altisk.hu\/wp-content\/uploads\/2022\/05\/280270269_364792112347336_3210273338252890332_n-300x225.jpg?resize=300%2C225&#038;ssl=1\" alt=\"\" width=\"300\" height=\"225\" srcset=\"https:\/\/i0.wp.com\/sztgotthard-altisk.hu\/wp-content\/uploads\/2022\/05\/280270269_364792112347336_3210273338252890332_n.jpg?resize=300%2C225&amp;ssl=1 300w, https:\/\/i0.wp.com\/sztgotthard-altisk.hu\/wp-content\/uploads\/2022\/05\/280270269_364792112347336_3210273338252890332_n.jpg?resize=768%2C576&amp;ssl=1 768w, https:\/\/i0.wp.com\/sztgotthard-altisk.hu\/wp-content\/uploads\/2022\/05\/280270269_364792112347336_3210273338252890332_n.jpg?w=960&amp;ssl=1 960w\" sizes=\"(max-width: 300px) 100vw, 300px\" \/><\/a><\/p>\n<p>Fels\u0151 sor: Katona D\u00e1niel (testnevel\u0151), S\u00fct\u0151 Bal\u00e1zs, Bajzek Benedek, N\u00e9meth NoelPusk\u00e1s Botond, Hegyi J\u00f3zsef (testnevel\u0151)<\/p>\n<p>Als\u00f3 sor: Kiszler Benedek, G\u00e9csek Benett, Poszavecz L\u00e9n\u00e1rd, V\u00f6lker Oliv\u00e9r, S\u00fcle M\u00e1t\u00e9<\/p>\n<p>Kapus: Vari Huba<\/p>\n<p>Sz\u00edvb\u0151l gratul\u00e1lunk mindannyiuknak!<\/p>\n","protected":false},"excerpt":{"rendered":"<p>M\u00e1jus 10-\u00e9n ker\u00fclt sor Szombathelyen az I. korcsoportos Labdar\u00fag\u00f3 Di\u00e1kolimpia Megyei D\u00f6nt\u0151j\u00e9re, ahol iskol\u00e1nk csapata a 4. helyen v\u00e9gzett. Fels\u0151 sor: Katona D\u00e1niel (testnevel\u0151 tan\u00e1r), Kov\u00e1cs \u00c1d\u00e1m, Szepesi \u00c1kos, Czotter Tam\u00e1s, Greben\u00e1r Mil\u00e1n, Hegyi J\u00f3zsef (testnevel\u0151) Als\u00f3 sor: S\u00f6menek Levente, N\u00e9meth D\u00e1vid, \u00d3v\u00e1ri Filip, S\u00f6menek B\u00e1lint, R\u00fcsics Levente, Mesics D\u00e1vid M\u00e1snap a II. korcsoportos fi\u00fak [&hellip;]<\/p>\n","protected":false},"author":5,"featured_media":6482,"comment_status":"open","ping_status":"open","sticky":false,"template":"","format":"standard","meta":{"_exactmetrics_skip_tracking":false,"_exactmetrics_sitenote_active":false,"_exactmetrics_sitenote_note":"","_exactmetrics_sitenote_category":0,"_jetpack_memberships_contains_paid_content":false,"footnotes":""},"categories":[5],"tags":[254,431,91],"class_list":["post-6477","post","type-post","status-publish","format-standard","has-post-thumbnail","hentry","category-hirek","tag-donto","tag-labdarugo","tag-megyei"],"yoast_head":"<!-- This site is optimized with the Yoast SEO plugin v26.7 - https:\/\/yoast.com\/wordpress\/plugins\/seo\/ -->\n<title>Labdar\u00fag\u00f3 megyei di\u00e1kolimpia d\u00f6nt\u0151 - Szent Gotth\u00e1rd \u00c1ltal\u00e1nos Iskola<\/title>\n<meta name=\"description\" content=\"di\u00e1kolimpia, megyei, d\u00f6nt\u0151, labdar\u00fag\u00f3\" \/>\n<meta name=\"robots\" content=\"index, follow, max-snippet:-1, max-image-preview:large, max-video-preview:-1\" \/>\n<link rel=\"canonical\" href=\"https:\/\/sztgotthard-altisk.hu\/?p=6477\" \/>\n<meta property=\"og:locale\" content=\"hu_HU\" \/>\n<meta property=\"og:type\" content=\"article\" \/>\n<meta property=\"og:title\" content=\"Labdar\u00fag\u00f3 megyei di\u00e1kolimpia d\u00f6nt\u0151 - Szent Gotth\u00e1rd \u00c1ltal\u00e1nos Iskola\" \/>\n<meta property=\"og:description\" content=\"di\u00e1kolimpia, megyei, d\u00f6nt\u0151, labdar\u00fag\u00f3\" \/>\n<meta property=\"og:url\" content=\"https:\/\/sztgotthard-altisk.hu\/?p=6477\" \/>\n<meta property=\"og:site_name\" content=\"Szent Gotth\u00e1rd \u00c1ltal\u00e1nos Iskola\" \/>\n<meta property=\"article:published_time\" content=\"2022-05-12T09:36:00+00:00\" \/>\n<meta property=\"article:modified_time\" content=\"2022-05-12T09:41:31+00:00\" \/>\n<meta property=\"og:image\" content=\"https:\/\/i0.wp.com\/sztgotthard-altisk.hu\/wp-content\/uploads\/2022\/05\/images.jpg?fit=533%2C280&ssl=1\" \/>\n\t<meta property=\"og:image:width\" content=\"533\" \/>\n\t<meta property=\"og:image:height\" content=\"280\" \/>\n\t<meta property=\"og:image:type\" content=\"image\/jpeg\" \/>\n<meta name=\"author\" content=\"V\u00f6lker-Horv\u00e1th Anita\" \/>\n<meta name=\"twitter:card\" content=\"summary_large_image\" \/>\n<meta name=\"twitter:label1\" content=\"Szerz\u0151:\" \/>\n\t<meta name=\"twitter:data1\" content=\"V\u00f6lker-Horv\u00e1th Anita\" \/>\n\t<meta name=\"twitter:label2\" content=\"Becs\u00fclt olvas\u00e1si id\u0151\" \/>\n\t<meta name=\"twitter:data2\" content=\"1 perc\" \/>\n<script type=\"application\/ld+json\" class=\"yoast-schema-graph\">{\"@context\":\"https:\/\/schema.org\",\"@graph\":[{\"@type\":\"Article\",\"@id\":\"https:\/\/sztgotthard-altisk.hu\/?p=6477#article\",\"isPartOf\":{\"@id\":\"https:\/\/sztgotthard-altisk.hu\/?p=6477\"},\"author\":{\"name\":\"V\u00f6lker-Horv\u00e1th Anita\",\"@id\":\"https:\/\/sztgotthard-altisk.hu\/#\/schema\/person\/81c8789606fdb4ad7bfb6e46cc0047be\"},\"headline\":\"Labdar\u00fag\u00f3 megyei di\u00e1kolimpia d\u00f6nt\u0151\",\"datePublished\":\"2022-05-12T09:36:00+00:00\",\"dateModified\":\"2022-05-12T09:41:31+00:00\",\"mainEntityOfPage\":{\"@id\":\"https:\/\/sztgotthard-altisk.hu\/?p=6477\"},\"wordCount\":179,\"commentCount\":0,\"publisher\":{\"@id\":\"https:\/\/sztgotthard-altisk.hu\/#organization\"},\"image\":{\"@id\":\"https:\/\/sztgotthard-altisk.hu\/?p=6477#primaryimage\"},\"thumbnailUrl\":\"https:\/\/i0.wp.com\/sztgotthard-altisk.hu\/wp-content\/uploads\/2022\/05\/images.jpg?fit=533%2C280&ssl=1\",\"keywords\":[\"dont\u00f3\",\"labdar\u00fag\u00f3\",\"megyei\"],\"articleSection\":[\"H\u00edrek\"],\"inLanguage\":\"hu\"},{\"@type\":\"WebPage\",\"@id\":\"https:\/\/sztgotthard-altisk.hu\/?p=6477\",\"url\":\"https:\/\/sztgotthard-altisk.hu\/?p=6477\",\"name\":\"Labdar\u00fag\u00f3 megyei di\u00e1kolimpia d\u00f6nt\u0151 - Szent Gotth\u00e1rd \u00c1ltal\u00e1nos Iskola\",\"isPartOf\":{\"@id\":\"https:\/\/sztgotthard-altisk.hu\/#website\"},\"primaryImageOfPage\":{\"@id\":\"https:\/\/sztgotthard-altisk.hu\/?p=6477#primaryimage\"},\"image\":{\"@id\":\"https:\/\/sztgotthard-altisk.hu\/?p=6477#primaryimage\"},\"thumbnailUrl\":\"https:\/\/i0.wp.com\/sztgotthard-altisk.hu\/wp-content\/uploads\/2022\/05\/images.jpg?fit=533%2C280&ssl=1\",\"datePublished\":\"2022-05-12T09:36:00+00:00\",\"dateModified\":\"2022-05-12T09:41:31+00:00\",\"description\":\"di\u00e1kolimpia, megyei, d\u00f6nt\u0151, labdar\u00fag\u00f3\",\"breadcrumb\":{\"@id\":\"https:\/\/sztgotthard-altisk.hu\/?p=6477#breadcrumb\"},\"inLanguage\":\"hu\",\"potentialAction\":[{\"@type\":\"ReadAction\",\"target\":[\"https:\/\/sztgotthard-altisk.hu\/?p=6477\"]}]},{\"@type\":\"ImageObject\",\"inLanguage\":\"hu\",\"@id\":\"https:\/\/sztgotthard-altisk.hu\/?p=6477#primaryimage\",\"url\":\"https:\/\/i0.wp.com\/sztgotthard-altisk.hu\/wp-content\/uploads\/2022\/05\/images.jpg?fit=533%2C280&ssl=1\",\"contentUrl\":\"https:\/\/i0.wp.com\/sztgotthard-altisk.hu\/wp-content\/uploads\/2022\/05\/images.jpg?fit=533%2C280&ssl=1\",\"width\":533,\"height\":280},{\"@type\":\"BreadcrumbList\",\"@id\":\"https:\/\/sztgotthard-altisk.hu\/?p=6477#breadcrumb\",\"itemListElement\":[{\"@type\":\"ListItem\",\"position\":1,\"name\":\"Kezd\u0151lap\",\"item\":\"https:\/\/sztgotthard-altisk.hu\/\"},{\"@type\":\"ListItem\",\"position\":2,\"name\":\"Labdar\u00fag\u00f3 megyei di\u00e1kolimpia d\u00f6nt\u0151\"}]},{\"@type\":\"WebSite\",\"@id\":\"https:\/\/sztgotthard-altisk.hu\/#website\",\"url\":\"https:\/\/sztgotthard-altisk.hu\/\",\"name\":\"Szent Gotth\u00e1rd \u00c1ltal\u00e1nos Iskola\",\"description\":\"Szent Gotth\u00e1rd \u00c1ltal\u00e1nos Iskola\",\"publisher\":{\"@id\":\"https:\/\/sztgotthard-altisk.hu\/#organization\"},\"potentialAction\":[{\"@type\":\"SearchAction\",\"target\":{\"@type\":\"EntryPoint\",\"urlTemplate\":\"https:\/\/sztgotthard-altisk.hu\/?s={search_term_string}\"},\"query-input\":{\"@type\":\"PropertyValueSpecification\",\"valueRequired\":true,\"valueName\":\"search_term_string\"}}],\"inLanguage\":\"hu\"},{\"@type\":\"Organization\",\"@id\":\"https:\/\/sztgotthard-altisk.hu\/#organization\",\"name\":\"Szent Gell\u00e9rt \u00c1ltal\u00e1nos Iskola\",\"url\":\"https:\/\/sztgotthard-altisk.hu\/\",\"logo\":{\"@type\":\"ImageObject\",\"inLanguage\":\"hu\",\"@id\":\"https:\/\/sztgotthard-altisk.hu\/#\/schema\/logo\/image\/\",\"url\":\"https:\/\/i0.wp.com\/www.sztgotthard-altisk.hu\/wp-content\/uploads\/2022\/01\/sztg_altisk_logo.png?fit=161%2C129&ssl=1\",\"contentUrl\":\"https:\/\/i0.wp.com\/www.sztgotthard-altisk.hu\/wp-content\/uploads\/2022\/01\/sztg_altisk_logo.png?fit=161%2C129&ssl=1\",\"width\":161,\"height\":129,\"caption\":\"Szent Gell\u00e9rt \u00c1ltal\u00e1nos Iskola\"},\"image\":{\"@id\":\"https:\/\/sztgotthard-altisk.hu\/#\/schema\/logo\/image\/\"}},{\"@type\":\"Person\",\"@id\":\"https:\/\/sztgotthard-altisk.hu\/#\/schema\/person\/81c8789606fdb4ad7bfb6e46cc0047be\",\"name\":\"V\u00f6lker-Horv\u00e1th Anita\",\"image\":{\"@type\":\"ImageObject\",\"inLanguage\":\"hu\",\"@id\":\"https:\/\/sztgotthard-altisk.hu\/#\/schema\/person\/image\/\",\"url\":\"https:\/\/secure.gravatar.com\/avatar\/1a8d66fc73f8c791cf78a7063191d6b70541d018583a3fa8a3f40a10d64e7e73?s=96&d=mm&r=g\",\"contentUrl\":\"https:\/\/secure.gravatar.com\/avatar\/1a8d66fc73f8c791cf78a7063191d6b70541d018583a3fa8a3f40a10d64e7e73?s=96&d=mm&r=g\",\"caption\":\"V\u00f6lker-Horv\u00e1th Anita\"},\"url\":\"https:\/\/sztgotthard-altisk.hu\/?author=5\"}]}<\/script>\n<!-- \/ Yoast SEO plugin. -->","yoast_head_json":{"title":"Labdar\u00fag\u00f3 megyei di\u00e1kolimpia d\u00f6nt\u0151 - Szent Gotth\u00e1rd \u00c1ltal\u00e1nos Iskola","description":"di\u00e1kolimpia, megyei, d\u00f6nt\u0151, labdar\u00fag\u00f3","robots":{"index":"index","follow":"follow","max-snippet":"max-snippet:-1","max-image-preview":"max-image-preview:large","max-video-preview":"max-video-preview:-1"},"canonical":"https:\/\/sztgotthard-altisk.hu\/?p=6477","og_locale":"hu_HU","og_type":"article","og_title":"Labdar\u00fag\u00f3 megyei di\u00e1kolimpia d\u00f6nt\u0151 - Szent Gotth\u00e1rd \u00c1ltal\u00e1nos Iskola","og_description":"di\u00e1kolimpia, megyei, d\u00f6nt\u0151, labdar\u00fag\u00f3","og_url":"https:\/\/sztgotthard-altisk.hu\/?p=6477","og_site_name":"Szent Gotth\u00e1rd \u00c1ltal\u00e1nos Iskola","article_published_time":"2022-05-12T09:36:00+00:00","article_modified_time":"2022-05-12T09:41:31+00:00","og_image":[{"width":533,"height":280,"url":"https:\/\/i0.wp.com\/sztgotthard-altisk.hu\/wp-content\/uploads\/2022\/05\/images.jpg?fit=533%2C280&ssl=1","type":"image\/jpeg"}],"author":"V\u00f6lker-Horv\u00e1th Anita","twitter_card":"summary_large_image","twitter_misc":{"Szerz\u0151:":"V\u00f6lker-Horv\u00e1th Anita","Becs\u00fclt olvas\u00e1si id\u0151":"1 perc"},"schema":{"@context":"https:\/\/schema.org","@graph":[{"@type":"Article","@id":"https:\/\/sztgotthard-altisk.hu\/?p=6477#article","isPartOf":{"@id":"https:\/\/sztgotthard-altisk.hu\/?p=6477"},"author":{"name":"V\u00f6lker-Horv\u00e1th Anita","@id":"https:\/\/sztgotthard-altisk.hu\/#\/schema\/person\/81c8789606fdb4ad7bfb6e46cc0047be"},"headline":"Labdar\u00fag\u00f3 megyei di\u00e1kolimpia d\u00f6nt\u0151","datePublished":"2022-05-12T09:36:00+00:00","dateModified":"2022-05-12T09:41:31+00:00","mainEntityOfPage":{"@id":"https:\/\/sztgotthard-altisk.hu\/?p=6477"},"wordCount":179,"commentCount":0,"publisher":{"@id":"https:\/\/sztgotthard-altisk.hu\/#organization"},"image":{"@id":"https:\/\/sztgotthard-altisk.hu\/?p=6477#primaryimage"},"thumbnailUrl":"https:\/\/i0.wp.com\/sztgotthard-altisk.hu\/wp-content\/uploads\/2022\/05\/images.jpg?fit=533%2C280&ssl=1","keywords":["dont\u00f3","labdar\u00fag\u00f3","megyei"],"articleSection":["H\u00edrek"],"inLanguage":"hu"},{"@type":"WebPage","@id":"https:\/\/sztgotthard-altisk.hu\/?p=6477","url":"https:\/\/sztgotthard-altisk.hu\/?p=6477","name":"Labdar\u00fag\u00f3 megyei di\u00e1kolimpia d\u00f6nt\u0151 - Szent Gotth\u00e1rd \u00c1ltal\u00e1nos Iskola","isPartOf":{"@id":"https:\/\/sztgotthard-altisk.hu\/#website"},"primaryImageOfPage":{"@id":"https:\/\/sztgotthard-altisk.hu\/?p=6477#primaryimage"},"image":{"@id":"https:\/\/sztgotthard-altisk.hu\/?p=6477#primaryimage"},"thumbnailUrl":"https:\/\/i0.wp.com\/sztgotthard-altisk.hu\/wp-content\/uploads\/2022\/05\/images.jpg?fit=533%2C280&ssl=1","datePublished":"2022-05-12T09:36:00+00:00","dateModified":"2022-05-12T09:41:31+00:00","description":"di\u00e1kolimpia, megyei, d\u00f6nt\u0151, labdar\u00fag\u00f3","breadcrumb":{"@id":"https:\/\/sztgotthard-altisk.hu\/?p=6477#breadcrumb"},"inLanguage":"hu","potentialAction":[{"@type":"ReadAction","target":["https:\/\/sztgotthard-altisk.hu\/?p=6477"]}]},{"@type":"ImageObject","inLanguage":"hu","@id":"https:\/\/sztgotthard-altisk.hu\/?p=6477#primaryimage","url":"https:\/\/i0.wp.com\/sztgotthard-altisk.hu\/wp-content\/uploads\/2022\/05\/images.jpg?fit=533%2C280&ssl=1","contentUrl":"https:\/\/i0.wp.com\/sztgotthard-altisk.hu\/wp-content\/uploads\/2022\/05\/images.jpg?fit=533%2C280&ssl=1","width":533,"height":280},{"@type":"BreadcrumbList","@id":"https:\/\/sztgotthard-altisk.hu\/?p=6477#breadcrumb","itemListElement":[{"@type":"ListItem","position":1,"name":"Kezd\u0151lap","item":"https:\/\/sztgotthard-altisk.hu\/"},{"@type":"ListItem","position":2,"name":"Labdar\u00fag\u00f3 megyei di\u00e1kolimpia d\u00f6nt\u0151"}]},{"@type":"WebSite","@id":"https:\/\/sztgotthard-altisk.hu\/#website","url":"https:\/\/sztgotthard-altisk.hu\/","name":"Szent Gotth\u00e1rd \u00c1ltal\u00e1nos Iskola","description":"Szent Gotth\u00e1rd \u00c1ltal\u00e1nos Iskola","publisher":{"@id":"https:\/\/sztgotthard-altisk.hu\/#organization"},"potentialAction":[{"@type":"SearchAction","target":{"@type":"EntryPoint","urlTemplate":"https:\/\/sztgotthard-altisk.hu\/?s={search_term_string}"},"query-input":{"@type":"PropertyValueSpecification","valueRequired":true,"valueName":"search_term_string"}}],"inLanguage":"hu"},{"@type":"Organization","@id":"https:\/\/sztgotthard-altisk.hu\/#organization","name":"Szent Gell\u00e9rt \u00c1ltal\u00e1nos Iskola","url":"https:\/\/sztgotthard-altisk.hu\/","logo":{"@type":"ImageObject","inLanguage":"hu","@id":"https:\/\/sztgotthard-altisk.hu\/#\/schema\/logo\/image\/","url":"https:\/\/i0.wp.com\/www.sztgotthard-altisk.hu\/wp-content\/uploads\/2022\/01\/sztg_altisk_logo.png?fit=161%2C129&ssl=1","contentUrl":"https:\/\/i0.wp.com\/www.sztgotthard-altisk.hu\/wp-content\/uploads\/2022\/01\/sztg_altisk_logo.png?fit=161%2C129&ssl=1","width":161,"height":129,"caption":"Szent Gell\u00e9rt \u00c1ltal\u00e1nos Iskola"},"image":{"@id":"https:\/\/sztgotthard-altisk.hu\/#\/schema\/logo\/image\/"}},{"@type":"Person","@id":"https:\/\/sztgotthard-altisk.hu\/#\/schema\/person\/81c8789606fdb4ad7bfb6e46cc0047be","name":"V\u00f6lker-Horv\u00e1th Anita","image":{"@type":"ImageObject","inLanguage":"hu","@id":"https:\/\/sztgotthard-altisk.hu\/#\/schema\/person\/image\/","url":"https:\/\/secure.gravatar.com\/avatar\/1a8d66fc73f8c791cf78a7063191d6b70541d018583a3fa8a3f40a10d64e7e73?s=96&d=mm&r=g","contentUrl":"https:\/\/secure.gravatar.com\/avatar\/1a8d66fc73f8c791cf78a7063191d6b70541d018583a3fa8a3f40a10d64e7e73?s=96&d=mm&r=g","caption":"V\u00f6lker-Horv\u00e1th Anita"},"url":"https:\/\/sztgotthard-altisk.hu\/?author=5"}]}},"jetpack_featured_media_url":"https:\/\/i0.wp.com\/sztgotthard-altisk.hu\/wp-content\/uploads\/2022\/05\/images.jpg?fit=533%2C280&ssl=1","jetpack_shortlink":"https:\/\/wp.me\/p9tyQr-1Gt","jetpack_sharing_enabled":true,"_links":{"self":[{"href":"https:\/\/sztgotthard-altisk.hu\/index.php?rest_route=\/wp\/v2\/posts\/6477","targetHints":{"allow":["GET"]}}],"collection":[{"href":"https:\/\/sztgotthard-altisk.hu\/index.php?rest_route=\/wp\/v2\/posts"}],"about":[{"href":"https:\/\/sztgotthard-altisk.hu\/index.php?rest_route=\/wp\/v2\/types\/post"}],"author":[{"embeddable":true,"href":"https:\/\/sztgotthard-altisk.hu\/index.php?rest_route=\/wp\/v2\/users\/5"}],"replies":[{"embeddable":true,"href":"https:\/\/sztgotthard-altisk.hu\/index.php?rest_route=%2Fwp%2Fv2%2Fcomments&post=6477"}],"version-history":[{"count":3,"href":"https:\/\/sztgotthard-altisk.hu\/index.php?rest_route=\/wp\/v2\/posts\/6477\/revisions"}],"predecessor-version":[{"id":6485,"href":"https:\/\/sztgotthard-altisk.hu\/index.php?rest_route=\/wp\/v2\/posts\/6477\/revisions\/6485"}],"wp:featuredmedia":[{"embeddable":true,"href":"https:\/\/sztgotthard-altisk.hu\/index.php?rest_route=\/wp\/v2\/media\/6482"}],"wp:attachment":[{"href":"https:\/\/sztgotthard-altisk.hu\/index.php?rest_route=%2Fwp%2Fv2%2Fmedia&parent=6477"}],"wp:term":[{"taxonomy":"category","embeddable":true,"href":"https:\/\/sztgotthard-altisk.hu\/index.php?rest_route=%2Fwp%2Fv2%2Fcategories&post=6477"},{"taxonomy":"post_tag","embeddable":true,"href":"https:\/\/sztgotthard-altisk.hu\/index.php?rest_route=%2Fwp%2Fv2%2Ftags&post=6477"}],"curies":[{"name":"wp","href":"https:\/\/api.w.org\/{rel}","templated":true}]}}