{"id":6426,"date":"2022-05-04T14:02:24","date_gmt":"2022-05-04T13:02:24","guid":{"rendered":"https:\/\/www.sztgotthard-altisk.hu\/?p=6426"},"modified":"2022-05-04T14:03:05","modified_gmt":"2022-05-04T13:03:05","slug":"diakolimpia-4","status":"publish","type":"post","link":"https:\/\/sztgotthard-altisk.hu\/?p=6426","title":{"rendered":"Di\u00e1kolimpia"},"content":{"rendered":"<p style=\"text-align: justify;\">M\u00e1jus 2-\u00e1n ker\u00fclt sor Szombathelyen a <strong>Di\u00e1kolimpia h\u00e1rompr\u00f3ba megyei d\u00f6nt\u0151j\u00e9re<\/strong>, ahonnan a <strong>II. korcsoportos l\u00e1nyok<\/strong> kimagasl\u00f3 teljes\u00edtm\u00e9nnyel, sz\u00e9p eredm\u00e9nnyel t\u00e9rhettek haza, ugyanis\u00a0 a dobog\u00f3 <strong>3<\/strong>. fok\u00e1ra \u00e1llhattak fel a verseny v\u00e9g\u00e9n.<\/p>\n<p style=\"text-align: justify;\">Kit\u0171n\u0151en teljes\u00edtettek mindh\u00e1rom sport\u00e1gban: t\u00e1volugr\u00e1s, 60 m-es s\u00edkfut\u00e1s, kislabdahaj\u00edt\u00e1s.<\/p>\n<p style=\"text-align: justify;\">A versenynap 4&#215;100 m-es v\u00e1lt\u00f3fut\u00e1ssal z\u00e1rult, ahol a l\u00e1nyok szint\u00e9n az el\u0151kel\u0151 3. helyet szerezt\u00e9k meg.<\/p>\n<p style=\"text-align: justify;\">A csapat tagjai: Monek Kincs\u0151 (3.b), Monek Csenge (4.a), Heged\u0171s Hanga (4.a), Nagy Mira (4.a), Ga\u00e1l L\u00e9na (4.a), Fodor Sara (5.a).<\/p>\n<p style=\"text-align: justify;\">Felk\u00e9sz\u00edt\u0151k: Hegyi J\u00f3zsef \u00e9s Kozma G\u00e1bor testnevel\u0151k<\/p>\n<p style=\"text-align: justify;\">Sz\u00edvb\u0151l gratul\u00e1lunk mindannyiuknak!<\/p>\n<p><a href=\"https:\/\/i0.wp.com\/www.sztgotthard-altisk.hu\/wp-content\/uploads\/2022\/05\/haromproba2.jpg?ssl=1\"><img data-recalc-dims=\"1\" fetchpriority=\"high\" decoding=\"async\" class=\"alignnone size-medium wp-image-6435\" src=\"https:\/\/i0.wp.com\/www.sztgotthard-altisk.hu\/wp-content\/uploads\/2022\/05\/haromproba2-300x300.jpg?resize=300%2C300&#038;ssl=1\" alt=\"\" width=\"300\" height=\"300\" srcset=\"https:\/\/i0.wp.com\/sztgotthard-altisk.hu\/wp-content\/uploads\/2022\/05\/haromproba2.jpg?resize=300%2C300&amp;ssl=1 300w, https:\/\/i0.wp.com\/sztgotthard-altisk.hu\/wp-content\/uploads\/2022\/05\/haromproba2.jpg?resize=150%2C150&amp;ssl=1 150w, https:\/\/i0.wp.com\/sztgotthard-altisk.hu\/wp-content\/uploads\/2022\/05\/haromproba2.jpg?resize=768%2C768&amp;ssl=1 768w, https:\/\/i0.wp.com\/sztgotthard-altisk.hu\/wp-content\/uploads\/2022\/05\/haromproba2.jpg?w=935&amp;ssl=1 935w\" sizes=\"(max-width: 300px) 100vw, 300px\" \/><\/a><\/p>\n<p><a href=\"https:\/\/i0.wp.com\/www.sztgotthard-altisk.hu\/wp-content\/uploads\/2022\/05\/haromproba.jpg?ssl=1\"><img data-recalc-dims=\"1\" decoding=\"async\" class=\"alignnone size-medium wp-image-6434\" src=\"https:\/\/i0.wp.com\/www.sztgotthard-altisk.hu\/wp-content\/uploads\/2022\/05\/haromproba-300x300.jpg?resize=300%2C300&#038;ssl=1\" alt=\"\" width=\"300\" height=\"300\" srcset=\"https:\/\/i0.wp.com\/sztgotthard-altisk.hu\/wp-content\/uploads\/2022\/05\/haromproba.jpg?resize=300%2C300&amp;ssl=1 300w, https:\/\/i0.wp.com\/sztgotthard-altisk.hu\/wp-content\/uploads\/2022\/05\/haromproba.jpg?resize=1024%2C1024&amp;ssl=1 1024w, https:\/\/i0.wp.com\/sztgotthard-altisk.hu\/wp-content\/uploads\/2022\/05\/haromproba.jpg?resize=150%2C150&amp;ssl=1 150w, https:\/\/i0.wp.com\/sztgotthard-altisk.hu\/wp-content\/uploads\/2022\/05\/haromproba.jpg?resize=768%2C768&amp;ssl=1 768w, https:\/\/i0.wp.com\/sztgotthard-altisk.hu\/wp-content\/uploads\/2022\/05\/haromproba.jpg?resize=1536%2C1536&amp;ssl=1 1536w, https:\/\/i0.wp.com\/sztgotthard-altisk.hu\/wp-content\/uploads\/2022\/05\/haromproba.jpg?w=1870&amp;ssl=1 1870w\" sizes=\"(max-width: 300px) 100vw, 300px\" \/><\/a><\/p>\n<p><a href=\"https:\/\/i0.wp.com\/www.sztgotthard-altisk.hu\/wp-content\/uploads\/2022\/05\/haromproba-diakolimpia.jpg?ssl=1\"><img data-recalc-dims=\"1\" decoding=\"async\" class=\"alignnone size-medium wp-image-6436\" src=\"https:\/\/i0.wp.com\/www.sztgotthard-altisk.hu\/wp-content\/uploads\/2022\/05\/haromproba-diakolimpia-300x300.jpg?resize=300%2C300&#038;ssl=1\" alt=\"\" width=\"300\" height=\"300\" srcset=\"https:\/\/i0.wp.com\/sztgotthard-altisk.hu\/wp-content\/uploads\/2022\/05\/haromproba-diakolimpia.jpg?resize=300%2C300&amp;ssl=1 300w, https:\/\/i0.wp.com\/sztgotthard-altisk.hu\/wp-content\/uploads\/2022\/05\/haromproba-diakolimpia.jpg?resize=150%2C150&amp;ssl=1 150w, https:\/\/i0.wp.com\/sztgotthard-altisk.hu\/wp-content\/uploads\/2022\/05\/haromproba-diakolimpia.jpg?resize=768%2C768&amp;ssl=1 768w, https:\/\/i0.wp.com\/sztgotthard-altisk.hu\/wp-content\/uploads\/2022\/05\/haromproba-diakolimpia.jpg?w=935&amp;ssl=1 935w\" sizes=\"(max-width: 300px) 100vw, 300px\" \/><\/a><\/p>\n","protected":false},"excerpt":{"rendered":"<p>M\u00e1jus 2-\u00e1n ker\u00fclt sor Szombathelyen a Di\u00e1kolimpia h\u00e1rompr\u00f3ba megyei d\u00f6nt\u0151j\u00e9re, ahonnan a II. korcsoportos l\u00e1nyok kimagasl\u00f3 teljes\u00edtm\u00e9nnyel, sz\u00e9p eredm\u00e9nnyel t\u00e9rhettek haza, ugyanis\u00a0 a dobog\u00f3 3. fok\u00e1ra \u00e1llhattak fel a verseny v\u00e9g\u00e9n. Kit\u0171n\u0151en teljes\u00edtettek mindh\u00e1rom sport\u00e1gban: t\u00e1volugr\u00e1s, 60 m-es s\u00edkfut\u00e1s, kislabdahaj\u00edt\u00e1s. A versenynap 4&#215;100 m-es v\u00e1lt\u00f3fut\u00e1ssal z\u00e1rult, ahol a l\u00e1nyok szint\u00e9n az el\u0151kel\u0151 3. helyet szerezt\u00e9k [&hellip;]<\/p>\n","protected":false},"author":5,"featured_media":6410,"comment_status":"open","ping_status":"open","sticky":false,"template":"","format":"standard","meta":{"_exactmetrics_skip_tracking":false,"_exactmetrics_sitenote_active":false,"_exactmetrics_sitenote_note":"","_exactmetrics_sitenote_category":0,"_jetpack_memberships_contains_paid_content":false,"footnotes":""},"categories":[1],"tags":[104,437],"class_list":["post-6426","post","type-post","status-publish","format-standard","has-post-thumbnail","hentry","category-egyeb","tag-diakolimpia","tag-haromproba"],"yoast_head":"<!-- This site is optimized with the Yoast SEO plugin v26.7 - https:\/\/yoast.com\/wordpress\/plugins\/seo\/ -->\n<title>Di\u00e1kolimpia - Szent Gotth\u00e1rd \u00c1ltal\u00e1nos Iskola<\/title>\n<meta name=\"description\" content=\"di\u00e1kolimpia, h\u00e1rompr\u00f3ba\" \/>\n<meta name=\"robots\" content=\"index, follow, max-snippet:-1, max-image-preview:large, max-video-preview:-1\" \/>\n<link rel=\"canonical\" href=\"https:\/\/sztgotthard-altisk.hu\/?p=6426\" \/>\n<meta property=\"og:locale\" content=\"hu_HU\" \/>\n<meta property=\"og:type\" content=\"article\" \/>\n<meta property=\"og:title\" content=\"Di\u00e1kolimpia - Szent Gotth\u00e1rd \u00c1ltal\u00e1nos Iskola\" \/>\n<meta property=\"og:description\" content=\"di\u00e1kolimpia, h\u00e1rompr\u00f3ba\" \/>\n<meta property=\"og:url\" content=\"https:\/\/sztgotthard-altisk.hu\/?p=6426\" \/>\n<meta property=\"og:site_name\" content=\"Szent Gotth\u00e1rd \u00c1ltal\u00e1nos Iskola\" \/>\n<meta property=\"article:published_time\" content=\"2022-05-04T13:02:24+00:00\" \/>\n<meta property=\"article:modified_time\" content=\"2022-05-04T13:03:05+00:00\" \/>\n<meta property=\"og:image\" content=\"https:\/\/i0.wp.com\/sztgotthard-altisk.hu\/wp-content\/uploads\/2022\/04\/diakolimpia-e1651138069210.jpg?fit=300%2C196&ssl=1\" \/>\n\t<meta property=\"og:image:width\" content=\"300\" \/>\n\t<meta property=\"og:image:height\" content=\"196\" \/>\n\t<meta property=\"og:image:type\" content=\"image\/jpeg\" \/>\n<meta name=\"author\" content=\"V\u00f6lker-Horv\u00e1th Anita\" \/>\n<meta name=\"twitter:card\" content=\"summary_large_image\" \/>\n<meta name=\"twitter:label1\" content=\"Szerz\u0151:\" \/>\n\t<meta name=\"twitter:data1\" content=\"V\u00f6lker-Horv\u00e1th Anita\" \/>\n\t<meta name=\"twitter:label2\" content=\"Becs\u00fclt olvas\u00e1si id\u0151\" \/>\n\t<meta name=\"twitter:data2\" content=\"2 perc\" \/>\n<script type=\"application\/ld+json\" class=\"yoast-schema-graph\">{\"@context\":\"https:\/\/schema.org\",\"@graph\":[{\"@type\":\"Article\",\"@id\":\"https:\/\/sztgotthard-altisk.hu\/?p=6426#article\",\"isPartOf\":{\"@id\":\"https:\/\/sztgotthard-altisk.hu\/?p=6426\"},\"author\":{\"name\":\"V\u00f6lker-Horv\u00e1th Anita\",\"@id\":\"https:\/\/sztgotthard-altisk.hu\/#\/schema\/person\/81c8789606fdb4ad7bfb6e46cc0047be\"},\"headline\":\"Di\u00e1kolimpia\",\"datePublished\":\"2022-05-04T13:02:24+00:00\",\"dateModified\":\"2022-05-04T13:03:05+00:00\",\"mainEntityOfPage\":{\"@id\":\"https:\/\/sztgotthard-altisk.hu\/?p=6426\"},\"wordCount\":135,\"commentCount\":0,\"publisher\":{\"@id\":\"https:\/\/sztgotthard-altisk.hu\/#organization\"},\"image\":{\"@id\":\"https:\/\/sztgotthard-altisk.hu\/?p=6426#primaryimage\"},\"thumbnailUrl\":\"https:\/\/i0.wp.com\/sztgotthard-altisk.hu\/wp-content\/uploads\/2022\/04\/diakolimpia-e1651138069210.jpg?fit=300%2C196&ssl=1\",\"keywords\":[\"di\u00e1kolimpia\",\"h\u00e1rompr\u00f3ba\"],\"inLanguage\":\"hu\"},{\"@type\":\"WebPage\",\"@id\":\"https:\/\/sztgotthard-altisk.hu\/?p=6426\",\"url\":\"https:\/\/sztgotthard-altisk.hu\/?p=6426\",\"name\":\"Di\u00e1kolimpia - Szent Gotth\u00e1rd \u00c1ltal\u00e1nos Iskola\",\"isPartOf\":{\"@id\":\"https:\/\/sztgotthard-altisk.hu\/#website\"},\"primaryImageOfPage\":{\"@id\":\"https:\/\/sztgotthard-altisk.hu\/?p=6426#primaryimage\"},\"image\":{\"@id\":\"https:\/\/sztgotthard-altisk.hu\/?p=6426#primaryimage\"},\"thumbnailUrl\":\"https:\/\/i0.wp.com\/sztgotthard-altisk.hu\/wp-content\/uploads\/2022\/04\/diakolimpia-e1651138069210.jpg?fit=300%2C196&ssl=1\",\"datePublished\":\"2022-05-04T13:02:24+00:00\",\"dateModified\":\"2022-05-04T13:03:05+00:00\",\"description\":\"di\u00e1kolimpia, h\u00e1rompr\u00f3ba\",\"breadcrumb\":{\"@id\":\"https:\/\/sztgotthard-altisk.hu\/?p=6426#breadcrumb\"},\"inLanguage\":\"hu\",\"potentialAction\":[{\"@type\":\"ReadAction\",\"target\":[\"https:\/\/sztgotthard-altisk.hu\/?p=6426\"]}]},{\"@type\":\"ImageObject\",\"inLanguage\":\"hu\",\"@id\":\"https:\/\/sztgotthard-altisk.hu\/?p=6426#primaryimage\",\"url\":\"https:\/\/i0.wp.com\/sztgotthard-altisk.hu\/wp-content\/uploads\/2022\/04\/diakolimpia-e1651138069210.jpg?fit=300%2C196&ssl=1\",\"contentUrl\":\"https:\/\/i0.wp.com\/sztgotthard-altisk.hu\/wp-content\/uploads\/2022\/04\/diakolimpia-e1651138069210.jpg?fit=300%2C196&ssl=1\",\"width\":300,\"height\":196},{\"@type\":\"BreadcrumbList\",\"@id\":\"https:\/\/sztgotthard-altisk.hu\/?p=6426#breadcrumb\",\"itemListElement\":[{\"@type\":\"ListItem\",\"position\":1,\"name\":\"Kezd\u0151lap\",\"item\":\"https:\/\/sztgotthard-altisk.hu\/\"},{\"@type\":\"ListItem\",\"position\":2,\"name\":\"Di\u00e1kolimpia\"}]},{\"@type\":\"WebSite\",\"@id\":\"https:\/\/sztgotthard-altisk.hu\/#website\",\"url\":\"https:\/\/sztgotthard-altisk.hu\/\",\"name\":\"Szent Gotth\u00e1rd \u00c1ltal\u00e1nos Iskola\",\"description\":\"Szent Gotth\u00e1rd \u00c1ltal\u00e1nos Iskola\",\"publisher\":{\"@id\":\"https:\/\/sztgotthard-altisk.hu\/#organization\"},\"potentialAction\":[{\"@type\":\"SearchAction\",\"target\":{\"@type\":\"EntryPoint\",\"urlTemplate\":\"https:\/\/sztgotthard-altisk.hu\/?s={search_term_string}\"},\"query-input\":{\"@type\":\"PropertyValueSpecification\",\"valueRequired\":true,\"valueName\":\"search_term_string\"}}],\"inLanguage\":\"hu\"},{\"@type\":\"Organization\",\"@id\":\"https:\/\/sztgotthard-altisk.hu\/#organization\",\"name\":\"Szent Gell\u00e9rt \u00c1ltal\u00e1nos Iskola\",\"url\":\"https:\/\/sztgotthard-altisk.hu\/\",\"logo\":{\"@type\":\"ImageObject\",\"inLanguage\":\"hu\",\"@id\":\"https:\/\/sztgotthard-altisk.hu\/#\/schema\/logo\/image\/\",\"url\":\"https:\/\/i0.wp.com\/www.sztgotthard-altisk.hu\/wp-content\/uploads\/2022\/01\/sztg_altisk_logo.png?fit=161%2C129&ssl=1\",\"contentUrl\":\"https:\/\/i0.wp.com\/www.sztgotthard-altisk.hu\/wp-content\/uploads\/2022\/01\/sztg_altisk_logo.png?fit=161%2C129&ssl=1\",\"width\":161,\"height\":129,\"caption\":\"Szent Gell\u00e9rt \u00c1ltal\u00e1nos Iskola\"},\"image\":{\"@id\":\"https:\/\/sztgotthard-altisk.hu\/#\/schema\/logo\/image\/\"}},{\"@type\":\"Person\",\"@id\":\"https:\/\/sztgotthard-altisk.hu\/#\/schema\/person\/81c8789606fdb4ad7bfb6e46cc0047be\",\"name\":\"V\u00f6lker-Horv\u00e1th Anita\",\"image\":{\"@type\":\"ImageObject\",\"inLanguage\":\"hu\",\"@id\":\"https:\/\/sztgotthard-altisk.hu\/#\/schema\/person\/image\/\",\"url\":\"https:\/\/secure.gravatar.com\/avatar\/1a8d66fc73f8c791cf78a7063191d6b70541d018583a3fa8a3f40a10d64e7e73?s=96&d=mm&r=g\",\"contentUrl\":\"https:\/\/secure.gravatar.com\/avatar\/1a8d66fc73f8c791cf78a7063191d6b70541d018583a3fa8a3f40a10d64e7e73?s=96&d=mm&r=g\",\"caption\":\"V\u00f6lker-Horv\u00e1th Anita\"},\"url\":\"https:\/\/sztgotthard-altisk.hu\/?author=5\"}]}<\/script>\n<!-- \/ Yoast SEO plugin. -->","yoast_head_json":{"title":"Di\u00e1kolimpia - Szent Gotth\u00e1rd \u00c1ltal\u00e1nos Iskola","description":"di\u00e1kolimpia, h\u00e1rompr\u00f3ba","robots":{"index":"index","follow":"follow","max-snippet":"max-snippet:-1","max-image-preview":"max-image-preview:large","max-video-preview":"max-video-preview:-1"},"canonical":"https:\/\/sztgotthard-altisk.hu\/?p=6426","og_locale":"hu_HU","og_type":"article","og_title":"Di\u00e1kolimpia - Szent Gotth\u00e1rd \u00c1ltal\u00e1nos Iskola","og_description":"di\u00e1kolimpia, h\u00e1rompr\u00f3ba","og_url":"https:\/\/sztgotthard-altisk.hu\/?p=6426","og_site_name":"Szent Gotth\u00e1rd \u00c1ltal\u00e1nos Iskola","article_published_time":"2022-05-04T13:02:24+00:00","article_modified_time":"2022-05-04T13:03:05+00:00","og_image":[{"width":300,"height":196,"url":"https:\/\/i0.wp.com\/sztgotthard-altisk.hu\/wp-content\/uploads\/2022\/04\/diakolimpia-e1651138069210.jpg?fit=300%2C196&ssl=1","type":"image\/jpeg"}],"author":"V\u00f6lker-Horv\u00e1th Anita","twitter_card":"summary_large_image","twitter_misc":{"Szerz\u0151:":"V\u00f6lker-Horv\u00e1th Anita","Becs\u00fclt olvas\u00e1si id\u0151":"2 perc"},"schema":{"@context":"https:\/\/schema.org","@graph":[{"@type":"Article","@id":"https:\/\/sztgotthard-altisk.hu\/?p=6426#article","isPartOf":{"@id":"https:\/\/sztgotthard-altisk.hu\/?p=6426"},"author":{"name":"V\u00f6lker-Horv\u00e1th Anita","@id":"https:\/\/sztgotthard-altisk.hu\/#\/schema\/person\/81c8789606fdb4ad7bfb6e46cc0047be"},"headline":"Di\u00e1kolimpia","datePublished":"2022-05-04T13:02:24+00:00","dateModified":"2022-05-04T13:03:05+00:00","mainEntityOfPage":{"@id":"https:\/\/sztgotthard-altisk.hu\/?p=6426"},"wordCount":135,"commentCount":0,"publisher":{"@id":"https:\/\/sztgotthard-altisk.hu\/#organization"},"image":{"@id":"https:\/\/sztgotthard-altisk.hu\/?p=6426#primaryimage"},"thumbnailUrl":"https:\/\/i0.wp.com\/sztgotthard-altisk.hu\/wp-content\/uploads\/2022\/04\/diakolimpia-e1651138069210.jpg?fit=300%2C196&ssl=1","keywords":["di\u00e1kolimpia","h\u00e1rompr\u00f3ba"],"inLanguage":"hu"},{"@type":"WebPage","@id":"https:\/\/sztgotthard-altisk.hu\/?p=6426","url":"https:\/\/sztgotthard-altisk.hu\/?p=6426","name":"Di\u00e1kolimpia - Szent Gotth\u00e1rd \u00c1ltal\u00e1nos Iskola","isPartOf":{"@id":"https:\/\/sztgotthard-altisk.hu\/#website"},"primaryImageOfPage":{"@id":"https:\/\/sztgotthard-altisk.hu\/?p=6426#primaryimage"},"image":{"@id":"https:\/\/sztgotthard-altisk.hu\/?p=6426#primaryimage"},"thumbnailUrl":"https:\/\/i0.wp.com\/sztgotthard-altisk.hu\/wp-content\/uploads\/2022\/04\/diakolimpia-e1651138069210.jpg?fit=300%2C196&ssl=1","datePublished":"2022-05-04T13:02:24+00:00","dateModified":"2022-05-04T13:03:05+00:00","description":"di\u00e1kolimpia, h\u00e1rompr\u00f3ba","breadcrumb":{"@id":"https:\/\/sztgotthard-altisk.hu\/?p=6426#breadcrumb"},"inLanguage":"hu","potentialAction":[{"@type":"ReadAction","target":["https:\/\/sztgotthard-altisk.hu\/?p=6426"]}]},{"@type":"ImageObject","inLanguage":"hu","@id":"https:\/\/sztgotthard-altisk.hu\/?p=6426#primaryimage","url":"https:\/\/i0.wp.com\/sztgotthard-altisk.hu\/wp-content\/uploads\/2022\/04\/diakolimpia-e1651138069210.jpg?fit=300%2C196&ssl=1","contentUrl":"https:\/\/i0.wp.com\/sztgotthard-altisk.hu\/wp-content\/uploads\/2022\/04\/diakolimpia-e1651138069210.jpg?fit=300%2C196&ssl=1","width":300,"height":196},{"@type":"BreadcrumbList","@id":"https:\/\/sztgotthard-altisk.hu\/?p=6426#breadcrumb","itemListElement":[{"@type":"ListItem","position":1,"name":"Kezd\u0151lap","item":"https:\/\/sztgotthard-altisk.hu\/"},{"@type":"ListItem","position":2,"name":"Di\u00e1kolimpia"}]},{"@type":"WebSite","@id":"https:\/\/sztgotthard-altisk.hu\/#website","url":"https:\/\/sztgotthard-altisk.hu\/","name":"Szent Gotth\u00e1rd \u00c1ltal\u00e1nos Iskola","description":"Szent Gotth\u00e1rd \u00c1ltal\u00e1nos Iskola","publisher":{"@id":"https:\/\/sztgotthard-altisk.hu\/#organization"},"potentialAction":[{"@type":"SearchAction","target":{"@type":"EntryPoint","urlTemplate":"https:\/\/sztgotthard-altisk.hu\/?s={search_term_string}"},"query-input":{"@type":"PropertyValueSpecification","valueRequired":true,"valueName":"search_term_string"}}],"inLanguage":"hu"},{"@type":"Organization","@id":"https:\/\/sztgotthard-altisk.hu\/#organization","name":"Szent Gell\u00e9rt \u00c1ltal\u00e1nos Iskola","url":"https:\/\/sztgotthard-altisk.hu\/","logo":{"@type":"ImageObject","inLanguage":"hu","@id":"https:\/\/sztgotthard-altisk.hu\/#\/schema\/logo\/image\/","url":"https:\/\/i0.wp.com\/www.sztgotthard-altisk.hu\/wp-content\/uploads\/2022\/01\/sztg_altisk_logo.png?fit=161%2C129&ssl=1","contentUrl":"https:\/\/i0.wp.com\/www.sztgotthard-altisk.hu\/wp-content\/uploads\/2022\/01\/sztg_altisk_logo.png?fit=161%2C129&ssl=1","width":161,"height":129,"caption":"Szent Gell\u00e9rt \u00c1ltal\u00e1nos Iskola"},"image":{"@id":"https:\/\/sztgotthard-altisk.hu\/#\/schema\/logo\/image\/"}},{"@type":"Person","@id":"https:\/\/sztgotthard-altisk.hu\/#\/schema\/person\/81c8789606fdb4ad7bfb6e46cc0047be","name":"V\u00f6lker-Horv\u00e1th Anita","image":{"@type":"ImageObject","inLanguage":"hu","@id":"https:\/\/sztgotthard-altisk.hu\/#\/schema\/person\/image\/","url":"https:\/\/secure.gravatar.com\/avatar\/1a8d66fc73f8c791cf78a7063191d6b70541d018583a3fa8a3f40a10d64e7e73?s=96&d=mm&r=g","contentUrl":"https:\/\/secure.gravatar.com\/avatar\/1a8d66fc73f8c791cf78a7063191d6b70541d018583a3fa8a3f40a10d64e7e73?s=96&d=mm&r=g","caption":"V\u00f6lker-Horv\u00e1th Anita"},"url":"https:\/\/sztgotthard-altisk.hu\/?author=5"}]}},"jetpack_featured_media_url":"https:\/\/i0.wp.com\/sztgotthard-altisk.hu\/wp-content\/uploads\/2022\/04\/diakolimpia-e1651138069210.jpg?fit=300%2C196&ssl=1","jetpack_shortlink":"https:\/\/wp.me\/p9tyQr-1FE","jetpack_sharing_enabled":true,"_links":{"self":[{"href":"https:\/\/sztgotthard-altisk.hu\/index.php?rest_route=\/wp\/v2\/posts\/6426","targetHints":{"allow":["GET"]}}],"collection":[{"href":"https:\/\/sztgotthard-altisk.hu\/index.php?rest_route=\/wp\/v2\/posts"}],"about":[{"href":"https:\/\/sztgotthard-altisk.hu\/index.php?rest_route=\/wp\/v2\/types\/post"}],"author":[{"embeddable":true,"href":"https:\/\/sztgotthard-altisk.hu\/index.php?rest_route=\/wp\/v2\/users\/5"}],"replies":[{"embeddable":true,"href":"https:\/\/sztgotthard-altisk.hu\/index.php?rest_route=%2Fwp%2Fv2%2Fcomments&post=6426"}],"version-history":[{"count":3,"href":"https:\/\/sztgotthard-altisk.hu\/index.php?rest_route=\/wp\/v2\/posts\/6426\/revisions"}],"predecessor-version":[{"id":6438,"href":"https:\/\/sztgotthard-altisk.hu\/index.php?rest_route=\/wp\/v2\/posts\/6426\/revisions\/6438"}],"wp:featuredmedia":[{"embeddable":true,"href":"https:\/\/sztgotthard-altisk.hu\/index.php?rest_route=\/wp\/v2\/media\/6410"}],"wp:attachment":[{"href":"https:\/\/sztgotthard-altisk.hu\/index.php?rest_route=%2Fwp%2Fv2%2Fmedia&parent=6426"}],"wp:term":[{"taxonomy":"category","embeddable":true,"href":"https:\/\/sztgotthard-altisk.hu\/index.php?rest_route=%2Fwp%2Fv2%2Fcategories&post=6426"},{"taxonomy":"post_tag","embeddable":true,"href":"https:\/\/sztgotthard-altisk.hu\/index.php?rest_route=%2Fwp%2Fv2%2Ftags&post=6426"}],"curies":[{"name":"wp","href":"https:\/\/api.w.org\/{rel}","templated":true}]}}