{"id":5224,"date":"2021-06-09T10:25:39","date_gmt":"2021-06-09T09:25:39","guid":{"rendered":"https:\/\/www.sztgotthard-altisk.hu\/?p=5224"},"modified":"2021-06-09T10:30:53","modified_gmt":"2021-06-09T09:30:53","slug":"pedagogusnap-2","status":"publish","type":"post","link":"https:\/\/sztgotthard-altisk.hu\/?p=5224","title":{"rendered":"Pedag\u00f3gusnap"},"content":{"rendered":"<p style=\"text-align: justify;\"><strong>A j\u00e1rv\u00e1nyhelyzet miatt csal\u00e1dias hangulatban, csup\u00e1n a kit\u00fcntetettek \u00e9s k\u00eds\u00e9r\u0151ik, valamint az int\u00e9zm\u00e9nyvezet\u0151k r\u00e9szv\u00e9tel\u00e9vel ker\u00fclt sor az idei pedag\u00f3gusnapi \u00fcnneps\u00e9gre j\u00fanius 1-\u00e9n a refekt\u00f3riumban.<\/strong><\/p>\n<p style=\"text-align: justify;\"><strong>Husz\u00e1r G\u00e1bor polg\u00e1rmester k\u00f6sz\u00f6nt\u00f6tte a jelenl\u00e9v\u0151ket, majd besz\u00e9d\u00e9ben k\u00f6sz\u00f6netet mondott minden egykori \u00e9s jelenlegi pedag\u00f3gusnak.<\/strong><\/p>\n<p style=\"text-align: justify;\"><span style=\"color: #ff0000;\">Nagy \u00f6r\u00f6m\u00fcnkre szolg\u00e1lt, hogy a \u201eSzentgotth\u00e1rd K\u00f6zoktat\u00e1s\u00e1\u00e9rt D\u00edj\u201d kit\u00fcntet\u00e9sben id\u00e9n Kov\u00e1cs J\u00e1nosn\u00e9, tagint\u00e9zm\u00e9ny-vezet\u0151nk is r\u00e9szes\u00fclt az oktat\u00e1s \u00e9s nevel\u00e9s ter\u00e9n v\u00e9gzett kiemelked\u0151 \u00e9s lelkiismeretes szakmai munk\u00e1ja elismer\u00e9sek\u00e9nt.<\/span><\/p>\n<p style=\"text-align: justify;\">Kov\u00e1cs J\u00e1nosn\u00e9 a Nagy Lajos Gimn\u00e1ziumban \u00e9retts\u00e9gizett, ezt k\u00f6vet\u0151en a Berzsenyi D\u00e1niel Tan\u00e1rk\u00e9pz\u0151 F\u0151iskola tan\u00edt\u00f3 szak\u00e1n v\u00e9gzett. M\u00e9g a diplomaszerz\u00e9s \u00e9vben munk\u00e1ba \u00e1llt a szentgotth\u00e1rdi Arany J\u00e1nos \u00c1ltal\u00e1nos Iskol\u00e1ban, kezdetben napk\u00f6zis nevel\u0151k\u00e9nt. P\u00e1ly\u00e1ja sor\u00e1n szinte folyamatosan tanult, 1990-ben matematika szakos \u00e1ltal\u00e1nos iskolai tan\u00e1ri oklevelet, majd 1994-ben alapfok\u00fa n\u00e9pt\u00e1ncoktat\u00f3i k\u00e9pes\u00edt\u00e9st szerzett, 2000-ben v\u00e9gezte el a Janus Pannonius Tudom\u00e1nyegyetem k\u00f6zoktat\u00e1si vezet\u0151 szakir\u00e1ny\u00fa k\u00e9pz\u00e9s\u00e9t, 2006-ban a Berzsenyi D\u00e1niel Tan\u00e1rk\u00e9pz\u0151 F\u0151iskola rajz szakos \u00e1ltal\u00e1nos iskolai szak\u00e1t teljes\u00edtette sikeresen, 2010-ben pedig a P\u00e1zm\u00e1ny P\u00e9ter Katolikus Egyetemen kiad\u00f3i szerkeszt\u0151 v\u00e9gzetts\u00e9get szerzett. Emellett sokoldal\u00fas\u00e1g\u00e1t is mutatj\u00e1k az \u00e1ltala elv\u00e9gzett tov\u00e1bbk\u00e9pz\u00e9sek, amelyeket hosszasan sorolhatn\u00e1nk. 1997-ben sikerrel p\u00e1ly\u00e1zott az Arany J\u00e1nos \u00c1ltal\u00e1nos Iskola igazgat\u00f3i \u00e1ll\u00e1shely\u00e9re. Vezet\u0151i tev\u00e9kenys\u00e9g\u00e9t alapos megfontol\u00e1s \u00e9s t\u00e1vlatokba tekint\u0151 vezet\u00e9si elk\u00e9pzel\u00e9sek jellemezt\u00e9k m\u00e1r ekkor is. Mindig kereste a kih\u00edv\u00e1sokat, egy ideig az Ap\u00e1czai Tank\u00f6nyvkiad\u00f3 vezet\u0151szerkeszt\u0151jek\u00e9nt tev\u00e9kenykedett, a tank\u00f6nyv\u00edr\u00e1s tartalmi \u00e9s formai k\u00f6vetelm\u00e9nyeivel ismerkedett meg. A Klebersberg Int\u00e9zm\u00e9nyfenntart\u00f3 K\u00f6zpont szentgotth\u00e1rdi tan\u00fcgyi-igazgat\u00e1si referensek\u00e9nt pedig a fenntart\u00f3 szemsz\u00f6g\u00e9b\u0151l is megtapasztalhatta az oktat\u00e1s, az iskol\u00e1k \u00e9s a pedag\u00f3gusok helyzet\u00e9t. 2016-ban pedag\u00f3gusok h\u00edv\u00e1s\u00e1ra p\u00e1ly\u00e1zta meg a Sz\u00e9chenyi Istv\u00e1n \u00c1ltal\u00e1nos Iskola int\u00e9zm\u00e9nyvezet\u0151i posztj\u00e1t. 2017-ben p\u00e9ld\u00e1t mutatva a tantest\u00fcletnek \u2013 r\u00e1termetts\u00e9g\u00e9t is bizony\u00edtva \u2013 megszerezte a Pedag\u00f3gus II. \u00e9s a Mesterpedag\u00f3gus fokozatot. Munk\u00e1j\u00e1t magas sz\u00ednvonalon v\u00e9gzi, mindenkinek seg\u00edt, csak a j\u00f3sz\u00e1nd\u00e9k vez\u00e9rli. A tan\u00f3r\u00e1n k\u00edv\u00fcli k\u00f6z\u00f6ss\u00e9gi programok, illetve a projektnapok szervez\u00e9s\u00e9ben \u00e9s lebonyol\u00edt\u00e1s\u00e1ban akt\u00edvan r\u00e9szt vesz, az iskola munk\u00e1j\u00e1ban \u00e9p\u00edt a sz\u00fcl\u0151k hathat\u00f3s seg\u00edts\u00e9g\u00e9re. P\u00e1ly\u00e1zatokat is \u00edr, \u00edgy siker\u00fclt a tanul\u00f3k sz\u00e1m\u00e1ra ny\u00e1ri t\u00e1borokat megval\u00f3s\u00edtani \u00e9s az informatikai eszk\u00f6zparkot b\u0151v\u00edteni.<\/p>\n<p style=\"text-align: justify;\">Szentgotth\u00e1rd oktat\u00e1s\u00fcgye, pedag\u00f3gusok, sz\u00fcl\u0151k, jelenlegi \u00e9s egykori tan\u00edtv\u00e1nyok egyar\u00e1nt sokat k\u00f6sz\u00f6nhetnek n\u00e9gy \u00e9vtizedes kimagasl\u00f3 \u00e9s elhivatott munk\u00e1ss\u00e1g\u00e1nak.<\/p>\n<p style=\"text-align: justify;\">\u00a0<a href=\"https:\/\/i0.wp.com\/www.sztgotthard-altisk.hu\/wp-content\/uploads\/2021\/06\/IMG_20210601_175934.jpg?ssl=1\"><img data-recalc-dims=\"1\" fetchpriority=\"high\" decoding=\"async\" class=\"size-medium wp-image-5226 aligncenter\" src=\"https:\/\/i0.wp.com\/www.sztgotthard-altisk.hu\/wp-content\/uploads\/2021\/06\/IMG_20210601_175934-225x300.jpg?resize=225%2C300&#038;ssl=1\" alt=\"\" width=\"225\" height=\"300\" srcset=\"https:\/\/i0.wp.com\/sztgotthard-altisk.hu\/wp-content\/uploads\/2021\/06\/IMG_20210601_175934.jpg?resize=225%2C300&amp;ssl=1 225w, https:\/\/i0.wp.com\/sztgotthard-altisk.hu\/wp-content\/uploads\/2021\/06\/IMG_20210601_175934.jpg?resize=768%2C1024&amp;ssl=1 768w, https:\/\/i0.wp.com\/sztgotthard-altisk.hu\/wp-content\/uploads\/2021\/06\/IMG_20210601_175934.jpg?resize=1152%2C1536&amp;ssl=1 1152w, https:\/\/i0.wp.com\/sztgotthard-altisk.hu\/wp-content\/uploads\/2021\/06\/IMG_20210601_175934.jpg?resize=1536%2C2048&amp;ssl=1 1536w, https:\/\/i0.wp.com\/sztgotthard-altisk.hu\/wp-content\/uploads\/2021\/06\/IMG_20210601_175934.jpg?w=1560&amp;ssl=1 1560w\" sizes=\"(max-width: 225px) 100vw, 225px\" \/><\/a><\/p>\n<p style=\"text-align: justify;\"><span style=\"color: #ff0000;\">Pedag\u00f3gusnap alkalm\u00e1b\u00f3l a Szombathelyi Tanker\u00fcleti K\u00f6zpont elismer\u0151 oklev\u00e9lben r\u00e9szes\u00edtette k\u00e9t koll\u00e9gan\u0151nket, Tonweber \u00c1gnest \u00e9s Nagy-Mesics Zsuzsann\u00e1t a j\u00f6v\u0151 nemzed\u00e9k\u00e9\u00e9rt v\u00e9gzett \u00e1ldozatos nevel\u0151-oktat\u00f3 munk\u00e1j\u00e1\u00e9rt.<\/span><\/p>\n<p>&nbsp;<\/p>\n<p><a href=\"https:\/\/i0.wp.com\/www.sztgotthard-altisk.hu\/wp-content\/uploads\/2021\/06\/IMG_20210609_093504-scaled.jpg?ssl=1\"><img data-recalc-dims=\"1\" decoding=\"async\" class=\"size-medium wp-image-5225 aligncenter\" src=\"https:\/\/i0.wp.com\/www.sztgotthard-altisk.hu\/wp-content\/uploads\/2021\/06\/IMG_20210609_093504-225x300.jpg?resize=225%2C300&#038;ssl=1\" alt=\"\" width=\"225\" height=\"300\" srcset=\"https:\/\/i0.wp.com\/sztgotthard-altisk.hu\/wp-content\/uploads\/2021\/06\/IMG_20210609_093504-scaled.jpg?resize=225%2C300&amp;ssl=1 225w, https:\/\/i0.wp.com\/sztgotthard-altisk.hu\/wp-content\/uploads\/2021\/06\/IMG_20210609_093504-scaled.jpg?resize=768%2C1024&amp;ssl=1 768w, https:\/\/i0.wp.com\/sztgotthard-altisk.hu\/wp-content\/uploads\/2021\/06\/IMG_20210609_093504-scaled.jpg?resize=1152%2C1536&amp;ssl=1 1152w, https:\/\/i0.wp.com\/sztgotthard-altisk.hu\/wp-content\/uploads\/2021\/06\/IMG_20210609_093504-scaled.jpg?resize=1536%2C2048&amp;ssl=1 1536w, https:\/\/i0.wp.com\/sztgotthard-altisk.hu\/wp-content\/uploads\/2021\/06\/IMG_20210609_093504-scaled.jpg?w=1920&amp;ssl=1 1920w\" sizes=\"(max-width: 225px) 100vw, 225px\" \/><\/a><\/p>\n<p style=\"text-align: justify;\">Tonweber \u00c1gnes di\u00e1kjai kiemelked\u0151 eredm\u00e9nyeket \u00e9rtek el a Kenguru Matematika Verseny \u00e9s a Bolyai Matematika Csapatverseny megyei fordul\u00f3in.<\/p>\n<p style=\"text-align: justify;\">Nagy-Mesics Zsuzsanna k\u00e9t tanul\u00f3ja is bejutott az elm\u00falt k\u00e9t \u00e9vben a Kazinczy-Sz\u00e9p Magyar Besz\u00e9d region\u00e1lis fordul\u00f3j\u00e1ra, ahol minden r\u00e9sztvev\u0151 m\u00e1r Kazinczy-d\u00edjasnak \u00e9s a Kazinczy-jelv\u00e9ny boldog tulajdonos\u00e1nak tudhatja mag\u00e1t.<\/p>\n<p style=\"text-align: justify;\">Mindk\u00e9t pedag\u00f3gus lelkiismeretesen, kiv\u00e1l\u00f3 szakmai tudat\u00e1ssal, elhivatott munk\u00e1val k\u00e9sz\u00edtette fel a di\u00e1kokat a k\u00fcl\u00f6nb\u00f6z\u0151 versenyekre.<\/p>\n<p style=\"text-align: justify;\">Gratul\u00e1lunk valamennyi\u00fcknek, tov\u00e1bbi sok sikert \u00e9s j\u00f3 eg\u00e9szs\u00e9get k\u00edv\u00e1nunk munk\u00e1jukhoz!<\/p>\n<p>&nbsp;<\/p>\n","protected":false},"excerpt":{"rendered":"<p>A j\u00e1rv\u00e1nyhelyzet miatt csal\u00e1dias hangulatban, csup\u00e1n a kit\u00fcntetettek \u00e9s k\u00eds\u00e9r\u0151ik, valamint az int\u00e9zm\u00e9nyvezet\u0151k r\u00e9szv\u00e9tel\u00e9vel ker\u00fclt sor az idei pedag\u00f3gusnapi \u00fcnneps\u00e9gre j\u00fanius 1-\u00e9n a refekt\u00f3riumban. Husz\u00e1r G\u00e1bor polg\u00e1rmester k\u00f6sz\u00f6nt\u00f6tte a jelenl\u00e9v\u0151ket, majd besz\u00e9d\u00e9ben k\u00f6sz\u00f6netet mondott minden egykori \u00e9s jelenlegi pedag\u00f3gusnak. Nagy \u00f6r\u00f6m\u00fcnkre szolg\u00e1lt, hogy a \u201eSzentgotth\u00e1rd K\u00f6zoktat\u00e1s\u00e1\u00e9rt D\u00edj\u201d kit\u00fcntet\u00e9sben id\u00e9n Kov\u00e1cs J\u00e1nosn\u00e9, tagint\u00e9zm\u00e9ny-vezet\u0151nk is r\u00e9szes\u00fclt az [&hellip;]<\/p>\n","protected":false},"author":2,"featured_media":0,"comment_status":"open","ping_status":"open","sticky":false,"template":"","format":"standard","meta":{"_exactmetrics_skip_tracking":false,"_exactmetrics_sitenote_active":false,"_exactmetrics_sitenote_note":"","_exactmetrics_sitenote_category":0,"_jetpack_memberships_contains_paid_content":false,"footnotes":""},"categories":[5],"tags":[365,214,366],"class_list":["post-5224","post","type-post","status-publish","format-standard","hentry","category-hirek","tag-elismeres","tag-kituntetes","tag-oklevel"],"yoast_head":"<!-- This site is optimized with the Yoast SEO plugin v26.7 - https:\/\/yoast.com\/wordpress\/plugins\/seo\/ -->\n<title>Pedag\u00f3gusnap - Szent Gotth\u00e1rd \u00c1ltal\u00e1nos Iskola<\/title>\n<meta name=\"robots\" content=\"index, follow, max-snippet:-1, max-image-preview:large, max-video-preview:-1\" \/>\n<link rel=\"canonical\" href=\"https:\/\/sztgotthard-altisk.hu\/?p=5224\" \/>\n<meta property=\"og:locale\" content=\"hu_HU\" \/>\n<meta property=\"og:type\" content=\"article\" \/>\n<meta property=\"og:title\" content=\"Pedag\u00f3gusnap - Szent Gotth\u00e1rd \u00c1ltal\u00e1nos Iskola\" \/>\n<meta property=\"og:description\" content=\"A j\u00e1rv\u00e1nyhelyzet miatt csal\u00e1dias hangulatban, csup\u00e1n a kit\u00fcntetettek \u00e9s k\u00eds\u00e9r\u0151ik, valamint az int\u00e9zm\u00e9nyvezet\u0151k r\u00e9szv\u00e9tel\u00e9vel ker\u00fclt sor az idei pedag\u00f3gusnapi \u00fcnneps\u00e9gre j\u00fanius 1-\u00e9n a refekt\u00f3riumban. Husz\u00e1r G\u00e1bor polg\u00e1rmester k\u00f6sz\u00f6nt\u00f6tte a jelenl\u00e9v\u0151ket, majd besz\u00e9d\u00e9ben k\u00f6sz\u00f6netet mondott minden egykori \u00e9s jelenlegi pedag\u00f3gusnak. Nagy \u00f6r\u00f6m\u00fcnkre szolg\u00e1lt, hogy a \u201eSzentgotth\u00e1rd K\u00f6zoktat\u00e1s\u00e1\u00e9rt D\u00edj\u201d kit\u00fcntet\u00e9sben id\u00e9n Kov\u00e1cs J\u00e1nosn\u00e9, tagint\u00e9zm\u00e9ny-vezet\u0151nk is r\u00e9szes\u00fclt az [&hellip;]\" \/>\n<meta property=\"og:url\" content=\"https:\/\/sztgotthard-altisk.hu\/?p=5224\" \/>\n<meta property=\"og:site_name\" content=\"Szent Gotth\u00e1rd \u00c1ltal\u00e1nos Iskola\" \/>\n<meta property=\"article:published_time\" content=\"2021-06-09T09:25:39+00:00\" \/>\n<meta property=\"article:modified_time\" content=\"2021-06-09T09:30:53+00:00\" \/>\n<meta property=\"og:image\" content=\"https:\/\/www.sztgotthard-altisk.hu\/wp-content\/uploads\/2021\/06\/IMG_20210601_175934-225x300.jpg\" \/>\n<meta name=\"author\" content=\"Administrator\" \/>\n<meta name=\"twitter:card\" content=\"summary_large_image\" \/>\n<meta name=\"twitter:label1\" content=\"Szerz\u0151:\" \/>\n\t<meta name=\"twitter:data1\" content=\"Administrator\" \/>\n\t<meta name=\"twitter:label2\" content=\"Becs\u00fclt olvas\u00e1si id\u0151\" \/>\n\t<meta name=\"twitter:data2\" content=\"4 perc\" \/>\n<script type=\"application\/ld+json\" class=\"yoast-schema-graph\">{\"@context\":\"https:\/\/schema.org\",\"@graph\":[{\"@type\":\"Article\",\"@id\":\"https:\/\/sztgotthard-altisk.hu\/?p=5224#article\",\"isPartOf\":{\"@id\":\"https:\/\/sztgotthard-altisk.hu\/?p=5224\"},\"author\":{\"name\":\"Administrator\",\"@id\":\"https:\/\/sztgotthard-altisk.hu\/#\/schema\/person\/1cffb7c6f071c65c282763a1fb21afeb\"},\"headline\":\"Pedag\u00f3gusnap\",\"datePublished\":\"2021-06-09T09:25:39+00:00\",\"dateModified\":\"2021-06-09T09:30:53+00:00\",\"mainEntityOfPage\":{\"@id\":\"https:\/\/sztgotthard-altisk.hu\/?p=5224\"},\"wordCount\":721,\"commentCount\":0,\"publisher\":{\"@id\":\"https:\/\/sztgotthard-altisk.hu\/#organization\"},\"image\":{\"@id\":\"https:\/\/sztgotthard-altisk.hu\/?p=5224#primaryimage\"},\"thumbnailUrl\":\"https:\/\/www.sztgotthard-altisk.hu\/wp-content\/uploads\/2021\/06\/IMG_20210601_175934-225x300.jpg\",\"keywords\":[\"elismer\u00e9s\",\"kituntetes\",\"oklev\u00e9l\"],\"articleSection\":[\"H\u00edrek\"],\"inLanguage\":\"hu\"},{\"@type\":\"WebPage\",\"@id\":\"https:\/\/sztgotthard-altisk.hu\/?p=5224\",\"url\":\"https:\/\/sztgotthard-altisk.hu\/?p=5224\",\"name\":\"Pedag\u00f3gusnap - Szent Gotth\u00e1rd \u00c1ltal\u00e1nos Iskola\",\"isPartOf\":{\"@id\":\"https:\/\/sztgotthard-altisk.hu\/#website\"},\"primaryImageOfPage\":{\"@id\":\"https:\/\/sztgotthard-altisk.hu\/?p=5224#primaryimage\"},\"image\":{\"@id\":\"https:\/\/sztgotthard-altisk.hu\/?p=5224#primaryimage\"},\"thumbnailUrl\":\"https:\/\/www.sztgotthard-altisk.hu\/wp-content\/uploads\/2021\/06\/IMG_20210601_175934-225x300.jpg\",\"datePublished\":\"2021-06-09T09:25:39+00:00\",\"dateModified\":\"2021-06-09T09:30:53+00:00\",\"breadcrumb\":{\"@id\":\"https:\/\/sztgotthard-altisk.hu\/?p=5224#breadcrumb\"},\"inLanguage\":\"hu\",\"potentialAction\":[{\"@type\":\"ReadAction\",\"target\":[\"https:\/\/sztgotthard-altisk.hu\/?p=5224\"]}]},{\"@type\":\"ImageObject\",\"inLanguage\":\"hu\",\"@id\":\"https:\/\/sztgotthard-altisk.hu\/?p=5224#primaryimage\",\"url\":\"https:\/\/www.sztgotthard-altisk.hu\/wp-content\/uploads\/2021\/06\/IMG_20210601_175934-225x300.jpg\",\"contentUrl\":\"https:\/\/www.sztgotthard-altisk.hu\/wp-content\/uploads\/2021\/06\/IMG_20210601_175934-225x300.jpg\"},{\"@type\":\"BreadcrumbList\",\"@id\":\"https:\/\/sztgotthard-altisk.hu\/?p=5224#breadcrumb\",\"itemListElement\":[{\"@type\":\"ListItem\",\"position\":1,\"name\":\"Kezd\u0151lap\",\"item\":\"https:\/\/sztgotthard-altisk.hu\/\"},{\"@type\":\"ListItem\",\"position\":2,\"name\":\"Pedag\u00f3gusnap\"}]},{\"@type\":\"WebSite\",\"@id\":\"https:\/\/sztgotthard-altisk.hu\/#website\",\"url\":\"https:\/\/sztgotthard-altisk.hu\/\",\"name\":\"Szent Gotth\u00e1rd \u00c1ltal\u00e1nos Iskola\",\"description\":\"Szent Gotth\u00e1rd \u00c1ltal\u00e1nos Iskola\",\"publisher\":{\"@id\":\"https:\/\/sztgotthard-altisk.hu\/#organization\"},\"potentialAction\":[{\"@type\":\"SearchAction\",\"target\":{\"@type\":\"EntryPoint\",\"urlTemplate\":\"https:\/\/sztgotthard-altisk.hu\/?s={search_term_string}\"},\"query-input\":{\"@type\":\"PropertyValueSpecification\",\"valueRequired\":true,\"valueName\":\"search_term_string\"}}],\"inLanguage\":\"hu\"},{\"@type\":\"Organization\",\"@id\":\"https:\/\/sztgotthard-altisk.hu\/#organization\",\"name\":\"Szent Gell\u00e9rt \u00c1ltal\u00e1nos Iskola\",\"url\":\"https:\/\/sztgotthard-altisk.hu\/\",\"logo\":{\"@type\":\"ImageObject\",\"inLanguage\":\"hu\",\"@id\":\"https:\/\/sztgotthard-altisk.hu\/#\/schema\/logo\/image\/\",\"url\":\"https:\/\/i0.wp.com\/www.sztgotthard-altisk.hu\/wp-content\/uploads\/2022\/01\/sztg_altisk_logo.png?fit=161%2C129&ssl=1\",\"contentUrl\":\"https:\/\/i0.wp.com\/www.sztgotthard-altisk.hu\/wp-content\/uploads\/2022\/01\/sztg_altisk_logo.png?fit=161%2C129&ssl=1\",\"width\":161,\"height\":129,\"caption\":\"Szent Gell\u00e9rt \u00c1ltal\u00e1nos Iskola\"},\"image\":{\"@id\":\"https:\/\/sztgotthard-altisk.hu\/#\/schema\/logo\/image\/\"}},{\"@type\":\"Person\",\"@id\":\"https:\/\/sztgotthard-altisk.hu\/#\/schema\/person\/1cffb7c6f071c65c282763a1fb21afeb\",\"name\":\"Administrator\",\"image\":{\"@type\":\"ImageObject\",\"inLanguage\":\"hu\",\"@id\":\"https:\/\/sztgotthard-altisk.hu\/#\/schema\/person\/image\/\",\"url\":\"https:\/\/secure.gravatar.com\/avatar\/1be83ffec85dcd4b06e404f51672a896729cc5093a05c89d191d0d1754436f7b?s=96&d=mm&r=g\",\"contentUrl\":\"https:\/\/secure.gravatar.com\/avatar\/1be83ffec85dcd4b06e404f51672a896729cc5093a05c89d191d0d1754436f7b?s=96&d=mm&r=g\",\"caption\":\"Administrator\"},\"url\":\"https:\/\/sztgotthard-altisk.hu\/?author=2\"}]}<\/script>\n<!-- \/ Yoast SEO plugin. -->","yoast_head_json":{"title":"Pedag\u00f3gusnap - Szent Gotth\u00e1rd \u00c1ltal\u00e1nos Iskola","robots":{"index":"index","follow":"follow","max-snippet":"max-snippet:-1","max-image-preview":"max-image-preview:large","max-video-preview":"max-video-preview:-1"},"canonical":"https:\/\/sztgotthard-altisk.hu\/?p=5224","og_locale":"hu_HU","og_type":"article","og_title":"Pedag\u00f3gusnap - Szent Gotth\u00e1rd \u00c1ltal\u00e1nos Iskola","og_description":"A j\u00e1rv\u00e1nyhelyzet miatt csal\u00e1dias hangulatban, csup\u00e1n a kit\u00fcntetettek \u00e9s k\u00eds\u00e9r\u0151ik, valamint az int\u00e9zm\u00e9nyvezet\u0151k r\u00e9szv\u00e9tel\u00e9vel ker\u00fclt sor az idei pedag\u00f3gusnapi \u00fcnneps\u00e9gre j\u00fanius 1-\u00e9n a refekt\u00f3riumban. Husz\u00e1r G\u00e1bor polg\u00e1rmester k\u00f6sz\u00f6nt\u00f6tte a jelenl\u00e9v\u0151ket, majd besz\u00e9d\u00e9ben k\u00f6sz\u00f6netet mondott minden egykori \u00e9s jelenlegi pedag\u00f3gusnak. Nagy \u00f6r\u00f6m\u00fcnkre szolg\u00e1lt, hogy a \u201eSzentgotth\u00e1rd K\u00f6zoktat\u00e1s\u00e1\u00e9rt D\u00edj\u201d kit\u00fcntet\u00e9sben id\u00e9n Kov\u00e1cs J\u00e1nosn\u00e9, tagint\u00e9zm\u00e9ny-vezet\u0151nk is r\u00e9szes\u00fclt az [&hellip;]","og_url":"https:\/\/sztgotthard-altisk.hu\/?p=5224","og_site_name":"Szent Gotth\u00e1rd \u00c1ltal\u00e1nos Iskola","article_published_time":"2021-06-09T09:25:39+00:00","article_modified_time":"2021-06-09T09:30:53+00:00","og_image":[{"url":"https:\/\/www.sztgotthard-altisk.hu\/wp-content\/uploads\/2021\/06\/IMG_20210601_175934-225x300.jpg","type":"","width":"","height":""}],"author":"Administrator","twitter_card":"summary_large_image","twitter_misc":{"Szerz\u0151:":"Administrator","Becs\u00fclt olvas\u00e1si id\u0151":"4 perc"},"schema":{"@context":"https:\/\/schema.org","@graph":[{"@type":"Article","@id":"https:\/\/sztgotthard-altisk.hu\/?p=5224#article","isPartOf":{"@id":"https:\/\/sztgotthard-altisk.hu\/?p=5224"},"author":{"name":"Administrator","@id":"https:\/\/sztgotthard-altisk.hu\/#\/schema\/person\/1cffb7c6f071c65c282763a1fb21afeb"},"headline":"Pedag\u00f3gusnap","datePublished":"2021-06-09T09:25:39+00:00","dateModified":"2021-06-09T09:30:53+00:00","mainEntityOfPage":{"@id":"https:\/\/sztgotthard-altisk.hu\/?p=5224"},"wordCount":721,"commentCount":0,"publisher":{"@id":"https:\/\/sztgotthard-altisk.hu\/#organization"},"image":{"@id":"https:\/\/sztgotthard-altisk.hu\/?p=5224#primaryimage"},"thumbnailUrl":"https:\/\/www.sztgotthard-altisk.hu\/wp-content\/uploads\/2021\/06\/IMG_20210601_175934-225x300.jpg","keywords":["elismer\u00e9s","kituntetes","oklev\u00e9l"],"articleSection":["H\u00edrek"],"inLanguage":"hu"},{"@type":"WebPage","@id":"https:\/\/sztgotthard-altisk.hu\/?p=5224","url":"https:\/\/sztgotthard-altisk.hu\/?p=5224","name":"Pedag\u00f3gusnap - Szent Gotth\u00e1rd \u00c1ltal\u00e1nos Iskola","isPartOf":{"@id":"https:\/\/sztgotthard-altisk.hu\/#website"},"primaryImageOfPage":{"@id":"https:\/\/sztgotthard-altisk.hu\/?p=5224#primaryimage"},"image":{"@id":"https:\/\/sztgotthard-altisk.hu\/?p=5224#primaryimage"},"thumbnailUrl":"https:\/\/www.sztgotthard-altisk.hu\/wp-content\/uploads\/2021\/06\/IMG_20210601_175934-225x300.jpg","datePublished":"2021-06-09T09:25:39+00:00","dateModified":"2021-06-09T09:30:53+00:00","breadcrumb":{"@id":"https:\/\/sztgotthard-altisk.hu\/?p=5224#breadcrumb"},"inLanguage":"hu","potentialAction":[{"@type":"ReadAction","target":["https:\/\/sztgotthard-altisk.hu\/?p=5224"]}]},{"@type":"ImageObject","inLanguage":"hu","@id":"https:\/\/sztgotthard-altisk.hu\/?p=5224#primaryimage","url":"https:\/\/www.sztgotthard-altisk.hu\/wp-content\/uploads\/2021\/06\/IMG_20210601_175934-225x300.jpg","contentUrl":"https:\/\/www.sztgotthard-altisk.hu\/wp-content\/uploads\/2021\/06\/IMG_20210601_175934-225x300.jpg"},{"@type":"BreadcrumbList","@id":"https:\/\/sztgotthard-altisk.hu\/?p=5224#breadcrumb","itemListElement":[{"@type":"ListItem","position":1,"name":"Kezd\u0151lap","item":"https:\/\/sztgotthard-altisk.hu\/"},{"@type":"ListItem","position":2,"name":"Pedag\u00f3gusnap"}]},{"@type":"WebSite","@id":"https:\/\/sztgotthard-altisk.hu\/#website","url":"https:\/\/sztgotthard-altisk.hu\/","name":"Szent Gotth\u00e1rd \u00c1ltal\u00e1nos Iskola","description":"Szent Gotth\u00e1rd \u00c1ltal\u00e1nos Iskola","publisher":{"@id":"https:\/\/sztgotthard-altisk.hu\/#organization"},"potentialAction":[{"@type":"SearchAction","target":{"@type":"EntryPoint","urlTemplate":"https:\/\/sztgotthard-altisk.hu\/?s={search_term_string}"},"query-input":{"@type":"PropertyValueSpecification","valueRequired":true,"valueName":"search_term_string"}}],"inLanguage":"hu"},{"@type":"Organization","@id":"https:\/\/sztgotthard-altisk.hu\/#organization","name":"Szent Gell\u00e9rt \u00c1ltal\u00e1nos Iskola","url":"https:\/\/sztgotthard-altisk.hu\/","logo":{"@type":"ImageObject","inLanguage":"hu","@id":"https:\/\/sztgotthard-altisk.hu\/#\/schema\/logo\/image\/","url":"https:\/\/i0.wp.com\/www.sztgotthard-altisk.hu\/wp-content\/uploads\/2022\/01\/sztg_altisk_logo.png?fit=161%2C129&ssl=1","contentUrl":"https:\/\/i0.wp.com\/www.sztgotthard-altisk.hu\/wp-content\/uploads\/2022\/01\/sztg_altisk_logo.png?fit=161%2C129&ssl=1","width":161,"height":129,"caption":"Szent Gell\u00e9rt \u00c1ltal\u00e1nos Iskola"},"image":{"@id":"https:\/\/sztgotthard-altisk.hu\/#\/schema\/logo\/image\/"}},{"@type":"Person","@id":"https:\/\/sztgotthard-altisk.hu\/#\/schema\/person\/1cffb7c6f071c65c282763a1fb21afeb","name":"Administrator","image":{"@type":"ImageObject","inLanguage":"hu","@id":"https:\/\/sztgotthard-altisk.hu\/#\/schema\/person\/image\/","url":"https:\/\/secure.gravatar.com\/avatar\/1be83ffec85dcd4b06e404f51672a896729cc5093a05c89d191d0d1754436f7b?s=96&d=mm&r=g","contentUrl":"https:\/\/secure.gravatar.com\/avatar\/1be83ffec85dcd4b06e404f51672a896729cc5093a05c89d191d0d1754436f7b?s=96&d=mm&r=g","caption":"Administrator"},"url":"https:\/\/sztgotthard-altisk.hu\/?author=2"}]}},"jetpack_featured_media_url":"","jetpack_shortlink":"https:\/\/wp.me\/p9tyQr-1mg","jetpack_sharing_enabled":true,"_links":{"self":[{"href":"https:\/\/sztgotthard-altisk.hu\/index.php?rest_route=\/wp\/v2\/posts\/5224","targetHints":{"allow":["GET"]}}],"collection":[{"href":"https:\/\/sztgotthard-altisk.hu\/index.php?rest_route=\/wp\/v2\/posts"}],"about":[{"href":"https:\/\/sztgotthard-altisk.hu\/index.php?rest_route=\/wp\/v2\/types\/post"}],"author":[{"embeddable":true,"href":"https:\/\/sztgotthard-altisk.hu\/index.php?rest_route=\/wp\/v2\/users\/2"}],"replies":[{"embeddable":true,"href":"https:\/\/sztgotthard-altisk.hu\/index.php?rest_route=%2Fwp%2Fv2%2Fcomments&post=5224"}],"version-history":[{"count":5,"href":"https:\/\/sztgotthard-altisk.hu\/index.php?rest_route=\/wp\/v2\/posts\/5224\/revisions"}],"predecessor-version":[{"id":5231,"href":"https:\/\/sztgotthard-altisk.hu\/index.php?rest_route=\/wp\/v2\/posts\/5224\/revisions\/5231"}],"wp:attachment":[{"href":"https:\/\/sztgotthard-altisk.hu\/index.php?rest_route=%2Fwp%2Fv2%2Fmedia&parent=5224"}],"wp:term":[{"taxonomy":"category","embeddable":true,"href":"https:\/\/sztgotthard-altisk.hu\/index.php?rest_route=%2Fwp%2Fv2%2Fcategories&post=5224"},{"taxonomy":"post_tag","embeddable":true,"href":"https:\/\/sztgotthard-altisk.hu\/index.php?rest_route=%2Fwp%2Fv2%2Ftags&post=5224"}],"curies":[{"name":"wp","href":"https:\/\/api.w.org\/{rel}","templated":true}]}}