{"id":4391,"date":"2020-02-18T13:33:54","date_gmt":"2020-02-18T12:33:54","guid":{"rendered":"https:\/\/www.sztgotthard-altisk.hu\/?p=4391"},"modified":"2020-02-18T14:12:28","modified_gmt":"2020-02-18T13:12:28","slug":"4391","status":"publish","type":"post","link":"https:\/\/sztgotthard-altisk.hu\/?p=4391","title":{"rendered":""},"content":{"rendered":"<h3 style=\"text-align: center;\"><strong>Terematl\u00e9tika bajnoks\u00e1g<\/strong><\/h3>\n<p style=\"text-align: justify;\">Febru\u00e1r 13-\u00e1n iskol\u00e1nk adott helysz\u00ednt a hagyom\u00e1nyos <strong>ter\u00fcleti terematl\u00e9tika bajnoks\u00e1g<\/strong>nak, ahol a t\u00e9rs\u00e9g \u00e1ltal\u00e1nos iskol\u00e1s di\u00e1kjai m\u00e9retett\u00e9k meg magukat 30 m-es fut\u00e1sban, helyb\u0151l t\u00e1volugr\u00e1sban, t\u00f6m\u00f6tt labdahaj\u00edt\u00e1sban, magasugr\u00e1sban \u00e9s t\u00f6bbk\u00f6r\u00f6s fut\u00e1sban.<\/p>\n<p>&nbsp;<\/p>\n<p>A sz\u00e9chenyisek a k\u00f6vetkez\u0151 eredm\u00e9nyekkel v\u00e9geztek:<\/p>\n<p>&nbsp;<\/p>\n<p><span style=\"color: #ff0000;\"><strong><u>30 m-es fut\u00e1s:<\/u><\/strong><\/span><\/p>\n<p>&nbsp;<\/p>\n<p><strong><u>III. kcs. le\u00e1ny<\/u><\/strong><\/p>\n<ol>\n<li>S\u00f6menek Ant\u00f3nia, felk\u00e9sz\u00edt\u0151 tan\u00e1r: Kov\u00e1cs Tam\u00e1s<\/li>\n<li>Sipos Gr\u00e9ta, felk\u00e9sz\u00edt\u0151 tan\u00e1r: Pappn\u00e9 Rest\u00e1s Csilla<\/li>\n<\/ol>\n<p><a href=\"https:\/\/i0.wp.com\/www.sztgotthard-altisk.hu\/wp-content\/uploads\/2020\/02\/IMG_8995.jpg?ssl=1\"><img data-recalc-dims=\"1\" fetchpriority=\"high\" decoding=\"async\" class=\"alignnone size-medium wp-image-4395\" src=\"https:\/\/i0.wp.com\/www.sztgotthard-altisk.hu\/wp-content\/uploads\/2020\/02\/IMG_8995-300x225.jpg?resize=300%2C225&#038;ssl=1\" alt=\"\" width=\"300\" height=\"225\" srcset=\"https:\/\/i0.wp.com\/sztgotthard-altisk.hu\/wp-content\/uploads\/2020\/02\/IMG_8995.jpg?resize=300%2C225&amp;ssl=1 300w, https:\/\/i0.wp.com\/sztgotthard-altisk.hu\/wp-content\/uploads\/2020\/02\/IMG_8995.jpg?resize=1024%2C768&amp;ssl=1 1024w, https:\/\/i0.wp.com\/sztgotthard-altisk.hu\/wp-content\/uploads\/2020\/02\/IMG_8995.jpg?resize=768%2C576&amp;ssl=1 768w, https:\/\/i0.wp.com\/sztgotthard-altisk.hu\/wp-content\/uploads\/2020\/02\/IMG_8995.jpg?w=1095&amp;ssl=1 1095w\" sizes=\"(max-width: 300px) 100vw, 300px\" \/><\/a><\/p>\n<p>&nbsp;<\/p>\n<p>&nbsp;<\/p>\n<p>&nbsp;<\/p>\n<p><strong><u>III. kcs. fi\u00fa<\/u><\/strong><\/p>\n<ol>\n<li>Major Dominik, felk\u00e9sz\u00edt\u0151 tan\u00e1r: Pappn\u00e9 Rest\u00e1s Csilla<\/li>\n<li>N\u00e9meth Zal\u00e1n, felk\u00e9sz\u00edt\u0151 tan\u00e1r: Cs\u00e1sz\u00e1r-Bartakovics Csaba<\/li>\n<li>Tak\u00e1cs Martin, felk\u00e9sz\u00edt\u0151 tan\u00e1r: Pappn\u00e9 Rest\u00e1s Csilla<\/li>\n<\/ol>\n<p>&nbsp;<\/p>\n<p><a href=\"https:\/\/i0.wp.com\/www.sztgotthard-altisk.hu\/wp-content\/uploads\/2020\/02\/IMG_8996.jpg?ssl=1\"><img data-recalc-dims=\"1\" decoding=\"async\" class=\"alignnone size-medium wp-image-4396\" src=\"https:\/\/i0.wp.com\/www.sztgotthard-altisk.hu\/wp-content\/uploads\/2020\/02\/IMG_8996-300x225.jpg?resize=300%2C225&#038;ssl=1\" alt=\"\" width=\"300\" height=\"225\" srcset=\"https:\/\/i0.wp.com\/sztgotthard-altisk.hu\/wp-content\/uploads\/2020\/02\/IMG_8996.jpg?resize=300%2C225&amp;ssl=1 300w, https:\/\/i0.wp.com\/sztgotthard-altisk.hu\/wp-content\/uploads\/2020\/02\/IMG_8996.jpg?resize=1024%2C768&amp;ssl=1 1024w, https:\/\/i0.wp.com\/sztgotthard-altisk.hu\/wp-content\/uploads\/2020\/02\/IMG_8996.jpg?resize=768%2C576&amp;ssl=1 768w, https:\/\/i0.wp.com\/sztgotthard-altisk.hu\/wp-content\/uploads\/2020\/02\/IMG_8996.jpg?w=1095&amp;ssl=1 1095w\" sizes=\"(max-width: 300px) 100vw, 300px\" \/><\/a><\/p>\n<p>&nbsp;<\/p>\n<p>&nbsp;<\/p>\n<p>&nbsp;<\/p>\n<p><strong><u>IV. kcs. le\u00e1ny<\/u><\/strong><\/p>\n<ol>\n<li>Mih\u00e1lyfi D\u00f3ra, felk\u00e9sz\u00edt\u0151 tan\u00e1r: Hegyi J\u00f3zsef<\/li>\n<li>Horv\u00e1th Tifani, felk\u00e9sz\u00edt\u0151 tan\u00e1r: Hegyi J\u00f3zsef<\/li>\n<li>S\u00e1rv\u00e1ri Al\u00edz, felk\u00e9sz\u00edt\u0151 tan\u00e1r: Hegyi J\u00f3zsef<\/li>\n<\/ol>\n<p><a href=\"https:\/\/i0.wp.com\/www.sztgotthard-altisk.hu\/wp-content\/uploads\/2020\/02\/IMG_8997.jpg?ssl=1\"><img data-recalc-dims=\"1\" decoding=\"async\" class=\"alignnone size-medium wp-image-4397\" src=\"https:\/\/i0.wp.com\/www.sztgotthard-altisk.hu\/wp-content\/uploads\/2020\/02\/IMG_8997-300x225.jpg?resize=300%2C225&#038;ssl=1\" alt=\"\" width=\"300\" height=\"225\" srcset=\"https:\/\/i0.wp.com\/sztgotthard-altisk.hu\/wp-content\/uploads\/2020\/02\/IMG_8997.jpg?resize=300%2C225&amp;ssl=1 300w, https:\/\/i0.wp.com\/sztgotthard-altisk.hu\/wp-content\/uploads\/2020\/02\/IMG_8997.jpg?resize=1024%2C768&amp;ssl=1 1024w, https:\/\/i0.wp.com\/sztgotthard-altisk.hu\/wp-content\/uploads\/2020\/02\/IMG_8997.jpg?resize=768%2C576&amp;ssl=1 768w, https:\/\/i0.wp.com\/sztgotthard-altisk.hu\/wp-content\/uploads\/2020\/02\/IMG_8997.jpg?w=1095&amp;ssl=1 1095w\" sizes=\"(max-width: 300px) 100vw, 300px\" \/><\/a><\/p>\n<p>&nbsp;<\/p>\n<p>&nbsp;<\/p>\n<p>&nbsp;<\/p>\n<p>&nbsp;<\/p>\n<p><span style=\"text-decoration: underline;\"><strong>IV. kcs fi\u00fa<\/strong><\/span><\/p>\n<p>&nbsp;<\/p>\n<p>2. V\u00f6r\u00f6s Kevin, felk\u00e9sz\u00edt\u0151 tan\u00e1r: Pappn\u00e9 Rest\u00e1s Csilla<\/p>\n<p>&nbsp;<\/p>\n<p><a href=\"https:\/\/i0.wp.com\/www.sztgotthard-altisk.hu\/wp-content\/uploads\/2020\/02\/IMG_8998.jpg?ssl=1\"><img data-recalc-dims=\"1\" loading=\"lazy\" decoding=\"async\" class=\"alignnone size-medium wp-image-4398\" src=\"https:\/\/i0.wp.com\/www.sztgotthard-altisk.hu\/wp-content\/uploads\/2020\/02\/IMG_8998-300x225.jpg?resize=300%2C225&#038;ssl=1\" alt=\"\" width=\"300\" height=\"225\" srcset=\"https:\/\/i0.wp.com\/sztgotthard-altisk.hu\/wp-content\/uploads\/2020\/02\/IMG_8998.jpg?resize=300%2C225&amp;ssl=1 300w, https:\/\/i0.wp.com\/sztgotthard-altisk.hu\/wp-content\/uploads\/2020\/02\/IMG_8998.jpg?resize=1024%2C768&amp;ssl=1 1024w, https:\/\/i0.wp.com\/sztgotthard-altisk.hu\/wp-content\/uploads\/2020\/02\/IMG_8998.jpg?resize=768%2C576&amp;ssl=1 768w, https:\/\/i0.wp.com\/sztgotthard-altisk.hu\/wp-content\/uploads\/2020\/02\/IMG_8998.jpg?w=1095&amp;ssl=1 1095w\" sizes=\"(max-width: 300px) 100vw, 300px\" \/><\/a><\/p>\n<p>&nbsp;<\/p>\n<p>&nbsp;<\/p>\n<p>&nbsp;<\/p>\n<p><span style=\"color: #ff0000;\"><strong><u>Helyb\u0151l t\u00e1volugr\u00e1s<\/u><\/strong><\/span><\/p>\n<p><strong><span style=\"color: #ff0000;\">\u00a0<\/span><\/strong><\/p>\n<p><strong><u>III. kcs. le\u00e1ny<\/u><\/strong><\/p>\n<p>&nbsp;<\/p>\n<p>3. Dolgos B\u00edborka, felk\u00e9sz\u00edt\u0151 tan\u00e1r: Pappn\u00e9 Rest\u00e1s Csilla<\/p>\n<p>&nbsp;<\/p>\n<p><a href=\"https:\/\/i0.wp.com\/www.sztgotthard-altisk.hu\/wp-content\/uploads\/2020\/02\/IMG_9001.jpg?ssl=1\"><img data-recalc-dims=\"1\" loading=\"lazy\" decoding=\"async\" class=\"alignnone size-medium wp-image-4399\" src=\"https:\/\/i0.wp.com\/www.sztgotthard-altisk.hu\/wp-content\/uploads\/2020\/02\/IMG_9001-300x225.jpg?resize=300%2C225&#038;ssl=1\" alt=\"\" width=\"300\" height=\"225\" srcset=\"https:\/\/i0.wp.com\/sztgotthard-altisk.hu\/wp-content\/uploads\/2020\/02\/IMG_9001.jpg?resize=300%2C225&amp;ssl=1 300w, https:\/\/i0.wp.com\/sztgotthard-altisk.hu\/wp-content\/uploads\/2020\/02\/IMG_9001.jpg?resize=1024%2C768&amp;ssl=1 1024w, https:\/\/i0.wp.com\/sztgotthard-altisk.hu\/wp-content\/uploads\/2020\/02\/IMG_9001.jpg?resize=768%2C576&amp;ssl=1 768w, https:\/\/i0.wp.com\/sztgotthard-altisk.hu\/wp-content\/uploads\/2020\/02\/IMG_9001.jpg?w=1095&amp;ssl=1 1095w\" sizes=\"(max-width: 300px) 100vw, 300px\" \/><\/a><\/p>\n<p>&nbsp;<\/p>\n<p>&nbsp;<\/p>\n<p>&nbsp;<\/p>\n<p><strong><u>III. kcs. fi\u00fa<\/u><\/strong><\/p>\n<ol>\n<li>N\u00e9meth B\u00e1lint, felk\u00e9sz\u00edt\u0151 tan\u00e1r: Pappn\u00e9 Rest\u00e1s Csilla<\/li>\n<li>Urbauer Ram\u00f3n, felk\u00e9sz\u00edt\u0151 tan\u00e1r: Pappn\u00e9 Rest\u00e1s Csilla<\/li>\n<li>Toplak \u00c1ron, felk\u00e9sz\u00edt\u0151 tan\u00e1r: Pappn\u00e9 Rest\u00e1s Csilla<\/li>\n<\/ol>\n<p>&nbsp;<\/p>\n<p><a href=\"https:\/\/i0.wp.com\/www.sztgotthard-altisk.hu\/wp-content\/uploads\/2020\/02\/IMG_9002.jpg?ssl=1\"><img data-recalc-dims=\"1\" loading=\"lazy\" decoding=\"async\" class=\"alignnone size-medium wp-image-4400\" src=\"https:\/\/i0.wp.com\/www.sztgotthard-altisk.hu\/wp-content\/uploads\/2020\/02\/IMG_9002-300x225.jpg?resize=300%2C225&#038;ssl=1\" alt=\"\" width=\"300\" height=\"225\" srcset=\"https:\/\/i0.wp.com\/sztgotthard-altisk.hu\/wp-content\/uploads\/2020\/02\/IMG_9002.jpg?resize=300%2C225&amp;ssl=1 300w, https:\/\/i0.wp.com\/sztgotthard-altisk.hu\/wp-content\/uploads\/2020\/02\/IMG_9002.jpg?resize=1024%2C768&amp;ssl=1 1024w, https:\/\/i0.wp.com\/sztgotthard-altisk.hu\/wp-content\/uploads\/2020\/02\/IMG_9002.jpg?resize=768%2C576&amp;ssl=1 768w, https:\/\/i0.wp.com\/sztgotthard-altisk.hu\/wp-content\/uploads\/2020\/02\/IMG_9002.jpg?w=1095&amp;ssl=1 1095w\" sizes=\"(max-width: 300px) 100vw, 300px\" \/><\/a><\/p>\n<p>&nbsp;<\/p>\n<p>&nbsp;<\/p>\n<p>&nbsp;<\/p>\n<p><span style=\"text-decoration: underline;\"><strong>IV. kcs. fi\u00fa<\/strong><\/span><\/p>\n<p>&nbsp;<\/p>\n<p>2. Bauer D\u00e1niel, felk\u00e9sz\u00edt\u0151 tan\u00e1r: Hegyi J\u00f3zsef<\/p>\n<p>&nbsp;<\/p>\n<p><a href=\"https:\/\/i0.wp.com\/www.sztgotthard-altisk.hu\/wp-content\/uploads\/2020\/02\/IMG_20200213_122052-scaled.jpg?ssl=1\"><img data-recalc-dims=\"1\" loading=\"lazy\" decoding=\"async\" class=\"alignnone size-medium wp-image-4401\" src=\"https:\/\/i0.wp.com\/www.sztgotthard-altisk.hu\/wp-content\/uploads\/2020\/02\/IMG_20200213_122052-300x225.jpg?resize=300%2C225&#038;ssl=1\" alt=\"\" width=\"300\" height=\"225\" srcset=\"https:\/\/i0.wp.com\/sztgotthard-altisk.hu\/wp-content\/uploads\/2020\/02\/IMG_20200213_122052-scaled.jpg?resize=300%2C225&amp;ssl=1 300w, https:\/\/i0.wp.com\/sztgotthard-altisk.hu\/wp-content\/uploads\/2020\/02\/IMG_20200213_122052-scaled.jpg?resize=1024%2C768&amp;ssl=1 1024w, https:\/\/i0.wp.com\/sztgotthard-altisk.hu\/wp-content\/uploads\/2020\/02\/IMG_20200213_122052-scaled.jpg?resize=768%2C576&amp;ssl=1 768w, https:\/\/i0.wp.com\/sztgotthard-altisk.hu\/wp-content\/uploads\/2020\/02\/IMG_20200213_122052-scaled.jpg?resize=1536%2C1152&amp;ssl=1 1536w, https:\/\/i0.wp.com\/sztgotthard-altisk.hu\/wp-content\/uploads\/2020\/02\/IMG_20200213_122052-scaled.jpg?resize=2048%2C1536&amp;ssl=1 2048w, https:\/\/i0.wp.com\/sztgotthard-altisk.hu\/wp-content\/uploads\/2020\/02\/IMG_20200213_122052-scaled.jpg?w=2280&amp;ssl=1 2280w\" sizes=\"(max-width: 300px) 100vw, 300px\" \/><\/a><\/p>\n<p>&nbsp;<\/p>\n<p>&nbsp;<\/p>\n<p>&nbsp;<\/p>\n<p><span style=\"color: #ff0000;\"><strong><u>T\u00f6m\u00f6tt labdahaj\u00edt\u00e1s<\/u><\/strong><\/span><\/p>\n<p>&nbsp;<\/p>\n<p><strong><u>II. kcs. le\u00e1ny<\/u><\/strong><\/p>\n<ol>\n<li>G\u00e1sp\u00e1r Kata, felk\u00e9sz\u00edt\u0151 tan\u00e1r: Cs\u00e1sz\u00e1r-Bartakovics Csaba<\/li>\n<\/ol>\n<p>&nbsp;<\/p>\n<p><a href=\"https:\/\/i0.wp.com\/www.sztgotthard-altisk.hu\/wp-content\/uploads\/2020\/02\/IMG_20200213_122303-scaled.jpg?ssl=1\"><img data-recalc-dims=\"1\" loading=\"lazy\" decoding=\"async\" class=\"alignnone size-medium wp-image-4402\" src=\"https:\/\/i0.wp.com\/www.sztgotthard-altisk.hu\/wp-content\/uploads\/2020\/02\/IMG_20200213_122303-300x225.jpg?resize=300%2C225&#038;ssl=1\" alt=\"\" width=\"300\" height=\"225\" srcset=\"https:\/\/i0.wp.com\/sztgotthard-altisk.hu\/wp-content\/uploads\/2020\/02\/IMG_20200213_122303-scaled.jpg?resize=300%2C225&amp;ssl=1 300w, https:\/\/i0.wp.com\/sztgotthard-altisk.hu\/wp-content\/uploads\/2020\/02\/IMG_20200213_122303-scaled.jpg?resize=1024%2C768&amp;ssl=1 1024w, https:\/\/i0.wp.com\/sztgotthard-altisk.hu\/wp-content\/uploads\/2020\/02\/IMG_20200213_122303-scaled.jpg?resize=768%2C576&amp;ssl=1 768w, https:\/\/i0.wp.com\/sztgotthard-altisk.hu\/wp-content\/uploads\/2020\/02\/IMG_20200213_122303-scaled.jpg?resize=1536%2C1152&amp;ssl=1 1536w, https:\/\/i0.wp.com\/sztgotthard-altisk.hu\/wp-content\/uploads\/2020\/02\/IMG_20200213_122303-scaled.jpg?resize=2048%2C1536&amp;ssl=1 2048w, https:\/\/i0.wp.com\/sztgotthard-altisk.hu\/wp-content\/uploads\/2020\/02\/IMG_20200213_122303-scaled.jpg?w=2280&amp;ssl=1 2280w\" sizes=\"(max-width: 300px) 100vw, 300px\" \/><\/a><\/p>\n<p>&nbsp;<\/p>\n<p>&nbsp;<\/p>\n<p>&nbsp;<\/p>\n<p><strong><u>III. kcs. le\u00e1ny<\/u><\/strong><\/p>\n<ol>\n<li>Horv\u00e1th Dzsesszika, felk\u00e9sz\u00edt\u0151 tan\u00e1r: Pappn\u00e9 Rest\u00e1s Csilla<\/li>\n<\/ol>\n<p>&nbsp;<\/p>\n<p><a href=\"https:\/\/i0.wp.com\/www.sztgotthard-altisk.hu\/wp-content\/uploads\/2020\/02\/IMG_20200213_122442-scaled.jpg?ssl=1\"><img data-recalc-dims=\"1\" loading=\"lazy\" decoding=\"async\" class=\"alignnone size-medium wp-image-4403\" src=\"https:\/\/i0.wp.com\/www.sztgotthard-altisk.hu\/wp-content\/uploads\/2020\/02\/IMG_20200213_122442-300x225.jpg?resize=300%2C225&#038;ssl=1\" alt=\"\" width=\"300\" height=\"225\" srcset=\"https:\/\/i0.wp.com\/sztgotthard-altisk.hu\/wp-content\/uploads\/2020\/02\/IMG_20200213_122442-scaled.jpg?resize=300%2C225&amp;ssl=1 300w, https:\/\/i0.wp.com\/sztgotthard-altisk.hu\/wp-content\/uploads\/2020\/02\/IMG_20200213_122442-scaled.jpg?resize=1024%2C768&amp;ssl=1 1024w, https:\/\/i0.wp.com\/sztgotthard-altisk.hu\/wp-content\/uploads\/2020\/02\/IMG_20200213_122442-scaled.jpg?resize=768%2C576&amp;ssl=1 768w, https:\/\/i0.wp.com\/sztgotthard-altisk.hu\/wp-content\/uploads\/2020\/02\/IMG_20200213_122442-scaled.jpg?resize=1536%2C1152&amp;ssl=1 1536w, https:\/\/i0.wp.com\/sztgotthard-altisk.hu\/wp-content\/uploads\/2020\/02\/IMG_20200213_122442-scaled.jpg?resize=2048%2C1536&amp;ssl=1 2048w, https:\/\/i0.wp.com\/sztgotthard-altisk.hu\/wp-content\/uploads\/2020\/02\/IMG_20200213_122442-scaled.jpg?w=2280&amp;ssl=1 2280w\" sizes=\"(max-width: 300px) 100vw, 300px\" \/><\/a><\/p>\n<p>&nbsp;<\/p>\n<p>&nbsp;<\/p>\n<p>&nbsp;<\/p>\n<p><strong><u>III. kcs. fi\u00fa<\/u><\/strong><\/p>\n<ol>\n<li>Mukics Benedek, felk\u00e9sz\u00edt\u0151 tan\u00e1r: Pappn\u00e9 Rest\u00e1s Csilla<\/li>\n<\/ol>\n<p>3. Csin\u00e1th Benedek, felk\u00e9sz\u00edt\u0151 tan\u00e1r: Cs\u00e1sz\u00e1r-Bartakovics Csaba<\/p>\n<p>&nbsp;<\/p>\n<p><a href=\"https:\/\/i0.wp.com\/www.sztgotthard-altisk.hu\/wp-content\/uploads\/2020\/02\/IMG_20200213_122541-scaled.jpg?ssl=1\"><img data-recalc-dims=\"1\" loading=\"lazy\" decoding=\"async\" class=\"alignnone size-medium wp-image-4404\" src=\"https:\/\/i0.wp.com\/www.sztgotthard-altisk.hu\/wp-content\/uploads\/2020\/02\/IMG_20200213_122541-300x225.jpg?resize=300%2C225&#038;ssl=1\" alt=\"\" width=\"300\" height=\"225\" srcset=\"https:\/\/i0.wp.com\/sztgotthard-altisk.hu\/wp-content\/uploads\/2020\/02\/IMG_20200213_122541-scaled.jpg?resize=300%2C225&amp;ssl=1 300w, https:\/\/i0.wp.com\/sztgotthard-altisk.hu\/wp-content\/uploads\/2020\/02\/IMG_20200213_122541-scaled.jpg?resize=1024%2C768&amp;ssl=1 1024w, https:\/\/i0.wp.com\/sztgotthard-altisk.hu\/wp-content\/uploads\/2020\/02\/IMG_20200213_122541-scaled.jpg?resize=768%2C576&amp;ssl=1 768w, https:\/\/i0.wp.com\/sztgotthard-altisk.hu\/wp-content\/uploads\/2020\/02\/IMG_20200213_122541-scaled.jpg?resize=1536%2C1152&amp;ssl=1 1536w, https:\/\/i0.wp.com\/sztgotthard-altisk.hu\/wp-content\/uploads\/2020\/02\/IMG_20200213_122541-scaled.jpg?resize=2048%2C1536&amp;ssl=1 2048w, https:\/\/i0.wp.com\/sztgotthard-altisk.hu\/wp-content\/uploads\/2020\/02\/IMG_20200213_122541-scaled.jpg?w=2280&amp;ssl=1 2280w\" sizes=\"(max-width: 300px) 100vw, 300px\" \/><\/a><\/p>\n<p>&nbsp;<\/p>\n<p>&nbsp;<\/p>\n<p>&nbsp;<\/p>\n<p><strong><u>IV. kcs. le\u00e1ny<\/u><\/strong><\/p>\n<p>&nbsp;<\/p>\n<p>2. Horv\u00e1th Tifani, felk\u00e9sz\u00edt\u0151 tan\u00e1r: Hegyi J\u00f3zsef<\/p>\n<p>&nbsp;<\/p>\n<p>&nbsp;<\/p>\n<p><a href=\"https:\/\/i0.wp.com\/www.sztgotthard-altisk.hu\/wp-content\/uploads\/2020\/02\/IMG_20200213_122621-scaled.jpg?ssl=1\"><img data-recalc-dims=\"1\" loading=\"lazy\" decoding=\"async\" class=\"alignnone size-medium wp-image-4405\" src=\"https:\/\/i0.wp.com\/www.sztgotthard-altisk.hu\/wp-content\/uploads\/2020\/02\/IMG_20200213_122621-300x225.jpg?resize=300%2C225&#038;ssl=1\" alt=\"\" width=\"300\" height=\"225\" srcset=\"https:\/\/i0.wp.com\/sztgotthard-altisk.hu\/wp-content\/uploads\/2020\/02\/IMG_20200213_122621-scaled.jpg?resize=300%2C225&amp;ssl=1 300w, https:\/\/i0.wp.com\/sztgotthard-altisk.hu\/wp-content\/uploads\/2020\/02\/IMG_20200213_122621-scaled.jpg?resize=1024%2C768&amp;ssl=1 1024w, https:\/\/i0.wp.com\/sztgotthard-altisk.hu\/wp-content\/uploads\/2020\/02\/IMG_20200213_122621-scaled.jpg?resize=768%2C576&amp;ssl=1 768w, https:\/\/i0.wp.com\/sztgotthard-altisk.hu\/wp-content\/uploads\/2020\/02\/IMG_20200213_122621-scaled.jpg?resize=1536%2C1152&amp;ssl=1 1536w, https:\/\/i0.wp.com\/sztgotthard-altisk.hu\/wp-content\/uploads\/2020\/02\/IMG_20200213_122621-scaled.jpg?resize=2048%2C1536&amp;ssl=1 2048w, https:\/\/i0.wp.com\/sztgotthard-altisk.hu\/wp-content\/uploads\/2020\/02\/IMG_20200213_122621-scaled.jpg?w=2280&amp;ssl=1 2280w\" sizes=\"(max-width: 300px) 100vw, 300px\" \/><\/a><\/p>\n<p>&nbsp;<\/p>\n<p>&nbsp;<\/p>\n<p>&nbsp;<\/p>\n<p><strong><u> IV. kcs. fi\u00fa<\/u><\/strong><\/p>\n<ol>\n<li>Koll\u00e1rits \u00c1d\u00e1m, felk\u00e9sz\u00edt\u0151 tan\u00e1r: Pappn\u00e9 Rest\u00e1s Csilla<\/li>\n<\/ol>\n<p>3. Bauer D\u00e1niel, felk\u00e9sz\u00edt\u0151 tan\u00e1r: Hegyi J\u00f3zsef<\/p>\n<p>&nbsp;<\/p>\n<p><a href=\"https:\/\/i0.wp.com\/www.sztgotthard-altisk.hu\/wp-content\/uploads\/2020\/02\/IMG_20200213_122704-scaled.jpg?ssl=1\"><img data-recalc-dims=\"1\" loading=\"lazy\" decoding=\"async\" class=\"alignnone size-medium wp-image-4406\" src=\"https:\/\/i0.wp.com\/www.sztgotthard-altisk.hu\/wp-content\/uploads\/2020\/02\/IMG_20200213_122704-300x225.jpg?resize=300%2C225&#038;ssl=1\" alt=\"\" width=\"300\" height=\"225\" srcset=\"https:\/\/i0.wp.com\/sztgotthard-altisk.hu\/wp-content\/uploads\/2020\/02\/IMG_20200213_122704-scaled.jpg?resize=300%2C225&amp;ssl=1 300w, https:\/\/i0.wp.com\/sztgotthard-altisk.hu\/wp-content\/uploads\/2020\/02\/IMG_20200213_122704-scaled.jpg?resize=1024%2C768&amp;ssl=1 1024w, https:\/\/i0.wp.com\/sztgotthard-altisk.hu\/wp-content\/uploads\/2020\/02\/IMG_20200213_122704-scaled.jpg?resize=768%2C576&amp;ssl=1 768w, https:\/\/i0.wp.com\/sztgotthard-altisk.hu\/wp-content\/uploads\/2020\/02\/IMG_20200213_122704-scaled.jpg?resize=1536%2C1152&amp;ssl=1 1536w, https:\/\/i0.wp.com\/sztgotthard-altisk.hu\/wp-content\/uploads\/2020\/02\/IMG_20200213_122704-scaled.jpg?resize=2048%2C1536&amp;ssl=1 2048w, https:\/\/i0.wp.com\/sztgotthard-altisk.hu\/wp-content\/uploads\/2020\/02\/IMG_20200213_122704-scaled.jpg?w=2280&amp;ssl=1 2280w\" sizes=\"(max-width: 300px) 100vw, 300px\" \/><\/a><\/p>\n<p>&nbsp;<\/p>\n<p>&nbsp;<\/p>\n<p>&nbsp;<\/p>\n<p><span style=\"color: #ff0000;\"><strong><u>Magasugr\u00e1s<\/u><\/strong><\/span><\/p>\n<p>&nbsp;<\/p>\n<p><strong><u>III. kcs. le\u00e1ny<\/u><\/strong><\/p>\n<p>2. R\u00e1cz Rox\u00e1na, felk\u00e9sz\u00edt\u0151 tan\u00e1r: Pappn\u00e9 Rest\u00e1s Csilla<\/p>\n<p>&nbsp;<\/p>\n<p>&nbsp;<\/p>\n<p><strong><u>III. kcs. fi\u00fa<\/u><\/strong><\/p>\n<ol>\n<li>Sz\u00e9kely M\u00e1t\u00e9, felk\u00e9sz\u00edt\u0151 tan\u00e1r: Cs\u00e1sz\u00e1r-Bartakovics Csaba<\/li>\n<li>Solt\u00e9sz-B\u00e1cskai Levente \u00e9s\u00a0 Makk\u00e1r Patrik, felk\u00e9sz\u00edt\u0151 tan\u00e1r: Cs\u00e1sz\u00e1r-Bartakovics Csaba<\/li>\n<\/ol>\n<p>&nbsp;<\/p>\n<p><a href=\"https:\/\/i0.wp.com\/www.sztgotthard-altisk.hu\/wp-content\/uploads\/2020\/02\/IMG_20200213_122838-scaled.jpg?ssl=1\"><img data-recalc-dims=\"1\" loading=\"lazy\" decoding=\"async\" class=\"alignnone size-medium wp-image-4407\" src=\"https:\/\/i0.wp.com\/www.sztgotthard-altisk.hu\/wp-content\/uploads\/2020\/02\/IMG_20200213_122838-300x225.jpg?resize=300%2C225&#038;ssl=1\" alt=\"\" width=\"300\" height=\"225\" srcset=\"https:\/\/i0.wp.com\/sztgotthard-altisk.hu\/wp-content\/uploads\/2020\/02\/IMG_20200213_122838-scaled.jpg?resize=300%2C225&amp;ssl=1 300w, https:\/\/i0.wp.com\/sztgotthard-altisk.hu\/wp-content\/uploads\/2020\/02\/IMG_20200213_122838-scaled.jpg?resize=1024%2C768&amp;ssl=1 1024w, https:\/\/i0.wp.com\/sztgotthard-altisk.hu\/wp-content\/uploads\/2020\/02\/IMG_20200213_122838-scaled.jpg?resize=768%2C576&amp;ssl=1 768w, https:\/\/i0.wp.com\/sztgotthard-altisk.hu\/wp-content\/uploads\/2020\/02\/IMG_20200213_122838-scaled.jpg?resize=1536%2C1152&amp;ssl=1 1536w, https:\/\/i0.wp.com\/sztgotthard-altisk.hu\/wp-content\/uploads\/2020\/02\/IMG_20200213_122838-scaled.jpg?resize=2048%2C1536&amp;ssl=1 2048w, https:\/\/i0.wp.com\/sztgotthard-altisk.hu\/wp-content\/uploads\/2020\/02\/IMG_20200213_122838-scaled.jpg?w=2280&amp;ssl=1 2280w\" sizes=\"(max-width: 300px) 100vw, 300px\" \/><\/a><\/p>\n<p>&nbsp;<\/p>\n<p>&nbsp;<\/p>\n<p>&nbsp;<\/p>\n<p><strong><u>IV. kcs. le\u00e1ny<\/u><\/strong><\/p>\n<ol>\n<li>Mih\u00e1lyfi D\u00f3ra, felk\u00e9sz\u00edt\u0151 tan\u00e1r: Hegyi J\u00f3zsef<\/li>\n<li>Horv\u00e1th Tifani, felk\u00e9sz\u00edt\u0151 tan\u00e1r: Hegyi J\u00f3zsef<\/li>\n<\/ol>\n<p>&nbsp;<\/p>\n<p><a href=\"https:\/\/i0.wp.com\/www.sztgotthard-altisk.hu\/wp-content\/uploads\/2020\/02\/IMG_20200213_122940-scaled.jpg?ssl=1\"><img data-recalc-dims=\"1\" loading=\"lazy\" decoding=\"async\" class=\"alignnone size-medium wp-image-4408\" src=\"https:\/\/i0.wp.com\/www.sztgotthard-altisk.hu\/wp-content\/uploads\/2020\/02\/IMG_20200213_122940-300x225.jpg?resize=300%2C225&#038;ssl=1\" alt=\"\" width=\"300\" height=\"225\" srcset=\"https:\/\/i0.wp.com\/sztgotthard-altisk.hu\/wp-content\/uploads\/2020\/02\/IMG_20200213_122940-scaled.jpg?resize=300%2C225&amp;ssl=1 300w, https:\/\/i0.wp.com\/sztgotthard-altisk.hu\/wp-content\/uploads\/2020\/02\/IMG_20200213_122940-scaled.jpg?resize=1024%2C768&amp;ssl=1 1024w, https:\/\/i0.wp.com\/sztgotthard-altisk.hu\/wp-content\/uploads\/2020\/02\/IMG_20200213_122940-scaled.jpg?resize=768%2C576&amp;ssl=1 768w, https:\/\/i0.wp.com\/sztgotthard-altisk.hu\/wp-content\/uploads\/2020\/02\/IMG_20200213_122940-scaled.jpg?resize=1536%2C1152&amp;ssl=1 1536w, https:\/\/i0.wp.com\/sztgotthard-altisk.hu\/wp-content\/uploads\/2020\/02\/IMG_20200213_122940-scaled.jpg?resize=2048%2C1536&amp;ssl=1 2048w, https:\/\/i0.wp.com\/sztgotthard-altisk.hu\/wp-content\/uploads\/2020\/02\/IMG_20200213_122940-scaled.jpg?w=2280&amp;ssl=1 2280w\" sizes=\"(max-width: 300px) 100vw, 300px\" \/><\/a><\/p>\n<p>&nbsp;<\/p>\n<p>&nbsp;<\/p>\n<p><span style=\"color: #ff0000;\"><strong><u>T\u00f6bbk\u00f6r\u00f6s fut\u00e1s<\/u><\/strong><\/span><\/p>\n<p>&nbsp;<\/p>\n<p><strong><u>III. kcs. le\u00e1ny<\/u><\/strong><\/p>\n<p>&nbsp;<\/p>\n<p>2. Kapit\u00e1ny Gr\u00e9ta, felk\u00e9sz\u00edt\u0151 tan\u00e1r: Cs\u00e1sz\u00e1r-Bartakovics Csaba<\/p>\n<p>3. M\u00e9hes J\u00e1zmin, felk\u00e9sz\u00edt\u0151 tan\u00e1r: Pappn\u00e9 Rest\u00e1s Csilla<\/p>\n<p>&nbsp;<\/p>\n<p><a href=\"https:\/\/i0.wp.com\/www.sztgotthard-altisk.hu\/wp-content\/uploads\/2020\/02\/IMG_20200213_123342-scaled.jpg?ssl=1\"><img data-recalc-dims=\"1\" loading=\"lazy\" decoding=\"async\" class=\"alignnone size-medium wp-image-4409\" src=\"https:\/\/i0.wp.com\/www.sztgotthard-altisk.hu\/wp-content\/uploads\/2020\/02\/IMG_20200213_123342-300x225.jpg?resize=300%2C225&#038;ssl=1\" alt=\"\" width=\"300\" height=\"225\" srcset=\"https:\/\/i0.wp.com\/sztgotthard-altisk.hu\/wp-content\/uploads\/2020\/02\/IMG_20200213_123342-scaled.jpg?resize=300%2C225&amp;ssl=1 300w, https:\/\/i0.wp.com\/sztgotthard-altisk.hu\/wp-content\/uploads\/2020\/02\/IMG_20200213_123342-scaled.jpg?resize=1024%2C768&amp;ssl=1 1024w, https:\/\/i0.wp.com\/sztgotthard-altisk.hu\/wp-content\/uploads\/2020\/02\/IMG_20200213_123342-scaled.jpg?resize=768%2C576&amp;ssl=1 768w, https:\/\/i0.wp.com\/sztgotthard-altisk.hu\/wp-content\/uploads\/2020\/02\/IMG_20200213_123342-scaled.jpg?resize=1536%2C1152&amp;ssl=1 1536w, https:\/\/i0.wp.com\/sztgotthard-altisk.hu\/wp-content\/uploads\/2020\/02\/IMG_20200213_123342-scaled.jpg?resize=2048%2C1536&amp;ssl=1 2048w, https:\/\/i0.wp.com\/sztgotthard-altisk.hu\/wp-content\/uploads\/2020\/02\/IMG_20200213_123342-scaled.jpg?w=2280&amp;ssl=1 2280w\" sizes=\"(max-width: 300px) 100vw, 300px\" \/><\/a><\/p>\n<p>&nbsp;<\/p>\n<p>&nbsp;<\/p>\n<p>&nbsp;<\/p>\n<p><strong><u>III. kcs. fi\u00fa<\/u><\/strong><\/p>\n<ol>\n<li>Reibling Oliv\u00e9r, felk\u00e9sz\u00edt\u0151 tan\u00e1r: Pappn\u00e9 Rest\u00e1s Csilla<\/li>\n<\/ol>\n<p>3. Doncsecz Botond, felk\u00e9sz\u00edt\u0151 tan\u00e1r: Pappn\u00e9\u00a0 Rest\u00e1s Csilla<\/p>\n<p>&nbsp;<\/p>\n<p><a href=\"https:\/\/i0.wp.com\/www.sztgotthard-altisk.hu\/wp-content\/uploads\/2020\/02\/IMG_20200213_123430-scaled.jpg?ssl=1\"><img data-recalc-dims=\"1\" loading=\"lazy\" decoding=\"async\" class=\"alignnone size-medium wp-image-4410\" src=\"https:\/\/i0.wp.com\/www.sztgotthard-altisk.hu\/wp-content\/uploads\/2020\/02\/IMG_20200213_123430-300x225.jpg?resize=300%2C225&#038;ssl=1\" alt=\"\" width=\"300\" height=\"225\" srcset=\"https:\/\/i0.wp.com\/sztgotthard-altisk.hu\/wp-content\/uploads\/2020\/02\/IMG_20200213_123430-scaled.jpg?resize=300%2C225&amp;ssl=1 300w, https:\/\/i0.wp.com\/sztgotthard-altisk.hu\/wp-content\/uploads\/2020\/02\/IMG_20200213_123430-scaled.jpg?resize=1024%2C768&amp;ssl=1 1024w, https:\/\/i0.wp.com\/sztgotthard-altisk.hu\/wp-content\/uploads\/2020\/02\/IMG_20200213_123430-scaled.jpg?resize=768%2C576&amp;ssl=1 768w, https:\/\/i0.wp.com\/sztgotthard-altisk.hu\/wp-content\/uploads\/2020\/02\/IMG_20200213_123430-scaled.jpg?resize=1536%2C1152&amp;ssl=1 1536w, https:\/\/i0.wp.com\/sztgotthard-altisk.hu\/wp-content\/uploads\/2020\/02\/IMG_20200213_123430-scaled.jpg?resize=2048%2C1536&amp;ssl=1 2048w, https:\/\/i0.wp.com\/sztgotthard-altisk.hu\/wp-content\/uploads\/2020\/02\/IMG_20200213_123430-scaled.jpg?w=2280&amp;ssl=1 2280w\" sizes=\"(max-width: 300px) 100vw, 300px\" \/><\/a><\/p>\n<p>&nbsp;<\/p>\n<p>&nbsp;<\/p>\n<p>&nbsp;<\/p>\n<p><strong><u> IV. <\/u><\/strong><strong><u>kcs. le\u00e1ny<\/u><\/strong><\/p>\n<p>&nbsp;<\/p>\n<p>3. S\u00e1rv\u00e1ri Al\u00edz, felk\u00e9sz\u00edt\u0151 tan\u00e1r: Hegyi J\u00f3zsef<\/p>\n<p>&nbsp;<\/p>\n<p><a href=\"https:\/\/i0.wp.com\/www.sztgotthard-altisk.hu\/wp-content\/uploads\/2020\/02\/IMG_20200213_123509-scaled.jpg?ssl=1\"><img data-recalc-dims=\"1\" loading=\"lazy\" decoding=\"async\" class=\"alignnone size-medium wp-image-4411\" src=\"https:\/\/i0.wp.com\/www.sztgotthard-altisk.hu\/wp-content\/uploads\/2020\/02\/IMG_20200213_123509-300x225.jpg?resize=300%2C225&#038;ssl=1\" alt=\"\" width=\"300\" height=\"225\" srcset=\"https:\/\/i0.wp.com\/sztgotthard-altisk.hu\/wp-content\/uploads\/2020\/02\/IMG_20200213_123509-scaled.jpg?resize=300%2C225&amp;ssl=1 300w, https:\/\/i0.wp.com\/sztgotthard-altisk.hu\/wp-content\/uploads\/2020\/02\/IMG_20200213_123509-scaled.jpg?resize=1024%2C768&amp;ssl=1 1024w, https:\/\/i0.wp.com\/sztgotthard-altisk.hu\/wp-content\/uploads\/2020\/02\/IMG_20200213_123509-scaled.jpg?resize=768%2C576&amp;ssl=1 768w, https:\/\/i0.wp.com\/sztgotthard-altisk.hu\/wp-content\/uploads\/2020\/02\/IMG_20200213_123509-scaled.jpg?resize=1536%2C1152&amp;ssl=1 1536w, https:\/\/i0.wp.com\/sztgotthard-altisk.hu\/wp-content\/uploads\/2020\/02\/IMG_20200213_123509-scaled.jpg?resize=2048%2C1536&amp;ssl=1 2048w, https:\/\/i0.wp.com\/sztgotthard-altisk.hu\/wp-content\/uploads\/2020\/02\/IMG_20200213_123509-scaled.jpg?w=2280&amp;ssl=1 2280w\" sizes=\"(max-width: 300px) 100vw, 300px\" \/><\/a><\/p>\n<p>&nbsp;<\/p>\n<p>&nbsp;<\/p>\n<p>&nbsp;<\/p>\n<p><strong><u>IV. kcs. fi\u00fa<\/u><\/strong><\/p>\n<ol>\n<li>Mesics-Leiner F\u00e9lix, felk\u00e9sz\u00edt\u0151 tan\u00e1r: Hegyi J\u00f3zsef<\/li>\n<li>R\u00f3zsa Marcell, felk\u00e9sz\u00edt\u0151 tan\u00e1r: Pappn\u00e9 Rest\u00e1s Csilla<\/li>\n<li>R\u00f3zsa D\u00e1niel, felk\u00e9sz\u00edt\u0151 tan\u00e1r: Pappn\u00e9 Rest\u00e1s Csilla<\/li>\n<\/ol>\n<p>&nbsp;<\/p>\n<p><a href=\"https:\/\/i0.wp.com\/www.sztgotthard-altisk.hu\/wp-content\/uploads\/2020\/02\/IMG_20200213_123558-scaled.jpg?ssl=1\"><img data-recalc-dims=\"1\" loading=\"lazy\" decoding=\"async\" class=\"alignnone size-medium wp-image-4412\" src=\"https:\/\/i0.wp.com\/www.sztgotthard-altisk.hu\/wp-content\/uploads\/2020\/02\/IMG_20200213_123558-300x225.jpg?resize=300%2C225&#038;ssl=1\" alt=\"\" width=\"300\" height=\"225\" srcset=\"https:\/\/i0.wp.com\/sztgotthard-altisk.hu\/wp-content\/uploads\/2020\/02\/IMG_20200213_123558-scaled.jpg?resize=300%2C225&amp;ssl=1 300w, https:\/\/i0.wp.com\/sztgotthard-altisk.hu\/wp-content\/uploads\/2020\/02\/IMG_20200213_123558-scaled.jpg?resize=1024%2C768&amp;ssl=1 1024w, https:\/\/i0.wp.com\/sztgotthard-altisk.hu\/wp-content\/uploads\/2020\/02\/IMG_20200213_123558-scaled.jpg?resize=768%2C576&amp;ssl=1 768w, https:\/\/i0.wp.com\/sztgotthard-altisk.hu\/wp-content\/uploads\/2020\/02\/IMG_20200213_123558-scaled.jpg?resize=1536%2C1152&amp;ssl=1 1536w, https:\/\/i0.wp.com\/sztgotthard-altisk.hu\/wp-content\/uploads\/2020\/02\/IMG_20200213_123558-scaled.jpg?resize=2048%2C1536&amp;ssl=1 2048w, https:\/\/i0.wp.com\/sztgotthard-altisk.hu\/wp-content\/uploads\/2020\/02\/IMG_20200213_123558-scaled.jpg?w=2280&amp;ssl=1 2280w\" sizes=\"(max-width: 300px) 100vw, 300px\" \/><\/a><\/p>\n<p>&nbsp;<\/p>\n<p>&nbsp;<\/p>\n<p>&nbsp;<\/p>\n<p>&nbsp;<\/p>\n<p>&nbsp;<\/p>\n<p>&nbsp;<\/p>\n<p>&nbsp;<\/p>\n<p>&nbsp;<\/p>\n<p>&nbsp;<\/p>\n<p>&nbsp;<\/p>\n<p>&nbsp;<\/p>\n<p>&nbsp;<\/p>\n<p>&nbsp;<\/p>\n<p>&nbsp;<\/p>\n<p>&nbsp;<\/p>\n<p>&nbsp;<\/p>\n<p>&nbsp;<\/p>\n<p>&nbsp;<\/p>\n<p>&nbsp;<\/p>\n","protected":false},"excerpt":{"rendered":"<p>Terematl\u00e9tika bajnoks\u00e1g Febru\u00e1r 13-\u00e1n iskol\u00e1nk adott helysz\u00ednt a hagyom\u00e1nyos ter\u00fcleti terematl\u00e9tika bajnoks\u00e1gnak, ahol a t\u00e9rs\u00e9g \u00e1ltal\u00e1nos iskol\u00e1s di\u00e1kjai m\u00e9retett\u00e9k meg magukat 30 m-es fut\u00e1sban, helyb\u0151l t\u00e1volugr\u00e1sban, t\u00f6m\u00f6tt labdahaj\u00edt\u00e1sban, magasugr\u00e1sban \u00e9s t\u00f6bbk\u00f6r\u00f6s fut\u00e1sban. &nbsp; A sz\u00e9chenyisek a k\u00f6vetkez\u0151 eredm\u00e9nyekkel v\u00e9geztek: &nbsp; 30 m-es fut\u00e1s: &nbsp; III. kcs. le\u00e1ny S\u00f6menek Ant\u00f3nia, felk\u00e9sz\u00edt\u0151 tan\u00e1r: Kov\u00e1cs Tam\u00e1s Sipos Gr\u00e9ta, [&hellip;]<\/p>\n","protected":false},"author":2,"featured_media":4394,"comment_status":"open","ping_status":"open","sticky":false,"template":"","format":"standard","meta":{"_exactmetrics_skip_tracking":false,"_exactmetrics_sitenote_active":false,"_exactmetrics_sitenote_note":"","_exactmetrics_sitenote_category":0,"_jetpack_memberships_contains_paid_content":false,"footnotes":""},"categories":[5],"tags":[202,142,253],"class_list":["post-4391","post","type-post","status-publish","format-standard","has-post-thumbnail","hentry","category-hirek","tag-bajnoksag","tag-terematletika","tag-teruleti"],"yoast_head":"<!-- This site is optimized with the Yoast SEO plugin v26.7 - https:\/\/yoast.com\/wordpress\/plugins\/seo\/ -->\n<title>- Szent Gotth\u00e1rd \u00c1ltal\u00e1nos Iskola<\/title>\n<meta name=\"robots\" content=\"index, follow, max-snippet:-1, max-image-preview:large, max-video-preview:-1\" \/>\n<link rel=\"canonical\" href=\"https:\/\/sztgotthard-altisk.hu\/?p=4391\" \/>\n<meta property=\"og:locale\" content=\"hu_HU\" \/>\n<meta property=\"og:type\" content=\"article\" \/>\n<meta property=\"og:title\" content=\"- Szent Gotth\u00e1rd \u00c1ltal\u00e1nos Iskola\" \/>\n<meta property=\"og:description\" content=\"Terematl\u00e9tika bajnoks\u00e1g Febru\u00e1r 13-\u00e1n iskol\u00e1nk adott helysz\u00ednt a hagyom\u00e1nyos ter\u00fcleti terematl\u00e9tika bajnoks\u00e1gnak, ahol a t\u00e9rs\u00e9g \u00e1ltal\u00e1nos iskol\u00e1s di\u00e1kjai m\u00e9retett\u00e9k meg magukat 30 m-es fut\u00e1sban, helyb\u0151l t\u00e1volugr\u00e1sban, t\u00f6m\u00f6tt labdahaj\u00edt\u00e1sban, magasugr\u00e1sban \u00e9s t\u00f6bbk\u00f6r\u00f6s fut\u00e1sban. &nbsp; A sz\u00e9chenyisek a k\u00f6vetkez\u0151 eredm\u00e9nyekkel v\u00e9geztek: &nbsp; 30 m-es fut\u00e1s: &nbsp; III. kcs. le\u00e1ny S\u00f6menek Ant\u00f3nia, felk\u00e9sz\u00edt\u0151 tan\u00e1r: Kov\u00e1cs Tam\u00e1s Sipos Gr\u00e9ta, [&hellip;]\" \/>\n<meta property=\"og:url\" content=\"https:\/\/sztgotthard-altisk.hu\/?p=4391\" \/>\n<meta property=\"og:site_name\" content=\"Szent Gotth\u00e1rd \u00c1ltal\u00e1nos Iskola\" \/>\n<meta property=\"article:published_time\" content=\"2020-02-18T12:33:54+00:00\" \/>\n<meta property=\"article:modified_time\" content=\"2020-02-18T13:12:28+00:00\" \/>\n<meta property=\"og:image\" content=\"https:\/\/i0.wp.com\/sztgotthard-altisk.hu\/wp-content\/uploads\/2020\/02\/IMG_8946.jpg?fit=1095%2C821&ssl=1\" \/>\n\t<meta property=\"og:image:width\" content=\"1095\" \/>\n\t<meta property=\"og:image:height\" content=\"821\" \/>\n\t<meta property=\"og:image:type\" content=\"image\/jpeg\" \/>\n<meta name=\"author\" content=\"Administrator\" \/>\n<meta name=\"twitter:card\" content=\"summary_large_image\" \/>\n<meta name=\"twitter:label1\" content=\"Szerz\u0151:\" \/>\n\t<meta name=\"twitter:data1\" content=\"Administrator\" \/>\n\t<meta name=\"twitter:label2\" content=\"Becs\u00fclt olvas\u00e1si id\u0151\" \/>\n\t<meta name=\"twitter:data2\" content=\"3 perc\" \/>\n<script type=\"application\/ld+json\" class=\"yoast-schema-graph\">{\"@context\":\"https:\/\/schema.org\",\"@graph\":[{\"@type\":\"Article\",\"@id\":\"https:\/\/sztgotthard-altisk.hu\/?p=4391#article\",\"isPartOf\":{\"@id\":\"https:\/\/sztgotthard-altisk.hu\/?p=4391\"},\"author\":{\"name\":\"Administrator\",\"@id\":\"https:\/\/sztgotthard-altisk.hu\/#\/schema\/person\/1cffb7c6f071c65c282763a1fb21afeb\"},\"headline\":\"Nincs c\u00edm\",\"datePublished\":\"2020-02-18T12:33:54+00:00\",\"dateModified\":\"2020-02-18T13:12:28+00:00\",\"mainEntityOfPage\":{\"@id\":\"https:\/\/sztgotthard-altisk.hu\/?p=4391\"},\"wordCount\":677,\"commentCount\":0,\"publisher\":{\"@id\":\"https:\/\/sztgotthard-altisk.hu\/#organization\"},\"image\":{\"@id\":\"https:\/\/sztgotthard-altisk.hu\/?p=4391#primaryimage\"},\"thumbnailUrl\":\"https:\/\/i0.wp.com\/sztgotthard-altisk.hu\/wp-content\/uploads\/2020\/02\/IMG_8946.jpg?fit=1095%2C821&ssl=1\",\"keywords\":[\"bajnoksag\",\"terematletika\",\"ter\u00fcleti\"],\"articleSection\":[\"H\u00edrek\"],\"inLanguage\":\"hu\"},{\"@type\":\"WebPage\",\"@id\":\"https:\/\/sztgotthard-altisk.hu\/?p=4391\",\"url\":\"https:\/\/sztgotthard-altisk.hu\/?p=4391\",\"name\":\"- Szent Gotth\u00e1rd \u00c1ltal\u00e1nos Iskola\",\"isPartOf\":{\"@id\":\"https:\/\/sztgotthard-altisk.hu\/#website\"},\"primaryImageOfPage\":{\"@id\":\"https:\/\/sztgotthard-altisk.hu\/?p=4391#primaryimage\"},\"image\":{\"@id\":\"https:\/\/sztgotthard-altisk.hu\/?p=4391#primaryimage\"},\"thumbnailUrl\":\"https:\/\/i0.wp.com\/sztgotthard-altisk.hu\/wp-content\/uploads\/2020\/02\/IMG_8946.jpg?fit=1095%2C821&ssl=1\",\"datePublished\":\"2020-02-18T12:33:54+00:00\",\"dateModified\":\"2020-02-18T13:12:28+00:00\",\"inLanguage\":\"hu\",\"potentialAction\":[{\"@type\":\"ReadAction\",\"target\":[\"https:\/\/sztgotthard-altisk.hu\/?p=4391\"]}]},{\"@type\":\"ImageObject\",\"inLanguage\":\"hu\",\"@id\":\"https:\/\/sztgotthard-altisk.hu\/?p=4391#primaryimage\",\"url\":\"https:\/\/i0.wp.com\/sztgotthard-altisk.hu\/wp-content\/uploads\/2020\/02\/IMG_8946.jpg?fit=1095%2C821&ssl=1\",\"contentUrl\":\"https:\/\/i0.wp.com\/sztgotthard-altisk.hu\/wp-content\/uploads\/2020\/02\/IMG_8946.jpg?fit=1095%2C821&ssl=1\",\"width\":1095,\"height\":821},{\"@type\":\"WebSite\",\"@id\":\"https:\/\/sztgotthard-altisk.hu\/#website\",\"url\":\"https:\/\/sztgotthard-altisk.hu\/\",\"name\":\"Szent Gotth\u00e1rd \u00c1ltal\u00e1nos Iskola\",\"description\":\"Szent Gotth\u00e1rd \u00c1ltal\u00e1nos Iskola\",\"publisher\":{\"@id\":\"https:\/\/sztgotthard-altisk.hu\/#organization\"},\"potentialAction\":[{\"@type\":\"SearchAction\",\"target\":{\"@type\":\"EntryPoint\",\"urlTemplate\":\"https:\/\/sztgotthard-altisk.hu\/?s={search_term_string}\"},\"query-input\":{\"@type\":\"PropertyValueSpecification\",\"valueRequired\":true,\"valueName\":\"search_term_string\"}}],\"inLanguage\":\"hu\"},{\"@type\":\"Organization\",\"@id\":\"https:\/\/sztgotthard-altisk.hu\/#organization\",\"name\":\"Szent Gell\u00e9rt \u00c1ltal\u00e1nos Iskola\",\"url\":\"https:\/\/sztgotthard-altisk.hu\/\",\"logo\":{\"@type\":\"ImageObject\",\"inLanguage\":\"hu\",\"@id\":\"https:\/\/sztgotthard-altisk.hu\/#\/schema\/logo\/image\/\",\"url\":\"https:\/\/i0.wp.com\/www.sztgotthard-altisk.hu\/wp-content\/uploads\/2022\/01\/sztg_altisk_logo.png?fit=161%2C129&ssl=1\",\"contentUrl\":\"https:\/\/i0.wp.com\/www.sztgotthard-altisk.hu\/wp-content\/uploads\/2022\/01\/sztg_altisk_logo.png?fit=161%2C129&ssl=1\",\"width\":161,\"height\":129,\"caption\":\"Szent Gell\u00e9rt \u00c1ltal\u00e1nos Iskola\"},\"image\":{\"@id\":\"https:\/\/sztgotthard-altisk.hu\/#\/schema\/logo\/image\/\"}},{\"@type\":\"Person\",\"@id\":\"https:\/\/sztgotthard-altisk.hu\/#\/schema\/person\/1cffb7c6f071c65c282763a1fb21afeb\",\"name\":\"Administrator\",\"image\":{\"@type\":\"ImageObject\",\"inLanguage\":\"hu\",\"@id\":\"https:\/\/sztgotthard-altisk.hu\/#\/schema\/person\/image\/\",\"url\":\"https:\/\/secure.gravatar.com\/avatar\/1be83ffec85dcd4b06e404f51672a896729cc5093a05c89d191d0d1754436f7b?s=96&d=mm&r=g\",\"contentUrl\":\"https:\/\/secure.gravatar.com\/avatar\/1be83ffec85dcd4b06e404f51672a896729cc5093a05c89d191d0d1754436f7b?s=96&d=mm&r=g\",\"caption\":\"Administrator\"},\"url\":\"https:\/\/sztgotthard-altisk.hu\/?author=2\"}]}<\/script>\n<!-- \/ Yoast SEO plugin. -->","yoast_head_json":{"title":"- Szent Gotth\u00e1rd \u00c1ltal\u00e1nos Iskola","robots":{"index":"index","follow":"follow","max-snippet":"max-snippet:-1","max-image-preview":"max-image-preview:large","max-video-preview":"max-video-preview:-1"},"canonical":"https:\/\/sztgotthard-altisk.hu\/?p=4391","og_locale":"hu_HU","og_type":"article","og_title":"- Szent Gotth\u00e1rd \u00c1ltal\u00e1nos Iskola","og_description":"Terematl\u00e9tika bajnoks\u00e1g Febru\u00e1r 13-\u00e1n iskol\u00e1nk adott helysz\u00ednt a hagyom\u00e1nyos ter\u00fcleti terematl\u00e9tika bajnoks\u00e1gnak, ahol a t\u00e9rs\u00e9g \u00e1ltal\u00e1nos iskol\u00e1s di\u00e1kjai m\u00e9retett\u00e9k meg magukat 30 m-es fut\u00e1sban, helyb\u0151l t\u00e1volugr\u00e1sban, t\u00f6m\u00f6tt labdahaj\u00edt\u00e1sban, magasugr\u00e1sban \u00e9s t\u00f6bbk\u00f6r\u00f6s fut\u00e1sban. &nbsp; A sz\u00e9chenyisek a k\u00f6vetkez\u0151 eredm\u00e9nyekkel v\u00e9geztek: &nbsp; 30 m-es fut\u00e1s: &nbsp; III. kcs. le\u00e1ny S\u00f6menek Ant\u00f3nia, felk\u00e9sz\u00edt\u0151 tan\u00e1r: Kov\u00e1cs Tam\u00e1s Sipos Gr\u00e9ta, [&hellip;]","og_url":"https:\/\/sztgotthard-altisk.hu\/?p=4391","og_site_name":"Szent Gotth\u00e1rd \u00c1ltal\u00e1nos Iskola","article_published_time":"2020-02-18T12:33:54+00:00","article_modified_time":"2020-02-18T13:12:28+00:00","og_image":[{"width":1095,"height":821,"url":"https:\/\/i0.wp.com\/sztgotthard-altisk.hu\/wp-content\/uploads\/2020\/02\/IMG_8946.jpg?fit=1095%2C821&ssl=1","type":"image\/jpeg"}],"author":"Administrator","twitter_card":"summary_large_image","twitter_misc":{"Szerz\u0151:":"Administrator","Becs\u00fclt olvas\u00e1si id\u0151":"3 perc"},"schema":{"@context":"https:\/\/schema.org","@graph":[{"@type":"Article","@id":"https:\/\/sztgotthard-altisk.hu\/?p=4391#article","isPartOf":{"@id":"https:\/\/sztgotthard-altisk.hu\/?p=4391"},"author":{"name":"Administrator","@id":"https:\/\/sztgotthard-altisk.hu\/#\/schema\/person\/1cffb7c6f071c65c282763a1fb21afeb"},"headline":"Nincs c\u00edm","datePublished":"2020-02-18T12:33:54+00:00","dateModified":"2020-02-18T13:12:28+00:00","mainEntityOfPage":{"@id":"https:\/\/sztgotthard-altisk.hu\/?p=4391"},"wordCount":677,"commentCount":0,"publisher":{"@id":"https:\/\/sztgotthard-altisk.hu\/#organization"},"image":{"@id":"https:\/\/sztgotthard-altisk.hu\/?p=4391#primaryimage"},"thumbnailUrl":"https:\/\/i0.wp.com\/sztgotthard-altisk.hu\/wp-content\/uploads\/2020\/02\/IMG_8946.jpg?fit=1095%2C821&ssl=1","keywords":["bajnoksag","terematletika","ter\u00fcleti"],"articleSection":["H\u00edrek"],"inLanguage":"hu"},{"@type":"WebPage","@id":"https:\/\/sztgotthard-altisk.hu\/?p=4391","url":"https:\/\/sztgotthard-altisk.hu\/?p=4391","name":"- Szent Gotth\u00e1rd \u00c1ltal\u00e1nos Iskola","isPartOf":{"@id":"https:\/\/sztgotthard-altisk.hu\/#website"},"primaryImageOfPage":{"@id":"https:\/\/sztgotthard-altisk.hu\/?p=4391#primaryimage"},"image":{"@id":"https:\/\/sztgotthard-altisk.hu\/?p=4391#primaryimage"},"thumbnailUrl":"https:\/\/i0.wp.com\/sztgotthard-altisk.hu\/wp-content\/uploads\/2020\/02\/IMG_8946.jpg?fit=1095%2C821&ssl=1","datePublished":"2020-02-18T12:33:54+00:00","dateModified":"2020-02-18T13:12:28+00:00","inLanguage":"hu","potentialAction":[{"@type":"ReadAction","target":["https:\/\/sztgotthard-altisk.hu\/?p=4391"]}]},{"@type":"ImageObject","inLanguage":"hu","@id":"https:\/\/sztgotthard-altisk.hu\/?p=4391#primaryimage","url":"https:\/\/i0.wp.com\/sztgotthard-altisk.hu\/wp-content\/uploads\/2020\/02\/IMG_8946.jpg?fit=1095%2C821&ssl=1","contentUrl":"https:\/\/i0.wp.com\/sztgotthard-altisk.hu\/wp-content\/uploads\/2020\/02\/IMG_8946.jpg?fit=1095%2C821&ssl=1","width":1095,"height":821},{"@type":"WebSite","@id":"https:\/\/sztgotthard-altisk.hu\/#website","url":"https:\/\/sztgotthard-altisk.hu\/","name":"Szent Gotth\u00e1rd \u00c1ltal\u00e1nos Iskola","description":"Szent Gotth\u00e1rd \u00c1ltal\u00e1nos Iskola","publisher":{"@id":"https:\/\/sztgotthard-altisk.hu\/#organization"},"potentialAction":[{"@type":"SearchAction","target":{"@type":"EntryPoint","urlTemplate":"https:\/\/sztgotthard-altisk.hu\/?s={search_term_string}"},"query-input":{"@type":"PropertyValueSpecification","valueRequired":true,"valueName":"search_term_string"}}],"inLanguage":"hu"},{"@type":"Organization","@id":"https:\/\/sztgotthard-altisk.hu\/#organization","name":"Szent Gell\u00e9rt \u00c1ltal\u00e1nos Iskola","url":"https:\/\/sztgotthard-altisk.hu\/","logo":{"@type":"ImageObject","inLanguage":"hu","@id":"https:\/\/sztgotthard-altisk.hu\/#\/schema\/logo\/image\/","url":"https:\/\/i0.wp.com\/www.sztgotthard-altisk.hu\/wp-content\/uploads\/2022\/01\/sztg_altisk_logo.png?fit=161%2C129&ssl=1","contentUrl":"https:\/\/i0.wp.com\/www.sztgotthard-altisk.hu\/wp-content\/uploads\/2022\/01\/sztg_altisk_logo.png?fit=161%2C129&ssl=1","width":161,"height":129,"caption":"Szent Gell\u00e9rt \u00c1ltal\u00e1nos Iskola"},"image":{"@id":"https:\/\/sztgotthard-altisk.hu\/#\/schema\/logo\/image\/"}},{"@type":"Person","@id":"https:\/\/sztgotthard-altisk.hu\/#\/schema\/person\/1cffb7c6f071c65c282763a1fb21afeb","name":"Administrator","image":{"@type":"ImageObject","inLanguage":"hu","@id":"https:\/\/sztgotthard-altisk.hu\/#\/schema\/person\/image\/","url":"https:\/\/secure.gravatar.com\/avatar\/1be83ffec85dcd4b06e404f51672a896729cc5093a05c89d191d0d1754436f7b?s=96&d=mm&r=g","contentUrl":"https:\/\/secure.gravatar.com\/avatar\/1be83ffec85dcd4b06e404f51672a896729cc5093a05c89d191d0d1754436f7b?s=96&d=mm&r=g","caption":"Administrator"},"url":"https:\/\/sztgotthard-altisk.hu\/?author=2"}]}},"jetpack_featured_media_url":"https:\/\/i0.wp.com\/sztgotthard-altisk.hu\/wp-content\/uploads\/2020\/02\/IMG_8946.jpg?fit=1095%2C821&ssl=1","jetpack_shortlink":"https:\/\/wp.me\/s9tyQr-4391","jetpack_sharing_enabled":true,"_links":{"self":[{"href":"https:\/\/sztgotthard-altisk.hu\/index.php?rest_route=\/wp\/v2\/posts\/4391","targetHints":{"allow":["GET"]}}],"collection":[{"href":"https:\/\/sztgotthard-altisk.hu\/index.php?rest_route=\/wp\/v2\/posts"}],"about":[{"href":"https:\/\/sztgotthard-altisk.hu\/index.php?rest_route=\/wp\/v2\/types\/post"}],"author":[{"embeddable":true,"href":"https:\/\/sztgotthard-altisk.hu\/index.php?rest_route=\/wp\/v2\/users\/2"}],"replies":[{"embeddable":true,"href":"https:\/\/sztgotthard-altisk.hu\/index.php?rest_route=%2Fwp%2Fv2%2Fcomments&post=4391"}],"version-history":[{"count":28,"href":"https:\/\/sztgotthard-altisk.hu\/index.php?rest_route=\/wp\/v2\/posts\/4391\/revisions"}],"predecessor-version":[{"id":4439,"href":"https:\/\/sztgotthard-altisk.hu\/index.php?rest_route=\/wp\/v2\/posts\/4391\/revisions\/4439"}],"wp:featuredmedia":[{"embeddable":true,"href":"https:\/\/sztgotthard-altisk.hu\/index.php?rest_route=\/wp\/v2\/media\/4394"}],"wp:attachment":[{"href":"https:\/\/sztgotthard-altisk.hu\/index.php?rest_route=%2Fwp%2Fv2%2Fmedia&parent=4391"}],"wp:term":[{"taxonomy":"category","embeddable":true,"href":"https:\/\/sztgotthard-altisk.hu\/index.php?rest_route=%2Fwp%2Fv2%2Fcategories&post=4391"},{"taxonomy":"post_tag","embeddable":true,"href":"https:\/\/sztgotthard-altisk.hu\/index.php?rest_route=%2Fwp%2Fv2%2Ftags&post=4391"}],"curies":[{"name":"wp","href":"https:\/\/api.w.org\/{rel}","templated":true}]}}