{"id":3613,"date":"2019-05-14T13:49:05","date_gmt":"2019-05-14T12:49:05","guid":{"rendered":"https:\/\/www.sztgotthard-altisk.hu\/?p=3613"},"modified":"2019-05-14T14:01:09","modified_gmt":"2019-05-14T13:01:09","slug":"3613","status":"publish","type":"post","link":"https:\/\/sztgotthard-altisk.hu\/?p=3613","title":{"rendered":""},"content":{"rendered":"<h3 style=\"text-align: center;\"><span style=\"color: #452b2b;\"><strong>Labdar\u00fag\u00e1s versenyeredm\u00e9ny<\/strong><\/span><\/h3>\n<p>Iskol\u00e1nk III. korcsoportos futball csapata a K\u00f6rmenden megrendezett <strong>megyei di\u00e1kolimpi\u00e1n<\/strong> a <span style=\"color: #ff0000;\"><strong>2. helyez\u00e9s<\/strong><\/span>t szerezte meg, amelyhez ez\u00faton is gratul\u00e1lunk.<\/p>\n<p>&nbsp;<\/p>\n<p>A k\u00f6rmendi d\u00f6nt\u0151t az \u00e1prilis 24-ei celld\u00f6m\u00f6lki ter\u00fcleti verseny el\u0151zte meg, ahol csapatunk 1. helyezett lett, majd innen jutottunk tov\u00e1bb a megyei d\u00f6nt\u0151be, ahol 6 csapatb\u00f3l a dobog\u00f3 2. hely\u00e9re \u00e1llhattunk fel.<\/p>\n<p>&nbsp;<\/p>\n<p><span style=\"text-decoration: underline;\"><strong>A csapat tagjai:<\/strong><\/span><\/p>\n<p>&nbsp;<\/p>\n<p>L\u00e1szl\u00f3 Kriszti\u00e1n (6.a)<\/p>\n<p>Tak\u00e1cs-F\u00f6ldes Oliv\u00e9r (6.c)<\/p>\n<p>Mesics-Leiner F\u00e9ix (7.b)<\/p>\n<p>Nagy Don\u00e1t (6.a)<\/p>\n<p>R\u00f3zsa D\u00e1niel (5.c)<\/p>\n<p>R\u00f3zsa Marcell (5.c)<\/p>\n<p>&nbsp;<\/p>\n<p>Edz\u0151: Vink\u00f3 Tam\u00e1s<\/p>\n<p>Testnevel\u0151: Kov\u00e1cs Tam\u00e1s<\/p>\n","protected":false},"excerpt":{"rendered":"<p>Labdar\u00fag\u00e1s versenyeredm\u00e9ny Iskol\u00e1nk III. korcsoportos futball csapata a K\u00f6rmenden megrendezett megyei di\u00e1kolimpi\u00e1n a 2. helyez\u00e9st szerezte meg, amelyhez ez\u00faton is gratul\u00e1lunk. &nbsp; A k\u00f6rmendi d\u00f6nt\u0151t az \u00e1prilis 24-ei celld\u00f6m\u00f6lki ter\u00fcleti verseny el\u0151zte meg, ahol csapatunk 1. helyezett lett, majd innen jutottunk tov\u00e1bb a megyei d\u00f6nt\u0151be, ahol 6 csapatb\u00f3l a dobog\u00f3 2. hely\u00e9re \u00e1llhattunk fel. &nbsp; [&hellip;]<\/p>\n","protected":false},"author":2,"featured_media":0,"comment_status":"open","ping_status":"open","sticky":false,"template":"","format":"standard","meta":{"_exactmetrics_skip_tracking":false,"_exactmetrics_sitenote_active":false,"_exactmetrics_sitenote_note":"","_exactmetrics_sitenote_category":0,"_jetpack_memberships_contains_paid_content":false,"footnotes":""},"categories":[5],"tags":[104,36,71],"class_list":["post-3613","post","type-post","status-publish","format-standard","hentry","category-hirek","tag-diakolimpia","tag-labdarugas","tag-verseny"],"yoast_head":"<!-- This site is optimized with the Yoast SEO plugin v26.7 - https:\/\/yoast.com\/wordpress\/plugins\/seo\/ -->\n<title>- Szent Gotth\u00e1rd \u00c1ltal\u00e1nos Iskola<\/title>\n<meta name=\"robots\" content=\"index, follow, max-snippet:-1, max-image-preview:large, max-video-preview:-1\" \/>\n<link rel=\"canonical\" href=\"https:\/\/sztgotthard-altisk.hu\/?p=3613\" \/>\n<meta property=\"og:locale\" content=\"hu_HU\" \/>\n<meta property=\"og:type\" content=\"article\" \/>\n<meta property=\"og:title\" content=\"- Szent Gotth\u00e1rd \u00c1ltal\u00e1nos Iskola\" \/>\n<meta property=\"og:description\" content=\"Labdar\u00fag\u00e1s versenyeredm\u00e9ny Iskol\u00e1nk III. korcsoportos futball csapata a K\u00f6rmenden megrendezett megyei di\u00e1kolimpi\u00e1n a 2. helyez\u00e9st szerezte meg, amelyhez ez\u00faton is gratul\u00e1lunk. &nbsp; A k\u00f6rmendi d\u00f6nt\u0151t az \u00e1prilis 24-ei celld\u00f6m\u00f6lki ter\u00fcleti verseny el\u0151zte meg, ahol csapatunk 1. helyezett lett, majd innen jutottunk tov\u00e1bb a megyei d\u00f6nt\u0151be, ahol 6 csapatb\u00f3l a dobog\u00f3 2. hely\u00e9re \u00e1llhattunk fel. &nbsp; [&hellip;]\" \/>\n<meta property=\"og:url\" content=\"https:\/\/sztgotthard-altisk.hu\/?p=3613\" \/>\n<meta property=\"og:site_name\" content=\"Szent Gotth\u00e1rd \u00c1ltal\u00e1nos Iskola\" \/>\n<meta property=\"article:published_time\" content=\"2019-05-14T12:49:05+00:00\" \/>\n<meta property=\"article:modified_time\" content=\"2019-05-14T13:01:09+00:00\" \/>\n<meta name=\"author\" content=\"Administrator\" \/>\n<meta name=\"twitter:card\" content=\"summary_large_image\" \/>\n<meta name=\"twitter:label1\" content=\"Szerz\u0151:\" \/>\n\t<meta name=\"twitter:data1\" content=\"Administrator\" \/>\n\t<meta name=\"twitter:label2\" content=\"Becs\u00fclt olvas\u00e1si id\u0151\" \/>\n\t<meta name=\"twitter:data2\" content=\"1 perc\" \/>\n<script type=\"application\/ld+json\" class=\"yoast-schema-graph\">{\"@context\":\"https:\/\/schema.org\",\"@graph\":[{\"@type\":\"Article\",\"@id\":\"https:\/\/sztgotthard-altisk.hu\/?p=3613#article\",\"isPartOf\":{\"@id\":\"https:\/\/sztgotthard-altisk.hu\/?p=3613\"},\"author\":{\"name\":\"Administrator\",\"@id\":\"https:\/\/sztgotthard-altisk.hu\/#\/schema\/person\/1cffb7c6f071c65c282763a1fb21afeb\"},\"headline\":\"Nincs c\u00edm\",\"datePublished\":\"2019-05-14T12:49:05+00:00\",\"dateModified\":\"2019-05-14T13:01:09+00:00\",\"mainEntityOfPage\":{\"@id\":\"https:\/\/sztgotthard-altisk.hu\/?p=3613\"},\"wordCount\":116,\"commentCount\":0,\"publisher\":{\"@id\":\"https:\/\/sztgotthard-altisk.hu\/#organization\"},\"keywords\":[\"di\u00e1kolimpia\",\"labdar\u00fag\u00e1s\",\"verseny\"],\"articleSection\":[\"H\u00edrek\"],\"inLanguage\":\"hu\"},{\"@type\":\"WebPage\",\"@id\":\"https:\/\/sztgotthard-altisk.hu\/?p=3613\",\"url\":\"https:\/\/sztgotthard-altisk.hu\/?p=3613\",\"name\":\"- Szent Gotth\u00e1rd \u00c1ltal\u00e1nos Iskola\",\"isPartOf\":{\"@id\":\"https:\/\/sztgotthard-altisk.hu\/#website\"},\"datePublished\":\"2019-05-14T12:49:05+00:00\",\"dateModified\":\"2019-05-14T13:01:09+00:00\",\"inLanguage\":\"hu\",\"potentialAction\":[{\"@type\":\"ReadAction\",\"target\":[\"https:\/\/sztgotthard-altisk.hu\/?p=3613\"]}]},{\"@type\":\"WebSite\",\"@id\":\"https:\/\/sztgotthard-altisk.hu\/#website\",\"url\":\"https:\/\/sztgotthard-altisk.hu\/\",\"name\":\"Szent Gotth\u00e1rd \u00c1ltal\u00e1nos Iskola\",\"description\":\"Szent Gotth\u00e1rd \u00c1ltal\u00e1nos Iskola\",\"publisher\":{\"@id\":\"https:\/\/sztgotthard-altisk.hu\/#organization\"},\"potentialAction\":[{\"@type\":\"SearchAction\",\"target\":{\"@type\":\"EntryPoint\",\"urlTemplate\":\"https:\/\/sztgotthard-altisk.hu\/?s={search_term_string}\"},\"query-input\":{\"@type\":\"PropertyValueSpecification\",\"valueRequired\":true,\"valueName\":\"search_term_string\"}}],\"inLanguage\":\"hu\"},{\"@type\":\"Organization\",\"@id\":\"https:\/\/sztgotthard-altisk.hu\/#organization\",\"name\":\"Szent Gell\u00e9rt \u00c1ltal\u00e1nos Iskola\",\"url\":\"https:\/\/sztgotthard-altisk.hu\/\",\"logo\":{\"@type\":\"ImageObject\",\"inLanguage\":\"hu\",\"@id\":\"https:\/\/sztgotthard-altisk.hu\/#\/schema\/logo\/image\/\",\"url\":\"https:\/\/i0.wp.com\/www.sztgotthard-altisk.hu\/wp-content\/uploads\/2022\/01\/sztg_altisk_logo.png?fit=161%2C129&ssl=1\",\"contentUrl\":\"https:\/\/i0.wp.com\/www.sztgotthard-altisk.hu\/wp-content\/uploads\/2022\/01\/sztg_altisk_logo.png?fit=161%2C129&ssl=1\",\"width\":161,\"height\":129,\"caption\":\"Szent Gell\u00e9rt \u00c1ltal\u00e1nos Iskola\"},\"image\":{\"@id\":\"https:\/\/sztgotthard-altisk.hu\/#\/schema\/logo\/image\/\"}},{\"@type\":\"Person\",\"@id\":\"https:\/\/sztgotthard-altisk.hu\/#\/schema\/person\/1cffb7c6f071c65c282763a1fb21afeb\",\"name\":\"Administrator\",\"image\":{\"@type\":\"ImageObject\",\"inLanguage\":\"hu\",\"@id\":\"https:\/\/sztgotthard-altisk.hu\/#\/schema\/person\/image\/\",\"url\":\"https:\/\/secure.gravatar.com\/avatar\/1be83ffec85dcd4b06e404f51672a896729cc5093a05c89d191d0d1754436f7b?s=96&d=mm&r=g\",\"contentUrl\":\"https:\/\/secure.gravatar.com\/avatar\/1be83ffec85dcd4b06e404f51672a896729cc5093a05c89d191d0d1754436f7b?s=96&d=mm&r=g\",\"caption\":\"Administrator\"},\"url\":\"https:\/\/sztgotthard-altisk.hu\/?author=2\"}]}<\/script>\n<!-- \/ Yoast SEO plugin. -->","yoast_head_json":{"title":"- Szent Gotth\u00e1rd \u00c1ltal\u00e1nos Iskola","robots":{"index":"index","follow":"follow","max-snippet":"max-snippet:-1","max-image-preview":"max-image-preview:large","max-video-preview":"max-video-preview:-1"},"canonical":"https:\/\/sztgotthard-altisk.hu\/?p=3613","og_locale":"hu_HU","og_type":"article","og_title":"- Szent Gotth\u00e1rd \u00c1ltal\u00e1nos Iskola","og_description":"Labdar\u00fag\u00e1s versenyeredm\u00e9ny Iskol\u00e1nk III. korcsoportos futball csapata a K\u00f6rmenden megrendezett megyei di\u00e1kolimpi\u00e1n a 2. helyez\u00e9st szerezte meg, amelyhez ez\u00faton is gratul\u00e1lunk. &nbsp; A k\u00f6rmendi d\u00f6nt\u0151t az \u00e1prilis 24-ei celld\u00f6m\u00f6lki ter\u00fcleti verseny el\u0151zte meg, ahol csapatunk 1. helyezett lett, majd innen jutottunk tov\u00e1bb a megyei d\u00f6nt\u0151be, ahol 6 csapatb\u00f3l a dobog\u00f3 2. hely\u00e9re \u00e1llhattunk fel. &nbsp; [&hellip;]","og_url":"https:\/\/sztgotthard-altisk.hu\/?p=3613","og_site_name":"Szent Gotth\u00e1rd \u00c1ltal\u00e1nos Iskola","article_published_time":"2019-05-14T12:49:05+00:00","article_modified_time":"2019-05-14T13:01:09+00:00","author":"Administrator","twitter_card":"summary_large_image","twitter_misc":{"Szerz\u0151:":"Administrator","Becs\u00fclt olvas\u00e1si id\u0151":"1 perc"},"schema":{"@context":"https:\/\/schema.org","@graph":[{"@type":"Article","@id":"https:\/\/sztgotthard-altisk.hu\/?p=3613#article","isPartOf":{"@id":"https:\/\/sztgotthard-altisk.hu\/?p=3613"},"author":{"name":"Administrator","@id":"https:\/\/sztgotthard-altisk.hu\/#\/schema\/person\/1cffb7c6f071c65c282763a1fb21afeb"},"headline":"Nincs c\u00edm","datePublished":"2019-05-14T12:49:05+00:00","dateModified":"2019-05-14T13:01:09+00:00","mainEntityOfPage":{"@id":"https:\/\/sztgotthard-altisk.hu\/?p=3613"},"wordCount":116,"commentCount":0,"publisher":{"@id":"https:\/\/sztgotthard-altisk.hu\/#organization"},"keywords":["di\u00e1kolimpia","labdar\u00fag\u00e1s","verseny"],"articleSection":["H\u00edrek"],"inLanguage":"hu"},{"@type":"WebPage","@id":"https:\/\/sztgotthard-altisk.hu\/?p=3613","url":"https:\/\/sztgotthard-altisk.hu\/?p=3613","name":"- Szent Gotth\u00e1rd \u00c1ltal\u00e1nos Iskola","isPartOf":{"@id":"https:\/\/sztgotthard-altisk.hu\/#website"},"datePublished":"2019-05-14T12:49:05+00:00","dateModified":"2019-05-14T13:01:09+00:00","inLanguage":"hu","potentialAction":[{"@type":"ReadAction","target":["https:\/\/sztgotthard-altisk.hu\/?p=3613"]}]},{"@type":"WebSite","@id":"https:\/\/sztgotthard-altisk.hu\/#website","url":"https:\/\/sztgotthard-altisk.hu\/","name":"Szent Gotth\u00e1rd \u00c1ltal\u00e1nos Iskola","description":"Szent Gotth\u00e1rd \u00c1ltal\u00e1nos Iskola","publisher":{"@id":"https:\/\/sztgotthard-altisk.hu\/#organization"},"potentialAction":[{"@type":"SearchAction","target":{"@type":"EntryPoint","urlTemplate":"https:\/\/sztgotthard-altisk.hu\/?s={search_term_string}"},"query-input":{"@type":"PropertyValueSpecification","valueRequired":true,"valueName":"search_term_string"}}],"inLanguage":"hu"},{"@type":"Organization","@id":"https:\/\/sztgotthard-altisk.hu\/#organization","name":"Szent Gell\u00e9rt \u00c1ltal\u00e1nos Iskola","url":"https:\/\/sztgotthard-altisk.hu\/","logo":{"@type":"ImageObject","inLanguage":"hu","@id":"https:\/\/sztgotthard-altisk.hu\/#\/schema\/logo\/image\/","url":"https:\/\/i0.wp.com\/www.sztgotthard-altisk.hu\/wp-content\/uploads\/2022\/01\/sztg_altisk_logo.png?fit=161%2C129&ssl=1","contentUrl":"https:\/\/i0.wp.com\/www.sztgotthard-altisk.hu\/wp-content\/uploads\/2022\/01\/sztg_altisk_logo.png?fit=161%2C129&ssl=1","width":161,"height":129,"caption":"Szent Gell\u00e9rt \u00c1ltal\u00e1nos Iskola"},"image":{"@id":"https:\/\/sztgotthard-altisk.hu\/#\/schema\/logo\/image\/"}},{"@type":"Person","@id":"https:\/\/sztgotthard-altisk.hu\/#\/schema\/person\/1cffb7c6f071c65c282763a1fb21afeb","name":"Administrator","image":{"@type":"ImageObject","inLanguage":"hu","@id":"https:\/\/sztgotthard-altisk.hu\/#\/schema\/person\/image\/","url":"https:\/\/secure.gravatar.com\/avatar\/1be83ffec85dcd4b06e404f51672a896729cc5093a05c89d191d0d1754436f7b?s=96&d=mm&r=g","contentUrl":"https:\/\/secure.gravatar.com\/avatar\/1be83ffec85dcd4b06e404f51672a896729cc5093a05c89d191d0d1754436f7b?s=96&d=mm&r=g","caption":"Administrator"},"url":"https:\/\/sztgotthard-altisk.hu\/?author=2"}]}},"jetpack_featured_media_url":"","jetpack_shortlink":"https:\/\/wp.me\/s9tyQr-3613","jetpack_sharing_enabled":true,"_links":{"self":[{"href":"https:\/\/sztgotthard-altisk.hu\/index.php?rest_route=\/wp\/v2\/posts\/3613","targetHints":{"allow":["GET"]}}],"collection":[{"href":"https:\/\/sztgotthard-altisk.hu\/index.php?rest_route=\/wp\/v2\/posts"}],"about":[{"href":"https:\/\/sztgotthard-altisk.hu\/index.php?rest_route=\/wp\/v2\/types\/post"}],"author":[{"embeddable":true,"href":"https:\/\/sztgotthard-altisk.hu\/index.php?rest_route=\/wp\/v2\/users\/2"}],"replies":[{"embeddable":true,"href":"https:\/\/sztgotthard-altisk.hu\/index.php?rest_route=%2Fwp%2Fv2%2Fcomments&post=3613"}],"version-history":[{"count":6,"href":"https:\/\/sztgotthard-altisk.hu\/index.php?rest_route=\/wp\/v2\/posts\/3613\/revisions"}],"predecessor-version":[{"id":3619,"href":"https:\/\/sztgotthard-altisk.hu\/index.php?rest_route=\/wp\/v2\/posts\/3613\/revisions\/3619"}],"wp:attachment":[{"href":"https:\/\/sztgotthard-altisk.hu\/index.php?rest_route=%2Fwp%2Fv2%2Fmedia&parent=3613"}],"wp:term":[{"taxonomy":"category","embeddable":true,"href":"https:\/\/sztgotthard-altisk.hu\/index.php?rest_route=%2Fwp%2Fv2%2Fcategories&post=3613"},{"taxonomy":"post_tag","embeddable":true,"href":"https:\/\/sztgotthard-altisk.hu\/index.php?rest_route=%2Fwp%2Fv2%2Ftags&post=3613"}],"curies":[{"name":"wp","href":"https:\/\/api.w.org\/{rel}","templated":true}]}}