{"id":3603,"date":"2019-04-26T10:32:42","date_gmt":"2019-04-26T09:32:42","guid":{"rendered":"https:\/\/www.sztgotthard-altisk.hu\/?p=3603"},"modified":"2019-05-27T09:18:06","modified_gmt":"2019-05-27T08:18:06","slug":"3603","status":"publish","type":"post","link":"https:\/\/sztgotthard-altisk.hu\/?p=3603","title":{"rendered":""},"content":{"rendered":"<h3 style=\"text-align: center;\"><span style=\"color: #0000ff;\"><strong>\u00dajabb kiv\u00e1l\u00f3 Sz\u00e9chenyis versenyeredm\u00e9nyek<\/strong><\/span><\/h3>\n<p><strong>Ism\u00e9t remekeltek di\u00e1kjaink a a k\u00fcl\u00f6nb\u00f6z\u0151 tanulm\u00e1nyi versenyeken.<\/strong><\/p>\n<p>&nbsp;<\/p>\n<p>Az \u0150rs\u00e9gi Kist\u00e9rs\u00e9gi Alapfok\u00fa M\u0171v\u00e9szeti Iskola \u00e1ltal meghirdetett \u0150rs\u00e9gi Kikelet-M\u0171v\u00e9szeti Tal\u00e1lkoz\u00f3j\u00e1n iskol\u00e1nk tanul\u00f3i eredm\u00e9nyesen szerepeltek. A versenyt Vas megye \u00e1ltal\u00e1nos iskol\u00e1s di\u00e1kjainak, valamint a hat\u00e1r menti magyar nyelvter\u00fclet magyar nemzetis\u00e9g\u0171 gyermekei sz\u00e1m\u00e1ra \u00edrt\u00e1k ki a szervez\u0151k. A tal\u00e1lkoz\u00f3ra \u00e1prilis 5-\u00e9n ker\u00fclt sor az \u0151riszentp\u00e9teri M\u0171v\u00e9szeti Iskol\u00e1ban.<\/p>\n<p>A meghirdetett kateg\u00f3ri\u00e1k:<\/p>\n<ol>\n<li>N\u00e9pdal\u00e9nekl\u00e9s<\/li>\n<li>K\u00e9zm\u0171vess\u00e9g<\/li>\n<li>Rajzp\u00e1ly\u00e1zat voltak.<\/li>\n<\/ol>\n<p>&nbsp;<\/p>\n<p style=\"text-align: justify;\">A B\u00e9kefi Antal eml\u00e9k\u00e9re rendezett <strong><span style=\"color: #0000ff;\">n\u00e9pdal\u00e9nekl\u00e9si versenyre <\/span><\/strong>(sz\u00f3l\u00f3 \u00e9s kamara kateg\u00f3ri\u00e1ban) k\u00e9t szabadon v\u00e1lasztott n\u00e9pdallal vagy gyermekdallal lehetett nevezni, amelyek k\u00f6z\u00fcl egyiket B\u00e9kefi Antal gy\u0171jt\u00e9s\u00e9b\u0151l kellett v\u00e1lasztani. Ezen a megm\u00e9rettet\u00e9sen egy\u00e9ni kateg\u00f3ri\u00e1ban <strong>Nagy N\u00f3ra (8.a) 3.<\/strong> <strong>helyez\u00e9st<\/strong> \u00e9rt el, csoportos kateg\u00f3ri\u00e1ban pedig N\u00f3ra, Doncsecz Ram\u00f3n\u00e1val (6.b) a 2. helyez\u00e9st szerezt\u00e9k meg. Felk\u00e9sz\u00edt\u0151 tan\u00e1r: Offnern\u00e9 Hadrik T\u00edmea.<\/p>\n<p>&nbsp;<\/p>\n<p>\u00c1prilis 11-\u00e9n ker\u00fclt sor K\u00f6rmenden a ter\u00fcleti <span style=\"color: #0000ff;\"><strong>hittan<\/strong><\/span> versenyre. A<strong> L\u00e1ng Anna (6.c), Katona Karolina (6.c) \u00e9s Offner No\u00e9mi (6.c)<\/strong> alkotta csapat <strong>1.<\/strong> <strong>helyez\u00e9s<\/strong>t \u00e9rt el, tov\u00e1bbjutva ezzel a K\u0151szegen megrendezend\u0151 d\u00f6nt\u0151re. Felk\u00e9sz\u00edt\u0151: P\u00e1cz G\u00e1bor<\/p>\n<p>&nbsp;<\/p>\n<p style=\"text-align: justify;\">\u00c1prilis 13-\u00e1n rendezt\u00e9k meg a vasv\u00e1ri Kardos L\u00e1szl\u00f3 \u00c1ltal\u00e1nos Iskol\u00e1ban a hagyom\u00e1nyos <span style=\"color: #0000ff;\"><strong>Arany J\u00e1nos vers-, \u00e9nekelt vers-\u00e9s pr\u00f3zamond\u00f3 verseny<\/strong>t.<\/span><\/p>\n<p>&nbsp;<\/p>\n<p style=\"text-align: justify;\">Az 5-6. \u00e9vfolyamosok k\u00f6z\u00f6tt <strong><span style=\"color: #0000ff;\">pr\u00f3za<\/span><\/strong> kateg\u00f3ri\u00e1ban <strong>N\u00e9meth Oliv\u00e9r (5.b)<\/strong> el\u0151ad\u00e1sm\u00f3dj\u00e1t<strong> ez\u00fcst<\/strong> min\u0151s\u00edt\u00e9ssel, <strong>D\u00e4nnler Rebek\u00e1\u00e9t (6.c) bronz<\/strong> min\u0151s\u00edt\u00e9ssel \u00e9rt\u00e9kelte a zs\u0171ri. Felk\u00e9sz\u00edt\u0151: Nagy-Mesics Zsuzsanna.<\/p>\n<p>&nbsp;<\/p>\n<p style=\"text-align: justify;\">A 7-8. oszt\u00e1lyosok verseny\u00e9ben<strong><span style=\"color: #0000ff;\"> vers<\/span><\/strong> kateg\u00f3ri\u00e1ban <strong>T\u00f3th Luca (8.b)<\/strong> <strong>bronz min\u0151s\u00edt\u00e9s<\/strong>sel t\u00e9rhetett haza. Felk\u00e9sz\u00edt\u0151: L\u00e1szl\u00f3n\u00e9 Kir\u00e1ly T\u00fcnde.<\/p>\n<p>&nbsp;<\/p>\n<p style=\"text-align: justify;\">Szombathelyen ker\u00fclt sor a <span style=\"color: #0000ff;\"><strong>Simonyi Zsigmond K\u00e1rp\u00e1t-medencei helyes\u00edr\u00e1si verseny <\/strong><\/span>megyei d\u00f6nt\u0151j\u00e9re, ahol <strong>P\u00e9nzes Panna (8.b)<\/strong> a tavalyi \u00e9vhez hasonl\u00f3an ism\u00e9t <strong>1. helyez\u00e9s<\/strong>t \u00e9rt el, \u00edgy id\u00e9n is \u0151 k\u00e9pviselheti m\u00e1jus v\u00e9g\u00e9n megy\u00e9nket Budapesten az orsz\u00e1gos d\u00f6nt\u0151ben. Felk\u00e9sz\u00edt\u0151: L\u00e1szl\u00f3n\u00e9 Kir\u00e1ly T\u00fcnde.<\/p>\n<p>&nbsp;<\/p>\n<p>K\u00f6vetkez\u0151 bejegyz\u00e9s\u00fcnkben kimagasl\u00f3 sporteredm\u00e9nyeinkr\u0151l sz\u00e1molunk be.<\/p>\n","protected":false},"excerpt":{"rendered":"<p>\u00dajabb kiv\u00e1l\u00f3 Sz\u00e9chenyis versenyeredm\u00e9nyek Ism\u00e9t remekeltek di\u00e1kjaink a a k\u00fcl\u00f6nb\u00f6z\u0151 tanulm\u00e1nyi versenyeken. &nbsp; Az \u0150rs\u00e9gi Kist\u00e9rs\u00e9gi Alapfok\u00fa M\u0171v\u00e9szeti Iskola \u00e1ltal meghirdetett \u0150rs\u00e9gi Kikelet-M\u0171v\u00e9szeti Tal\u00e1lkoz\u00f3j\u00e1n iskol\u00e1nk tanul\u00f3i eredm\u00e9nyesen szerepeltek. A versenyt Vas megye \u00e1ltal\u00e1nos iskol\u00e1s di\u00e1kjainak, valamint a hat\u00e1r menti magyar nyelvter\u00fclet magyar nemzetis\u00e9g\u0171 gyermekei sz\u00e1m\u00e1ra \u00edrt\u00e1k ki a szervez\u0151k. A tal\u00e1lkoz\u00f3ra \u00e1prilis 5-\u00e9n ker\u00fclt sor [&hellip;]<\/p>\n","protected":false},"author":2,"featured_media":0,"comment_status":"open","ping_status":"open","sticky":false,"template":"","format":"standard","meta":{"_exactmetrics_skip_tracking":false,"_exactmetrics_sitenote_active":false,"_exactmetrics_sitenote_note":"","_exactmetrics_sitenote_category":0,"_jetpack_memberships_contains_paid_content":false,"footnotes":""},"categories":[5],"tags":[80,255,71],"class_list":["post-3603","post","type-post","status-publish","format-standard","hentry","category-hirek","tag-atletika","tag-nepdal","tag-verseny"],"yoast_head":"<!-- This site is optimized with the Yoast SEO plugin v26.7 - https:\/\/yoast.com\/wordpress\/plugins\/seo\/ -->\n<title>- Szent Gotth\u00e1rd \u00c1ltal\u00e1nos Iskola<\/title>\n<meta name=\"robots\" content=\"index, follow, max-snippet:-1, max-image-preview:large, max-video-preview:-1\" \/>\n<link rel=\"canonical\" href=\"https:\/\/sztgotthard-altisk.hu\/?p=3603\" \/>\n<meta property=\"og:locale\" content=\"hu_HU\" \/>\n<meta property=\"og:type\" content=\"article\" \/>\n<meta property=\"og:title\" content=\"- Szent Gotth\u00e1rd \u00c1ltal\u00e1nos Iskola\" \/>\n<meta property=\"og:description\" content=\"\u00dajabb kiv\u00e1l\u00f3 Sz\u00e9chenyis versenyeredm\u00e9nyek Ism\u00e9t remekeltek di\u00e1kjaink a a k\u00fcl\u00f6nb\u00f6z\u0151 tanulm\u00e1nyi versenyeken. &nbsp; Az \u0150rs\u00e9gi Kist\u00e9rs\u00e9gi Alapfok\u00fa M\u0171v\u00e9szeti Iskola \u00e1ltal meghirdetett \u0150rs\u00e9gi Kikelet-M\u0171v\u00e9szeti Tal\u00e1lkoz\u00f3j\u00e1n iskol\u00e1nk tanul\u00f3i eredm\u00e9nyesen szerepeltek. A versenyt Vas megye \u00e1ltal\u00e1nos iskol\u00e1s di\u00e1kjainak, valamint a hat\u00e1r menti magyar nyelvter\u00fclet magyar nemzetis\u00e9g\u0171 gyermekei sz\u00e1m\u00e1ra \u00edrt\u00e1k ki a szervez\u0151k. A tal\u00e1lkoz\u00f3ra \u00e1prilis 5-\u00e9n ker\u00fclt sor [&hellip;]\" \/>\n<meta property=\"og:url\" content=\"https:\/\/sztgotthard-altisk.hu\/?p=3603\" \/>\n<meta property=\"og:site_name\" content=\"Szent Gotth\u00e1rd \u00c1ltal\u00e1nos Iskola\" \/>\n<meta property=\"article:published_time\" content=\"2019-04-26T09:32:42+00:00\" \/>\n<meta property=\"article:modified_time\" content=\"2019-05-27T08:18:06+00:00\" \/>\n<meta name=\"author\" content=\"Administrator\" \/>\n<meta name=\"twitter:card\" content=\"summary_large_image\" \/>\n<meta name=\"twitter:label1\" content=\"Szerz\u0151:\" \/>\n\t<meta name=\"twitter:data1\" content=\"Administrator\" \/>\n\t<meta name=\"twitter:label2\" content=\"Becs\u00fclt olvas\u00e1si id\u0151\" \/>\n\t<meta name=\"twitter:data2\" content=\"2 perc\" \/>\n<script type=\"application\/ld+json\" class=\"yoast-schema-graph\">{\"@context\":\"https:\/\/schema.org\",\"@graph\":[{\"@type\":\"Article\",\"@id\":\"https:\/\/sztgotthard-altisk.hu\/?p=3603#article\",\"isPartOf\":{\"@id\":\"https:\/\/sztgotthard-altisk.hu\/?p=3603\"},\"author\":{\"name\":\"Administrator\",\"@id\":\"https:\/\/sztgotthard-altisk.hu\/#\/schema\/person\/1cffb7c6f071c65c282763a1fb21afeb\"},\"headline\":\"Nincs c\u00edm\",\"datePublished\":\"2019-04-26T09:32:42+00:00\",\"dateModified\":\"2019-05-27T08:18:06+00:00\",\"mainEntityOfPage\":{\"@id\":\"https:\/\/sztgotthard-altisk.hu\/?p=3603\"},\"wordCount\":450,\"commentCount\":0,\"publisher\":{\"@id\":\"https:\/\/sztgotthard-altisk.hu\/#organization\"},\"keywords\":[\"atl\u00e9tika\",\"n\u00e9pdal\",\"verseny\"],\"articleSection\":[\"H\u00edrek\"],\"inLanguage\":\"hu\"},{\"@type\":\"WebPage\",\"@id\":\"https:\/\/sztgotthard-altisk.hu\/?p=3603\",\"url\":\"https:\/\/sztgotthard-altisk.hu\/?p=3603\",\"name\":\"- Szent Gotth\u00e1rd \u00c1ltal\u00e1nos Iskola\",\"isPartOf\":{\"@id\":\"https:\/\/sztgotthard-altisk.hu\/#website\"},\"datePublished\":\"2019-04-26T09:32:42+00:00\",\"dateModified\":\"2019-05-27T08:18:06+00:00\",\"inLanguage\":\"hu\",\"potentialAction\":[{\"@type\":\"ReadAction\",\"target\":[\"https:\/\/sztgotthard-altisk.hu\/?p=3603\"]}]},{\"@type\":\"WebSite\",\"@id\":\"https:\/\/sztgotthard-altisk.hu\/#website\",\"url\":\"https:\/\/sztgotthard-altisk.hu\/\",\"name\":\"Szent Gotth\u00e1rd \u00c1ltal\u00e1nos Iskola\",\"description\":\"Szent Gotth\u00e1rd \u00c1ltal\u00e1nos Iskola\",\"publisher\":{\"@id\":\"https:\/\/sztgotthard-altisk.hu\/#organization\"},\"potentialAction\":[{\"@type\":\"SearchAction\",\"target\":{\"@type\":\"EntryPoint\",\"urlTemplate\":\"https:\/\/sztgotthard-altisk.hu\/?s={search_term_string}\"},\"query-input\":{\"@type\":\"PropertyValueSpecification\",\"valueRequired\":true,\"valueName\":\"search_term_string\"}}],\"inLanguage\":\"hu\"},{\"@type\":\"Organization\",\"@id\":\"https:\/\/sztgotthard-altisk.hu\/#organization\",\"name\":\"Szent Gell\u00e9rt \u00c1ltal\u00e1nos Iskola\",\"url\":\"https:\/\/sztgotthard-altisk.hu\/\",\"logo\":{\"@type\":\"ImageObject\",\"inLanguage\":\"hu\",\"@id\":\"https:\/\/sztgotthard-altisk.hu\/#\/schema\/logo\/image\/\",\"url\":\"https:\/\/i0.wp.com\/www.sztgotthard-altisk.hu\/wp-content\/uploads\/2022\/01\/sztg_altisk_logo.png?fit=161%2C129&ssl=1\",\"contentUrl\":\"https:\/\/i0.wp.com\/www.sztgotthard-altisk.hu\/wp-content\/uploads\/2022\/01\/sztg_altisk_logo.png?fit=161%2C129&ssl=1\",\"width\":161,\"height\":129,\"caption\":\"Szent Gell\u00e9rt \u00c1ltal\u00e1nos Iskola\"},\"image\":{\"@id\":\"https:\/\/sztgotthard-altisk.hu\/#\/schema\/logo\/image\/\"}},{\"@type\":\"Person\",\"@id\":\"https:\/\/sztgotthard-altisk.hu\/#\/schema\/person\/1cffb7c6f071c65c282763a1fb21afeb\",\"name\":\"Administrator\",\"image\":{\"@type\":\"ImageObject\",\"inLanguage\":\"hu\",\"@id\":\"https:\/\/sztgotthard-altisk.hu\/#\/schema\/person\/image\/\",\"url\":\"https:\/\/secure.gravatar.com\/avatar\/1be83ffec85dcd4b06e404f51672a896729cc5093a05c89d191d0d1754436f7b?s=96&d=mm&r=g\",\"contentUrl\":\"https:\/\/secure.gravatar.com\/avatar\/1be83ffec85dcd4b06e404f51672a896729cc5093a05c89d191d0d1754436f7b?s=96&d=mm&r=g\",\"caption\":\"Administrator\"},\"url\":\"https:\/\/sztgotthard-altisk.hu\/?author=2\"}]}<\/script>\n<!-- \/ Yoast SEO plugin. -->","yoast_head_json":{"title":"- Szent Gotth\u00e1rd \u00c1ltal\u00e1nos Iskola","robots":{"index":"index","follow":"follow","max-snippet":"max-snippet:-1","max-image-preview":"max-image-preview:large","max-video-preview":"max-video-preview:-1"},"canonical":"https:\/\/sztgotthard-altisk.hu\/?p=3603","og_locale":"hu_HU","og_type":"article","og_title":"- Szent Gotth\u00e1rd \u00c1ltal\u00e1nos Iskola","og_description":"\u00dajabb kiv\u00e1l\u00f3 Sz\u00e9chenyis versenyeredm\u00e9nyek Ism\u00e9t remekeltek di\u00e1kjaink a a k\u00fcl\u00f6nb\u00f6z\u0151 tanulm\u00e1nyi versenyeken. &nbsp; Az \u0150rs\u00e9gi Kist\u00e9rs\u00e9gi Alapfok\u00fa M\u0171v\u00e9szeti Iskola \u00e1ltal meghirdetett \u0150rs\u00e9gi Kikelet-M\u0171v\u00e9szeti Tal\u00e1lkoz\u00f3j\u00e1n iskol\u00e1nk tanul\u00f3i eredm\u00e9nyesen szerepeltek. A versenyt Vas megye \u00e1ltal\u00e1nos iskol\u00e1s di\u00e1kjainak, valamint a hat\u00e1r menti magyar nyelvter\u00fclet magyar nemzetis\u00e9g\u0171 gyermekei sz\u00e1m\u00e1ra \u00edrt\u00e1k ki a szervez\u0151k. A tal\u00e1lkoz\u00f3ra \u00e1prilis 5-\u00e9n ker\u00fclt sor [&hellip;]","og_url":"https:\/\/sztgotthard-altisk.hu\/?p=3603","og_site_name":"Szent Gotth\u00e1rd \u00c1ltal\u00e1nos Iskola","article_published_time":"2019-04-26T09:32:42+00:00","article_modified_time":"2019-05-27T08:18:06+00:00","author":"Administrator","twitter_card":"summary_large_image","twitter_misc":{"Szerz\u0151:":"Administrator","Becs\u00fclt olvas\u00e1si id\u0151":"2 perc"},"schema":{"@context":"https:\/\/schema.org","@graph":[{"@type":"Article","@id":"https:\/\/sztgotthard-altisk.hu\/?p=3603#article","isPartOf":{"@id":"https:\/\/sztgotthard-altisk.hu\/?p=3603"},"author":{"name":"Administrator","@id":"https:\/\/sztgotthard-altisk.hu\/#\/schema\/person\/1cffb7c6f071c65c282763a1fb21afeb"},"headline":"Nincs c\u00edm","datePublished":"2019-04-26T09:32:42+00:00","dateModified":"2019-05-27T08:18:06+00:00","mainEntityOfPage":{"@id":"https:\/\/sztgotthard-altisk.hu\/?p=3603"},"wordCount":450,"commentCount":0,"publisher":{"@id":"https:\/\/sztgotthard-altisk.hu\/#organization"},"keywords":["atl\u00e9tika","n\u00e9pdal","verseny"],"articleSection":["H\u00edrek"],"inLanguage":"hu"},{"@type":"WebPage","@id":"https:\/\/sztgotthard-altisk.hu\/?p=3603","url":"https:\/\/sztgotthard-altisk.hu\/?p=3603","name":"- Szent Gotth\u00e1rd \u00c1ltal\u00e1nos Iskola","isPartOf":{"@id":"https:\/\/sztgotthard-altisk.hu\/#website"},"datePublished":"2019-04-26T09:32:42+00:00","dateModified":"2019-05-27T08:18:06+00:00","inLanguage":"hu","potentialAction":[{"@type":"ReadAction","target":["https:\/\/sztgotthard-altisk.hu\/?p=3603"]}]},{"@type":"WebSite","@id":"https:\/\/sztgotthard-altisk.hu\/#website","url":"https:\/\/sztgotthard-altisk.hu\/","name":"Szent Gotth\u00e1rd \u00c1ltal\u00e1nos Iskola","description":"Szent Gotth\u00e1rd \u00c1ltal\u00e1nos Iskola","publisher":{"@id":"https:\/\/sztgotthard-altisk.hu\/#organization"},"potentialAction":[{"@type":"SearchAction","target":{"@type":"EntryPoint","urlTemplate":"https:\/\/sztgotthard-altisk.hu\/?s={search_term_string}"},"query-input":{"@type":"PropertyValueSpecification","valueRequired":true,"valueName":"search_term_string"}}],"inLanguage":"hu"},{"@type":"Organization","@id":"https:\/\/sztgotthard-altisk.hu\/#organization","name":"Szent Gell\u00e9rt \u00c1ltal\u00e1nos Iskola","url":"https:\/\/sztgotthard-altisk.hu\/","logo":{"@type":"ImageObject","inLanguage":"hu","@id":"https:\/\/sztgotthard-altisk.hu\/#\/schema\/logo\/image\/","url":"https:\/\/i0.wp.com\/www.sztgotthard-altisk.hu\/wp-content\/uploads\/2022\/01\/sztg_altisk_logo.png?fit=161%2C129&ssl=1","contentUrl":"https:\/\/i0.wp.com\/www.sztgotthard-altisk.hu\/wp-content\/uploads\/2022\/01\/sztg_altisk_logo.png?fit=161%2C129&ssl=1","width":161,"height":129,"caption":"Szent Gell\u00e9rt \u00c1ltal\u00e1nos Iskola"},"image":{"@id":"https:\/\/sztgotthard-altisk.hu\/#\/schema\/logo\/image\/"}},{"@type":"Person","@id":"https:\/\/sztgotthard-altisk.hu\/#\/schema\/person\/1cffb7c6f071c65c282763a1fb21afeb","name":"Administrator","image":{"@type":"ImageObject","inLanguage":"hu","@id":"https:\/\/sztgotthard-altisk.hu\/#\/schema\/person\/image\/","url":"https:\/\/secure.gravatar.com\/avatar\/1be83ffec85dcd4b06e404f51672a896729cc5093a05c89d191d0d1754436f7b?s=96&d=mm&r=g","contentUrl":"https:\/\/secure.gravatar.com\/avatar\/1be83ffec85dcd4b06e404f51672a896729cc5093a05c89d191d0d1754436f7b?s=96&d=mm&r=g","caption":"Administrator"},"url":"https:\/\/sztgotthard-altisk.hu\/?author=2"}]}},"jetpack_featured_media_url":"","jetpack_shortlink":"https:\/\/wp.me\/s9tyQr-3603","jetpack_sharing_enabled":true,"_links":{"self":[{"href":"https:\/\/sztgotthard-altisk.hu\/index.php?rest_route=\/wp\/v2\/posts\/3603","targetHints":{"allow":["GET"]}}],"collection":[{"href":"https:\/\/sztgotthard-altisk.hu\/index.php?rest_route=\/wp\/v2\/posts"}],"about":[{"href":"https:\/\/sztgotthard-altisk.hu\/index.php?rest_route=\/wp\/v2\/types\/post"}],"author":[{"embeddable":true,"href":"https:\/\/sztgotthard-altisk.hu\/index.php?rest_route=\/wp\/v2\/users\/2"}],"replies":[{"embeddable":true,"href":"https:\/\/sztgotthard-altisk.hu\/index.php?rest_route=%2Fwp%2Fv2%2Fcomments&post=3603"}],"version-history":[{"count":6,"href":"https:\/\/sztgotthard-altisk.hu\/index.php?rest_route=\/wp\/v2\/posts\/3603\/revisions"}],"predecessor-version":[{"id":3679,"href":"https:\/\/sztgotthard-altisk.hu\/index.php?rest_route=\/wp\/v2\/posts\/3603\/revisions\/3679"}],"wp:attachment":[{"href":"https:\/\/sztgotthard-altisk.hu\/index.php?rest_route=%2Fwp%2Fv2%2Fmedia&parent=3603"}],"wp:term":[{"taxonomy":"category","embeddable":true,"href":"https:\/\/sztgotthard-altisk.hu\/index.php?rest_route=%2Fwp%2Fv2%2Fcategories&post=3603"},{"taxonomy":"post_tag","embeddable":true,"href":"https:\/\/sztgotthard-altisk.hu\/index.php?rest_route=%2Fwp%2Fv2%2Ftags&post=3603"}],"curies":[{"name":"wp","href":"https:\/\/api.w.org\/{rel}","templated":true}]}}