{"id":3436,"date":"2019-04-01T14:18:33","date_gmt":"2019-04-01T13:18:33","guid":{"rendered":"https:\/\/www.sztgotthard-altisk.hu\/?p=3436"},"modified":"2019-04-30T10:50:43","modified_gmt":"2019-04-30T09:50:43","slug":"3436","status":"publish","type":"post","link":"https:\/\/sztgotthard-altisk.hu\/?p=3436","title":{"rendered":""},"content":{"rendered":"<h3 style=\"text-align: center;\"><span style=\"color: #0000ff;\"><strong>Versenyeredm\u00e9nyek<\/strong><\/span><\/h3>\n<p>Az elm\u00falt id\u0151szakban di\u00e1kjaink ism\u00e9t sz\u00e9p eredm\u00e9nyekkel t\u00e9rtek haza sz\u00e1mos versenyr\u0151l.<\/p>\n<p>&nbsp;<\/p>\n<p>A <span style=\"color: #198717;\"><strong>Z\u00f6ldokos Kupa<\/strong> <\/span>verseny online fordul\u00f3j\u00e1r\u00f3l a megyei el\u0151d\u00f6nt\u0151be k\u00e9t csapat jutott be, ahol:<\/p>\n<p>&nbsp;<\/p>\n<p style=\"text-align: justify;\"><strong>Bocsi Emese<\/strong>, <strong>Vir\u00e1gh Szonja<\/strong> \u00e9s <strong>T\u00f3ka R\u00e9ka<\/strong>, <strong>7. b<\/strong> oszt\u00e1lyos tanul\u00f3k <strong>els\u0151 helyez\u00e9s<\/strong>t \u00e9rtek el, valamint <strong>Czib\u00f3k D\u00e1niel, T\u00f3th M\u00e1t\u00e9 <\/strong>\u00e9s<strong> G\u00e1sp\u00e1r Dominik, 7. c<\/strong> oszt\u00e1lyos tanul\u00f3k a<strong> 7. helyet <\/strong>szerezt\u00e9k meg. Felk\u00e9sz\u00edt\u0151 tan\u00e1r: Kocsisn\u00e9 Tak\u00e1cs \u00c9va.<\/p>\n<p>&nbsp;<\/p>\n<p>&nbsp;<\/p>\n<p style=\"text-align: justify;\">M\u00e1rcius 20-\u00e1n szervezt\u00e9k meg Szombathelyen a Sug\u00e1r \u00fati atl\u00e9tika p\u00e1ly\u00e1n a <span style=\"color: #0000ff;\"><strong>Megyei Di\u00e1kolimpia<\/strong> <strong>mezei fut\u00f3bajnoks\u00e1g<\/strong><\/span> d\u00f6nt\u0151j\u00e9t, ahol hossz\u00fat\u00e1v fut\u00f3ink j\u00f3l szerepeltek a sz\u00e9psz\u00e1m\u00fa mez\u0151nyben:<\/p>\n<p>&nbsp;<\/p>\n<p><span style=\"text-decoration: underline;\">Le\u00e1ny II. korcsoport (49 r\u00e9sztvev\u0151vel):<\/span><\/p>\n<p>&nbsp;<\/p>\n<p><strong>Lakatos Tifani, 5.c &#8211; 21. helyez\u00e9s<\/strong><\/p>\n<p>&nbsp;<\/p>\n<p><strong>Sipos Gr\u00e9ta, 5.c &#8211; 22. helyez\u00e9s<\/strong><\/p>\n<p>&nbsp;<\/p>\n<p><span style=\"text-decoration: underline;\">Le\u00e1ny III. korcsoport (79 r\u00e9sztvev\u0151vel):<\/span><\/p>\n<p>&nbsp;<\/p>\n<p><strong>M\u00e9hes J\u00e1zmin, 5.c &#8211; 23. helyez\u00e9s<\/strong><\/p>\n<p>&nbsp;<\/p>\n<p><strong>L\u00e1ng Anna, 6.c &#8211; 24. helyez\u00e9s<\/strong><\/p>\n<p>&nbsp;<\/p>\n<p><strong>Iv\u00e1n Merc\u00e9desz, 5.c &#8211; 36. helyez\u00e9s<\/strong><\/p>\n<p>&nbsp;<\/p>\n<p>Felk\u00e9sz\u00edt\u0151: Kozma G\u00e1bor<\/p>\n<p>&nbsp;<\/p>\n<p>M\u00e1rcius 23-\u00e1n K\u0151szegen <span style=\"color: #0000ff;\"><strong>megyei terematl\u00e9tika bajnoks\u00e1g<\/strong><\/span>ot tartottak.<\/p>\n<p>&nbsp;<\/p>\n<p><strong>Hossz\u00fat\u00e1vfut\u00f3<\/strong>ink itt is megm\u00e9rettett\u00e9k magukat:<\/p>\n<p>&nbsp;<\/p>\n<p><span style=\"text-decoration: underline;\">Le\u00e1ny II. korcsoport (15 r\u00e9sztvev\u0151vel):<\/span><\/p>\n<p>&nbsp;<\/p>\n<p><strong>Sipos Gr\u00e9ta, 5.c &#8211; 6. helyez\u00e9s<\/strong><\/p>\n<p>&nbsp;<\/p>\n<p><strong>Lakatos Tifani, 5.c &#8211; 7. helyez\u00e9s<\/strong><\/p>\n<p>&nbsp;<\/p>\n<p>&nbsp;<\/p>\n<p><span style=\"text-decoration: underline;\">Le\u00e1ny III. korcsoport (7 r\u00e9sztvev\u0151vel):<br \/>\n<\/span><\/p>\n<p>&nbsp;<\/p>\n<p><strong>M\u00e9hes J\u00e1zmin, 5.c &#8211; 2. helyez\u00e9s<\/strong><\/p>\n<p>&nbsp;<\/p>\n<p><strong>L\u00e1ng Anna, 6.c &#8211; 5. helyez\u00e9s<\/strong><\/p>\n<p>&nbsp;<\/p>\n<p>Felk\u00e9sz\u00edt\u0151: Kozma G\u00e1bor<\/p>\n<p>&nbsp;<\/p>\n<p style=\"text-align: justify;\">A <strong>magasugr\u00f3<\/strong> versenyben <strong>Mih\u00e1lyfi D\u00f3ra, (7.b<\/strong>) nagy f\u00f6l\u00e9nnyel <strong>els\u0151 helyez\u00e9s<\/strong>t \u00e9rt el,a <strong>30 m-es fut\u00e1s<\/strong>ban pedig az el\u0151kel\u0151 <strong>2. hely<\/strong>en v\u00e9gzett kiv\u00e1l\u00f3 atl\u00e9t\u00e1nk. Felk\u00e9sz\u00edt\u0151: Hegyi J\u00f3zsef<\/p>\n<p>&nbsp;<\/p>\n<p style=\"text-align: justify;\">M\u00e1rcius 28-\u00e1n ker\u00fclt sor Szombathelyen a <strong><span style=\"color: #0000ff;\">megyei n\u00e9met nemzetis\u00e9gi tanulm\u00e1nyi versenyre<\/span><\/strong>.<\/p>\n<p>&nbsp;<\/p>\n<p>A 7. \u00e9vfolyamosok verseny\u00e9ben<strong> Mikos Abig\u00e9l (7.b) els\u0151<\/strong>, <strong>Pavlics B\u00e1lint (7.b) m\u00e1sodik helyez\u00e9s<\/strong>t \u00e9rt el.<\/p>\n<p><strong>Vir\u00e1gh Szonja<\/strong> (7.b) 4., <strong>Mesics-Leiner F\u00e9lix<\/strong> 7. (7.b), <strong>Bocsi Emese<\/strong> (7.b) pedig 10. helyez\u00e9st \u00e9rt el. Valamennyi\u00fck felk\u00e9sz\u00edt\u0151 tan\u00e1ra: Csuk Hajnalka<\/p>\n<p>&nbsp;<\/p>\n<p>A 8. \u00e9vfolyamosok k\u00f6z\u00f6tt \u00a0<strong>Monek Hanna a 8.b<\/strong>-b\u0151l <strong>m\u00e1sodik helyez\u00e9s<\/strong>t \u00e9rt el. Felk\u00e9sz\u00edt\u0151: Kr\u00e1nyecz Ter\u00e9z<\/p>\n<p>&nbsp;<\/p>\n<p>&nbsp;<\/p>\n<p>&nbsp;<\/p>\n<p>Gratul\u00e1lunk mindannyiuknak!<\/p>\n","protected":false},"excerpt":{"rendered":"<p>Versenyeredm\u00e9nyek Az elm\u00falt id\u0151szakban di\u00e1kjaink ism\u00e9t sz\u00e9p eredm\u00e9nyekkel t\u00e9rtek haza sz\u00e1mos versenyr\u0151l. &nbsp; A Z\u00f6ldokos Kupa verseny online fordul\u00f3j\u00e1r\u00f3l a megyei el\u0151d\u00f6nt\u0151be k\u00e9t csapat jutott be, ahol: &nbsp; Bocsi Emese, Vir\u00e1gh Szonja \u00e9s T\u00f3ka R\u00e9ka, 7. b oszt\u00e1lyos tanul\u00f3k els\u0151 helyez\u00e9st \u00e9rtek el, valamint Czib\u00f3k D\u00e1niel, T\u00f3th M\u00e1t\u00e9 \u00e9s G\u00e1sp\u00e1r Dominik, 7. c oszt\u00e1lyos tanul\u00f3k [&hellip;]<\/p>\n","protected":false},"author":2,"featured_media":0,"comment_status":"open","ping_status":"open","sticky":false,"template":"","format":"standard","meta":{"_exactmetrics_skip_tracking":false,"_exactmetrics_sitenote_active":false,"_exactmetrics_sitenote_note":"","_exactmetrics_sitenote_category":0,"_jetpack_memberships_contains_paid_content":false,"footnotes":""},"categories":[5],"tags":[266,81,68],"class_list":["post-3436","post","type-post","status-publish","format-standard","hentry","category-hirek","tag-futas","tag-magasugras","tag-nemet"],"yoast_head":"<!-- This site is optimized with the Yoast SEO plugin v26.7 - https:\/\/yoast.com\/wordpress\/plugins\/seo\/ -->\n<title>- Szent Gotth\u00e1rd \u00c1ltal\u00e1nos Iskola<\/title>\n<meta name=\"robots\" content=\"index, follow, max-snippet:-1, max-image-preview:large, max-video-preview:-1\" \/>\n<link rel=\"canonical\" href=\"https:\/\/sztgotthard-altisk.hu\/?p=3436\" \/>\n<meta property=\"og:locale\" content=\"hu_HU\" \/>\n<meta property=\"og:type\" content=\"article\" \/>\n<meta property=\"og:title\" content=\"- Szent Gotth\u00e1rd \u00c1ltal\u00e1nos Iskola\" \/>\n<meta property=\"og:description\" content=\"Versenyeredm\u00e9nyek Az elm\u00falt id\u0151szakban di\u00e1kjaink ism\u00e9t sz\u00e9p eredm\u00e9nyekkel t\u00e9rtek haza sz\u00e1mos versenyr\u0151l. &nbsp; A Z\u00f6ldokos Kupa verseny online fordul\u00f3j\u00e1r\u00f3l a megyei el\u0151d\u00f6nt\u0151be k\u00e9t csapat jutott be, ahol: &nbsp; Bocsi Emese, Vir\u00e1gh Szonja \u00e9s T\u00f3ka R\u00e9ka, 7. b oszt\u00e1lyos tanul\u00f3k els\u0151 helyez\u00e9st \u00e9rtek el, valamint Czib\u00f3k D\u00e1niel, T\u00f3th M\u00e1t\u00e9 \u00e9s G\u00e1sp\u00e1r Dominik, 7. c oszt\u00e1lyos tanul\u00f3k [&hellip;]\" \/>\n<meta property=\"og:url\" content=\"https:\/\/sztgotthard-altisk.hu\/?p=3436\" \/>\n<meta property=\"og:site_name\" content=\"Szent Gotth\u00e1rd \u00c1ltal\u00e1nos Iskola\" \/>\n<meta property=\"article:published_time\" content=\"2019-04-01T13:18:33+00:00\" \/>\n<meta property=\"article:modified_time\" content=\"2019-04-30T09:50:43+00:00\" \/>\n<meta name=\"author\" content=\"Administrator\" \/>\n<meta name=\"twitter:card\" content=\"summary_large_image\" \/>\n<meta name=\"twitter:label1\" content=\"Szerz\u0151:\" \/>\n\t<meta name=\"twitter:data1\" content=\"Administrator\" \/>\n\t<meta name=\"twitter:label2\" content=\"Becs\u00fclt olvas\u00e1si id\u0151\" \/>\n\t<meta name=\"twitter:data2\" content=\"2 perc\" \/>\n<script type=\"application\/ld+json\" class=\"yoast-schema-graph\">{\"@context\":\"https:\/\/schema.org\",\"@graph\":[{\"@type\":\"Article\",\"@id\":\"https:\/\/sztgotthard-altisk.hu\/?p=3436#article\",\"isPartOf\":{\"@id\":\"https:\/\/sztgotthard-altisk.hu\/?p=3436\"},\"author\":{\"name\":\"Administrator\",\"@id\":\"https:\/\/sztgotthard-altisk.hu\/#\/schema\/person\/1cffb7c6f071c65c282763a1fb21afeb\"},\"headline\":\"Nincs c\u00edm\",\"datePublished\":\"2019-04-01T13:18:33+00:00\",\"dateModified\":\"2019-04-30T09:50:43+00:00\",\"mainEntityOfPage\":{\"@id\":\"https:\/\/sztgotthard-altisk.hu\/?p=3436\"},\"wordCount\":423,\"commentCount\":0,\"publisher\":{\"@id\":\"https:\/\/sztgotthard-altisk.hu\/#organization\"},\"keywords\":[\"futas\",\"magasugr\u00e1s\",\"n\u00e9met\"],\"articleSection\":[\"H\u00edrek\"],\"inLanguage\":\"hu\"},{\"@type\":\"WebPage\",\"@id\":\"https:\/\/sztgotthard-altisk.hu\/?p=3436\",\"url\":\"https:\/\/sztgotthard-altisk.hu\/?p=3436\",\"name\":\"- Szent Gotth\u00e1rd \u00c1ltal\u00e1nos Iskola\",\"isPartOf\":{\"@id\":\"https:\/\/sztgotthard-altisk.hu\/#website\"},\"datePublished\":\"2019-04-01T13:18:33+00:00\",\"dateModified\":\"2019-04-30T09:50:43+00:00\",\"inLanguage\":\"hu\",\"potentialAction\":[{\"@type\":\"ReadAction\",\"target\":[\"https:\/\/sztgotthard-altisk.hu\/?p=3436\"]}]},{\"@type\":\"WebSite\",\"@id\":\"https:\/\/sztgotthard-altisk.hu\/#website\",\"url\":\"https:\/\/sztgotthard-altisk.hu\/\",\"name\":\"Szent Gotth\u00e1rd \u00c1ltal\u00e1nos Iskola\",\"description\":\"Szent Gotth\u00e1rd \u00c1ltal\u00e1nos Iskola\",\"publisher\":{\"@id\":\"https:\/\/sztgotthard-altisk.hu\/#organization\"},\"potentialAction\":[{\"@type\":\"SearchAction\",\"target\":{\"@type\":\"EntryPoint\",\"urlTemplate\":\"https:\/\/sztgotthard-altisk.hu\/?s={search_term_string}\"},\"query-input\":{\"@type\":\"PropertyValueSpecification\",\"valueRequired\":true,\"valueName\":\"search_term_string\"}}],\"inLanguage\":\"hu\"},{\"@type\":\"Organization\",\"@id\":\"https:\/\/sztgotthard-altisk.hu\/#organization\",\"name\":\"Szent Gell\u00e9rt \u00c1ltal\u00e1nos Iskola\",\"url\":\"https:\/\/sztgotthard-altisk.hu\/\",\"logo\":{\"@type\":\"ImageObject\",\"inLanguage\":\"hu\",\"@id\":\"https:\/\/sztgotthard-altisk.hu\/#\/schema\/logo\/image\/\",\"url\":\"https:\/\/i0.wp.com\/www.sztgotthard-altisk.hu\/wp-content\/uploads\/2022\/01\/sztg_altisk_logo.png?fit=161%2C129&ssl=1\",\"contentUrl\":\"https:\/\/i0.wp.com\/www.sztgotthard-altisk.hu\/wp-content\/uploads\/2022\/01\/sztg_altisk_logo.png?fit=161%2C129&ssl=1\",\"width\":161,\"height\":129,\"caption\":\"Szent Gell\u00e9rt \u00c1ltal\u00e1nos Iskola\"},\"image\":{\"@id\":\"https:\/\/sztgotthard-altisk.hu\/#\/schema\/logo\/image\/\"}},{\"@type\":\"Person\",\"@id\":\"https:\/\/sztgotthard-altisk.hu\/#\/schema\/person\/1cffb7c6f071c65c282763a1fb21afeb\",\"name\":\"Administrator\",\"image\":{\"@type\":\"ImageObject\",\"inLanguage\":\"hu\",\"@id\":\"https:\/\/sztgotthard-altisk.hu\/#\/schema\/person\/image\/\",\"url\":\"https:\/\/secure.gravatar.com\/avatar\/1be83ffec85dcd4b06e404f51672a896729cc5093a05c89d191d0d1754436f7b?s=96&d=mm&r=g\",\"contentUrl\":\"https:\/\/secure.gravatar.com\/avatar\/1be83ffec85dcd4b06e404f51672a896729cc5093a05c89d191d0d1754436f7b?s=96&d=mm&r=g\",\"caption\":\"Administrator\"},\"url\":\"https:\/\/sztgotthard-altisk.hu\/?author=2\"}]}<\/script>\n<!-- \/ Yoast SEO plugin. -->","yoast_head_json":{"title":"- Szent Gotth\u00e1rd \u00c1ltal\u00e1nos Iskola","robots":{"index":"index","follow":"follow","max-snippet":"max-snippet:-1","max-image-preview":"max-image-preview:large","max-video-preview":"max-video-preview:-1"},"canonical":"https:\/\/sztgotthard-altisk.hu\/?p=3436","og_locale":"hu_HU","og_type":"article","og_title":"- Szent Gotth\u00e1rd \u00c1ltal\u00e1nos Iskola","og_description":"Versenyeredm\u00e9nyek Az elm\u00falt id\u0151szakban di\u00e1kjaink ism\u00e9t sz\u00e9p eredm\u00e9nyekkel t\u00e9rtek haza sz\u00e1mos versenyr\u0151l. &nbsp; A Z\u00f6ldokos Kupa verseny online fordul\u00f3j\u00e1r\u00f3l a megyei el\u0151d\u00f6nt\u0151be k\u00e9t csapat jutott be, ahol: &nbsp; Bocsi Emese, Vir\u00e1gh Szonja \u00e9s T\u00f3ka R\u00e9ka, 7. b oszt\u00e1lyos tanul\u00f3k els\u0151 helyez\u00e9st \u00e9rtek el, valamint Czib\u00f3k D\u00e1niel, T\u00f3th M\u00e1t\u00e9 \u00e9s G\u00e1sp\u00e1r Dominik, 7. c oszt\u00e1lyos tanul\u00f3k [&hellip;]","og_url":"https:\/\/sztgotthard-altisk.hu\/?p=3436","og_site_name":"Szent Gotth\u00e1rd \u00c1ltal\u00e1nos Iskola","article_published_time":"2019-04-01T13:18:33+00:00","article_modified_time":"2019-04-30T09:50:43+00:00","author":"Administrator","twitter_card":"summary_large_image","twitter_misc":{"Szerz\u0151:":"Administrator","Becs\u00fclt olvas\u00e1si id\u0151":"2 perc"},"schema":{"@context":"https:\/\/schema.org","@graph":[{"@type":"Article","@id":"https:\/\/sztgotthard-altisk.hu\/?p=3436#article","isPartOf":{"@id":"https:\/\/sztgotthard-altisk.hu\/?p=3436"},"author":{"name":"Administrator","@id":"https:\/\/sztgotthard-altisk.hu\/#\/schema\/person\/1cffb7c6f071c65c282763a1fb21afeb"},"headline":"Nincs c\u00edm","datePublished":"2019-04-01T13:18:33+00:00","dateModified":"2019-04-30T09:50:43+00:00","mainEntityOfPage":{"@id":"https:\/\/sztgotthard-altisk.hu\/?p=3436"},"wordCount":423,"commentCount":0,"publisher":{"@id":"https:\/\/sztgotthard-altisk.hu\/#organization"},"keywords":["futas","magasugr\u00e1s","n\u00e9met"],"articleSection":["H\u00edrek"],"inLanguage":"hu"},{"@type":"WebPage","@id":"https:\/\/sztgotthard-altisk.hu\/?p=3436","url":"https:\/\/sztgotthard-altisk.hu\/?p=3436","name":"- Szent Gotth\u00e1rd \u00c1ltal\u00e1nos Iskola","isPartOf":{"@id":"https:\/\/sztgotthard-altisk.hu\/#website"},"datePublished":"2019-04-01T13:18:33+00:00","dateModified":"2019-04-30T09:50:43+00:00","inLanguage":"hu","potentialAction":[{"@type":"ReadAction","target":["https:\/\/sztgotthard-altisk.hu\/?p=3436"]}]},{"@type":"WebSite","@id":"https:\/\/sztgotthard-altisk.hu\/#website","url":"https:\/\/sztgotthard-altisk.hu\/","name":"Szent Gotth\u00e1rd \u00c1ltal\u00e1nos Iskola","description":"Szent Gotth\u00e1rd \u00c1ltal\u00e1nos Iskola","publisher":{"@id":"https:\/\/sztgotthard-altisk.hu\/#organization"},"potentialAction":[{"@type":"SearchAction","target":{"@type":"EntryPoint","urlTemplate":"https:\/\/sztgotthard-altisk.hu\/?s={search_term_string}"},"query-input":{"@type":"PropertyValueSpecification","valueRequired":true,"valueName":"search_term_string"}}],"inLanguage":"hu"},{"@type":"Organization","@id":"https:\/\/sztgotthard-altisk.hu\/#organization","name":"Szent Gell\u00e9rt \u00c1ltal\u00e1nos Iskola","url":"https:\/\/sztgotthard-altisk.hu\/","logo":{"@type":"ImageObject","inLanguage":"hu","@id":"https:\/\/sztgotthard-altisk.hu\/#\/schema\/logo\/image\/","url":"https:\/\/i0.wp.com\/www.sztgotthard-altisk.hu\/wp-content\/uploads\/2022\/01\/sztg_altisk_logo.png?fit=161%2C129&ssl=1","contentUrl":"https:\/\/i0.wp.com\/www.sztgotthard-altisk.hu\/wp-content\/uploads\/2022\/01\/sztg_altisk_logo.png?fit=161%2C129&ssl=1","width":161,"height":129,"caption":"Szent Gell\u00e9rt \u00c1ltal\u00e1nos Iskola"},"image":{"@id":"https:\/\/sztgotthard-altisk.hu\/#\/schema\/logo\/image\/"}},{"@type":"Person","@id":"https:\/\/sztgotthard-altisk.hu\/#\/schema\/person\/1cffb7c6f071c65c282763a1fb21afeb","name":"Administrator","image":{"@type":"ImageObject","inLanguage":"hu","@id":"https:\/\/sztgotthard-altisk.hu\/#\/schema\/person\/image\/","url":"https:\/\/secure.gravatar.com\/avatar\/1be83ffec85dcd4b06e404f51672a896729cc5093a05c89d191d0d1754436f7b?s=96&d=mm&r=g","contentUrl":"https:\/\/secure.gravatar.com\/avatar\/1be83ffec85dcd4b06e404f51672a896729cc5093a05c89d191d0d1754436f7b?s=96&d=mm&r=g","caption":"Administrator"},"url":"https:\/\/sztgotthard-altisk.hu\/?author=2"}]}},"jetpack_featured_media_url":"","jetpack_shortlink":"https:\/\/wp.me\/s9tyQr-3436","jetpack_sharing_enabled":true,"_links":{"self":[{"href":"https:\/\/sztgotthard-altisk.hu\/index.php?rest_route=\/wp\/v2\/posts\/3436","targetHints":{"allow":["GET"]}}],"collection":[{"href":"https:\/\/sztgotthard-altisk.hu\/index.php?rest_route=\/wp\/v2\/posts"}],"about":[{"href":"https:\/\/sztgotthard-altisk.hu\/index.php?rest_route=\/wp\/v2\/types\/post"}],"author":[{"embeddable":true,"href":"https:\/\/sztgotthard-altisk.hu\/index.php?rest_route=\/wp\/v2\/users\/2"}],"replies":[{"embeddable":true,"href":"https:\/\/sztgotthard-altisk.hu\/index.php?rest_route=%2Fwp%2Fv2%2Fcomments&post=3436"}],"version-history":[{"count":10,"href":"https:\/\/sztgotthard-altisk.hu\/index.php?rest_route=\/wp\/v2\/posts\/3436\/revisions"}],"predecessor-version":[{"id":3611,"href":"https:\/\/sztgotthard-altisk.hu\/index.php?rest_route=\/wp\/v2\/posts\/3436\/revisions\/3611"}],"wp:attachment":[{"href":"https:\/\/sztgotthard-altisk.hu\/index.php?rest_route=%2Fwp%2Fv2%2Fmedia&parent=3436"}],"wp:term":[{"taxonomy":"category","embeddable":true,"href":"https:\/\/sztgotthard-altisk.hu\/index.php?rest_route=%2Fwp%2Fv2%2Fcategories&post=3436"},{"taxonomy":"post_tag","embeddable":true,"href":"https:\/\/sztgotthard-altisk.hu\/index.php?rest_route=%2Fwp%2Fv2%2Ftags&post=3436"}],"curies":[{"name":"wp","href":"https:\/\/api.w.org\/{rel}","templated":true}]}}