{"id":3345,"date":"2019-03-14T12:46:05","date_gmt":"2019-03-14T11:46:05","guid":{"rendered":"https:\/\/www.sztgotthard-altisk.hu\/?p=3345"},"modified":"2019-03-20T13:26:17","modified_gmt":"2019-03-20T12:26:17","slug":"3345","status":"publish","type":"post","link":"https:\/\/sztgotthard-altisk.hu\/?p=3345","title":{"rendered":""},"content":{"rendered":"<h2 style=\"text-align: center;\"><span style=\"color: #339966;\"><strong>N\u00e9pdal\u00e9nekl\u00e9si verseny<\/strong><\/span><\/h2>\n<p>&nbsp;<\/p>\n<p style=\"text-align: justify;\">2019. m\u00e1rcius 12-\u00e9n rendezte meg a Szentgotth\u00e1rd \u00e9s T\u00e9rs\u00e9ge Iskola Tak\u00e1cs Jen\u0151 Alapfok\u00fa M\u0171v\u00e9szeti Iskol\u00e1ja a hagyom\u00e1nyos, k\u00f6rzeti n\u00e9pdal\u00e9nekl\u00e9si versenyt a sz\u00ednh\u00e1z aul\u00e1j\u00e1ban:<\/p>\n<p style=\"text-align: justify;\">Iskol\u00e1nk tanul\u00f3i is r\u00e9szt vettek a megm\u00e9rettet\u00e9sen, ahol a k\u00f6vetkez\u0151 min\u0151s\u00edt\u00e9sek sz\u00fclettek:<\/p>\n<p>&nbsp;<\/p>\n<p>&nbsp;<\/p>\n<p><span style=\"text-decoration: underline;\">Csapatban<\/span>:<\/p>\n<p>&nbsp;<\/p>\n<p><strong>Benkeh\u00e1zi D\u00f3ra<\/strong> (5.a) \u00e9s <strong>Horv\u00e1th Dzsesszika<\/strong> (5.a) &#8211; bronz min\u0151s\u00edt\u00e9s<\/p>\n<p>&nbsp;<\/p>\n<p><strong>K\u00f3m\u00e1r J\u00e1zmin<\/strong> (6.c), <strong>Leopold Anna<\/strong> (6.c), <strong>L\u00e1ng Anna<\/strong> (6.c) \u00e9s <strong>Katona Karolina<\/strong> (6.c) &#8211; bronz min\u0151s\u00edt\u00e9s<\/p>\n<p>&nbsp;<\/p>\n<p><strong>Doncsecz Ram\u00f3na<\/strong> (6.b) \u00e9s <strong>Nagy N\u00f3ra<\/strong> (8.a) &#8211; ez\u00fcst min\u0151s\u00edt\u00e9s<\/p>\n<p>&nbsp;<\/p>\n<p>Felk\u00e9sz\u00edt\u0151 tan\u00e1r: Offnern\u00e9 Hadrik T\u00edmea<\/p>\n<p>&nbsp;<\/p>\n<p>A zeneiskola 3. oszt\u00e1lyos szolf\u00e9zs csapat\u00e1ban r\u00e9szt vettek:<\/p>\n<p>&nbsp;<\/p>\n<p><strong>Horv\u00e1th Rebeka<\/strong> (5.a), <strong>Orovicz Klarissza<\/strong> (5.b) \u00e9s <strong>N\u00e1ricza Nina<\/strong> (6.c) &#8211; ez\u00fcst min\u0151s\u00edt\u00e9s<\/p>\n<p>&nbsp;<\/p>\n<p>Felk\u00e9sz\u00edt\u0151 tan\u00e1r: Zleovszki-Mayer Julianna<\/p>\n<p>&nbsp;<\/p>\n<p>&nbsp;<\/p>\n<p>Szint\u00e9n a zeneiskola 3. oszt\u00e1lyos szolf\u00e9zs csoportj\u00e1t k\u00e9pviselt\u00e9k:<\/p>\n<p>&nbsp;<\/p>\n<p><strong>T\u00f3th Luca<\/strong> (6.a), <strong>Ila Csenge<\/strong> (5.b) \u00e9s<strong> K\u00e1rolyi Maya<\/strong> (5.b) &#8211; arany min\u0151s\u00edt\u00e9s<\/p>\n<p>&nbsp;<\/p>\n<p>Felk\u00e9sz\u00edt\u0151 tan\u00e1r: Rezs\u0151 Rita<\/p>\n<p>&nbsp;<\/p>\n<p><span style=\"text-decoration: underline;\">Egy\u00e9ni:<\/span><\/p>\n<p>&nbsp;<\/p>\n<p><strong>Nagy N\u00f3ra<\/strong> (8.a) &#8211; arany min\u0151s\u00edt\u00e9s<\/p>\n<p>&nbsp;<\/p>\n<p>Felk\u00e9sz\u00edt\u0151 tan\u00e1r: Offnern\u00e9 Hadrik T\u00edmea<\/p>\n<p>&nbsp;<\/p>\n<p>Gratul\u00e1lunk valamennyi\u00fcknek!<\/p>\n<p>&nbsp;<\/p>\n<p>&nbsp;<\/p>\n<p>&nbsp;<\/p>\n<p>&nbsp;<\/p>\n<p>&nbsp;<\/p>\n<p>&nbsp;<\/p>\n<p>&nbsp;<\/p>\n<p>&nbsp;<\/p>\n<p>&nbsp;<\/p>\n<p>&nbsp;<\/p>\n<p>&nbsp;<\/p>\n","protected":false},"excerpt":{"rendered":"<p>N\u00e9pdal\u00e9nekl\u00e9si verseny &nbsp; 2019. m\u00e1rcius 12-\u00e9n rendezte meg a Szentgotth\u00e1rd \u00e9s T\u00e9rs\u00e9ge Iskola Tak\u00e1cs Jen\u0151 Alapfok\u00fa M\u0171v\u00e9szeti Iskol\u00e1ja a hagyom\u00e1nyos, k\u00f6rzeti n\u00e9pdal\u00e9nekl\u00e9si versenyt a sz\u00ednh\u00e1z aul\u00e1j\u00e1ban: Iskol\u00e1nk tanul\u00f3i is r\u00e9szt vettek a megm\u00e9rettet\u00e9sen, ahol a k\u00f6vetkez\u0151 min\u0151s\u00edt\u00e9sek sz\u00fclettek: &nbsp; &nbsp; Csapatban: &nbsp; Benkeh\u00e1zi D\u00f3ra (5.a) \u00e9s Horv\u00e1th Dzsesszika (5.a) &#8211; bronz min\u0151s\u00edt\u00e9s &nbsp; K\u00f3m\u00e1r J\u00e1zmin [&hellip;]<\/p>\n","protected":false},"author":2,"featured_media":0,"comment_status":"open","ping_status":"open","sticky":false,"template":"","format":"standard","meta":{"_exactmetrics_skip_tracking":false,"_exactmetrics_sitenote_active":false,"_exactmetrics_sitenote_note":"","_exactmetrics_sitenote_category":0,"_jetpack_memberships_contains_paid_content":false,"footnotes":""},"categories":[5],"tags":[258,255,71],"class_list":["post-3345","post","type-post","status-publish","format-standard","hentry","category-hirek","tag-enekles","tag-nepdal","tag-verseny"],"yoast_head":"<!-- This site is optimized with the Yoast SEO plugin v26.7 - https:\/\/yoast.com\/wordpress\/plugins\/seo\/ -->\n<title>- Szent Gotth\u00e1rd \u00c1ltal\u00e1nos Iskola<\/title>\n<meta name=\"robots\" content=\"index, follow, max-snippet:-1, max-image-preview:large, max-video-preview:-1\" \/>\n<link rel=\"canonical\" href=\"https:\/\/sztgotthard-altisk.hu\/?p=3345\" \/>\n<meta property=\"og:locale\" content=\"hu_HU\" \/>\n<meta property=\"og:type\" content=\"article\" \/>\n<meta property=\"og:title\" content=\"- Szent Gotth\u00e1rd \u00c1ltal\u00e1nos Iskola\" \/>\n<meta property=\"og:description\" content=\"N\u00e9pdal\u00e9nekl\u00e9si verseny &nbsp; 2019. m\u00e1rcius 12-\u00e9n rendezte meg a Szentgotth\u00e1rd \u00e9s T\u00e9rs\u00e9ge Iskola Tak\u00e1cs Jen\u0151 Alapfok\u00fa M\u0171v\u00e9szeti Iskol\u00e1ja a hagyom\u00e1nyos, k\u00f6rzeti n\u00e9pdal\u00e9nekl\u00e9si versenyt a sz\u00ednh\u00e1z aul\u00e1j\u00e1ban: Iskol\u00e1nk tanul\u00f3i is r\u00e9szt vettek a megm\u00e9rettet\u00e9sen, ahol a k\u00f6vetkez\u0151 min\u0151s\u00edt\u00e9sek sz\u00fclettek: &nbsp; &nbsp; Csapatban: &nbsp; Benkeh\u00e1zi D\u00f3ra (5.a) \u00e9s Horv\u00e1th Dzsesszika (5.a) &#8211; bronz min\u0151s\u00edt\u00e9s &nbsp; K\u00f3m\u00e1r J\u00e1zmin [&hellip;]\" \/>\n<meta property=\"og:url\" content=\"https:\/\/sztgotthard-altisk.hu\/?p=3345\" \/>\n<meta property=\"og:site_name\" content=\"Szent Gotth\u00e1rd \u00c1ltal\u00e1nos Iskola\" \/>\n<meta property=\"article:published_time\" content=\"2019-03-14T11:46:05+00:00\" \/>\n<meta property=\"article:modified_time\" content=\"2019-03-20T12:26:17+00:00\" \/>\n<meta name=\"author\" content=\"Administrator\" \/>\n<meta name=\"twitter:card\" content=\"summary_large_image\" \/>\n<meta name=\"twitter:label1\" content=\"Szerz\u0151:\" \/>\n\t<meta name=\"twitter:data1\" content=\"Administrator\" \/>\n\t<meta name=\"twitter:label2\" content=\"Becs\u00fclt olvas\u00e1si id\u0151\" \/>\n\t<meta name=\"twitter:data2\" content=\"1 perc\" \/>\n<script type=\"application\/ld+json\" class=\"yoast-schema-graph\">{\"@context\":\"https:\/\/schema.org\",\"@graph\":[{\"@type\":\"Article\",\"@id\":\"https:\/\/sztgotthard-altisk.hu\/?p=3345#article\",\"isPartOf\":{\"@id\":\"https:\/\/sztgotthard-altisk.hu\/?p=3345\"},\"author\":{\"name\":\"Administrator\",\"@id\":\"https:\/\/sztgotthard-altisk.hu\/#\/schema\/person\/1cffb7c6f071c65c282763a1fb21afeb\"},\"headline\":\"Nincs c\u00edm\",\"datePublished\":\"2019-03-14T11:46:05+00:00\",\"dateModified\":\"2019-03-20T12:26:17+00:00\",\"mainEntityOfPage\":{\"@id\":\"https:\/\/sztgotthard-altisk.hu\/?p=3345\"},\"wordCount\":261,\"commentCount\":0,\"publisher\":{\"@id\":\"https:\/\/sztgotthard-altisk.hu\/#organization\"},\"keywords\":[\"enekles\",\"n\u00e9pdal\",\"verseny\"],\"articleSection\":[\"H\u00edrek\"],\"inLanguage\":\"hu\"},{\"@type\":\"WebPage\",\"@id\":\"https:\/\/sztgotthard-altisk.hu\/?p=3345\",\"url\":\"https:\/\/sztgotthard-altisk.hu\/?p=3345\",\"name\":\"- Szent Gotth\u00e1rd \u00c1ltal\u00e1nos Iskola\",\"isPartOf\":{\"@id\":\"https:\/\/sztgotthard-altisk.hu\/#website\"},\"datePublished\":\"2019-03-14T11:46:05+00:00\",\"dateModified\":\"2019-03-20T12:26:17+00:00\",\"inLanguage\":\"hu\",\"potentialAction\":[{\"@type\":\"ReadAction\",\"target\":[\"https:\/\/sztgotthard-altisk.hu\/?p=3345\"]}]},{\"@type\":\"WebSite\",\"@id\":\"https:\/\/sztgotthard-altisk.hu\/#website\",\"url\":\"https:\/\/sztgotthard-altisk.hu\/\",\"name\":\"Szent Gotth\u00e1rd \u00c1ltal\u00e1nos Iskola\",\"description\":\"Szent Gotth\u00e1rd \u00c1ltal\u00e1nos Iskola\",\"publisher\":{\"@id\":\"https:\/\/sztgotthard-altisk.hu\/#organization\"},\"potentialAction\":[{\"@type\":\"SearchAction\",\"target\":{\"@type\":\"EntryPoint\",\"urlTemplate\":\"https:\/\/sztgotthard-altisk.hu\/?s={search_term_string}\"},\"query-input\":{\"@type\":\"PropertyValueSpecification\",\"valueRequired\":true,\"valueName\":\"search_term_string\"}}],\"inLanguage\":\"hu\"},{\"@type\":\"Organization\",\"@id\":\"https:\/\/sztgotthard-altisk.hu\/#organization\",\"name\":\"Szent Gell\u00e9rt \u00c1ltal\u00e1nos Iskola\",\"url\":\"https:\/\/sztgotthard-altisk.hu\/\",\"logo\":{\"@type\":\"ImageObject\",\"inLanguage\":\"hu\",\"@id\":\"https:\/\/sztgotthard-altisk.hu\/#\/schema\/logo\/image\/\",\"url\":\"https:\/\/i0.wp.com\/www.sztgotthard-altisk.hu\/wp-content\/uploads\/2022\/01\/sztg_altisk_logo.png?fit=161%2C129&ssl=1\",\"contentUrl\":\"https:\/\/i0.wp.com\/www.sztgotthard-altisk.hu\/wp-content\/uploads\/2022\/01\/sztg_altisk_logo.png?fit=161%2C129&ssl=1\",\"width\":161,\"height\":129,\"caption\":\"Szent Gell\u00e9rt \u00c1ltal\u00e1nos Iskola\"},\"image\":{\"@id\":\"https:\/\/sztgotthard-altisk.hu\/#\/schema\/logo\/image\/\"}},{\"@type\":\"Person\",\"@id\":\"https:\/\/sztgotthard-altisk.hu\/#\/schema\/person\/1cffb7c6f071c65c282763a1fb21afeb\",\"name\":\"Administrator\",\"image\":{\"@type\":\"ImageObject\",\"inLanguage\":\"hu\",\"@id\":\"https:\/\/sztgotthard-altisk.hu\/#\/schema\/person\/image\/\",\"url\":\"https:\/\/secure.gravatar.com\/avatar\/1be83ffec85dcd4b06e404f51672a896729cc5093a05c89d191d0d1754436f7b?s=96&d=mm&r=g\",\"contentUrl\":\"https:\/\/secure.gravatar.com\/avatar\/1be83ffec85dcd4b06e404f51672a896729cc5093a05c89d191d0d1754436f7b?s=96&d=mm&r=g\",\"caption\":\"Administrator\"},\"url\":\"https:\/\/sztgotthard-altisk.hu\/?author=2\"}]}<\/script>\n<!-- \/ Yoast SEO plugin. -->","yoast_head_json":{"title":"- Szent Gotth\u00e1rd \u00c1ltal\u00e1nos Iskola","robots":{"index":"index","follow":"follow","max-snippet":"max-snippet:-1","max-image-preview":"max-image-preview:large","max-video-preview":"max-video-preview:-1"},"canonical":"https:\/\/sztgotthard-altisk.hu\/?p=3345","og_locale":"hu_HU","og_type":"article","og_title":"- Szent Gotth\u00e1rd \u00c1ltal\u00e1nos Iskola","og_description":"N\u00e9pdal\u00e9nekl\u00e9si verseny &nbsp; 2019. m\u00e1rcius 12-\u00e9n rendezte meg a Szentgotth\u00e1rd \u00e9s T\u00e9rs\u00e9ge Iskola Tak\u00e1cs Jen\u0151 Alapfok\u00fa M\u0171v\u00e9szeti Iskol\u00e1ja a hagyom\u00e1nyos, k\u00f6rzeti n\u00e9pdal\u00e9nekl\u00e9si versenyt a sz\u00ednh\u00e1z aul\u00e1j\u00e1ban: Iskol\u00e1nk tanul\u00f3i is r\u00e9szt vettek a megm\u00e9rettet\u00e9sen, ahol a k\u00f6vetkez\u0151 min\u0151s\u00edt\u00e9sek sz\u00fclettek: &nbsp; &nbsp; Csapatban: &nbsp; Benkeh\u00e1zi D\u00f3ra (5.a) \u00e9s Horv\u00e1th Dzsesszika (5.a) &#8211; bronz min\u0151s\u00edt\u00e9s &nbsp; K\u00f3m\u00e1r J\u00e1zmin [&hellip;]","og_url":"https:\/\/sztgotthard-altisk.hu\/?p=3345","og_site_name":"Szent Gotth\u00e1rd \u00c1ltal\u00e1nos Iskola","article_published_time":"2019-03-14T11:46:05+00:00","article_modified_time":"2019-03-20T12:26:17+00:00","author":"Administrator","twitter_card":"summary_large_image","twitter_misc":{"Szerz\u0151:":"Administrator","Becs\u00fclt olvas\u00e1si id\u0151":"1 perc"},"schema":{"@context":"https:\/\/schema.org","@graph":[{"@type":"Article","@id":"https:\/\/sztgotthard-altisk.hu\/?p=3345#article","isPartOf":{"@id":"https:\/\/sztgotthard-altisk.hu\/?p=3345"},"author":{"name":"Administrator","@id":"https:\/\/sztgotthard-altisk.hu\/#\/schema\/person\/1cffb7c6f071c65c282763a1fb21afeb"},"headline":"Nincs c\u00edm","datePublished":"2019-03-14T11:46:05+00:00","dateModified":"2019-03-20T12:26:17+00:00","mainEntityOfPage":{"@id":"https:\/\/sztgotthard-altisk.hu\/?p=3345"},"wordCount":261,"commentCount":0,"publisher":{"@id":"https:\/\/sztgotthard-altisk.hu\/#organization"},"keywords":["enekles","n\u00e9pdal","verseny"],"articleSection":["H\u00edrek"],"inLanguage":"hu"},{"@type":"WebPage","@id":"https:\/\/sztgotthard-altisk.hu\/?p=3345","url":"https:\/\/sztgotthard-altisk.hu\/?p=3345","name":"- Szent Gotth\u00e1rd \u00c1ltal\u00e1nos Iskola","isPartOf":{"@id":"https:\/\/sztgotthard-altisk.hu\/#website"},"datePublished":"2019-03-14T11:46:05+00:00","dateModified":"2019-03-20T12:26:17+00:00","inLanguage":"hu","potentialAction":[{"@type":"ReadAction","target":["https:\/\/sztgotthard-altisk.hu\/?p=3345"]}]},{"@type":"WebSite","@id":"https:\/\/sztgotthard-altisk.hu\/#website","url":"https:\/\/sztgotthard-altisk.hu\/","name":"Szent Gotth\u00e1rd \u00c1ltal\u00e1nos Iskola","description":"Szent Gotth\u00e1rd \u00c1ltal\u00e1nos Iskola","publisher":{"@id":"https:\/\/sztgotthard-altisk.hu\/#organization"},"potentialAction":[{"@type":"SearchAction","target":{"@type":"EntryPoint","urlTemplate":"https:\/\/sztgotthard-altisk.hu\/?s={search_term_string}"},"query-input":{"@type":"PropertyValueSpecification","valueRequired":true,"valueName":"search_term_string"}}],"inLanguage":"hu"},{"@type":"Organization","@id":"https:\/\/sztgotthard-altisk.hu\/#organization","name":"Szent Gell\u00e9rt \u00c1ltal\u00e1nos Iskola","url":"https:\/\/sztgotthard-altisk.hu\/","logo":{"@type":"ImageObject","inLanguage":"hu","@id":"https:\/\/sztgotthard-altisk.hu\/#\/schema\/logo\/image\/","url":"https:\/\/i0.wp.com\/www.sztgotthard-altisk.hu\/wp-content\/uploads\/2022\/01\/sztg_altisk_logo.png?fit=161%2C129&ssl=1","contentUrl":"https:\/\/i0.wp.com\/www.sztgotthard-altisk.hu\/wp-content\/uploads\/2022\/01\/sztg_altisk_logo.png?fit=161%2C129&ssl=1","width":161,"height":129,"caption":"Szent Gell\u00e9rt \u00c1ltal\u00e1nos Iskola"},"image":{"@id":"https:\/\/sztgotthard-altisk.hu\/#\/schema\/logo\/image\/"}},{"@type":"Person","@id":"https:\/\/sztgotthard-altisk.hu\/#\/schema\/person\/1cffb7c6f071c65c282763a1fb21afeb","name":"Administrator","image":{"@type":"ImageObject","inLanguage":"hu","@id":"https:\/\/sztgotthard-altisk.hu\/#\/schema\/person\/image\/","url":"https:\/\/secure.gravatar.com\/avatar\/1be83ffec85dcd4b06e404f51672a896729cc5093a05c89d191d0d1754436f7b?s=96&d=mm&r=g","contentUrl":"https:\/\/secure.gravatar.com\/avatar\/1be83ffec85dcd4b06e404f51672a896729cc5093a05c89d191d0d1754436f7b?s=96&d=mm&r=g","caption":"Administrator"},"url":"https:\/\/sztgotthard-altisk.hu\/?author=2"}]}},"jetpack_featured_media_url":"","jetpack_shortlink":"https:\/\/wp.me\/s9tyQr-3345","jetpack_sharing_enabled":true,"_links":{"self":[{"href":"https:\/\/sztgotthard-altisk.hu\/index.php?rest_route=\/wp\/v2\/posts\/3345","targetHints":{"allow":["GET"]}}],"collection":[{"href":"https:\/\/sztgotthard-altisk.hu\/index.php?rest_route=\/wp\/v2\/posts"}],"about":[{"href":"https:\/\/sztgotthard-altisk.hu\/index.php?rest_route=\/wp\/v2\/types\/post"}],"author":[{"embeddable":true,"href":"https:\/\/sztgotthard-altisk.hu\/index.php?rest_route=\/wp\/v2\/users\/2"}],"replies":[{"embeddable":true,"href":"https:\/\/sztgotthard-altisk.hu\/index.php?rest_route=%2Fwp%2Fv2%2Fcomments&post=3345"}],"version-history":[{"count":6,"href":"https:\/\/sztgotthard-altisk.hu\/index.php?rest_route=\/wp\/v2\/posts\/3345\/revisions"}],"predecessor-version":[{"id":3369,"href":"https:\/\/sztgotthard-altisk.hu\/index.php?rest_route=\/wp\/v2\/posts\/3345\/revisions\/3369"}],"wp:attachment":[{"href":"https:\/\/sztgotthard-altisk.hu\/index.php?rest_route=%2Fwp%2Fv2%2Fmedia&parent=3345"}],"wp:term":[{"taxonomy":"category","embeddable":true,"href":"https:\/\/sztgotthard-altisk.hu\/index.php?rest_route=%2Fwp%2Fv2%2Fcategories&post=3345"},{"taxonomy":"post_tag","embeddable":true,"href":"https:\/\/sztgotthard-altisk.hu\/index.php?rest_route=%2Fwp%2Fv2%2Ftags&post=3345"}],"curies":[{"name":"wp","href":"https:\/\/api.w.org\/{rel}","templated":true}]}}