{"id":3228,"date":"2019-02-18T15:02:59","date_gmt":"2019-02-18T14:02:59","guid":{"rendered":"https:\/\/www.sztgotthard-altisk.hu\/?p=3228"},"modified":"2019-02-19T13:42:15","modified_gmt":"2019-02-19T12:42:15","slug":"3228","status":"publish","type":"post","link":"https:\/\/sztgotthard-altisk.hu\/?p=3228","title":{"rendered":""},"content":{"rendered":"<h2 style=\"text-align: center;\"><strong><span style=\"color: #008000;\">Terematl\u00e9tika bajnoks\u00e1g<\/span><br \/>\n<\/strong><\/h2>\n<p>&nbsp;<\/p>\n<p style=\"text-align: justify;\"><a class=\"media-body_excerpt\" href=\"https:\/\/www.sztgotthard-altisk.hu\/index.php\/2092\/\"><strong><span style=\"color: #000000;\">Febru\u00e1r 14-\u00e9n rendezt\u00e9k meg a hagyom\u00e1nyos t\u00e9rs\u00e9gi terematl\u00e9tika bajnoks\u00e1got, melynek iskol\u00e1nk sportcsarnoka adott helysz\u00ednt. A bajnoks\u00e1gon tanul\u00f3ink is sz\u00e9pen szerepeltek:<\/span><\/strong><\/a><\/p>\n<p>&nbsp;<\/p>\n<p><span style=\"color: #ff0000;\"><strong><u>30 m-es fut\u00e1s:<\/u><\/strong><\/span><\/p>\n<p>&nbsp;<\/p>\n<p><strong><u>I-II kcs. Fi\u00fa<\/u><\/strong><\/p>\n<p>&nbsp;<\/p>\n<p>2.N\u00e9meth B\u00e1lint<\/p>\n<p>Felk\u00e9sz\u00edt\u0151: Papn\u00e9 Rest\u00e1s Csilla<\/p>\n<p>&nbsp;<\/p>\n<p><a href=\"https:\/\/i0.wp.com\/www.sztgotthard-altisk.hu\/wp-content\/uploads\/2019\/02\/IMG_20190214_125358.jpg?ssl=1\"><img data-recalc-dims=\"1\" fetchpriority=\"high\" decoding=\"async\" class=\"alignnone size-medium wp-image-3230\" src=\"https:\/\/i0.wp.com\/www.sztgotthard-altisk.hu\/wp-content\/uploads\/2019\/02\/IMG_20190214_125358-300x225.jpg?resize=300%2C225&#038;ssl=1\" alt=\"\" width=\"300\" height=\"225\" srcset=\"https:\/\/i0.wp.com\/sztgotthard-altisk.hu\/wp-content\/uploads\/2019\/02\/IMG_20190214_125358.jpg?resize=300%2C225&amp;ssl=1 300w, https:\/\/i0.wp.com\/sztgotthard-altisk.hu\/wp-content\/uploads\/2019\/02\/IMG_20190214_125358.jpg?resize=768%2C576&amp;ssl=1 768w, https:\/\/i0.wp.com\/sztgotthard-altisk.hu\/wp-content\/uploads\/2019\/02\/IMG_20190214_125358.jpg?resize=1024%2C768&amp;ssl=1 1024w, https:\/\/i0.wp.com\/sztgotthard-altisk.hu\/wp-content\/uploads\/2019\/02\/IMG_20190214_125358.jpg?w=2280&amp;ssl=1 2280w, https:\/\/i0.wp.com\/sztgotthard-altisk.hu\/wp-content\/uploads\/2019\/02\/IMG_20190214_125358.jpg?w=3420&amp;ssl=1 3420w\" sizes=\"(max-width: 300px) 100vw, 300px\" \/><\/a><\/p>\n<p>&nbsp;<\/p>\n<p><strong><u>III. kcs. Le\u00e1ny<\/u><\/strong><\/p>\n<p>&nbsp;<\/p>\n<p>1.Mih\u00e1lyfi D\u00f3ra<\/p>\n<p>Felk\u00e9sz\u00edt\u0151: Hegyi J\u00f3zsef<\/p>\n<p>&nbsp;<\/p>\n<p>2.Dolgos B\u00edborka<\/p>\n<p>Felk\u00e9sz\u00edt\u0151: Papn\u00e9 Rest\u00e1s Csilla<\/p>\n<p>&nbsp;<\/p>\n<p>3.S\u00f6menek Ant\u00f3nia<\/p>\n<p>Felk\u00e9sz\u00edt\u0151: Kov\u00e1cs Tam\u00e1s<\/p>\n<p>&nbsp;<\/p>\n<p><a href=\"https:\/\/i0.wp.com\/www.sztgotthard-altisk.hu\/wp-content\/uploads\/2019\/02\/IMG_20190214_125444.jpg?ssl=1\"><img data-recalc-dims=\"1\" decoding=\"async\" class=\"alignnone size-medium wp-image-3231\" src=\"https:\/\/i0.wp.com\/www.sztgotthard-altisk.hu\/wp-content\/uploads\/2019\/02\/IMG_20190214_125444-300x225.jpg?resize=300%2C225&#038;ssl=1\" alt=\"\" width=\"300\" height=\"225\" srcset=\"https:\/\/i0.wp.com\/sztgotthard-altisk.hu\/wp-content\/uploads\/2019\/02\/IMG_20190214_125444.jpg?resize=300%2C225&amp;ssl=1 300w, https:\/\/i0.wp.com\/sztgotthard-altisk.hu\/wp-content\/uploads\/2019\/02\/IMG_20190214_125444.jpg?resize=768%2C576&amp;ssl=1 768w, https:\/\/i0.wp.com\/sztgotthard-altisk.hu\/wp-content\/uploads\/2019\/02\/IMG_20190214_125444.jpg?resize=1024%2C768&amp;ssl=1 1024w, https:\/\/i0.wp.com\/sztgotthard-altisk.hu\/wp-content\/uploads\/2019\/02\/IMG_20190214_125444.jpg?w=2280&amp;ssl=1 2280w, https:\/\/i0.wp.com\/sztgotthard-altisk.hu\/wp-content\/uploads\/2019\/02\/IMG_20190214_125444.jpg?w=3420&amp;ssl=1 3420w\" sizes=\"(max-width: 300px) 100vw, 300px\" \/><\/a><\/p>\n<p>&nbsp;<\/p>\n<p>&nbsp;<\/p>\n<p><strong><u>III. kcs. Fi\u00fa<\/u><\/strong><\/p>\n<p>&nbsp;<\/p>\n<p>2. Kollarits \u00c1d\u00e1m<\/p>\n<p>Felk\u00e9sz\u00edt\u0151: Papn\u00e9 Rest\u00e1s Csilla<\/p>\n<p>&nbsp;<\/p>\n<p>3. Horv\u00e1th \u00c1kos<\/p>\n<p>Felk\u00e9sz\u00edt\u0151: Kov\u00e1cs Tam\u00e1s<\/p>\n<p>&nbsp;<\/p>\n<p><a href=\"https:\/\/i0.wp.com\/www.sztgotthard-altisk.hu\/wp-content\/uploads\/2019\/02\/IMG_20190214_125527.jpg?ssl=1\"><img data-recalc-dims=\"1\" decoding=\"async\" class=\"alignnone size-medium wp-image-3232\" src=\"https:\/\/i0.wp.com\/www.sztgotthard-altisk.hu\/wp-content\/uploads\/2019\/02\/IMG_20190214_125527-300x225.jpg?resize=300%2C225&#038;ssl=1\" alt=\"\" width=\"300\" height=\"225\" srcset=\"https:\/\/i0.wp.com\/sztgotthard-altisk.hu\/wp-content\/uploads\/2019\/02\/IMG_20190214_125527.jpg?resize=300%2C225&amp;ssl=1 300w, https:\/\/i0.wp.com\/sztgotthard-altisk.hu\/wp-content\/uploads\/2019\/02\/IMG_20190214_125527.jpg?resize=768%2C576&amp;ssl=1 768w, https:\/\/i0.wp.com\/sztgotthard-altisk.hu\/wp-content\/uploads\/2019\/02\/IMG_20190214_125527.jpg?resize=1024%2C768&amp;ssl=1 1024w, https:\/\/i0.wp.com\/sztgotthard-altisk.hu\/wp-content\/uploads\/2019\/02\/IMG_20190214_125527.jpg?w=2280&amp;ssl=1 2280w, https:\/\/i0.wp.com\/sztgotthard-altisk.hu\/wp-content\/uploads\/2019\/02\/IMG_20190214_125527.jpg?w=3420&amp;ssl=1 3420w\" sizes=\"(max-width: 300px) 100vw, 300px\" \/><\/a><\/p>\n<p>&nbsp;<\/p>\n<p>&nbsp;<\/p>\n<p><strong><u>IV. kcs. Le\u00e1ny<\/u><\/strong><\/p>\n<p>&nbsp;<\/p>\n<p>3. Kropf Lilien<\/p>\n<p>Felk\u00e9sz\u00edt\u0151: Cs\u00e1sz\u00e1r-Bartakovics Csaba<\/p>\n<p>&nbsp;<\/p>\n<p><a href=\"https:\/\/i0.wp.com\/www.sztgotthard-altisk.hu\/wp-content\/uploads\/2019\/02\/IMG_20190214_125611.jpg?ssl=1\"><img data-recalc-dims=\"1\" loading=\"lazy\" decoding=\"async\" class=\"alignnone size-medium wp-image-3233\" src=\"https:\/\/i0.wp.com\/www.sztgotthard-altisk.hu\/wp-content\/uploads\/2019\/02\/IMG_20190214_125611-300x225.jpg?resize=300%2C225&#038;ssl=1\" alt=\"\" width=\"300\" height=\"225\" srcset=\"https:\/\/i0.wp.com\/sztgotthard-altisk.hu\/wp-content\/uploads\/2019\/02\/IMG_20190214_125611.jpg?resize=300%2C225&amp;ssl=1 300w, https:\/\/i0.wp.com\/sztgotthard-altisk.hu\/wp-content\/uploads\/2019\/02\/IMG_20190214_125611.jpg?resize=768%2C576&amp;ssl=1 768w, https:\/\/i0.wp.com\/sztgotthard-altisk.hu\/wp-content\/uploads\/2019\/02\/IMG_20190214_125611.jpg?resize=1024%2C768&amp;ssl=1 1024w, https:\/\/i0.wp.com\/sztgotthard-altisk.hu\/wp-content\/uploads\/2019\/02\/IMG_20190214_125611.jpg?w=2280&amp;ssl=1 2280w, https:\/\/i0.wp.com\/sztgotthard-altisk.hu\/wp-content\/uploads\/2019\/02\/IMG_20190214_125611.jpg?w=3420&amp;ssl=1 3420w\" sizes=\"(max-width: 300px) 100vw, 300px\" \/><\/a><\/p>\n<p>&nbsp;<\/p>\n<p><strong><u>IV. kcs. Fi\u00fa<\/u><\/strong><\/p>\n<p>&nbsp;<\/p>\n<p>2. Horv\u00e1th D\u00e1vid<\/p>\n<p>Felk\u00e9sz\u00edt\u0151:Papn\u00e9 Rest\u00e1s Csilla<\/p>\n<p>&nbsp;<\/p>\n<p><a href=\"https:\/\/i0.wp.com\/www.sztgotthard-altisk.hu\/wp-content\/uploads\/2019\/02\/IMG_20190214_125713.jpg?ssl=1\"><img data-recalc-dims=\"1\" loading=\"lazy\" decoding=\"async\" class=\"alignnone size-medium wp-image-3234\" src=\"https:\/\/i0.wp.com\/www.sztgotthard-altisk.hu\/wp-content\/uploads\/2019\/02\/IMG_20190214_125713-225x300.jpg?resize=225%2C300&#038;ssl=1\" alt=\"\" width=\"225\" height=\"300\" srcset=\"https:\/\/i0.wp.com\/sztgotthard-altisk.hu\/wp-content\/uploads\/2019\/02\/IMG_20190214_125713.jpg?resize=225%2C300&amp;ssl=1 225w, https:\/\/i0.wp.com\/sztgotthard-altisk.hu\/wp-content\/uploads\/2019\/02\/IMG_20190214_125713.jpg?resize=768%2C1024&amp;ssl=1 768w, https:\/\/i0.wp.com\/sztgotthard-altisk.hu\/wp-content\/uploads\/2019\/02\/IMG_20190214_125713.jpg?w=2280&amp;ssl=1 2280w\" sizes=\"(max-width: 225px) 100vw, 225px\" \/><\/a><\/p>\n<p>&nbsp;<\/p>\n<p><span style=\"color: #ff0000;\"><strong><u>Helyb\u0151l t\u00e1volugr\u00e1s<\/u><\/strong><\/span><\/p>\n<p>&nbsp;<\/p>\n<p><strong><u>I-II kcs. Fi\u00fa<\/u><\/strong><\/p>\n<p>&nbsp;<\/p>\n<p>1.N\u00e9meth B\u00e1lint<\/p>\n<p>Felk\u00e9sz\u00edt\u0151: Papn\u00e9 Rest\u00e1s Csilla<\/p>\n<p>&nbsp;<\/p>\n<p>2.Toplak \u00c1ron<\/p>\n<p>Felk\u00e9sz\u00edt\u0151: Papn\u00e9 Rest\u00e1s Csilla<\/p>\n<p>&nbsp;<\/p>\n<p><a href=\"https:\/\/i0.wp.com\/www.sztgotthard-altisk.hu\/wp-content\/uploads\/2019\/02\/IMG_20190214_130416.jpg?ssl=1\"><img data-recalc-dims=\"1\" loading=\"lazy\" decoding=\"async\" class=\"alignnone size-medium wp-image-3235\" src=\"https:\/\/i0.wp.com\/www.sztgotthard-altisk.hu\/wp-content\/uploads\/2019\/02\/IMG_20190214_130416-300x225.jpg?resize=300%2C225&#038;ssl=1\" alt=\"\" width=\"300\" height=\"225\" srcset=\"https:\/\/i0.wp.com\/sztgotthard-altisk.hu\/wp-content\/uploads\/2019\/02\/IMG_20190214_130416.jpg?resize=300%2C225&amp;ssl=1 300w, https:\/\/i0.wp.com\/sztgotthard-altisk.hu\/wp-content\/uploads\/2019\/02\/IMG_20190214_130416.jpg?resize=768%2C576&amp;ssl=1 768w, https:\/\/i0.wp.com\/sztgotthard-altisk.hu\/wp-content\/uploads\/2019\/02\/IMG_20190214_130416.jpg?resize=1024%2C768&amp;ssl=1 1024w, https:\/\/i0.wp.com\/sztgotthard-altisk.hu\/wp-content\/uploads\/2019\/02\/IMG_20190214_130416.jpg?w=2280&amp;ssl=1 2280w, https:\/\/i0.wp.com\/sztgotthard-altisk.hu\/wp-content\/uploads\/2019\/02\/IMG_20190214_130416.jpg?w=3420&amp;ssl=1 3420w\" sizes=\"(max-width: 300px) 100vw, 300px\" \/><\/a><\/p>\n<p>&nbsp;<\/p>\n<p>&nbsp;<\/p>\n<p><strong><u>III. kcs. Le\u00e1ny<\/u><\/strong><\/p>\n<p>&nbsp;<\/p>\n<p>3. L\u00e1ng Anna<\/p>\n<p>Felk\u00e9sz\u00edt\u0151: Kozma G\u00e1bor<\/p>\n<p>&nbsp;<\/p>\n<p><a href=\"https:\/\/i0.wp.com\/www.sztgotthard-altisk.hu\/wp-content\/uploads\/2019\/02\/IMG_20190214_130500.jpg?ssl=1\"><img data-recalc-dims=\"1\" loading=\"lazy\" decoding=\"async\" class=\"alignnone size-medium wp-image-3236\" src=\"https:\/\/i0.wp.com\/www.sztgotthard-altisk.hu\/wp-content\/uploads\/2019\/02\/IMG_20190214_130500-300x225.jpg?resize=300%2C225&#038;ssl=1\" alt=\"\" width=\"300\" height=\"225\" srcset=\"https:\/\/i0.wp.com\/sztgotthard-altisk.hu\/wp-content\/uploads\/2019\/02\/IMG_20190214_130500.jpg?resize=300%2C225&amp;ssl=1 300w, https:\/\/i0.wp.com\/sztgotthard-altisk.hu\/wp-content\/uploads\/2019\/02\/IMG_20190214_130500.jpg?resize=768%2C576&amp;ssl=1 768w, https:\/\/i0.wp.com\/sztgotthard-altisk.hu\/wp-content\/uploads\/2019\/02\/IMG_20190214_130500.jpg?resize=1024%2C768&amp;ssl=1 1024w, https:\/\/i0.wp.com\/sztgotthard-altisk.hu\/wp-content\/uploads\/2019\/02\/IMG_20190214_130500.jpg?w=2280&amp;ssl=1 2280w, https:\/\/i0.wp.com\/sztgotthard-altisk.hu\/wp-content\/uploads\/2019\/02\/IMG_20190214_130500.jpg?w=3420&amp;ssl=1 3420w\" sizes=\"(max-width: 300px) 100vw, 300px\" \/><\/a><\/p>\n<p>&nbsp;<\/p>\n<p><strong><u>III. kcs. Fi\u00fa<\/u><\/strong><\/p>\n<p>&nbsp;<\/p>\n<p>3. Oreovecz Marcell<\/p>\n<p>Felk\u00e9sz\u00edt\u0151: Papn\u00e9 Rest\u00e1s Csilla<\/p>\n<p>&nbsp;<\/p>\n<p><a href=\"https:\/\/i0.wp.com\/www.sztgotthard-altisk.hu\/wp-content\/uploads\/2019\/02\/IMG_20190214_130548.jpg?ssl=1\"><img data-recalc-dims=\"1\" loading=\"lazy\" decoding=\"async\" class=\"alignnone size-medium wp-image-3237\" src=\"https:\/\/i0.wp.com\/www.sztgotthard-altisk.hu\/wp-content\/uploads\/2019\/02\/IMG_20190214_130548-300x225.jpg?resize=300%2C225&#038;ssl=1\" alt=\"\" width=\"300\" height=\"225\" srcset=\"https:\/\/i0.wp.com\/sztgotthard-altisk.hu\/wp-content\/uploads\/2019\/02\/IMG_20190214_130548.jpg?resize=300%2C225&amp;ssl=1 300w, https:\/\/i0.wp.com\/sztgotthard-altisk.hu\/wp-content\/uploads\/2019\/02\/IMG_20190214_130548.jpg?resize=768%2C576&amp;ssl=1 768w, https:\/\/i0.wp.com\/sztgotthard-altisk.hu\/wp-content\/uploads\/2019\/02\/IMG_20190214_130548.jpg?resize=1024%2C768&amp;ssl=1 1024w, https:\/\/i0.wp.com\/sztgotthard-altisk.hu\/wp-content\/uploads\/2019\/02\/IMG_20190214_130548.jpg?w=2280&amp;ssl=1 2280w, https:\/\/i0.wp.com\/sztgotthard-altisk.hu\/wp-content\/uploads\/2019\/02\/IMG_20190214_130548.jpg?w=3420&amp;ssl=1 3420w\" sizes=\"(max-width: 300px) 100vw, 300px\" \/><\/a><\/p>\n<p>&nbsp;<\/p>\n<p>&nbsp;<\/p>\n<p><strong><u>IV. kcs. Fi\u00fa<\/u><\/strong><\/p>\n<p>&nbsp;<\/p>\n<p>3. B\u00f6jte Mikl\u00f3s<\/p>\n<p>Felk\u00e9sz\u00edt\u0151: Cs\u00e1sz\u00e1r-Bartakovics Csaba<\/p>\n<p>&nbsp;<\/p>\n<p><a href=\"https:\/\/i0.wp.com\/www.sztgotthard-altisk.hu\/wp-content\/uploads\/2019\/02\/IMG_20190214_130709.jpg?ssl=1\"><img data-recalc-dims=\"1\" loading=\"lazy\" decoding=\"async\" class=\"alignnone size-medium wp-image-3238\" src=\"https:\/\/i0.wp.com\/www.sztgotthard-altisk.hu\/wp-content\/uploads\/2019\/02\/IMG_20190214_130709-300x225.jpg?resize=300%2C225&#038;ssl=1\" alt=\"\" width=\"300\" height=\"225\" srcset=\"https:\/\/i0.wp.com\/sztgotthard-altisk.hu\/wp-content\/uploads\/2019\/02\/IMG_20190214_130709.jpg?resize=300%2C225&amp;ssl=1 300w, https:\/\/i0.wp.com\/sztgotthard-altisk.hu\/wp-content\/uploads\/2019\/02\/IMG_20190214_130709.jpg?resize=768%2C576&amp;ssl=1 768w, https:\/\/i0.wp.com\/sztgotthard-altisk.hu\/wp-content\/uploads\/2019\/02\/IMG_20190214_130709.jpg?resize=1024%2C768&amp;ssl=1 1024w, https:\/\/i0.wp.com\/sztgotthard-altisk.hu\/wp-content\/uploads\/2019\/02\/IMG_20190214_130709.jpg?w=2280&amp;ssl=1 2280w, https:\/\/i0.wp.com\/sztgotthard-altisk.hu\/wp-content\/uploads\/2019\/02\/IMG_20190214_130709.jpg?w=3420&amp;ssl=1 3420w\" sizes=\"(max-width: 300px) 100vw, 300px\" \/><\/a><\/p>\n<p>&nbsp;<\/p>\n<p>&nbsp;<\/p>\n<p><span style=\"color: #ff0000;\"><strong><u>T\u00f6m\u00f6tt labda haj\u00edt\u00e1s<\/u><\/strong><\/span><\/p>\n<p>&nbsp;<\/p>\n<p><strong><u>III. kcs. Le\u00e1ny<\/u><\/strong><\/p>\n<p>&nbsp;<\/p>\n<p>3. T\u00f6lgyes Alma<\/p>\n<p>Felk\u00e9sz\u00edt\u0151: Holczbauer Gyul\u00e1n\u00e9<\/p>\n<p>&nbsp;<\/p>\n<p><a href=\"https:\/\/i0.wp.com\/www.sztgotthard-altisk.hu\/wp-content\/uploads\/2019\/02\/IMG_20190214_125945.jpg?ssl=1\"><img data-recalc-dims=\"1\" loading=\"lazy\" decoding=\"async\" class=\"alignnone size-medium wp-image-3239\" src=\"https:\/\/i0.wp.com\/www.sztgotthard-altisk.hu\/wp-content\/uploads\/2019\/02\/IMG_20190214_125945-300x225.jpg?resize=300%2C225&#038;ssl=1\" alt=\"\" width=\"300\" height=\"225\" srcset=\"https:\/\/i0.wp.com\/sztgotthard-altisk.hu\/wp-content\/uploads\/2019\/02\/IMG_20190214_125945.jpg?resize=300%2C225&amp;ssl=1 300w, https:\/\/i0.wp.com\/sztgotthard-altisk.hu\/wp-content\/uploads\/2019\/02\/IMG_20190214_125945.jpg?resize=768%2C576&amp;ssl=1 768w, https:\/\/i0.wp.com\/sztgotthard-altisk.hu\/wp-content\/uploads\/2019\/02\/IMG_20190214_125945.jpg?resize=1024%2C768&amp;ssl=1 1024w, https:\/\/i0.wp.com\/sztgotthard-altisk.hu\/wp-content\/uploads\/2019\/02\/IMG_20190214_125945.jpg?w=2280&amp;ssl=1 2280w, https:\/\/i0.wp.com\/sztgotthard-altisk.hu\/wp-content\/uploads\/2019\/02\/IMG_20190214_125945.jpg?w=3420&amp;ssl=1 3420w\" sizes=\"(max-width: 300px) 100vw, 300px\" \/><\/a><\/p>\n<p>&nbsp;<\/p>\n<p><strong><u>III. kcs. Fi\u00fa<\/u><\/strong><\/p>\n<p>&nbsp;<\/p>\n<p>1.Kollarits \u00c1d\u00e1m<\/p>\n<p>Felk\u00e9sz\u00edt\u0151: Papn\u00e9 Rest\u00e1s Csilla<\/p>\n<p>&nbsp;<\/p>\n<p>2. F\u00e1lman Dominik<\/p>\n<p>Felk\u00e9sz\u00edt\u0151: Holczbauer Gyul\u00e1n\u00e9<\/p>\n<p>&nbsp;<\/p>\n<p>3. L\u00e1szl\u00f3 Rich\u00e1rd<\/p>\n<p>Felk\u00e9sz\u00edt\u0151: Holczbauer Gyul\u00e1n\u00e9<\/p>\n<p>&nbsp;<\/p>\n<p><a href=\"https:\/\/i0.wp.com\/www.sztgotthard-altisk.hu\/wp-content\/uploads\/2019\/02\/IMG_20190214_130046.jpg?ssl=1\"><img data-recalc-dims=\"1\" loading=\"lazy\" decoding=\"async\" class=\"alignnone size-medium wp-image-3240\" src=\"https:\/\/i0.wp.com\/www.sztgotthard-altisk.hu\/wp-content\/uploads\/2019\/02\/IMG_20190214_130046-300x225.jpg?resize=300%2C225&#038;ssl=1\" alt=\"\" width=\"300\" height=\"225\" srcset=\"https:\/\/i0.wp.com\/sztgotthard-altisk.hu\/wp-content\/uploads\/2019\/02\/IMG_20190214_130046.jpg?resize=300%2C225&amp;ssl=1 300w, https:\/\/i0.wp.com\/sztgotthard-altisk.hu\/wp-content\/uploads\/2019\/02\/IMG_20190214_130046.jpg?resize=768%2C576&amp;ssl=1 768w, https:\/\/i0.wp.com\/sztgotthard-altisk.hu\/wp-content\/uploads\/2019\/02\/IMG_20190214_130046.jpg?resize=1024%2C768&amp;ssl=1 1024w, https:\/\/i0.wp.com\/sztgotthard-altisk.hu\/wp-content\/uploads\/2019\/02\/IMG_20190214_130046.jpg?w=2280&amp;ssl=1 2280w, https:\/\/i0.wp.com\/sztgotthard-altisk.hu\/wp-content\/uploads\/2019\/02\/IMG_20190214_130046.jpg?w=3420&amp;ssl=1 3420w\" sizes=\"(max-width: 300px) 100vw, 300px\" \/><\/a><\/p>\n<p>&nbsp;<\/p>\n<p>&nbsp;<\/p>\n<p><strong><u>IV. kcs. Le\u00e1ny<\/u><\/strong><\/p>\n<p>&nbsp;<\/p>\n<p>1. Zs\u00e1mp\u00e1r Anna<\/p>\n<p>Felk\u00e9sz\u00edt\u0151: Cs\u00e1sz\u00e1r-Bartakovics Csaba<\/p>\n<p>&nbsp;<\/p>\n<p>2. Mikos Abig\u00e9l<\/p>\n<p>Felk\u00e9sz\u00edt\u0151: Hegyi J\u00f3zsef<\/p>\n<p>&nbsp;<\/p>\n<p>3. T\u00f3th Luca<\/p>\n<p>Felk\u00e9sz\u00edt\u0151: Cs\u00e1sz\u00e1r-Bartakovics Csaba<\/p>\n<p>&nbsp;<\/p>\n<p><a href=\"https:\/\/i0.wp.com\/www.sztgotthard-altisk.hu\/wp-content\/uploads\/2019\/02\/IMG_20190214_130144.jpg?ssl=1\"><img data-recalc-dims=\"1\" loading=\"lazy\" decoding=\"async\" class=\"alignnone size-medium wp-image-3241\" src=\"https:\/\/i0.wp.com\/www.sztgotthard-altisk.hu\/wp-content\/uploads\/2019\/02\/IMG_20190214_130144-300x225.jpg?resize=300%2C225&#038;ssl=1\" alt=\"\" width=\"300\" height=\"225\" srcset=\"https:\/\/i0.wp.com\/sztgotthard-altisk.hu\/wp-content\/uploads\/2019\/02\/IMG_20190214_130144.jpg?resize=300%2C225&amp;ssl=1 300w, https:\/\/i0.wp.com\/sztgotthard-altisk.hu\/wp-content\/uploads\/2019\/02\/IMG_20190214_130144.jpg?resize=768%2C576&amp;ssl=1 768w, https:\/\/i0.wp.com\/sztgotthard-altisk.hu\/wp-content\/uploads\/2019\/02\/IMG_20190214_130144.jpg?resize=1024%2C768&amp;ssl=1 1024w, https:\/\/i0.wp.com\/sztgotthard-altisk.hu\/wp-content\/uploads\/2019\/02\/IMG_20190214_130144.jpg?w=2280&amp;ssl=1 2280w, https:\/\/i0.wp.com\/sztgotthard-altisk.hu\/wp-content\/uploads\/2019\/02\/IMG_20190214_130144.jpg?w=3420&amp;ssl=1 3420w\" sizes=\"(max-width: 300px) 100vw, 300px\" \/><\/a><\/p>\n<p>&nbsp;<\/p>\n<p>&nbsp;<\/p>\n<p><strong><u>IV.kcs. Fi\u00fa<\/u><\/strong><\/p>\n<p>&nbsp;<\/p>\n<p>1. Horv\u00e1th D\u00e1vid<\/p>\n<p>Felk\u00e9sz\u00edt\u0151: Papn\u00e9 Rest\u00e1s Csilla<\/p>\n<p>&nbsp;<\/p>\n<p>3. Moldovan Aurel<\/p>\n<p>Felk\u00e9sz\u00edt\u0151: Cs\u00e1sz\u00e1r-Bartakovics Csaba<\/p>\n<p>&nbsp;<\/p>\n<p><a href=\"https:\/\/i0.wp.com\/www.sztgotthard-altisk.hu\/wp-content\/uploads\/2019\/02\/IMG_20190214_130236.jpg?ssl=1\"><img data-recalc-dims=\"1\" loading=\"lazy\" decoding=\"async\" class=\"alignnone size-medium wp-image-3242\" src=\"https:\/\/i0.wp.com\/www.sztgotthard-altisk.hu\/wp-content\/uploads\/2019\/02\/IMG_20190214_130236-300x225.jpg?resize=300%2C225&#038;ssl=1\" alt=\"\" width=\"300\" height=\"225\" srcset=\"https:\/\/i0.wp.com\/sztgotthard-altisk.hu\/wp-content\/uploads\/2019\/02\/IMG_20190214_130236.jpg?resize=300%2C225&amp;ssl=1 300w, https:\/\/i0.wp.com\/sztgotthard-altisk.hu\/wp-content\/uploads\/2019\/02\/IMG_20190214_130236.jpg?resize=768%2C576&amp;ssl=1 768w, https:\/\/i0.wp.com\/sztgotthard-altisk.hu\/wp-content\/uploads\/2019\/02\/IMG_20190214_130236.jpg?resize=1024%2C768&amp;ssl=1 1024w, https:\/\/i0.wp.com\/sztgotthard-altisk.hu\/wp-content\/uploads\/2019\/02\/IMG_20190214_130236.jpg?w=2280&amp;ssl=1 2280w, https:\/\/i0.wp.com\/sztgotthard-altisk.hu\/wp-content\/uploads\/2019\/02\/IMG_20190214_130236.jpg?w=3420&amp;ssl=1 3420w\" sizes=\"(max-width: 300px) 100vw, 300px\" \/><\/a><\/p>\n<p>&nbsp;<\/p>\n<p>&nbsp;<\/p>\n<p><span style=\"color: #ff0000;\"><strong><u>Magasugr\u00e1s<\/u><\/strong><\/span><\/p>\n<p>&nbsp;<\/p>\n<p><strong><u>III. kcs. Le\u00e1ny <\/u><\/strong><\/p>\n<p>&nbsp;<\/p>\n<p>1. Mih\u00e1lyfi D\u00f3ra<\/p>\n<p>Felk\u00e9sz\u00edt\u0151: Hegyi J\u00f3zsef<\/p>\n<p>&nbsp;<\/p>\n<p><a href=\"https:\/\/i0.wp.com\/www.sztgotthard-altisk.hu\/wp-content\/uploads\/2019\/02\/IMG_20190214_131356.jpg?ssl=1\"><img data-recalc-dims=\"1\" loading=\"lazy\" decoding=\"async\" class=\"alignnone size-medium wp-image-3243\" src=\"https:\/\/i0.wp.com\/www.sztgotthard-altisk.hu\/wp-content\/uploads\/2019\/02\/IMG_20190214_131356-300x225.jpg?resize=300%2C225&#038;ssl=1\" alt=\"\" width=\"300\" height=\"225\" srcset=\"https:\/\/i0.wp.com\/sztgotthard-altisk.hu\/wp-content\/uploads\/2019\/02\/IMG_20190214_131356.jpg?resize=300%2C225&amp;ssl=1 300w, https:\/\/i0.wp.com\/sztgotthard-altisk.hu\/wp-content\/uploads\/2019\/02\/IMG_20190214_131356.jpg?resize=768%2C576&amp;ssl=1 768w, https:\/\/i0.wp.com\/sztgotthard-altisk.hu\/wp-content\/uploads\/2019\/02\/IMG_20190214_131356.jpg?resize=1024%2C768&amp;ssl=1 1024w, https:\/\/i0.wp.com\/sztgotthard-altisk.hu\/wp-content\/uploads\/2019\/02\/IMG_20190214_131356.jpg?w=2280&amp;ssl=1 2280w, https:\/\/i0.wp.com\/sztgotthard-altisk.hu\/wp-content\/uploads\/2019\/02\/IMG_20190214_131356.jpg?w=3420&amp;ssl=1 3420w\" sizes=\"(max-width: 300px) 100vw, 300px\" \/><\/a><\/p>\n<p>&nbsp;<\/p>\n<p><strong><u>IV. kcs. Le\u00e1ny<\/u><\/strong><\/p>\n<p>&nbsp;<\/p>\n<p>3.S\u00e1rv\u00e1ri Aliz<\/p>\n<p>Felk\u00e9sz\u00edt\u0151: Kov\u00e1cs Tam\u00e1s<\/p>\n<p>&nbsp;<\/p>\n<p><a href=\"https:\/\/i0.wp.com\/www.sztgotthard-altisk.hu\/wp-content\/uploads\/2019\/02\/IMG_20190214_131455.jpg?ssl=1\"><img data-recalc-dims=\"1\" loading=\"lazy\" decoding=\"async\" class=\"alignnone size-medium wp-image-3244\" src=\"https:\/\/i0.wp.com\/www.sztgotthard-altisk.hu\/wp-content\/uploads\/2019\/02\/IMG_20190214_131455-300x225.jpg?resize=300%2C225&#038;ssl=1\" alt=\"\" width=\"300\" height=\"225\" srcset=\"https:\/\/i0.wp.com\/sztgotthard-altisk.hu\/wp-content\/uploads\/2019\/02\/IMG_20190214_131455.jpg?resize=300%2C225&amp;ssl=1 300w, https:\/\/i0.wp.com\/sztgotthard-altisk.hu\/wp-content\/uploads\/2019\/02\/IMG_20190214_131455.jpg?resize=768%2C576&amp;ssl=1 768w, https:\/\/i0.wp.com\/sztgotthard-altisk.hu\/wp-content\/uploads\/2019\/02\/IMG_20190214_131455.jpg?resize=1024%2C768&amp;ssl=1 1024w, https:\/\/i0.wp.com\/sztgotthard-altisk.hu\/wp-content\/uploads\/2019\/02\/IMG_20190214_131455.jpg?w=2280&amp;ssl=1 2280w, https:\/\/i0.wp.com\/sztgotthard-altisk.hu\/wp-content\/uploads\/2019\/02\/IMG_20190214_131455.jpg?w=3420&amp;ssl=1 3420w\" sizes=\"(max-width: 300px) 100vw, 300px\" \/><\/a><\/p>\n<p>&nbsp;<\/p>\n<p>&nbsp;<\/p>\n<p><strong><u>IV. kcs. Fi\u00fa<\/u><\/strong><\/p>\n<p>&nbsp;<\/p>\n<p>1. Holdosi Dominik<\/p>\n<p>Felk\u00e9sz\u00edt\u0151: Cs\u00e1sz\u00e1r-Bartakovics Csaba<\/p>\n<p>&nbsp;<\/p>\n<p>3. Kov\u00e1cs \u00c1kos<\/p>\n<p>Felk\u00e9sz\u00edt\u0151: Cs\u00e1sz\u00e1r-Bartakovics Csaba<\/p>\n<p>&nbsp;<\/p>\n<p><a href=\"https:\/\/i0.wp.com\/www.sztgotthard-altisk.hu\/wp-content\/uploads\/2019\/02\/IMG_20190214_131616.jpg?ssl=1\"><img data-recalc-dims=\"1\" loading=\"lazy\" decoding=\"async\" class=\"alignnone size-medium wp-image-3245\" src=\"https:\/\/i0.wp.com\/www.sztgotthard-altisk.hu\/wp-content\/uploads\/2019\/02\/IMG_20190214_131616-300x225.jpg?resize=300%2C225&#038;ssl=1\" alt=\"\" width=\"300\" height=\"225\" srcset=\"https:\/\/i0.wp.com\/sztgotthard-altisk.hu\/wp-content\/uploads\/2019\/02\/IMG_20190214_131616.jpg?resize=300%2C225&amp;ssl=1 300w, https:\/\/i0.wp.com\/sztgotthard-altisk.hu\/wp-content\/uploads\/2019\/02\/IMG_20190214_131616.jpg?resize=768%2C576&amp;ssl=1 768w, https:\/\/i0.wp.com\/sztgotthard-altisk.hu\/wp-content\/uploads\/2019\/02\/IMG_20190214_131616.jpg?resize=1024%2C768&amp;ssl=1 1024w, https:\/\/i0.wp.com\/sztgotthard-altisk.hu\/wp-content\/uploads\/2019\/02\/IMG_20190214_131616.jpg?w=2280&amp;ssl=1 2280w, https:\/\/i0.wp.com\/sztgotthard-altisk.hu\/wp-content\/uploads\/2019\/02\/IMG_20190214_131616.jpg?w=3420&amp;ssl=1 3420w\" sizes=\"(max-width: 300px) 100vw, 300px\" \/><\/a><\/p>\n<p>&nbsp;<\/p>\n<p>&nbsp;<\/p>\n<p><span style=\"color: #ff0000;\"><strong><u>T\u00f6bbk\u00f6r\u00f6s fut\u00e1s<\/u><\/strong><\/span><\/p>\n<p>&nbsp;<\/p>\n<p><strong><u>III. kcs. Le\u00e1ny<\/u><\/strong><\/p>\n<p>1.Sipos Gr\u00e9ta<\/p>\n<p>Felk\u00e9sz\u00edt\u0151: Kozma G\u00e1bor<\/p>\n<p>2. L\u00e1ng Anna<\/p>\n<p>Felk\u00e9sz\u00edt\u0151: Kozma G\u00e1bor<\/p>\n<p>&nbsp;<\/p>\n<p>3. Lakatos Tiffany<\/p>\n<p>Felk\u00e9sz\u00edt\u0151: Kozma G\u00e1bor<\/p>\n<p>&nbsp;<\/p>\n<p><a href=\"https:\/\/i0.wp.com\/www.sztgotthard-altisk.hu\/wp-content\/uploads\/2019\/02\/IMG_20190214_131003.jpg?ssl=1\"><img data-recalc-dims=\"1\" loading=\"lazy\" decoding=\"async\" class=\"alignnone size-medium wp-image-3246\" src=\"https:\/\/i0.wp.com\/www.sztgotthard-altisk.hu\/wp-content\/uploads\/2019\/02\/IMG_20190214_131003-300x225.jpg?resize=300%2C225&#038;ssl=1\" alt=\"\" width=\"300\" height=\"225\" srcset=\"https:\/\/i0.wp.com\/sztgotthard-altisk.hu\/wp-content\/uploads\/2019\/02\/IMG_20190214_131003.jpg?resize=300%2C225&amp;ssl=1 300w, https:\/\/i0.wp.com\/sztgotthard-altisk.hu\/wp-content\/uploads\/2019\/02\/IMG_20190214_131003.jpg?resize=768%2C576&amp;ssl=1 768w, https:\/\/i0.wp.com\/sztgotthard-altisk.hu\/wp-content\/uploads\/2019\/02\/IMG_20190214_131003.jpg?resize=1024%2C768&amp;ssl=1 1024w, https:\/\/i0.wp.com\/sztgotthard-altisk.hu\/wp-content\/uploads\/2019\/02\/IMG_20190214_131003.jpg?w=2280&amp;ssl=1 2280w, https:\/\/i0.wp.com\/sztgotthard-altisk.hu\/wp-content\/uploads\/2019\/02\/IMG_20190214_131003.jpg?w=3420&amp;ssl=1 3420w\" sizes=\"(max-width: 300px) 100vw, 300px\" \/><\/a><\/p>\n<p>&nbsp;<\/p>\n<p>&nbsp;<\/p>\n<p><strong><u>III. kcs. Fi\u00fa<\/u><\/strong><\/p>\n<p>&nbsp;<\/p>\n<p>1. L\u00e1szl\u00f3 Kriszti\u00e1n<\/p>\n<p>Felk\u00e9sz\u00edt\u0151: Holczbauer Gyul\u00e1n\u00e9<\/p>\n<p>&nbsp;<\/p>\n<p>2. Horv\u00e1th \u00c1kos<\/p>\n<p>Felk\u00e9sz\u00edt\u0151: Kov\u00e1cs Tam\u00e1s<\/p>\n<p>&nbsp;<\/p>\n<p>&nbsp;<\/p>\n<p>3. Tak\u00e1cs-F\u00f6ldes Oliv\u00e9r<\/p>\n<p>Felk\u00e9sz\u00edt\u0151: Kozma G\u00e1bor<\/p>\n<p>&nbsp;<\/p>\n<p><a href=\"https:\/\/i0.wp.com\/www.sztgotthard-altisk.hu\/wp-content\/uploads\/2019\/02\/IMG_20190214_131046.jpg?ssl=1\"><img data-recalc-dims=\"1\" loading=\"lazy\" decoding=\"async\" class=\"alignnone size-medium wp-image-3247\" src=\"https:\/\/i0.wp.com\/www.sztgotthard-altisk.hu\/wp-content\/uploads\/2019\/02\/IMG_20190214_131046-300x225.jpg?resize=300%2C225&#038;ssl=1\" alt=\"\" width=\"300\" height=\"225\" srcset=\"https:\/\/i0.wp.com\/sztgotthard-altisk.hu\/wp-content\/uploads\/2019\/02\/IMG_20190214_131046.jpg?resize=300%2C225&amp;ssl=1 300w, https:\/\/i0.wp.com\/sztgotthard-altisk.hu\/wp-content\/uploads\/2019\/02\/IMG_20190214_131046.jpg?resize=768%2C576&amp;ssl=1 768w, https:\/\/i0.wp.com\/sztgotthard-altisk.hu\/wp-content\/uploads\/2019\/02\/IMG_20190214_131046.jpg?resize=1024%2C768&amp;ssl=1 1024w, https:\/\/i0.wp.com\/sztgotthard-altisk.hu\/wp-content\/uploads\/2019\/02\/IMG_20190214_131046.jpg?w=2280&amp;ssl=1 2280w, https:\/\/i0.wp.com\/sztgotthard-altisk.hu\/wp-content\/uploads\/2019\/02\/IMG_20190214_131046.jpg?w=3420&amp;ssl=1 3420w\" sizes=\"(max-width: 300px) 100vw, 300px\" \/><\/a><\/p>\n<p>&nbsp;<\/p>\n<p>&nbsp;<\/p>\n<p><strong><u>IV. kcs. Le\u00e1ny<\/u><\/strong><\/p>\n<p>&nbsp;<\/p>\n<p>1.Kropf Lilien<\/p>\n<p>Felk\u00e9sz\u00edt\u0151: Cs\u00e1sz\u00e1r-Bartakovics Csaba<\/p>\n<p>&nbsp;<\/p>\n<p><a href=\"https:\/\/i0.wp.com\/www.sztgotthard-altisk.hu\/wp-content\/uploads\/2019\/02\/IMG_20190214_131143.jpg?ssl=1\"><img data-recalc-dims=\"1\" loading=\"lazy\" decoding=\"async\" class=\"alignnone size-medium wp-image-3248\" src=\"https:\/\/i0.wp.com\/www.sztgotthard-altisk.hu\/wp-content\/uploads\/2019\/02\/IMG_20190214_131143-300x225.jpg?resize=300%2C225&#038;ssl=1\" alt=\"\" width=\"300\" height=\"225\" srcset=\"https:\/\/i0.wp.com\/sztgotthard-altisk.hu\/wp-content\/uploads\/2019\/02\/IMG_20190214_131143.jpg?resize=300%2C225&amp;ssl=1 300w, https:\/\/i0.wp.com\/sztgotthard-altisk.hu\/wp-content\/uploads\/2019\/02\/IMG_20190214_131143.jpg?resize=768%2C576&amp;ssl=1 768w, https:\/\/i0.wp.com\/sztgotthard-altisk.hu\/wp-content\/uploads\/2019\/02\/IMG_20190214_131143.jpg?resize=1024%2C768&amp;ssl=1 1024w, https:\/\/i0.wp.com\/sztgotthard-altisk.hu\/wp-content\/uploads\/2019\/02\/IMG_20190214_131143.jpg?w=2280&amp;ssl=1 2280w, https:\/\/i0.wp.com\/sztgotthard-altisk.hu\/wp-content\/uploads\/2019\/02\/IMG_20190214_131143.jpg?w=3420&amp;ssl=1 3420w\" sizes=\"(max-width: 300px) 100vw, 300px\" \/><\/a><\/p>\n<p>&nbsp;<\/p>\n<p>Gratul\u00e1lunk valamennyi r\u00e9sztvev\u0151nek, a helyezetteknek \u00e9s a felk\u00e9sz\u00edt\u0151 tan\u00e1roknak.<\/p>\n<p>Tov\u00e1bbi fot\u00f3k a gal\u00e9ri\u00e1ban l\u00e1that\u00f3k!<\/p>\n<p>&nbsp;<\/p>\n<p>&nbsp;<\/p>\n<p>&nbsp;<\/p>\n","protected":false},"excerpt":{"rendered":"<p>Terematl\u00e9tika bajnoks\u00e1g &nbsp; Febru\u00e1r 14-\u00e9n rendezt\u00e9k meg a hagyom\u00e1nyos t\u00e9rs\u00e9gi terematl\u00e9tika bajnoks\u00e1got, melynek iskol\u00e1nk sportcsarnoka adott helysz\u00ednt. A bajnoks\u00e1gon tanul\u00f3ink is sz\u00e9pen szerepeltek: &nbsp; 30 m-es fut\u00e1s: &nbsp; I-II kcs. Fi\u00fa &nbsp; 2.N\u00e9meth B\u00e1lint Felk\u00e9sz\u00edt\u0151: Papn\u00e9 Rest\u00e1s Csilla &nbsp; &nbsp; III. kcs. Le\u00e1ny &nbsp; 1.Mih\u00e1lyfi D\u00f3ra Felk\u00e9sz\u00edt\u0151: Hegyi J\u00f3zsef &nbsp; 2.Dolgos B\u00edborka Felk\u00e9sz\u00edt\u0151: Papn\u00e9 Rest\u00e1s [&hellip;]<\/p>\n","protected":false},"author":2,"featured_media":0,"comment_status":"open","ping_status":"open","sticky":false,"template":"","format":"standard","meta":{"_exactmetrics_skip_tracking":false,"_exactmetrics_sitenote_active":false,"_exactmetrics_sitenote_note":"","_exactmetrics_sitenote_category":0,"_jetpack_memberships_contains_paid_content":false,"footnotes":""},"categories":[1,5],"tags":[202,142,253],"class_list":["post-3228","post","type-post","status-publish","format-standard","hentry","category-egyeb","category-hirek","tag-bajnoksag","tag-terematletika","tag-teruleti"],"yoast_head":"<!-- This site is optimized with the Yoast SEO plugin v26.7 - https:\/\/yoast.com\/wordpress\/plugins\/seo\/ -->\n<title>- Szent Gotth\u00e1rd \u00c1ltal\u00e1nos Iskola<\/title>\n<meta name=\"robots\" content=\"index, follow, max-snippet:-1, max-image-preview:large, max-video-preview:-1\" \/>\n<link rel=\"canonical\" href=\"https:\/\/sztgotthard-altisk.hu\/?p=3228\" \/>\n<meta property=\"og:locale\" content=\"hu_HU\" \/>\n<meta property=\"og:type\" content=\"article\" \/>\n<meta property=\"og:title\" content=\"- Szent Gotth\u00e1rd \u00c1ltal\u00e1nos Iskola\" \/>\n<meta property=\"og:description\" content=\"Terematl\u00e9tika bajnoks\u00e1g &nbsp; Febru\u00e1r 14-\u00e9n rendezt\u00e9k meg a hagyom\u00e1nyos t\u00e9rs\u00e9gi terematl\u00e9tika bajnoks\u00e1got, melynek iskol\u00e1nk sportcsarnoka adott helysz\u00ednt. A bajnoks\u00e1gon tanul\u00f3ink is sz\u00e9pen szerepeltek: &nbsp; 30 m-es fut\u00e1s: &nbsp; I-II kcs. Fi\u00fa &nbsp; 2.N\u00e9meth B\u00e1lint Felk\u00e9sz\u00edt\u0151: Papn\u00e9 Rest\u00e1s Csilla &nbsp; &nbsp; III. kcs. Le\u00e1ny &nbsp; 1.Mih\u00e1lyfi D\u00f3ra Felk\u00e9sz\u00edt\u0151: Hegyi J\u00f3zsef &nbsp; 2.Dolgos B\u00edborka Felk\u00e9sz\u00edt\u0151: Papn\u00e9 Rest\u00e1s [&hellip;]\" \/>\n<meta property=\"og:url\" content=\"https:\/\/sztgotthard-altisk.hu\/?p=3228\" \/>\n<meta property=\"og:site_name\" content=\"Szent Gotth\u00e1rd \u00c1ltal\u00e1nos Iskola\" \/>\n<meta property=\"article:published_time\" content=\"2019-02-18T14:02:59+00:00\" \/>\n<meta property=\"article:modified_time\" content=\"2019-02-19T12:42:15+00:00\" \/>\n<meta property=\"og:image\" content=\"https:\/\/www.sztgotthard-altisk.hu\/wp-content\/uploads\/2019\/02\/IMG_20190214_125358-300x225.jpg\" \/>\n<meta name=\"author\" content=\"Administrator\" \/>\n<meta name=\"twitter:card\" content=\"summary_large_image\" \/>\n<meta name=\"twitter:label1\" content=\"Szerz\u0151:\" \/>\n\t<meta name=\"twitter:data1\" content=\"Administrator\" \/>\n\t<meta name=\"twitter:label2\" content=\"Becs\u00fclt olvas\u00e1si id\u0151\" \/>\n\t<meta name=\"twitter:data2\" content=\"3 perc\" \/>\n<script type=\"application\/ld+json\" class=\"yoast-schema-graph\">{\"@context\":\"https:\/\/schema.org\",\"@graph\":[{\"@type\":\"Article\",\"@id\":\"https:\/\/sztgotthard-altisk.hu\/?p=3228#article\",\"isPartOf\":{\"@id\":\"https:\/\/sztgotthard-altisk.hu\/?p=3228\"},\"author\":{\"name\":\"Administrator\",\"@id\":\"https:\/\/sztgotthard-altisk.hu\/#\/schema\/person\/1cffb7c6f071c65c282763a1fb21afeb\"},\"headline\":\"Nincs c\u00edm\",\"datePublished\":\"2019-02-18T14:02:59+00:00\",\"dateModified\":\"2019-02-19T12:42:15+00:00\",\"mainEntityOfPage\":{\"@id\":\"https:\/\/sztgotthard-altisk.hu\/?p=3228\"},\"wordCount\":569,\"commentCount\":0,\"publisher\":{\"@id\":\"https:\/\/sztgotthard-altisk.hu\/#organization\"},\"image\":{\"@id\":\"https:\/\/sztgotthard-altisk.hu\/?p=3228#primaryimage\"},\"thumbnailUrl\":\"https:\/\/www.sztgotthard-altisk.hu\/wp-content\/uploads\/2019\/02\/IMG_20190214_125358-300x225.jpg\",\"keywords\":[\"bajnoksag\",\"terematletika\",\"ter\u00fcleti\"],\"articleSection\":{\"1\":\"H\u00edrek\"},\"inLanguage\":\"hu\"},{\"@type\":\"WebPage\",\"@id\":\"https:\/\/sztgotthard-altisk.hu\/?p=3228\",\"url\":\"https:\/\/sztgotthard-altisk.hu\/?p=3228\",\"name\":\"- Szent Gotth\u00e1rd \u00c1ltal\u00e1nos Iskola\",\"isPartOf\":{\"@id\":\"https:\/\/sztgotthard-altisk.hu\/#website\"},\"primaryImageOfPage\":{\"@id\":\"https:\/\/sztgotthard-altisk.hu\/?p=3228#primaryimage\"},\"image\":{\"@id\":\"https:\/\/sztgotthard-altisk.hu\/?p=3228#primaryimage\"},\"thumbnailUrl\":\"https:\/\/www.sztgotthard-altisk.hu\/wp-content\/uploads\/2019\/02\/IMG_20190214_125358-300x225.jpg\",\"datePublished\":\"2019-02-18T14:02:59+00:00\",\"dateModified\":\"2019-02-19T12:42:15+00:00\",\"inLanguage\":\"hu\",\"potentialAction\":[{\"@type\":\"ReadAction\",\"target\":[\"https:\/\/sztgotthard-altisk.hu\/?p=3228\"]}]},{\"@type\":\"ImageObject\",\"inLanguage\":\"hu\",\"@id\":\"https:\/\/sztgotthard-altisk.hu\/?p=3228#primaryimage\",\"url\":\"https:\/\/www.sztgotthard-altisk.hu\/wp-content\/uploads\/2019\/02\/IMG_20190214_125358-300x225.jpg\",\"contentUrl\":\"https:\/\/www.sztgotthard-altisk.hu\/wp-content\/uploads\/2019\/02\/IMG_20190214_125358-300x225.jpg\"},{\"@type\":\"WebSite\",\"@id\":\"https:\/\/sztgotthard-altisk.hu\/#website\",\"url\":\"https:\/\/sztgotthard-altisk.hu\/\",\"name\":\"Szent Gotth\u00e1rd \u00c1ltal\u00e1nos Iskola\",\"description\":\"Szent Gotth\u00e1rd \u00c1ltal\u00e1nos Iskola\",\"publisher\":{\"@id\":\"https:\/\/sztgotthard-altisk.hu\/#organization\"},\"potentialAction\":[{\"@type\":\"SearchAction\",\"target\":{\"@type\":\"EntryPoint\",\"urlTemplate\":\"https:\/\/sztgotthard-altisk.hu\/?s={search_term_string}\"},\"query-input\":{\"@type\":\"PropertyValueSpecification\",\"valueRequired\":true,\"valueName\":\"search_term_string\"}}],\"inLanguage\":\"hu\"},{\"@type\":\"Organization\",\"@id\":\"https:\/\/sztgotthard-altisk.hu\/#organization\",\"name\":\"Szent Gell\u00e9rt \u00c1ltal\u00e1nos Iskola\",\"url\":\"https:\/\/sztgotthard-altisk.hu\/\",\"logo\":{\"@type\":\"ImageObject\",\"inLanguage\":\"hu\",\"@id\":\"https:\/\/sztgotthard-altisk.hu\/#\/schema\/logo\/image\/\",\"url\":\"https:\/\/i0.wp.com\/www.sztgotthard-altisk.hu\/wp-content\/uploads\/2022\/01\/sztg_altisk_logo.png?fit=161%2C129&ssl=1\",\"contentUrl\":\"https:\/\/i0.wp.com\/www.sztgotthard-altisk.hu\/wp-content\/uploads\/2022\/01\/sztg_altisk_logo.png?fit=161%2C129&ssl=1\",\"width\":161,\"height\":129,\"caption\":\"Szent Gell\u00e9rt \u00c1ltal\u00e1nos Iskola\"},\"image\":{\"@id\":\"https:\/\/sztgotthard-altisk.hu\/#\/schema\/logo\/image\/\"}},{\"@type\":\"Person\",\"@id\":\"https:\/\/sztgotthard-altisk.hu\/#\/schema\/person\/1cffb7c6f071c65c282763a1fb21afeb\",\"name\":\"Administrator\",\"image\":{\"@type\":\"ImageObject\",\"inLanguage\":\"hu\",\"@id\":\"https:\/\/sztgotthard-altisk.hu\/#\/schema\/person\/image\/\",\"url\":\"https:\/\/secure.gravatar.com\/avatar\/1be83ffec85dcd4b06e404f51672a896729cc5093a05c89d191d0d1754436f7b?s=96&d=mm&r=g\",\"contentUrl\":\"https:\/\/secure.gravatar.com\/avatar\/1be83ffec85dcd4b06e404f51672a896729cc5093a05c89d191d0d1754436f7b?s=96&d=mm&r=g\",\"caption\":\"Administrator\"},\"url\":\"https:\/\/sztgotthard-altisk.hu\/?author=2\"}]}<\/script>\n<!-- \/ Yoast SEO plugin. -->","yoast_head_json":{"title":"- Szent Gotth\u00e1rd \u00c1ltal\u00e1nos Iskola","robots":{"index":"index","follow":"follow","max-snippet":"max-snippet:-1","max-image-preview":"max-image-preview:large","max-video-preview":"max-video-preview:-1"},"canonical":"https:\/\/sztgotthard-altisk.hu\/?p=3228","og_locale":"hu_HU","og_type":"article","og_title":"- Szent Gotth\u00e1rd \u00c1ltal\u00e1nos Iskola","og_description":"Terematl\u00e9tika bajnoks\u00e1g &nbsp; Febru\u00e1r 14-\u00e9n rendezt\u00e9k meg a hagyom\u00e1nyos t\u00e9rs\u00e9gi terematl\u00e9tika bajnoks\u00e1got, melynek iskol\u00e1nk sportcsarnoka adott helysz\u00ednt. A bajnoks\u00e1gon tanul\u00f3ink is sz\u00e9pen szerepeltek: &nbsp; 30 m-es fut\u00e1s: &nbsp; I-II kcs. Fi\u00fa &nbsp; 2.N\u00e9meth B\u00e1lint Felk\u00e9sz\u00edt\u0151: Papn\u00e9 Rest\u00e1s Csilla &nbsp; &nbsp; III. kcs. Le\u00e1ny &nbsp; 1.Mih\u00e1lyfi D\u00f3ra Felk\u00e9sz\u00edt\u0151: Hegyi J\u00f3zsef &nbsp; 2.Dolgos B\u00edborka Felk\u00e9sz\u00edt\u0151: Papn\u00e9 Rest\u00e1s [&hellip;]","og_url":"https:\/\/sztgotthard-altisk.hu\/?p=3228","og_site_name":"Szent Gotth\u00e1rd \u00c1ltal\u00e1nos Iskola","article_published_time":"2019-02-18T14:02:59+00:00","article_modified_time":"2019-02-19T12:42:15+00:00","og_image":[{"url":"https:\/\/www.sztgotthard-altisk.hu\/wp-content\/uploads\/2019\/02\/IMG_20190214_125358-300x225.jpg","type":"","width":"","height":""}],"author":"Administrator","twitter_card":"summary_large_image","twitter_misc":{"Szerz\u0151:":"Administrator","Becs\u00fclt olvas\u00e1si id\u0151":"3 perc"},"schema":{"@context":"https:\/\/schema.org","@graph":[{"@type":"Article","@id":"https:\/\/sztgotthard-altisk.hu\/?p=3228#article","isPartOf":{"@id":"https:\/\/sztgotthard-altisk.hu\/?p=3228"},"author":{"name":"Administrator","@id":"https:\/\/sztgotthard-altisk.hu\/#\/schema\/person\/1cffb7c6f071c65c282763a1fb21afeb"},"headline":"Nincs c\u00edm","datePublished":"2019-02-18T14:02:59+00:00","dateModified":"2019-02-19T12:42:15+00:00","mainEntityOfPage":{"@id":"https:\/\/sztgotthard-altisk.hu\/?p=3228"},"wordCount":569,"commentCount":0,"publisher":{"@id":"https:\/\/sztgotthard-altisk.hu\/#organization"},"image":{"@id":"https:\/\/sztgotthard-altisk.hu\/?p=3228#primaryimage"},"thumbnailUrl":"https:\/\/www.sztgotthard-altisk.hu\/wp-content\/uploads\/2019\/02\/IMG_20190214_125358-300x225.jpg","keywords":["bajnoksag","terematletika","ter\u00fcleti"],"articleSection":{"1":"H\u00edrek"},"inLanguage":"hu"},{"@type":"WebPage","@id":"https:\/\/sztgotthard-altisk.hu\/?p=3228","url":"https:\/\/sztgotthard-altisk.hu\/?p=3228","name":"- Szent Gotth\u00e1rd \u00c1ltal\u00e1nos Iskola","isPartOf":{"@id":"https:\/\/sztgotthard-altisk.hu\/#website"},"primaryImageOfPage":{"@id":"https:\/\/sztgotthard-altisk.hu\/?p=3228#primaryimage"},"image":{"@id":"https:\/\/sztgotthard-altisk.hu\/?p=3228#primaryimage"},"thumbnailUrl":"https:\/\/www.sztgotthard-altisk.hu\/wp-content\/uploads\/2019\/02\/IMG_20190214_125358-300x225.jpg","datePublished":"2019-02-18T14:02:59+00:00","dateModified":"2019-02-19T12:42:15+00:00","inLanguage":"hu","potentialAction":[{"@type":"ReadAction","target":["https:\/\/sztgotthard-altisk.hu\/?p=3228"]}]},{"@type":"ImageObject","inLanguage":"hu","@id":"https:\/\/sztgotthard-altisk.hu\/?p=3228#primaryimage","url":"https:\/\/www.sztgotthard-altisk.hu\/wp-content\/uploads\/2019\/02\/IMG_20190214_125358-300x225.jpg","contentUrl":"https:\/\/www.sztgotthard-altisk.hu\/wp-content\/uploads\/2019\/02\/IMG_20190214_125358-300x225.jpg"},{"@type":"WebSite","@id":"https:\/\/sztgotthard-altisk.hu\/#website","url":"https:\/\/sztgotthard-altisk.hu\/","name":"Szent Gotth\u00e1rd \u00c1ltal\u00e1nos Iskola","description":"Szent Gotth\u00e1rd \u00c1ltal\u00e1nos Iskola","publisher":{"@id":"https:\/\/sztgotthard-altisk.hu\/#organization"},"potentialAction":[{"@type":"SearchAction","target":{"@type":"EntryPoint","urlTemplate":"https:\/\/sztgotthard-altisk.hu\/?s={search_term_string}"},"query-input":{"@type":"PropertyValueSpecification","valueRequired":true,"valueName":"search_term_string"}}],"inLanguage":"hu"},{"@type":"Organization","@id":"https:\/\/sztgotthard-altisk.hu\/#organization","name":"Szent Gell\u00e9rt \u00c1ltal\u00e1nos Iskola","url":"https:\/\/sztgotthard-altisk.hu\/","logo":{"@type":"ImageObject","inLanguage":"hu","@id":"https:\/\/sztgotthard-altisk.hu\/#\/schema\/logo\/image\/","url":"https:\/\/i0.wp.com\/www.sztgotthard-altisk.hu\/wp-content\/uploads\/2022\/01\/sztg_altisk_logo.png?fit=161%2C129&ssl=1","contentUrl":"https:\/\/i0.wp.com\/www.sztgotthard-altisk.hu\/wp-content\/uploads\/2022\/01\/sztg_altisk_logo.png?fit=161%2C129&ssl=1","width":161,"height":129,"caption":"Szent Gell\u00e9rt \u00c1ltal\u00e1nos Iskola"},"image":{"@id":"https:\/\/sztgotthard-altisk.hu\/#\/schema\/logo\/image\/"}},{"@type":"Person","@id":"https:\/\/sztgotthard-altisk.hu\/#\/schema\/person\/1cffb7c6f071c65c282763a1fb21afeb","name":"Administrator","image":{"@type":"ImageObject","inLanguage":"hu","@id":"https:\/\/sztgotthard-altisk.hu\/#\/schema\/person\/image\/","url":"https:\/\/secure.gravatar.com\/avatar\/1be83ffec85dcd4b06e404f51672a896729cc5093a05c89d191d0d1754436f7b?s=96&d=mm&r=g","contentUrl":"https:\/\/secure.gravatar.com\/avatar\/1be83ffec85dcd4b06e404f51672a896729cc5093a05c89d191d0d1754436f7b?s=96&d=mm&r=g","caption":"Administrator"},"url":"https:\/\/sztgotthard-altisk.hu\/?author=2"}]}},"jetpack_featured_media_url":"","jetpack_shortlink":"https:\/\/wp.me\/s9tyQr-3228","jetpack_sharing_enabled":true,"_links":{"self":[{"href":"https:\/\/sztgotthard-altisk.hu\/index.php?rest_route=\/wp\/v2\/posts\/3228","targetHints":{"allow":["GET"]}}],"collection":[{"href":"https:\/\/sztgotthard-altisk.hu\/index.php?rest_route=\/wp\/v2\/posts"}],"about":[{"href":"https:\/\/sztgotthard-altisk.hu\/index.php?rest_route=\/wp\/v2\/types\/post"}],"author":[{"embeddable":true,"href":"https:\/\/sztgotthard-altisk.hu\/index.php?rest_route=\/wp\/v2\/users\/2"}],"replies":[{"embeddable":true,"href":"https:\/\/sztgotthard-altisk.hu\/index.php?rest_route=%2Fwp%2Fv2%2Fcomments&post=3228"}],"version-history":[{"count":8,"href":"https:\/\/sztgotthard-altisk.hu\/index.php?rest_route=\/wp\/v2\/posts\/3228\/revisions"}],"predecessor-version":[{"id":3263,"href":"https:\/\/sztgotthard-altisk.hu\/index.php?rest_route=\/wp\/v2\/posts\/3228\/revisions\/3263"}],"wp:attachment":[{"href":"https:\/\/sztgotthard-altisk.hu\/index.php?rest_route=%2Fwp%2Fv2%2Fmedia&parent=3228"}],"wp:term":[{"taxonomy":"category","embeddable":true,"href":"https:\/\/sztgotthard-altisk.hu\/index.php?rest_route=%2Fwp%2Fv2%2Fcategories&post=3228"},{"taxonomy":"post_tag","embeddable":true,"href":"https:\/\/sztgotthard-altisk.hu\/index.php?rest_route=%2Fwp%2Fv2%2Ftags&post=3228"}],"curies":[{"name":"wp","href":"https:\/\/api.w.org\/{rel}","templated":true}]}}