{"id":2835,"date":"2018-10-01T12:30:42","date_gmt":"2018-10-01T11:30:42","guid":{"rendered":"https:\/\/www.sztgotthard-altisk.hu\/?p=2835"},"modified":"2018-10-01T12:39:46","modified_gmt":"2018-10-01T11:39:46","slug":"2835","status":"publish","type":"post","link":"https:\/\/sztgotthard-altisk.hu\/?p=2835","title":{"rendered":""},"content":{"rendered":"<h3 style=\"text-align: center;\"><span style=\"color: #ab156c;\"><strong>SULINYITOGAT\u00d3<\/strong><\/span><\/h3>\n<p style=\"text-align: justify;\"><strong>Iskol\u00e1nk szeptember 28-\u00e1n &#8211; az elm\u00falt \u00e9vekhez hasonl\u00f3an &#8211; ism\u00e9t megtartotta hagyom\u00e1nyos Sulinyitogat\u00f3 rendezv\u00e9ny\u00e9t.<\/strong><\/p>\n<p style=\"text-align: justify;\">Ezen az esem\u00e9nyen az iskol\u00e1nkba \u00fajonnan \u00e9rkezett 5. \u00e9vfolyamos di\u00e1koknak kellett helyt\u00e1llniuk egy, az \u0151ket avat\u00f3 8. oszt\u00e1lyos di\u00e1kok \u00e1ltal \u00f6ssze\u00e1ll\u00edtott feladatsorban, amely k\u00fcl\u00f6nb\u00f6z\u0151 \u00fcgyess\u00e9gi, gyorsas\u00e1gi feladatokat tartalmazott.<\/p>\n<p>&nbsp;<\/p>\n<p><strong>Megnyit\u00f3, Csrenk\u00f3 Petra, D\u00d6k eln\u00f6k helyettes:<\/strong><\/p>\n<p>&nbsp;<\/p>\n<p><a href=\"https:\/\/i0.wp.com\/www.sztgotthard-altisk.hu\/wp-content\/uploads\/2018\/10\/IMG_6863.jpg?ssl=1\"><img data-recalc-dims=\"1\" fetchpriority=\"high\" decoding=\"async\" class=\"alignnone size-medium wp-image-2836\" src=\"https:\/\/i0.wp.com\/www.sztgotthard-altisk.hu\/wp-content\/uploads\/2018\/10\/IMG_6863-300x225.jpg?resize=300%2C225&#038;ssl=1\" alt=\"\" width=\"300\" height=\"225\" srcset=\"https:\/\/i0.wp.com\/sztgotthard-altisk.hu\/wp-content\/uploads\/2018\/10\/IMG_6863.jpg?resize=300%2C225&amp;ssl=1 300w, https:\/\/i0.wp.com\/sztgotthard-altisk.hu\/wp-content\/uploads\/2018\/10\/IMG_6863.jpg?resize=768%2C576&amp;ssl=1 768w, https:\/\/i0.wp.com\/sztgotthard-altisk.hu\/wp-content\/uploads\/2018\/10\/IMG_6863.jpg?resize=1024%2C768&amp;ssl=1 1024w, https:\/\/i0.wp.com\/sztgotthard-altisk.hu\/wp-content\/uploads\/2018\/10\/IMG_6863.jpg?w=2280&amp;ssl=1 2280w, https:\/\/i0.wp.com\/sztgotthard-altisk.hu\/wp-content\/uploads\/2018\/10\/IMG_6863.jpg?w=3420&amp;ssl=1 3420w\" sizes=\"(max-width: 300px) 100vw, 300px\" \/><\/a><\/p>\n<p>&nbsp;<\/p>\n<p><strong>Zs\u0171ri, balr\u00f3l jobbra: Katona Be\u00e1ta, Kov\u00e1cs J\u00e1nosn\u00e9, F\u00e1bi\u00e1n Zolt\u00e1n<\/strong><\/p>\n<p>&nbsp;<\/p>\n<p><a href=\"https:\/\/i0.wp.com\/www.sztgotthard-altisk.hu\/wp-content\/uploads\/2018\/10\/IMG_6864.jpg?ssl=1\"><img data-recalc-dims=\"1\" decoding=\"async\" class=\"alignnone size-medium wp-image-2837\" src=\"https:\/\/i0.wp.com\/www.sztgotthard-altisk.hu\/wp-content\/uploads\/2018\/10\/IMG_6864-300x225.jpg?resize=300%2C225&#038;ssl=1\" alt=\"\" width=\"300\" height=\"225\" srcset=\"https:\/\/i0.wp.com\/sztgotthard-altisk.hu\/wp-content\/uploads\/2018\/10\/IMG_6864.jpg?resize=300%2C225&amp;ssl=1 300w, https:\/\/i0.wp.com\/sztgotthard-altisk.hu\/wp-content\/uploads\/2018\/10\/IMG_6864.jpg?resize=768%2C576&amp;ssl=1 768w, https:\/\/i0.wp.com\/sztgotthard-altisk.hu\/wp-content\/uploads\/2018\/10\/IMG_6864.jpg?resize=1024%2C768&amp;ssl=1 1024w, https:\/\/i0.wp.com\/sztgotthard-altisk.hu\/wp-content\/uploads\/2018\/10\/IMG_6864.jpg?w=2280&amp;ssl=1 2280w, https:\/\/i0.wp.com\/sztgotthard-altisk.hu\/wp-content\/uploads\/2018\/10\/IMG_6864.jpg?w=3420&amp;ssl=1 3420w\" sizes=\"(max-width: 300px) 100vw, 300px\" \/><\/a><\/p>\n<p>&nbsp;<\/p>\n<p>&nbsp;<\/p>\n<p style=\"text-align: justify;\">Az 5. oszt\u00e1lyosok l\u00e1zas izgalommal k\u00e9sz\u00fcltek az avat\u00e1s napj\u00e1ra, hiszen el\u0151re kiadott feladatokat is meg kellett oldaniuk: ilyen volt a csapatindul\u00f3 \u00edr\u00e1sa, mely j\u00f3l szimboliz\u00e1lja oszt\u00e1lyk\u00f6z\u00f6ss\u00e9g\u00fcket, valamint egy olyan kabala\u00e1llat bemutat\u00e1sa, mely a vet\u00e9lked\u0151 folyam\u00e1n v\u00e9gig buzd\u00edtotta t\u00e1rsait. A feladatot mindh\u00e1rom oszt\u00e1ly kit\u0171n\u0151en oldotta meg.<\/p>\n<p>&nbsp;<\/p>\n<p><strong>5.a<\/strong><\/p>\n<p>&nbsp;<\/p>\n<p><a href=\"https:\/\/i0.wp.com\/www.sztgotthard-altisk.hu\/wp-content\/uploads\/2018\/10\/IMG_6869.jpg?ssl=1\"><img data-recalc-dims=\"1\" decoding=\"async\" class=\"alignnone size-medium wp-image-2842\" src=\"https:\/\/i0.wp.com\/www.sztgotthard-altisk.hu\/wp-content\/uploads\/2018\/10\/IMG_6869-300x225.jpg?resize=300%2C225&#038;ssl=1\" alt=\"\" width=\"300\" height=\"225\" srcset=\"https:\/\/i0.wp.com\/sztgotthard-altisk.hu\/wp-content\/uploads\/2018\/10\/IMG_6869.jpg?resize=300%2C225&amp;ssl=1 300w, https:\/\/i0.wp.com\/sztgotthard-altisk.hu\/wp-content\/uploads\/2018\/10\/IMG_6869.jpg?resize=768%2C576&amp;ssl=1 768w, https:\/\/i0.wp.com\/sztgotthard-altisk.hu\/wp-content\/uploads\/2018\/10\/IMG_6869.jpg?resize=1024%2C768&amp;ssl=1 1024w, https:\/\/i0.wp.com\/sztgotthard-altisk.hu\/wp-content\/uploads\/2018\/10\/IMG_6869.jpg?w=2280&amp;ssl=1 2280w, https:\/\/i0.wp.com\/sztgotthard-altisk.hu\/wp-content\/uploads\/2018\/10\/IMG_6869.jpg?w=3420&amp;ssl=1 3420w\" sizes=\"(max-width: 300px) 100vw, 300px\" \/><\/a><\/p>\n<p>&nbsp;<\/p>\n<p><strong>5.c<\/strong><\/p>\n<p>&nbsp;<\/p>\n<p><a href=\"https:\/\/i0.wp.com\/www.sztgotthard-altisk.hu\/wp-content\/uploads\/2018\/10\/IMG_6873.jpg?ssl=1\"><img data-recalc-dims=\"1\" loading=\"lazy\" decoding=\"async\" class=\"alignnone size-medium wp-image-2844\" src=\"https:\/\/i0.wp.com\/www.sztgotthard-altisk.hu\/wp-content\/uploads\/2018\/10\/IMG_6873-300x225.jpg?resize=300%2C225&#038;ssl=1\" alt=\"\" width=\"300\" height=\"225\" srcset=\"https:\/\/i0.wp.com\/sztgotthard-altisk.hu\/wp-content\/uploads\/2018\/10\/IMG_6873.jpg?resize=300%2C225&amp;ssl=1 300w, https:\/\/i0.wp.com\/sztgotthard-altisk.hu\/wp-content\/uploads\/2018\/10\/IMG_6873.jpg?resize=768%2C576&amp;ssl=1 768w, https:\/\/i0.wp.com\/sztgotthard-altisk.hu\/wp-content\/uploads\/2018\/10\/IMG_6873.jpg?resize=1024%2C768&amp;ssl=1 1024w, https:\/\/i0.wp.com\/sztgotthard-altisk.hu\/wp-content\/uploads\/2018\/10\/IMG_6873.jpg?w=2280&amp;ssl=1 2280w, https:\/\/i0.wp.com\/sztgotthard-altisk.hu\/wp-content\/uploads\/2018\/10\/IMG_6873.jpg?w=3420&amp;ssl=1 3420w\" sizes=\"(max-width: 300px) 100vw, 300px\" \/><\/a><\/p>\n<p>&nbsp;<\/p>\n<p>(Az 5. b csapatindul\u00f3j\u00e1r\u00f3l vide\u00f3felv\u00e9tel k\u00e9sz\u00fclt.)<\/p>\n<p>&nbsp;<\/p>\n<p>&#8222;<strong>Pap\u00edrm\u00famia&#8221;<\/strong><\/p>\n<p>&nbsp;<\/p>\n<p><a href=\"https:\/\/i0.wp.com\/www.sztgotthard-altisk.hu\/wp-content\/uploads\/2018\/10\/IMG_6887.jpg?ssl=1\"><img data-recalc-dims=\"1\" loading=\"lazy\" decoding=\"async\" class=\"alignnone size-medium wp-image-2856\" src=\"https:\/\/i0.wp.com\/www.sztgotthard-altisk.hu\/wp-content\/uploads\/2018\/10\/IMG_6887-225x300.jpg?resize=225%2C300&#038;ssl=1\" alt=\"\" width=\"225\" height=\"300\" srcset=\"https:\/\/i0.wp.com\/sztgotthard-altisk.hu\/wp-content\/uploads\/2018\/10\/IMG_6887.jpg?resize=225%2C300&amp;ssl=1 225w, https:\/\/i0.wp.com\/sztgotthard-altisk.hu\/wp-content\/uploads\/2018\/10\/IMG_6887.jpg?resize=768%2C1024&amp;ssl=1 768w, https:\/\/i0.wp.com\/sztgotthard-altisk.hu\/wp-content\/uploads\/2018\/10\/IMG_6887.jpg?w=2280&amp;ssl=1 2280w\" sizes=\"(max-width: 225px) 100vw, 225px\" \/><\/a><\/p>\n<p>&nbsp;<\/p>\n<p>&nbsp;<\/p>\n<p><strong>&#8222;Tejsz\u00ednhabb\u00f3l cukorka ev\u00e9se&#8221;<br \/>\n<\/strong><\/p>\n<p>&nbsp;<\/p>\n<p><a href=\"https:\/\/i0.wp.com\/www.sztgotthard-altisk.hu\/wp-content\/uploads\/2018\/10\/IMG_6891.jpg?ssl=1\"><img data-recalc-dims=\"1\" loading=\"lazy\" decoding=\"async\" class=\"alignnone size-medium wp-image-2860\" src=\"https:\/\/i0.wp.com\/www.sztgotthard-altisk.hu\/wp-content\/uploads\/2018\/10\/IMG_6891-225x300.jpg?resize=225%2C300&#038;ssl=1\" alt=\"\" width=\"225\" height=\"300\" srcset=\"https:\/\/i0.wp.com\/sztgotthard-altisk.hu\/wp-content\/uploads\/2018\/10\/IMG_6891.jpg?resize=225%2C300&amp;ssl=1 225w, https:\/\/i0.wp.com\/sztgotthard-altisk.hu\/wp-content\/uploads\/2018\/10\/IMG_6891.jpg?resize=768%2C1024&amp;ssl=1 768w, https:\/\/i0.wp.com\/sztgotthard-altisk.hu\/wp-content\/uploads\/2018\/10\/IMG_6891.jpg?w=2280&amp;ssl=1 2280w\" sizes=\"(max-width: 225px) 100vw, 225px\" \/><\/a><\/p>\n<p>&nbsp;<\/p>\n<p>&nbsp;<\/p>\n<p><strong>&#8222;F\u0171z\u00f6cske&#8221;<\/strong><\/p>\n<p>&nbsp;<\/p>\n<p><a href=\"https:\/\/i0.wp.com\/www.sztgotthard-altisk.hu\/wp-content\/uploads\/2018\/10\/IMG_6895.jpg?ssl=1\"><img data-recalc-dims=\"1\" loading=\"lazy\" decoding=\"async\" class=\"alignnone size-medium wp-image-2864\" src=\"https:\/\/i0.wp.com\/www.sztgotthard-altisk.hu\/wp-content\/uploads\/2018\/10\/IMG_6895-300x225.jpg?resize=300%2C225&#038;ssl=1\" alt=\"\" width=\"300\" height=\"225\" srcset=\"https:\/\/i0.wp.com\/sztgotthard-altisk.hu\/wp-content\/uploads\/2018\/10\/IMG_6895.jpg?resize=300%2C225&amp;ssl=1 300w, https:\/\/i0.wp.com\/sztgotthard-altisk.hu\/wp-content\/uploads\/2018\/10\/IMG_6895.jpg?resize=768%2C576&amp;ssl=1 768w, https:\/\/i0.wp.com\/sztgotthard-altisk.hu\/wp-content\/uploads\/2018\/10\/IMG_6895.jpg?resize=1024%2C768&amp;ssl=1 1024w, https:\/\/i0.wp.com\/sztgotthard-altisk.hu\/wp-content\/uploads\/2018\/10\/IMG_6895.jpg?w=2280&amp;ssl=1 2280w, https:\/\/i0.wp.com\/sztgotthard-altisk.hu\/wp-content\/uploads\/2018\/10\/IMG_6895.jpg?w=3420&amp;ssl=1 3420w\" sizes=\"(max-width: 300px) 100vw, 300px\" \/><\/a><\/p>\n<p>&nbsp;<\/p>\n<p><strong>&#8222;Limbo kir\u00e1ly&#8221;<\/strong><\/p>\n<p>&nbsp;<\/p>\n<p><a href=\"https:\/\/i0.wp.com\/www.sztgotthard-altisk.hu\/wp-content\/uploads\/2018\/10\/IMG_6897.jpg?ssl=1\"><img data-recalc-dims=\"1\" loading=\"lazy\" decoding=\"async\" class=\"alignnone size-medium wp-image-2865\" src=\"https:\/\/i0.wp.com\/www.sztgotthard-altisk.hu\/wp-content\/uploads\/2018\/10\/IMG_6897-300x225.jpg?resize=300%2C225&#038;ssl=1\" alt=\"\" width=\"300\" height=\"225\" srcset=\"https:\/\/i0.wp.com\/sztgotthard-altisk.hu\/wp-content\/uploads\/2018\/10\/IMG_6897.jpg?resize=300%2C225&amp;ssl=1 300w, https:\/\/i0.wp.com\/sztgotthard-altisk.hu\/wp-content\/uploads\/2018\/10\/IMG_6897.jpg?resize=768%2C576&amp;ssl=1 768w, https:\/\/i0.wp.com\/sztgotthard-altisk.hu\/wp-content\/uploads\/2018\/10\/IMG_6897.jpg?resize=1024%2C768&amp;ssl=1 1024w, https:\/\/i0.wp.com\/sztgotthard-altisk.hu\/wp-content\/uploads\/2018\/10\/IMG_6897.jpg?w=2280&amp;ssl=1 2280w, https:\/\/i0.wp.com\/sztgotthard-altisk.hu\/wp-content\/uploads\/2018\/10\/IMG_6897.jpg?w=3420&amp;ssl=1 3420w\" sizes=\"(max-width: 300px) 100vw, 300px\" \/><\/a><\/p>\n<p>&nbsp;<\/p>\n<p><strong>&#8222;Herny\u00f3&#8221;<\/strong><\/p>\n<p>&nbsp;<\/p>\n<p><a href=\"https:\/\/i0.wp.com\/www.sztgotthard-altisk.hu\/wp-content\/uploads\/2018\/10\/IMG_6915.jpg?ssl=1\"><img data-recalc-dims=\"1\" loading=\"lazy\" decoding=\"async\" class=\"alignnone size-medium wp-image-2879\" src=\"https:\/\/i0.wp.com\/www.sztgotthard-altisk.hu\/wp-content\/uploads\/2018\/10\/IMG_6915-300x225.jpg?resize=300%2C225&#038;ssl=1\" alt=\"\" width=\"300\" height=\"225\" srcset=\"https:\/\/i0.wp.com\/sztgotthard-altisk.hu\/wp-content\/uploads\/2018\/10\/IMG_6915.jpg?resize=300%2C225&amp;ssl=1 300w, https:\/\/i0.wp.com\/sztgotthard-altisk.hu\/wp-content\/uploads\/2018\/10\/IMG_6915.jpg?resize=768%2C576&amp;ssl=1 768w, https:\/\/i0.wp.com\/sztgotthard-altisk.hu\/wp-content\/uploads\/2018\/10\/IMG_6915.jpg?resize=1024%2C768&amp;ssl=1 1024w, https:\/\/i0.wp.com\/sztgotthard-altisk.hu\/wp-content\/uploads\/2018\/10\/IMG_6915.jpg?w=2280&amp;ssl=1 2280w, https:\/\/i0.wp.com\/sztgotthard-altisk.hu\/wp-content\/uploads\/2018\/10\/IMG_6915.jpg?w=3420&amp;ssl=1 3420w\" sizes=\"(max-width: 300px) 100vw, 300px\" \/><\/a><\/p>\n<p>&nbsp;<\/p>\n<p><strong>&#8222;Esk\u00fc&#8221;<\/strong><\/p>\n<p>&nbsp;<\/p>\n<p><a href=\"https:\/\/i0.wp.com\/www.sztgotthard-altisk.hu\/wp-content\/uploads\/2018\/10\/IMG_6920.jpg?ssl=1\"><img data-recalc-dims=\"1\" loading=\"lazy\" decoding=\"async\" class=\"alignnone size-medium wp-image-2884\" src=\"https:\/\/i0.wp.com\/www.sztgotthard-altisk.hu\/wp-content\/uploads\/2018\/10\/IMG_6920-300x225.jpg?resize=300%2C225&#038;ssl=1\" alt=\"\" width=\"300\" height=\"225\" srcset=\"https:\/\/i0.wp.com\/sztgotthard-altisk.hu\/wp-content\/uploads\/2018\/10\/IMG_6920.jpg?resize=300%2C225&amp;ssl=1 300w, https:\/\/i0.wp.com\/sztgotthard-altisk.hu\/wp-content\/uploads\/2018\/10\/IMG_6920.jpg?resize=768%2C576&amp;ssl=1 768w, https:\/\/i0.wp.com\/sztgotthard-altisk.hu\/wp-content\/uploads\/2018\/10\/IMG_6920.jpg?resize=1024%2C768&amp;ssl=1 1024w, https:\/\/i0.wp.com\/sztgotthard-altisk.hu\/wp-content\/uploads\/2018\/10\/IMG_6920.jpg?w=2280&amp;ssl=1 2280w, https:\/\/i0.wp.com\/sztgotthard-altisk.hu\/wp-content\/uploads\/2018\/10\/IMG_6920.jpg?w=3420&amp;ssl=1 3420w\" sizes=\"(max-width: 300px) 100vw, 300px\" \/><\/a><\/p>\n<p>&nbsp;<\/p>\n<p>Az \u201eiskola leg\u00fcgyesebb 5. oszt\u00e1lya\u201d c\u00edmet, v\u00e9g\u00fcl az 5. c oszt\u00e1ly nyerte meg (oszt\u00e1lyf\u0151n\u00f6k Doncseczn\u00e9 Verh\u00e1s Katalin), \u0151ket k\u00f6vette az 5. b oszt\u00e1ly (oszt\u00e1lyf\u0151n\u00f6k Hurtik J\u00e1nos), a k\u00e9pzeletbeli dobog\u00f3 3. fok\u00e1ra az 5. a-sok \u00e1llhattak fel (oszt\u00e1lyf\u0151n\u00f6k: Ferencz Kriszti\u00e1n).<\/p>\n<p>A d\u00edjakat iskol\u00e1nk Sz\u00fcl\u0151i Munkak\u00f6z\u00f6ss\u00e9ge felaj\u00e1nl\u00e1s\u00e1b\u00f3l v\u00e1s\u00e1roltuk meg.<\/p>\n<p>&nbsp;<\/p>\n<p>A hangulat ism\u00e9t fergeteges volt, szinte felrobbant az aula a szurkol\u00f3k hangj\u00e1t\u00f3l. Az 5-esek, az oszt\u00e1lyf\u0151n\u00f6k\u00f6k, a szervez\u0151k \u00e9s a n\u00e9z\u0151k is j\u00f3l \u00e9rezt\u00e9k magukat. A program z\u00e1r\u00e1sak\u00e9nt az 5-esek \u00a0esk\u00fct tettek, ez\u00e1ltal v\u00e1ltak az iskola teljes jog\u00fa tagjaiv\u00e1.<\/p>\n<p>A rendezv\u00e9ny discoval z\u00e1rult.<\/p>\n<p>&nbsp;<\/p>\n<p><strong>K\u00fcl\u00f6n k\u00f6sz\u00f6net a 8. oszt\u00e1lyos seg\u00edt\u0151knek, j\u00e1t\u00e9kvezet\u0151knek:<\/strong><\/p>\n<p>8.a: Nagy N\u00f3ra, Klujber Anett, Moldov\u00e1n Aur\u00e9l, S\u00e1rk\u00f6zi Andr\u00e1s<\/p>\n<p>8.b: Monek Hanna, Urbauer Laura, Majcz\u00e1n \u00c1d\u00e1m, Kov\u00e1cs \u00c1kos<\/p>\n<p>8.c: Orsz\u00e1czky R\u00e9ka, Csrenk\u00f3 Petra, Horv\u00e1th D\u00e1vid, P\u00f3czak Vivien<\/p>\n<p>A k\u00e9t Dj-nek, akik az esti discoban a zen\u00e9t szolg\u00e1ltatt\u00e1k:<\/p>\n<p>7.a: Kollarits \u00c1d\u00e1m, Nagy Benjamin<\/p>\n<p>valamint a 8.c-s fi\u00faknak a pakol\u00e1sban ny\u00fajtott seg\u00edts\u00e9g\u00fck\u00e9rt.<\/p>\n<p>&nbsp;<\/p>\n<p>Tov\u00e1bbi fot\u00f3k a gal\u00e9ri\u00e1ban.<\/p>\n","protected":false},"excerpt":{"rendered":"<p>SULINYITOGAT\u00d3 Iskol\u00e1nk szeptember 28-\u00e1n &#8211; az elm\u00falt \u00e9vekhez hasonl\u00f3an &#8211; ism\u00e9t megtartotta hagyom\u00e1nyos Sulinyitogat\u00f3 rendezv\u00e9ny\u00e9t. Ezen az esem\u00e9nyen az iskol\u00e1nkba \u00fajonnan \u00e9rkezett 5. \u00e9vfolyamos di\u00e1koknak kellett helyt\u00e1llniuk egy, az \u0151ket avat\u00f3 8. oszt\u00e1lyos di\u00e1kok \u00e1ltal \u00f6ssze\u00e1ll\u00edtott feladatsorban, amely k\u00fcl\u00f6nb\u00f6z\u0151 \u00fcgyess\u00e9gi, gyorsas\u00e1gi feladatokat tartalmazott. &nbsp; Megnyit\u00f3, Csrenk\u00f3 Petra, D\u00d6k eln\u00f6k helyettes: &nbsp; &nbsp; Zs\u0171ri, balr\u00f3l jobbra: [&hellip;]<\/p>\n","protected":false},"author":2,"featured_media":0,"comment_status":"open","ping_status":"open","sticky":false,"template":"","format":"standard","meta":{"_exactmetrics_skip_tracking":false,"_exactmetrics_sitenote_active":false,"_exactmetrics_sitenote_note":"","_exactmetrics_sitenote_category":0,"_jetpack_memberships_contains_paid_content":false,"footnotes":""},"categories":[5],"tags":[119],"class_list":["post-2835","post","type-post","status-publish","format-standard","hentry","category-hirek","tag-sulinyitogatoavatasvetelkedo"],"yoast_head":"<!-- This site is optimized with the Yoast SEO plugin v26.7 - https:\/\/yoast.com\/wordpress\/plugins\/seo\/ -->\n<title>- Szent Gotth\u00e1rd \u00c1ltal\u00e1nos Iskola<\/title>\n<meta name=\"robots\" content=\"index, follow, max-snippet:-1, max-image-preview:large, max-video-preview:-1\" \/>\n<link rel=\"canonical\" href=\"https:\/\/sztgotthard-altisk.hu\/?p=2835\" \/>\n<meta property=\"og:locale\" content=\"hu_HU\" \/>\n<meta property=\"og:type\" content=\"article\" \/>\n<meta property=\"og:title\" content=\"- Szent Gotth\u00e1rd \u00c1ltal\u00e1nos Iskola\" \/>\n<meta property=\"og:description\" content=\"SULINYITOGAT\u00d3 Iskol\u00e1nk szeptember 28-\u00e1n &#8211; az elm\u00falt \u00e9vekhez hasonl\u00f3an &#8211; ism\u00e9t megtartotta hagyom\u00e1nyos Sulinyitogat\u00f3 rendezv\u00e9ny\u00e9t. Ezen az esem\u00e9nyen az iskol\u00e1nkba \u00fajonnan \u00e9rkezett 5. \u00e9vfolyamos di\u00e1koknak kellett helyt\u00e1llniuk egy, az \u0151ket avat\u00f3 8. oszt\u00e1lyos di\u00e1kok \u00e1ltal \u00f6ssze\u00e1ll\u00edtott feladatsorban, amely k\u00fcl\u00f6nb\u00f6z\u0151 \u00fcgyess\u00e9gi, gyorsas\u00e1gi feladatokat tartalmazott. &nbsp; Megnyit\u00f3, Csrenk\u00f3 Petra, D\u00d6k eln\u00f6k helyettes: &nbsp; &nbsp; Zs\u0171ri, balr\u00f3l jobbra: [&hellip;]\" \/>\n<meta property=\"og:url\" content=\"https:\/\/sztgotthard-altisk.hu\/?p=2835\" \/>\n<meta property=\"og:site_name\" content=\"Szent Gotth\u00e1rd \u00c1ltal\u00e1nos Iskola\" \/>\n<meta property=\"article:published_time\" content=\"2018-10-01T11:30:42+00:00\" \/>\n<meta property=\"article:modified_time\" content=\"2018-10-01T11:39:46+00:00\" \/>\n<meta property=\"og:image\" content=\"https:\/\/www.sztgotthard-altisk.hu\/wp-content\/uploads\/2018\/10\/IMG_6863-300x225.jpg\" \/>\n<meta name=\"author\" content=\"Administrator\" \/>\n<meta name=\"twitter:card\" content=\"summary_large_image\" \/>\n<meta name=\"twitter:label1\" content=\"Szerz\u0151:\" \/>\n\t<meta name=\"twitter:data1\" content=\"Administrator\" \/>\n\t<meta name=\"twitter:label2\" content=\"Becs\u00fclt olvas\u00e1si id\u0151\" \/>\n\t<meta name=\"twitter:data2\" content=\"2 perc\" \/>\n<script type=\"application\/ld+json\" class=\"yoast-schema-graph\">{\"@context\":\"https:\/\/schema.org\",\"@graph\":[{\"@type\":\"Article\",\"@id\":\"https:\/\/sztgotthard-altisk.hu\/?p=2835#article\",\"isPartOf\":{\"@id\":\"https:\/\/sztgotthard-altisk.hu\/?p=2835\"},\"author\":{\"name\":\"Administrator\",\"@id\":\"https:\/\/sztgotthard-altisk.hu\/#\/schema\/person\/1cffb7c6f071c65c282763a1fb21afeb\"},\"headline\":\"Nincs c\u00edm\",\"datePublished\":\"2018-10-01T11:30:42+00:00\",\"dateModified\":\"2018-10-01T11:39:46+00:00\",\"mainEntityOfPage\":{\"@id\":\"https:\/\/sztgotthard-altisk.hu\/?p=2835\"},\"wordCount\":458,\"commentCount\":0,\"publisher\":{\"@id\":\"https:\/\/sztgotthard-altisk.hu\/#organization\"},\"image\":{\"@id\":\"https:\/\/sztgotthard-altisk.hu\/?p=2835#primaryimage\"},\"thumbnailUrl\":\"https:\/\/www.sztgotthard-altisk.hu\/wp-content\/uploads\/2018\/10\/IMG_6863-300x225.jpg\",\"keywords\":[\"sulinyitogatoavatasvetelkedo\"],\"articleSection\":[\"H\u00edrek\"],\"inLanguage\":\"hu\"},{\"@type\":\"WebPage\",\"@id\":\"https:\/\/sztgotthard-altisk.hu\/?p=2835\",\"url\":\"https:\/\/sztgotthard-altisk.hu\/?p=2835\",\"name\":\"- Szent Gotth\u00e1rd \u00c1ltal\u00e1nos Iskola\",\"isPartOf\":{\"@id\":\"https:\/\/sztgotthard-altisk.hu\/#website\"},\"primaryImageOfPage\":{\"@id\":\"https:\/\/sztgotthard-altisk.hu\/?p=2835#primaryimage\"},\"image\":{\"@id\":\"https:\/\/sztgotthard-altisk.hu\/?p=2835#primaryimage\"},\"thumbnailUrl\":\"https:\/\/www.sztgotthard-altisk.hu\/wp-content\/uploads\/2018\/10\/IMG_6863-300x225.jpg\",\"datePublished\":\"2018-10-01T11:30:42+00:00\",\"dateModified\":\"2018-10-01T11:39:46+00:00\",\"inLanguage\":\"hu\",\"potentialAction\":[{\"@type\":\"ReadAction\",\"target\":[\"https:\/\/sztgotthard-altisk.hu\/?p=2835\"]}]},{\"@type\":\"ImageObject\",\"inLanguage\":\"hu\",\"@id\":\"https:\/\/sztgotthard-altisk.hu\/?p=2835#primaryimage\",\"url\":\"https:\/\/www.sztgotthard-altisk.hu\/wp-content\/uploads\/2018\/10\/IMG_6863-300x225.jpg\",\"contentUrl\":\"https:\/\/www.sztgotthard-altisk.hu\/wp-content\/uploads\/2018\/10\/IMG_6863-300x225.jpg\"},{\"@type\":\"WebSite\",\"@id\":\"https:\/\/sztgotthard-altisk.hu\/#website\",\"url\":\"https:\/\/sztgotthard-altisk.hu\/\",\"name\":\"Szent Gotth\u00e1rd \u00c1ltal\u00e1nos Iskola\",\"description\":\"Szent Gotth\u00e1rd \u00c1ltal\u00e1nos Iskola\",\"publisher\":{\"@id\":\"https:\/\/sztgotthard-altisk.hu\/#organization\"},\"potentialAction\":[{\"@type\":\"SearchAction\",\"target\":{\"@type\":\"EntryPoint\",\"urlTemplate\":\"https:\/\/sztgotthard-altisk.hu\/?s={search_term_string}\"},\"query-input\":{\"@type\":\"PropertyValueSpecification\",\"valueRequired\":true,\"valueName\":\"search_term_string\"}}],\"inLanguage\":\"hu\"},{\"@type\":\"Organization\",\"@id\":\"https:\/\/sztgotthard-altisk.hu\/#organization\",\"name\":\"Szent Gell\u00e9rt \u00c1ltal\u00e1nos Iskola\",\"url\":\"https:\/\/sztgotthard-altisk.hu\/\",\"logo\":{\"@type\":\"ImageObject\",\"inLanguage\":\"hu\",\"@id\":\"https:\/\/sztgotthard-altisk.hu\/#\/schema\/logo\/image\/\",\"url\":\"https:\/\/i0.wp.com\/www.sztgotthard-altisk.hu\/wp-content\/uploads\/2022\/01\/sztg_altisk_logo.png?fit=161%2C129&ssl=1\",\"contentUrl\":\"https:\/\/i0.wp.com\/www.sztgotthard-altisk.hu\/wp-content\/uploads\/2022\/01\/sztg_altisk_logo.png?fit=161%2C129&ssl=1\",\"width\":161,\"height\":129,\"caption\":\"Szent Gell\u00e9rt \u00c1ltal\u00e1nos Iskola\"},\"image\":{\"@id\":\"https:\/\/sztgotthard-altisk.hu\/#\/schema\/logo\/image\/\"}},{\"@type\":\"Person\",\"@id\":\"https:\/\/sztgotthard-altisk.hu\/#\/schema\/person\/1cffb7c6f071c65c282763a1fb21afeb\",\"name\":\"Administrator\",\"image\":{\"@type\":\"ImageObject\",\"inLanguage\":\"hu\",\"@id\":\"https:\/\/sztgotthard-altisk.hu\/#\/schema\/person\/image\/\",\"url\":\"https:\/\/secure.gravatar.com\/avatar\/1be83ffec85dcd4b06e404f51672a896729cc5093a05c89d191d0d1754436f7b?s=96&d=mm&r=g\",\"contentUrl\":\"https:\/\/secure.gravatar.com\/avatar\/1be83ffec85dcd4b06e404f51672a896729cc5093a05c89d191d0d1754436f7b?s=96&d=mm&r=g\",\"caption\":\"Administrator\"},\"url\":\"https:\/\/sztgotthard-altisk.hu\/?author=2\"}]}<\/script>\n<!-- \/ Yoast SEO plugin. -->","yoast_head_json":{"title":"- Szent Gotth\u00e1rd \u00c1ltal\u00e1nos Iskola","robots":{"index":"index","follow":"follow","max-snippet":"max-snippet:-1","max-image-preview":"max-image-preview:large","max-video-preview":"max-video-preview:-1"},"canonical":"https:\/\/sztgotthard-altisk.hu\/?p=2835","og_locale":"hu_HU","og_type":"article","og_title":"- Szent Gotth\u00e1rd \u00c1ltal\u00e1nos Iskola","og_description":"SULINYITOGAT\u00d3 Iskol\u00e1nk szeptember 28-\u00e1n &#8211; az elm\u00falt \u00e9vekhez hasonl\u00f3an &#8211; ism\u00e9t megtartotta hagyom\u00e1nyos Sulinyitogat\u00f3 rendezv\u00e9ny\u00e9t. Ezen az esem\u00e9nyen az iskol\u00e1nkba \u00fajonnan \u00e9rkezett 5. \u00e9vfolyamos di\u00e1koknak kellett helyt\u00e1llniuk egy, az \u0151ket avat\u00f3 8. oszt\u00e1lyos di\u00e1kok \u00e1ltal \u00f6ssze\u00e1ll\u00edtott feladatsorban, amely k\u00fcl\u00f6nb\u00f6z\u0151 \u00fcgyess\u00e9gi, gyorsas\u00e1gi feladatokat tartalmazott. &nbsp; Megnyit\u00f3, Csrenk\u00f3 Petra, D\u00d6k eln\u00f6k helyettes: &nbsp; &nbsp; Zs\u0171ri, balr\u00f3l jobbra: [&hellip;]","og_url":"https:\/\/sztgotthard-altisk.hu\/?p=2835","og_site_name":"Szent Gotth\u00e1rd \u00c1ltal\u00e1nos Iskola","article_published_time":"2018-10-01T11:30:42+00:00","article_modified_time":"2018-10-01T11:39:46+00:00","og_image":[{"url":"https:\/\/www.sztgotthard-altisk.hu\/wp-content\/uploads\/2018\/10\/IMG_6863-300x225.jpg","type":"","width":"","height":""}],"author":"Administrator","twitter_card":"summary_large_image","twitter_misc":{"Szerz\u0151:":"Administrator","Becs\u00fclt olvas\u00e1si id\u0151":"2 perc"},"schema":{"@context":"https:\/\/schema.org","@graph":[{"@type":"Article","@id":"https:\/\/sztgotthard-altisk.hu\/?p=2835#article","isPartOf":{"@id":"https:\/\/sztgotthard-altisk.hu\/?p=2835"},"author":{"name":"Administrator","@id":"https:\/\/sztgotthard-altisk.hu\/#\/schema\/person\/1cffb7c6f071c65c282763a1fb21afeb"},"headline":"Nincs c\u00edm","datePublished":"2018-10-01T11:30:42+00:00","dateModified":"2018-10-01T11:39:46+00:00","mainEntityOfPage":{"@id":"https:\/\/sztgotthard-altisk.hu\/?p=2835"},"wordCount":458,"commentCount":0,"publisher":{"@id":"https:\/\/sztgotthard-altisk.hu\/#organization"},"image":{"@id":"https:\/\/sztgotthard-altisk.hu\/?p=2835#primaryimage"},"thumbnailUrl":"https:\/\/www.sztgotthard-altisk.hu\/wp-content\/uploads\/2018\/10\/IMG_6863-300x225.jpg","keywords":["sulinyitogatoavatasvetelkedo"],"articleSection":["H\u00edrek"],"inLanguage":"hu"},{"@type":"WebPage","@id":"https:\/\/sztgotthard-altisk.hu\/?p=2835","url":"https:\/\/sztgotthard-altisk.hu\/?p=2835","name":"- Szent Gotth\u00e1rd \u00c1ltal\u00e1nos Iskola","isPartOf":{"@id":"https:\/\/sztgotthard-altisk.hu\/#website"},"primaryImageOfPage":{"@id":"https:\/\/sztgotthard-altisk.hu\/?p=2835#primaryimage"},"image":{"@id":"https:\/\/sztgotthard-altisk.hu\/?p=2835#primaryimage"},"thumbnailUrl":"https:\/\/www.sztgotthard-altisk.hu\/wp-content\/uploads\/2018\/10\/IMG_6863-300x225.jpg","datePublished":"2018-10-01T11:30:42+00:00","dateModified":"2018-10-01T11:39:46+00:00","inLanguage":"hu","potentialAction":[{"@type":"ReadAction","target":["https:\/\/sztgotthard-altisk.hu\/?p=2835"]}]},{"@type":"ImageObject","inLanguage":"hu","@id":"https:\/\/sztgotthard-altisk.hu\/?p=2835#primaryimage","url":"https:\/\/www.sztgotthard-altisk.hu\/wp-content\/uploads\/2018\/10\/IMG_6863-300x225.jpg","contentUrl":"https:\/\/www.sztgotthard-altisk.hu\/wp-content\/uploads\/2018\/10\/IMG_6863-300x225.jpg"},{"@type":"WebSite","@id":"https:\/\/sztgotthard-altisk.hu\/#website","url":"https:\/\/sztgotthard-altisk.hu\/","name":"Szent Gotth\u00e1rd \u00c1ltal\u00e1nos Iskola","description":"Szent Gotth\u00e1rd \u00c1ltal\u00e1nos Iskola","publisher":{"@id":"https:\/\/sztgotthard-altisk.hu\/#organization"},"potentialAction":[{"@type":"SearchAction","target":{"@type":"EntryPoint","urlTemplate":"https:\/\/sztgotthard-altisk.hu\/?s={search_term_string}"},"query-input":{"@type":"PropertyValueSpecification","valueRequired":true,"valueName":"search_term_string"}}],"inLanguage":"hu"},{"@type":"Organization","@id":"https:\/\/sztgotthard-altisk.hu\/#organization","name":"Szent Gell\u00e9rt \u00c1ltal\u00e1nos Iskola","url":"https:\/\/sztgotthard-altisk.hu\/","logo":{"@type":"ImageObject","inLanguage":"hu","@id":"https:\/\/sztgotthard-altisk.hu\/#\/schema\/logo\/image\/","url":"https:\/\/i0.wp.com\/www.sztgotthard-altisk.hu\/wp-content\/uploads\/2022\/01\/sztg_altisk_logo.png?fit=161%2C129&ssl=1","contentUrl":"https:\/\/i0.wp.com\/www.sztgotthard-altisk.hu\/wp-content\/uploads\/2022\/01\/sztg_altisk_logo.png?fit=161%2C129&ssl=1","width":161,"height":129,"caption":"Szent Gell\u00e9rt \u00c1ltal\u00e1nos Iskola"},"image":{"@id":"https:\/\/sztgotthard-altisk.hu\/#\/schema\/logo\/image\/"}},{"@type":"Person","@id":"https:\/\/sztgotthard-altisk.hu\/#\/schema\/person\/1cffb7c6f071c65c282763a1fb21afeb","name":"Administrator","image":{"@type":"ImageObject","inLanguage":"hu","@id":"https:\/\/sztgotthard-altisk.hu\/#\/schema\/person\/image\/","url":"https:\/\/secure.gravatar.com\/avatar\/1be83ffec85dcd4b06e404f51672a896729cc5093a05c89d191d0d1754436f7b?s=96&d=mm&r=g","contentUrl":"https:\/\/secure.gravatar.com\/avatar\/1be83ffec85dcd4b06e404f51672a896729cc5093a05c89d191d0d1754436f7b?s=96&d=mm&r=g","caption":"Administrator"},"url":"https:\/\/sztgotthard-altisk.hu\/?author=2"}]}},"jetpack_featured_media_url":"","jetpack_shortlink":"https:\/\/wp.me\/s9tyQr-2835","jetpack_sharing_enabled":true,"_links":{"self":[{"href":"https:\/\/sztgotthard-altisk.hu\/index.php?rest_route=\/wp\/v2\/posts\/2835","targetHints":{"allow":["GET"]}}],"collection":[{"href":"https:\/\/sztgotthard-altisk.hu\/index.php?rest_route=\/wp\/v2\/posts"}],"about":[{"href":"https:\/\/sztgotthard-altisk.hu\/index.php?rest_route=\/wp\/v2\/types\/post"}],"author":[{"embeddable":true,"href":"https:\/\/sztgotthard-altisk.hu\/index.php?rest_route=\/wp\/v2\/users\/2"}],"replies":[{"embeddable":true,"href":"https:\/\/sztgotthard-altisk.hu\/index.php?rest_route=%2Fwp%2Fv2%2Fcomments&post=2835"}],"version-history":[{"count":9,"href":"https:\/\/sztgotthard-altisk.hu\/index.php?rest_route=\/wp\/v2\/posts\/2835\/revisions"}],"predecessor-version":[{"id":2915,"href":"https:\/\/sztgotthard-altisk.hu\/index.php?rest_route=\/wp\/v2\/posts\/2835\/revisions\/2915"}],"wp:attachment":[{"href":"https:\/\/sztgotthard-altisk.hu\/index.php?rest_route=%2Fwp%2Fv2%2Fmedia&parent=2835"}],"wp:term":[{"taxonomy":"category","embeddable":true,"href":"https:\/\/sztgotthard-altisk.hu\/index.php?rest_route=%2Fwp%2Fv2%2Fcategories&post=2835"},{"taxonomy":"post_tag","embeddable":true,"href":"https:\/\/sztgotthard-altisk.hu\/index.php?rest_route=%2Fwp%2Fv2%2Ftags&post=2835"}],"curies":[{"name":"wp","href":"https:\/\/api.w.org\/{rel}","templated":true}]}}