{"id":2616,"date":"2018-06-11T07:07:44","date_gmt":"2018-06-11T06:07:44","guid":{"rendered":"https:\/\/www.sztgotthard-altisk.hu\/?p=2616"},"modified":"2018-06-11T07:28:08","modified_gmt":"2018-06-11T06:28:08","slug":"pedagogusnap","status":"publish","type":"post","link":"https:\/\/sztgotthard-altisk.hu\/?p=2616","title":{"rendered":""},"content":{"rendered":"<h2 style=\"text-align: center;\"><span style=\"color: #00ccff;\">Pedag\u00f3gusnap<\/span><\/h2>\n<p style=\"text-align: center;\">Pedag\u00f3gusnap alkalm\u00e1b\u00f3l j\u00fanius 1-\u00e9n R\u00e1bah\u00eddv\u00e9gen, a Szombathelyi Tanker\u00fclet igazgat\u00f3j\u00e1t\u00f3l, Fodor Istv\u00e1n \u00fart\u00f3l <strong>elismer\u0151 oklevelet<\/strong> vehetett \u00e1t <strong>Kr\u00e1nyecz Ter\u00e9z<\/strong>,\u00a0 a 2017\/18-as tan\u00e9vben v\u00e9gzett kiemelked\u0151 munk\u00e1j\u00e1\u00e9rt.<\/p>\n<p style=\"text-align: center;\"><a href=\"https:\/\/i0.wp.com\/www.sztgotthard-altisk.hu\/wp-content\/uploads\/2018\/06\/Teri.jpg?ssl=1\"><img data-recalc-dims=\"1\" fetchpriority=\"high\" decoding=\"async\" class=\"alignnone size-medium wp-image-2621\" src=\"https:\/\/i0.wp.com\/www.sztgotthard-altisk.hu\/wp-content\/uploads\/2018\/06\/Teri-230x300.jpg?resize=230%2C300&#038;ssl=1\" alt=\"\" width=\"230\" height=\"300\" srcset=\"https:\/\/i0.wp.com\/sztgotthard-altisk.hu\/wp-content\/uploads\/2018\/06\/Teri.jpg?resize=230%2C300&amp;ssl=1 230w, https:\/\/i0.wp.com\/sztgotthard-altisk.hu\/wp-content\/uploads\/2018\/06\/Teri.jpg?w=500&amp;ssl=1 500w\" sizes=\"(max-width: 230px) 100vw, 230px\" \/><\/a><\/p>\n<p style=\"text-align: center;\">J\u00fanius 4-\u00e9n, a jeles nap alkalm\u00e1b\u00f3l v\u00e1rosunkban megrendezett \u00fcnneps\u00e9gen, <strong>L\u00e1szl\u00f3n\u00e9 Kir\u00e1ly T\u00fcnde<\/strong> a 2017\/2018-as tan\u00e9vben v\u00e9gzett szakmai munk\u00e1j\u00e1\u00e9rt az<strong> \u00c9v pedag\u00f3gusa d\u00edjat<\/strong> vehette \u00e1t.<\/p>\n<p style=\"text-align: center;\"><a href=\"https:\/\/i0.wp.com\/www.sztgotthard-altisk.hu\/wp-content\/uploads\/2018\/06\/20180604_192026.jpg?ssl=1\"><img data-recalc-dims=\"1\" decoding=\"async\" class=\"alignnone size-medium wp-image-2622\" src=\"https:\/\/i0.wp.com\/www.sztgotthard-altisk.hu\/wp-content\/uploads\/2018\/06\/20180604_192026-169x300.jpg?resize=169%2C300&#038;ssl=1\" alt=\"\" width=\"169\" height=\"300\" srcset=\"https:\/\/i0.wp.com\/sztgotthard-altisk.hu\/wp-content\/uploads\/2018\/06\/20180604_192026.jpg?resize=169%2C300&amp;ssl=1 169w, https:\/\/i0.wp.com\/sztgotthard-altisk.hu\/wp-content\/uploads\/2018\/06\/20180604_192026.jpg?resize=768%2C1365&amp;ssl=1 768w, https:\/\/i0.wp.com\/sztgotthard-altisk.hu\/wp-content\/uploads\/2018\/06\/20180604_192026.jpg?resize=576%2C1024&amp;ssl=1 576w, https:\/\/i0.wp.com\/sztgotthard-altisk.hu\/wp-content\/uploads\/2018\/06\/20180604_192026.jpg?w=2280&amp;ssl=1 2280w\" sizes=\"(max-width: 169px) 100vw, 169px\" \/><\/a><\/p>\n<p style=\"text-align: center;\">K\u00f6zel 4 \u00e9vtizedes lelkiismeretes, sikeres, kiemelked\u0151 szakmai munk\u00e1ja elismer\u00e9se jel\u00e9\u00fcl, <strong>Jandrasits J\u00f3zsefn\u00e9 Szentgotth\u00e1rd<\/strong> <strong>K\u00f6zoktat\u00e1s\u00e1\u00e9rt d\u00edj<\/strong>ban r\u00e9szes\u00fclt.<\/p>\n<p><a href=\"https:\/\/i0.wp.com\/www.sztgotthard-altisk.hu\/wp-content\/uploads\/2018\/06\/20180604_191914.jpg?ssl=1\"><img data-recalc-dims=\"1\" decoding=\"async\" class=\"alignnone size-medium wp-image-2623 aligncenter\" src=\"https:\/\/i0.wp.com\/www.sztgotthard-altisk.hu\/wp-content\/uploads\/2018\/06\/20180604_191914-169x300.jpg?resize=169%2C300&#038;ssl=1\" alt=\"\" width=\"169\" height=\"300\" srcset=\"https:\/\/i0.wp.com\/sztgotthard-altisk.hu\/wp-content\/uploads\/2018\/06\/20180604_191914.jpg?resize=169%2C300&amp;ssl=1 169w, https:\/\/i0.wp.com\/sztgotthard-altisk.hu\/wp-content\/uploads\/2018\/06\/20180604_191914.jpg?resize=768%2C1365&amp;ssl=1 768w, https:\/\/i0.wp.com\/sztgotthard-altisk.hu\/wp-content\/uploads\/2018\/06\/20180604_191914.jpg?resize=576%2C1024&amp;ssl=1 576w, https:\/\/i0.wp.com\/sztgotthard-altisk.hu\/wp-content\/uploads\/2018\/06\/20180604_191914.jpg?w=2280&amp;ssl=1 2280w\" sizes=\"(max-width: 169px) 100vw, 169px\" \/><\/a><\/p>\n<p>&nbsp;<\/p>\n<p>&nbsp;<\/p>\n<p><a href=\"https:\/\/i0.wp.com\/www.sztgotthard-altisk.hu\/wp-content\/uploads\/2018\/06\/20180604_192106.jpg?ssl=1\"><img data-recalc-dims=\"1\" loading=\"lazy\" decoding=\"async\" class=\"size-medium wp-image-2624 aligncenter\" src=\"https:\/\/i0.wp.com\/www.sztgotthard-altisk.hu\/wp-content\/uploads\/2018\/06\/20180604_192106-169x300.jpg?resize=169%2C300&#038;ssl=1\" alt=\"\" width=\"169\" height=\"300\" srcset=\"https:\/\/i0.wp.com\/sztgotthard-altisk.hu\/wp-content\/uploads\/2018\/06\/20180604_192106.jpg?resize=169%2C300&amp;ssl=1 169w, https:\/\/i0.wp.com\/sztgotthard-altisk.hu\/wp-content\/uploads\/2018\/06\/20180604_192106.jpg?resize=768%2C1365&amp;ssl=1 768w, https:\/\/i0.wp.com\/sztgotthard-altisk.hu\/wp-content\/uploads\/2018\/06\/20180604_192106.jpg?resize=576%2C1024&amp;ssl=1 576w, https:\/\/i0.wp.com\/sztgotthard-altisk.hu\/wp-content\/uploads\/2018\/06\/20180604_192106.jpg?w=2280&amp;ssl=1 2280w\" sizes=\"(max-width: 169px) 100vw, 169px\" \/><\/a><\/p>\n<p>&nbsp;<\/p>\n<p>&nbsp;<\/p>\n","protected":false},"excerpt":{"rendered":"<p>Pedag\u00f3gusnap Pedag\u00f3gusnap alkalm\u00e1b\u00f3l j\u00fanius 1-\u00e9n R\u00e1bah\u00eddv\u00e9gen, a Szombathelyi Tanker\u00fclet igazgat\u00f3j\u00e1t\u00f3l, Fodor Istv\u00e1n \u00fart\u00f3l elismer\u0151 oklevelet vehetett \u00e1t Kr\u00e1nyecz Ter\u00e9z,\u00a0 a 2017\/18-as tan\u00e9vben v\u00e9gzett kiemelked\u0151 munk\u00e1j\u00e1\u00e9rt. J\u00fanius 4-\u00e9n, a jeles nap alkalm\u00e1b\u00f3l v\u00e1rosunkban megrendezett \u00fcnneps\u00e9gen, L\u00e1szl\u00f3n\u00e9 Kir\u00e1ly T\u00fcnde a 2017\/2018-as tan\u00e9vben v\u00e9gzett szakmai munk\u00e1j\u00e1\u00e9rt az \u00c9v pedag\u00f3gusa d\u00edjat vehette \u00e1t. K\u00f6zel 4 \u00e9vtizedes lelkiismeretes, sikeres, kiemelked\u0151 [&hellip;]<\/p>\n","protected":false},"author":2,"featured_media":0,"comment_status":"open","ping_status":"open","sticky":false,"template":"","format":"standard","meta":{"_exactmetrics_skip_tracking":false,"_exactmetrics_sitenote_active":false,"_exactmetrics_sitenote_note":"","_exactmetrics_sitenote_category":0,"_jetpack_memberships_contains_paid_content":false,"footnotes":""},"categories":[5],"tags":[213,214],"class_list":["post-2616","post","type-post","status-publish","format-standard","hentry","category-hirek","tag-elismeresmpedagogusnap","tag-kituntetes"],"yoast_head":"<!-- This site is optimized with the Yoast SEO plugin v26.7 - https:\/\/yoast.com\/wordpress\/plugins\/seo\/ -->\n<title>- Szent Gotth\u00e1rd \u00c1ltal\u00e1nos Iskola<\/title>\n<meta name=\"robots\" content=\"index, follow, max-snippet:-1, max-image-preview:large, max-video-preview:-1\" \/>\n<link rel=\"canonical\" href=\"https:\/\/sztgotthard-altisk.hu\/?p=2616\" \/>\n<meta property=\"og:locale\" content=\"hu_HU\" \/>\n<meta property=\"og:type\" content=\"article\" \/>\n<meta property=\"og:title\" content=\"- Szent Gotth\u00e1rd \u00c1ltal\u00e1nos Iskola\" \/>\n<meta property=\"og:description\" content=\"Pedag\u00f3gusnap Pedag\u00f3gusnap alkalm\u00e1b\u00f3l j\u00fanius 1-\u00e9n R\u00e1bah\u00eddv\u00e9gen, a Szombathelyi Tanker\u00fclet igazgat\u00f3j\u00e1t\u00f3l, Fodor Istv\u00e1n \u00fart\u00f3l elismer\u0151 oklevelet vehetett \u00e1t Kr\u00e1nyecz Ter\u00e9z,\u00a0 a 2017\/18-as tan\u00e9vben v\u00e9gzett kiemelked\u0151 munk\u00e1j\u00e1\u00e9rt. J\u00fanius 4-\u00e9n, a jeles nap alkalm\u00e1b\u00f3l v\u00e1rosunkban megrendezett \u00fcnneps\u00e9gen, L\u00e1szl\u00f3n\u00e9 Kir\u00e1ly T\u00fcnde a 2017\/2018-as tan\u00e9vben v\u00e9gzett szakmai munk\u00e1j\u00e1\u00e9rt az \u00c9v pedag\u00f3gusa d\u00edjat vehette \u00e1t. K\u00f6zel 4 \u00e9vtizedes lelkiismeretes, sikeres, kiemelked\u0151 [&hellip;]\" \/>\n<meta property=\"og:url\" content=\"https:\/\/sztgotthard-altisk.hu\/?p=2616\" \/>\n<meta property=\"og:site_name\" content=\"Szent Gotth\u00e1rd \u00c1ltal\u00e1nos Iskola\" \/>\n<meta property=\"article:published_time\" content=\"2018-06-11T06:07:44+00:00\" \/>\n<meta property=\"article:modified_time\" content=\"2018-06-11T06:28:08+00:00\" \/>\n<meta property=\"og:image\" content=\"https:\/\/www.sztgotthard-altisk.hu\/wp-content\/uploads\/2018\/06\/Teri-230x300.jpg\" \/>\n<meta name=\"author\" content=\"Administrator\" \/>\n<meta name=\"twitter:card\" content=\"summary_large_image\" \/>\n<meta name=\"twitter:label1\" content=\"Szerz\u0151:\" \/>\n\t<meta name=\"twitter:data1\" content=\"Administrator\" \/>\n\t<meta name=\"twitter:label2\" content=\"Becs\u00fclt olvas\u00e1si id\u0151\" \/>\n\t<meta name=\"twitter:data2\" content=\"1 perc\" \/>\n<script type=\"application\/ld+json\" class=\"yoast-schema-graph\">{\"@context\":\"https:\/\/schema.org\",\"@graph\":[{\"@type\":\"Article\",\"@id\":\"https:\/\/sztgotthard-altisk.hu\/?p=2616#article\",\"isPartOf\":{\"@id\":\"https:\/\/sztgotthard-altisk.hu\/?p=2616\"},\"author\":{\"name\":\"Administrator\",\"@id\":\"https:\/\/sztgotthard-altisk.hu\/#\/schema\/person\/1cffb7c6f071c65c282763a1fb21afeb\"},\"headline\":\"Nincs c\u00edm\",\"datePublished\":\"2018-06-11T06:07:44+00:00\",\"dateModified\":\"2018-06-11T06:28:08+00:00\",\"mainEntityOfPage\":{\"@id\":\"https:\/\/sztgotthard-altisk.hu\/?p=2616\"},\"wordCount\":117,\"commentCount\":0,\"publisher\":{\"@id\":\"https:\/\/sztgotthard-altisk.hu\/#organization\"},\"image\":{\"@id\":\"https:\/\/sztgotthard-altisk.hu\/?p=2616#primaryimage\"},\"thumbnailUrl\":\"https:\/\/www.sztgotthard-altisk.hu\/wp-content\/uploads\/2018\/06\/Teri-230x300.jpg\",\"keywords\":[\"elismeresmpedagogusnap\",\"kituntetes\"],\"articleSection\":[\"H\u00edrek\"],\"inLanguage\":\"hu\"},{\"@type\":\"WebPage\",\"@id\":\"https:\/\/sztgotthard-altisk.hu\/?p=2616\",\"url\":\"https:\/\/sztgotthard-altisk.hu\/?p=2616\",\"name\":\"- Szent Gotth\u00e1rd \u00c1ltal\u00e1nos Iskola\",\"isPartOf\":{\"@id\":\"https:\/\/sztgotthard-altisk.hu\/#website\"},\"primaryImageOfPage\":{\"@id\":\"https:\/\/sztgotthard-altisk.hu\/?p=2616#primaryimage\"},\"image\":{\"@id\":\"https:\/\/sztgotthard-altisk.hu\/?p=2616#primaryimage\"},\"thumbnailUrl\":\"https:\/\/www.sztgotthard-altisk.hu\/wp-content\/uploads\/2018\/06\/Teri-230x300.jpg\",\"datePublished\":\"2018-06-11T06:07:44+00:00\",\"dateModified\":\"2018-06-11T06:28:08+00:00\",\"inLanguage\":\"hu\",\"potentialAction\":[{\"@type\":\"ReadAction\",\"target\":[\"https:\/\/sztgotthard-altisk.hu\/?p=2616\"]}]},{\"@type\":\"ImageObject\",\"inLanguage\":\"hu\",\"@id\":\"https:\/\/sztgotthard-altisk.hu\/?p=2616#primaryimage\",\"url\":\"https:\/\/www.sztgotthard-altisk.hu\/wp-content\/uploads\/2018\/06\/Teri-230x300.jpg\",\"contentUrl\":\"https:\/\/www.sztgotthard-altisk.hu\/wp-content\/uploads\/2018\/06\/Teri-230x300.jpg\"},{\"@type\":\"WebSite\",\"@id\":\"https:\/\/sztgotthard-altisk.hu\/#website\",\"url\":\"https:\/\/sztgotthard-altisk.hu\/\",\"name\":\"Szent Gotth\u00e1rd \u00c1ltal\u00e1nos Iskola\",\"description\":\"Szent Gotth\u00e1rd \u00c1ltal\u00e1nos Iskola\",\"publisher\":{\"@id\":\"https:\/\/sztgotthard-altisk.hu\/#organization\"},\"potentialAction\":[{\"@type\":\"SearchAction\",\"target\":{\"@type\":\"EntryPoint\",\"urlTemplate\":\"https:\/\/sztgotthard-altisk.hu\/?s={search_term_string}\"},\"query-input\":{\"@type\":\"PropertyValueSpecification\",\"valueRequired\":true,\"valueName\":\"search_term_string\"}}],\"inLanguage\":\"hu\"},{\"@type\":\"Organization\",\"@id\":\"https:\/\/sztgotthard-altisk.hu\/#organization\",\"name\":\"Szent Gell\u00e9rt \u00c1ltal\u00e1nos Iskola\",\"url\":\"https:\/\/sztgotthard-altisk.hu\/\",\"logo\":{\"@type\":\"ImageObject\",\"inLanguage\":\"hu\",\"@id\":\"https:\/\/sztgotthard-altisk.hu\/#\/schema\/logo\/image\/\",\"url\":\"https:\/\/i0.wp.com\/www.sztgotthard-altisk.hu\/wp-content\/uploads\/2022\/01\/sztg_altisk_logo.png?fit=161%2C129&ssl=1\",\"contentUrl\":\"https:\/\/i0.wp.com\/www.sztgotthard-altisk.hu\/wp-content\/uploads\/2022\/01\/sztg_altisk_logo.png?fit=161%2C129&ssl=1\",\"width\":161,\"height\":129,\"caption\":\"Szent Gell\u00e9rt \u00c1ltal\u00e1nos Iskola\"},\"image\":{\"@id\":\"https:\/\/sztgotthard-altisk.hu\/#\/schema\/logo\/image\/\"}},{\"@type\":\"Person\",\"@id\":\"https:\/\/sztgotthard-altisk.hu\/#\/schema\/person\/1cffb7c6f071c65c282763a1fb21afeb\",\"name\":\"Administrator\",\"image\":{\"@type\":\"ImageObject\",\"inLanguage\":\"hu\",\"@id\":\"https:\/\/sztgotthard-altisk.hu\/#\/schema\/person\/image\/\",\"url\":\"https:\/\/secure.gravatar.com\/avatar\/1be83ffec85dcd4b06e404f51672a896729cc5093a05c89d191d0d1754436f7b?s=96&d=mm&r=g\",\"contentUrl\":\"https:\/\/secure.gravatar.com\/avatar\/1be83ffec85dcd4b06e404f51672a896729cc5093a05c89d191d0d1754436f7b?s=96&d=mm&r=g\",\"caption\":\"Administrator\"},\"url\":\"https:\/\/sztgotthard-altisk.hu\/?author=2\"}]}<\/script>\n<!-- \/ Yoast SEO plugin. -->","yoast_head_json":{"title":"- Szent Gotth\u00e1rd \u00c1ltal\u00e1nos Iskola","robots":{"index":"index","follow":"follow","max-snippet":"max-snippet:-1","max-image-preview":"max-image-preview:large","max-video-preview":"max-video-preview:-1"},"canonical":"https:\/\/sztgotthard-altisk.hu\/?p=2616","og_locale":"hu_HU","og_type":"article","og_title":"- Szent Gotth\u00e1rd \u00c1ltal\u00e1nos Iskola","og_description":"Pedag\u00f3gusnap Pedag\u00f3gusnap alkalm\u00e1b\u00f3l j\u00fanius 1-\u00e9n R\u00e1bah\u00eddv\u00e9gen, a Szombathelyi Tanker\u00fclet igazgat\u00f3j\u00e1t\u00f3l, Fodor Istv\u00e1n \u00fart\u00f3l elismer\u0151 oklevelet vehetett \u00e1t Kr\u00e1nyecz Ter\u00e9z,\u00a0 a 2017\/18-as tan\u00e9vben v\u00e9gzett kiemelked\u0151 munk\u00e1j\u00e1\u00e9rt. J\u00fanius 4-\u00e9n, a jeles nap alkalm\u00e1b\u00f3l v\u00e1rosunkban megrendezett \u00fcnneps\u00e9gen, L\u00e1szl\u00f3n\u00e9 Kir\u00e1ly T\u00fcnde a 2017\/2018-as tan\u00e9vben v\u00e9gzett szakmai munk\u00e1j\u00e1\u00e9rt az \u00c9v pedag\u00f3gusa d\u00edjat vehette \u00e1t. K\u00f6zel 4 \u00e9vtizedes lelkiismeretes, sikeres, kiemelked\u0151 [&hellip;]","og_url":"https:\/\/sztgotthard-altisk.hu\/?p=2616","og_site_name":"Szent Gotth\u00e1rd \u00c1ltal\u00e1nos Iskola","article_published_time":"2018-06-11T06:07:44+00:00","article_modified_time":"2018-06-11T06:28:08+00:00","og_image":[{"url":"https:\/\/www.sztgotthard-altisk.hu\/wp-content\/uploads\/2018\/06\/Teri-230x300.jpg","type":"","width":"","height":""}],"author":"Administrator","twitter_card":"summary_large_image","twitter_misc":{"Szerz\u0151:":"Administrator","Becs\u00fclt olvas\u00e1si id\u0151":"1 perc"},"schema":{"@context":"https:\/\/schema.org","@graph":[{"@type":"Article","@id":"https:\/\/sztgotthard-altisk.hu\/?p=2616#article","isPartOf":{"@id":"https:\/\/sztgotthard-altisk.hu\/?p=2616"},"author":{"name":"Administrator","@id":"https:\/\/sztgotthard-altisk.hu\/#\/schema\/person\/1cffb7c6f071c65c282763a1fb21afeb"},"headline":"Nincs c\u00edm","datePublished":"2018-06-11T06:07:44+00:00","dateModified":"2018-06-11T06:28:08+00:00","mainEntityOfPage":{"@id":"https:\/\/sztgotthard-altisk.hu\/?p=2616"},"wordCount":117,"commentCount":0,"publisher":{"@id":"https:\/\/sztgotthard-altisk.hu\/#organization"},"image":{"@id":"https:\/\/sztgotthard-altisk.hu\/?p=2616#primaryimage"},"thumbnailUrl":"https:\/\/www.sztgotthard-altisk.hu\/wp-content\/uploads\/2018\/06\/Teri-230x300.jpg","keywords":["elismeresmpedagogusnap","kituntetes"],"articleSection":["H\u00edrek"],"inLanguage":"hu"},{"@type":"WebPage","@id":"https:\/\/sztgotthard-altisk.hu\/?p=2616","url":"https:\/\/sztgotthard-altisk.hu\/?p=2616","name":"- Szent Gotth\u00e1rd \u00c1ltal\u00e1nos Iskola","isPartOf":{"@id":"https:\/\/sztgotthard-altisk.hu\/#website"},"primaryImageOfPage":{"@id":"https:\/\/sztgotthard-altisk.hu\/?p=2616#primaryimage"},"image":{"@id":"https:\/\/sztgotthard-altisk.hu\/?p=2616#primaryimage"},"thumbnailUrl":"https:\/\/www.sztgotthard-altisk.hu\/wp-content\/uploads\/2018\/06\/Teri-230x300.jpg","datePublished":"2018-06-11T06:07:44+00:00","dateModified":"2018-06-11T06:28:08+00:00","inLanguage":"hu","potentialAction":[{"@type":"ReadAction","target":["https:\/\/sztgotthard-altisk.hu\/?p=2616"]}]},{"@type":"ImageObject","inLanguage":"hu","@id":"https:\/\/sztgotthard-altisk.hu\/?p=2616#primaryimage","url":"https:\/\/www.sztgotthard-altisk.hu\/wp-content\/uploads\/2018\/06\/Teri-230x300.jpg","contentUrl":"https:\/\/www.sztgotthard-altisk.hu\/wp-content\/uploads\/2018\/06\/Teri-230x300.jpg"},{"@type":"WebSite","@id":"https:\/\/sztgotthard-altisk.hu\/#website","url":"https:\/\/sztgotthard-altisk.hu\/","name":"Szent Gotth\u00e1rd \u00c1ltal\u00e1nos Iskola","description":"Szent Gotth\u00e1rd \u00c1ltal\u00e1nos Iskola","publisher":{"@id":"https:\/\/sztgotthard-altisk.hu\/#organization"},"potentialAction":[{"@type":"SearchAction","target":{"@type":"EntryPoint","urlTemplate":"https:\/\/sztgotthard-altisk.hu\/?s={search_term_string}"},"query-input":{"@type":"PropertyValueSpecification","valueRequired":true,"valueName":"search_term_string"}}],"inLanguage":"hu"},{"@type":"Organization","@id":"https:\/\/sztgotthard-altisk.hu\/#organization","name":"Szent Gell\u00e9rt \u00c1ltal\u00e1nos Iskola","url":"https:\/\/sztgotthard-altisk.hu\/","logo":{"@type":"ImageObject","inLanguage":"hu","@id":"https:\/\/sztgotthard-altisk.hu\/#\/schema\/logo\/image\/","url":"https:\/\/i0.wp.com\/www.sztgotthard-altisk.hu\/wp-content\/uploads\/2022\/01\/sztg_altisk_logo.png?fit=161%2C129&ssl=1","contentUrl":"https:\/\/i0.wp.com\/www.sztgotthard-altisk.hu\/wp-content\/uploads\/2022\/01\/sztg_altisk_logo.png?fit=161%2C129&ssl=1","width":161,"height":129,"caption":"Szent Gell\u00e9rt \u00c1ltal\u00e1nos Iskola"},"image":{"@id":"https:\/\/sztgotthard-altisk.hu\/#\/schema\/logo\/image\/"}},{"@type":"Person","@id":"https:\/\/sztgotthard-altisk.hu\/#\/schema\/person\/1cffb7c6f071c65c282763a1fb21afeb","name":"Administrator","image":{"@type":"ImageObject","inLanguage":"hu","@id":"https:\/\/sztgotthard-altisk.hu\/#\/schema\/person\/image\/","url":"https:\/\/secure.gravatar.com\/avatar\/1be83ffec85dcd4b06e404f51672a896729cc5093a05c89d191d0d1754436f7b?s=96&d=mm&r=g","contentUrl":"https:\/\/secure.gravatar.com\/avatar\/1be83ffec85dcd4b06e404f51672a896729cc5093a05c89d191d0d1754436f7b?s=96&d=mm&r=g","caption":"Administrator"},"url":"https:\/\/sztgotthard-altisk.hu\/?author=2"}]}},"jetpack_featured_media_url":"","jetpack_shortlink":"https:\/\/wp.me\/p9tyQr-Gc","jetpack_sharing_enabled":true,"_links":{"self":[{"href":"https:\/\/sztgotthard-altisk.hu\/index.php?rest_route=\/wp\/v2\/posts\/2616","targetHints":{"allow":["GET"]}}],"collection":[{"href":"https:\/\/sztgotthard-altisk.hu\/index.php?rest_route=\/wp\/v2\/posts"}],"about":[{"href":"https:\/\/sztgotthard-altisk.hu\/index.php?rest_route=\/wp\/v2\/types\/post"}],"author":[{"embeddable":true,"href":"https:\/\/sztgotthard-altisk.hu\/index.php?rest_route=\/wp\/v2\/users\/2"}],"replies":[{"embeddable":true,"href":"https:\/\/sztgotthard-altisk.hu\/index.php?rest_route=%2Fwp%2Fv2%2Fcomments&post=2616"}],"version-history":[{"count":5,"href":"https:\/\/sztgotthard-altisk.hu\/index.php?rest_route=\/wp\/v2\/posts\/2616\/revisions"}],"predecessor-version":[{"id":2625,"href":"https:\/\/sztgotthard-altisk.hu\/index.php?rest_route=\/wp\/v2\/posts\/2616\/revisions\/2625"}],"wp:attachment":[{"href":"https:\/\/sztgotthard-altisk.hu\/index.php?rest_route=%2Fwp%2Fv2%2Fmedia&parent=2616"}],"wp:term":[{"taxonomy":"category","embeddable":true,"href":"https:\/\/sztgotthard-altisk.hu\/index.php?rest_route=%2Fwp%2Fv2%2Fcategories&post=2616"},{"taxonomy":"post_tag","embeddable":true,"href":"https:\/\/sztgotthard-altisk.hu\/index.php?rest_route=%2Fwp%2Fv2%2Ftags&post=2616"}],"curies":[{"name":"wp","href":"https:\/\/api.w.org\/{rel}","templated":true}]}}