{"id":1094,"date":"2017-05-08T10:33:09","date_gmt":"2017-05-08T09:33:09","guid":{"rendered":"http:\/\/www.sztgotthard-altisk.hu\/?p=1094"},"modified":"2017-05-08T10:57:26","modified_gmt":"2017-05-08T09:57:26","slug":"1094","status":"publish","type":"post","link":"https:\/\/sztgotthard-altisk.hu\/?p=1094","title":{"rendered":""},"content":{"rendered":"<h4 style=\"text-align: center;\"><span style=\"color: #16b867;\"><strong>Fenntarthat\u00f3s\u00e1gi t\u00e9mah\u00e9t<\/strong><\/span><\/h4>\n<p style=\"text-align: justify;\">Az idei nevel\u00e9si \u00e9vben iskol\u00e1nk is csatlakozott az Emberi Er\u0151forr\u00e1sok Miniszt\u00e9riuma megb\u00edz\u00e1s\u00e1val a PontVelem Okos Program \u00e1ltal szervezett Fenntarthat\u00f3s\u00e1gi H\u00e9thez. Az \u00e1prilis 24-28. k\u00f6z\u00f6tt megrendezett program c\u00e9lja a F\u00f6ld Napja \u00fczenet\u00e9nek, a fenntarthat\u00f3s\u00e1g \u00e9s a k\u00f6rnyezettudatoss\u00e1g t\u00e9m\u00e1j\u00e1nak sz\u00e9les k\u00f6r\u0171 elterjeszt\u00e9se volt a di\u00e1kok k\u00f6z\u00f6tt<\/p>\n<p style=\"text-align: justify;\">Az adott t\u00e9mak\u00f6r a k\u00f6znevel\u00e9s tan\u00f3rai anyagban nincs benne, viszont igenis fontos vel\u00fck foglalkozni. Az eg\u00e9sz T\u00e9mah\u00e9t arr\u00f3l sz\u00f3lt, hogy mik\u00e9nt tudjuk a fenntarthat\u00f3s\u00e1g fontoss\u00e1g\u00e1t min\u00e9l t\u00f6bb gyerekhez eljuttatni.<\/p>\n<p style=\"text-align: justify;\">Az 5-6. oszt\u00e1lyosok sz\u00e1m\u00e1ra rendezett program f\u0151 t\u00e9mak\u00f6re a : T\u00e1pl\u00e1lkozz tudatosan c\u00edmet viselte. Ennek keret\u00e9ben a h\u00e9t folyam\u00e1n az eg\u00e9szs\u00e9ges t\u00e1pl\u00e1lkoz\u00e1ssal, a vitaminok fontoss\u00e1g\u00e1val \u00e9s a tudatos v\u00e1s\u00e1rl\u00e1ssal, fogyaszt\u00e1ssal ismerkedhettek meg a tanul\u00f3k.<\/p>\n<p style=\"text-align: justify;\">A t\u00e9mahetet a 8. c oszt\u00e1lyos di\u00e1kjaink el\u0151ad\u00e1sai nyitott\u00e1k meg. Prezent\u00e1ci\u00f3jukban a k\u00f6vetkez\u0151 t\u00e9m\u00e1kat \u00e9rintett\u00e9k, dolgozt\u00e1k fel 5-6. oszt\u00e1lyos di\u00e1kt\u00e1rsaik sz\u00e1m\u00e1ra: k\u00f6rnyezetszennyez\u00e9s, t\u00faln\u00e9pesed\u00e9s, glob\u00e1lis felmeleged\u00e9s, g\u00e9nmanipul\u00e1ci\u00f3 \u00e9s kit\u00e9rtek a szentgotth\u00e1rdi szem\u00e9t\u00e9get\u0151 \u00fcgy\u00e9re is, melyet 10 \u00e9vvel ezel\u0151tt a hat\u00e1r melletti ipari parkba tervezett megval\u00f3s\u00edtani az osztr\u00e1k BEGAS c\u00e9g. A tervek az \u00f3ri\u00e1si lakoss\u00e1gi \u00f6sszefog\u00e1snak k\u00f6sz\u00f6nhet\u0151en szerencs\u00e9re nem val\u00f3sultak meg.<\/p>\n<p style=\"text-align: justify;\"><a href=\"https:\/\/i0.wp.com\/www.sztgotthard-altisk.hu\/wp-content\/uploads\/2017\/05\/IMG_3284.jpg\"><img data-recalc-dims=\"1\" fetchpriority=\"high\" decoding=\"async\" class=\"alignnone size-medium wp-image-1081\" src=\"https:\/\/i0.wp.com\/www.sztgotthard-altisk.hu\/wp-content\/uploads\/2017\/05\/IMG_3284-300x225.jpg?resize=300%2C225\" alt=\"\" width=\"300\" height=\"225\" srcset=\"https:\/\/i0.wp.com\/sztgotthard-altisk.hu\/wp-content\/uploads\/2017\/05\/IMG_3284.jpg?resize=300%2C225&amp;ssl=1 300w, https:\/\/i0.wp.com\/sztgotthard-altisk.hu\/wp-content\/uploads\/2017\/05\/IMG_3284.jpg?resize=1024%2C768&amp;ssl=1 1024w, https:\/\/i0.wp.com\/sztgotthard-altisk.hu\/wp-content\/uploads\/2017\/05\/IMG_3284.jpg?w=2280&amp;ssl=1 2280w, https:\/\/i0.wp.com\/sztgotthard-altisk.hu\/wp-content\/uploads\/2017\/05\/IMG_3284.jpg?w=3420&amp;ssl=1 3420w\" sizes=\"(max-width: 300px) 100vw, 300px\" \/><\/a><a href=\"https:\/\/i0.wp.com\/www.sztgotthard-altisk.hu\/wp-content\/uploads\/2017\/05\/IMG_3287.jpg\"><img data-recalc-dims=\"1\" decoding=\"async\" class=\"alignnone size-medium wp-image-1082\" src=\"https:\/\/i0.wp.com\/www.sztgotthard-altisk.hu\/wp-content\/uploads\/2017\/05\/IMG_3287-300x225.jpg?resize=300%2C225\" alt=\"IMG_3287\" width=\"300\" height=\"225\" srcset=\"https:\/\/i0.wp.com\/sztgotthard-altisk.hu\/wp-content\/uploads\/2017\/05\/IMG_3287.jpg?resize=300%2C225&amp;ssl=1 300w, https:\/\/i0.wp.com\/sztgotthard-altisk.hu\/wp-content\/uploads\/2017\/05\/IMG_3287.jpg?resize=1024%2C768&amp;ssl=1 1024w, https:\/\/i0.wp.com\/sztgotthard-altisk.hu\/wp-content\/uploads\/2017\/05\/IMG_3287.jpg?w=2280&amp;ssl=1 2280w, https:\/\/i0.wp.com\/sztgotthard-altisk.hu\/wp-content\/uploads\/2017\/05\/IMG_3287.jpg?w=3420&amp;ssl=1 3420w\" sizes=\"(max-width: 300px) 100vw, 300px\" \/><\/a><a href=\"https:\/\/i0.wp.com\/www.sztgotthard-altisk.hu\/wp-content\/uploads\/2017\/05\/IMG_3292.jpg\"><img data-recalc-dims=\"1\" decoding=\"async\" class=\"alignnone size-medium wp-image-1083\" src=\"https:\/\/i0.wp.com\/www.sztgotthard-altisk.hu\/wp-content\/uploads\/2017\/05\/IMG_3292-300x225.jpg?resize=300%2C225\" alt=\"IMG_3292\" width=\"300\" height=\"225\" srcset=\"https:\/\/i0.wp.com\/sztgotthard-altisk.hu\/wp-content\/uploads\/2017\/05\/IMG_3292.jpg?resize=300%2C225&amp;ssl=1 300w, https:\/\/i0.wp.com\/sztgotthard-altisk.hu\/wp-content\/uploads\/2017\/05\/IMG_3292.jpg?resize=1024%2C768&amp;ssl=1 1024w, https:\/\/i0.wp.com\/sztgotthard-altisk.hu\/wp-content\/uploads\/2017\/05\/IMG_3292.jpg?w=2280&amp;ssl=1 2280w, https:\/\/i0.wp.com\/sztgotthard-altisk.hu\/wp-content\/uploads\/2017\/05\/IMG_3292.jpg?w=3420&amp;ssl=1 3420w\" sizes=\"(max-width: 300px) 100vw, 300px\" \/><\/a><a href=\"https:\/\/i0.wp.com\/www.sztgotthard-altisk.hu\/wp-content\/uploads\/2017\/05\/IMG_3304.jpg\"><img data-recalc-dims=\"1\" loading=\"lazy\" decoding=\"async\" class=\"alignnone size-medium wp-image-1084\" src=\"https:\/\/i0.wp.com\/www.sztgotthard-altisk.hu\/wp-content\/uploads\/2017\/05\/IMG_3304-300x225.jpg?resize=300%2C225\" alt=\"\" width=\"300\" height=\"225\" srcset=\"https:\/\/i0.wp.com\/sztgotthard-altisk.hu\/wp-content\/uploads\/2017\/05\/IMG_3304.jpg?resize=300%2C225&amp;ssl=1 300w, https:\/\/i0.wp.com\/sztgotthard-altisk.hu\/wp-content\/uploads\/2017\/05\/IMG_3304.jpg?resize=1024%2C768&amp;ssl=1 1024w, https:\/\/i0.wp.com\/sztgotthard-altisk.hu\/wp-content\/uploads\/2017\/05\/IMG_3304.jpg?w=2280&amp;ssl=1 2280w, https:\/\/i0.wp.com\/sztgotthard-altisk.hu\/wp-content\/uploads\/2017\/05\/IMG_3304.jpg?w=3420&amp;ssl=1 3420w\" sizes=\"(max-width: 300px) 100vw, 300px\" \/><\/a><a href=\"https:\/\/i0.wp.com\/www.sztgotthard-altisk.hu\/wp-content\/uploads\/2017\/05\/IMG_3311.jpg\"><img data-recalc-dims=\"1\" loading=\"lazy\" decoding=\"async\" class=\"alignnone size-medium wp-image-1085\" src=\"https:\/\/i0.wp.com\/www.sztgotthard-altisk.hu\/wp-content\/uploads\/2017\/05\/IMG_3311-300x225.jpg?resize=300%2C225\" alt=\"IMG_3311\" width=\"300\" height=\"225\" srcset=\"https:\/\/i0.wp.com\/sztgotthard-altisk.hu\/wp-content\/uploads\/2017\/05\/IMG_3311.jpg?resize=300%2C225&amp;ssl=1 300w, https:\/\/i0.wp.com\/sztgotthard-altisk.hu\/wp-content\/uploads\/2017\/05\/IMG_3311.jpg?resize=1024%2C768&amp;ssl=1 1024w, https:\/\/i0.wp.com\/sztgotthard-altisk.hu\/wp-content\/uploads\/2017\/05\/IMG_3311.jpg?w=2280&amp;ssl=1 2280w, https:\/\/i0.wp.com\/sztgotthard-altisk.hu\/wp-content\/uploads\/2017\/05\/IMG_3311.jpg?w=3420&amp;ssl=1 3420w\" sizes=\"(max-width: 300px) 100vw, 300px\" \/><\/a><a href=\"https:\/\/i0.wp.com\/www.sztgotthard-altisk.hu\/wp-content\/uploads\/2017\/05\/IMG_3314.jpg\"><img data-recalc-dims=\"1\" loading=\"lazy\" decoding=\"async\" class=\"alignnone size-medium wp-image-1086\" src=\"https:\/\/i0.wp.com\/www.sztgotthard-altisk.hu\/wp-content\/uploads\/2017\/05\/IMG_3314-300x225.jpg?resize=300%2C225\" alt=\"\" width=\"300\" height=\"225\" srcset=\"https:\/\/i0.wp.com\/sztgotthard-altisk.hu\/wp-content\/uploads\/2017\/05\/IMG_3314.jpg?resize=300%2C225&amp;ssl=1 300w, https:\/\/i0.wp.com\/sztgotthard-altisk.hu\/wp-content\/uploads\/2017\/05\/IMG_3314.jpg?resize=1024%2C768&amp;ssl=1 1024w, https:\/\/i0.wp.com\/sztgotthard-altisk.hu\/wp-content\/uploads\/2017\/05\/IMG_3314.jpg?w=2280&amp;ssl=1 2280w, https:\/\/i0.wp.com\/sztgotthard-altisk.hu\/wp-content\/uploads\/2017\/05\/IMG_3314.jpg?w=3420&amp;ssl=1 3420w\" sizes=\"(max-width: 300px) 100vw, 300px\" \/><\/a><\/p>\n<p style=\"text-align: justify;\">A fenntarthat\u00f3s\u00e1g t\u00e9mak\u00f6r\u00e9t a pedag\u00f3gusok tan\u00f3r\u00e1ikon sokoldal\u00faan mutatt\u00e1k be. Az \u00f3r\u00e1kon elhangzottakr\u00f3l a h\u00e9t z\u00e1r\u00e1sak\u00e9nt az iskola aul\u00e1j\u00e1ban t\u00e1rsasj\u00e1t\u00e9kot szervezett a k\u00e9t t\u00e9mah\u00e9t koordin\u00e1tor (Husz\u00e1rn\u00e9 Peresztegi Be\u00e1ta \u00e9s Pappn\u00e9 Rest\u00e1s Csilla tan\u00e1rn\u0151k) az 5. \u00e9s a 6. \u00e9vfolyamosok r\u00e9szv\u00e9tel\u00e9vel. A pedag\u00f3gusok a P\u00e9nz7-hez hasonl\u00f3an k\u00e9rd\u00e9seket tettek fel a \u00a0fenntarthat\u00f3s\u00e1g t\u00e9mak\u00f6r\u00e9hez, minden tant\u00e1rgyat \u00e9rintve. A di\u00e1kok ezekre a k\u00e9rd\u00e9sekre v\u00e1laszolva halattak a c\u00e9l fel\u00e9.<\/p>\n<p style=\"text-align: justify;\"><a href=\"https:\/\/i0.wp.com\/www.sztgotthard-altisk.hu\/wp-content\/uploads\/2017\/05\/IMG_3329.jpg\"><img data-recalc-dims=\"1\" loading=\"lazy\" decoding=\"async\" class=\"alignnone size-medium wp-image-1087\" src=\"https:\/\/i0.wp.com\/www.sztgotthard-altisk.hu\/wp-content\/uploads\/2017\/05\/IMG_3329-300x225.jpg?resize=300%2C225\" alt=\"IMG_3329\" width=\"300\" height=\"225\" srcset=\"https:\/\/i0.wp.com\/sztgotthard-altisk.hu\/wp-content\/uploads\/2017\/05\/IMG_3329.jpg?resize=300%2C225&amp;ssl=1 300w, https:\/\/i0.wp.com\/sztgotthard-altisk.hu\/wp-content\/uploads\/2017\/05\/IMG_3329.jpg?resize=1024%2C768&amp;ssl=1 1024w, https:\/\/i0.wp.com\/sztgotthard-altisk.hu\/wp-content\/uploads\/2017\/05\/IMG_3329.jpg?w=2280&amp;ssl=1 2280w, https:\/\/i0.wp.com\/sztgotthard-altisk.hu\/wp-content\/uploads\/2017\/05\/IMG_3329.jpg?w=3420&amp;ssl=1 3420w\" sizes=\"(max-width: 300px) 100vw, 300px\" \/><\/a><a href=\"https:\/\/i0.wp.com\/www.sztgotthard-altisk.hu\/wp-content\/uploads\/2017\/05\/IMG_3320.jpg\"><img data-recalc-dims=\"1\" loading=\"lazy\" decoding=\"async\" class=\"alignnone size-medium wp-image-1088\" src=\"https:\/\/i0.wp.com\/www.sztgotthard-altisk.hu\/wp-content\/uploads\/2017\/05\/IMG_3320-300x225.jpg?resize=300%2C225\" alt=\"\" width=\"300\" height=\"225\" srcset=\"https:\/\/i0.wp.com\/sztgotthard-altisk.hu\/wp-content\/uploads\/2017\/05\/IMG_3320.jpg?resize=300%2C225&amp;ssl=1 300w, https:\/\/i0.wp.com\/sztgotthard-altisk.hu\/wp-content\/uploads\/2017\/05\/IMG_3320.jpg?resize=1024%2C768&amp;ssl=1 1024w, https:\/\/i0.wp.com\/sztgotthard-altisk.hu\/wp-content\/uploads\/2017\/05\/IMG_3320.jpg?w=2280&amp;ssl=1 2280w, https:\/\/i0.wp.com\/sztgotthard-altisk.hu\/wp-content\/uploads\/2017\/05\/IMG_3320.jpg?w=3420&amp;ssl=1 3420w\" sizes=\"(max-width: 300px) 100vw, 300px\" \/><\/a><a href=\"https:\/\/i0.wp.com\/www.sztgotthard-altisk.hu\/wp-content\/uploads\/2017\/05\/IMG_3414.jpg\"><img data-recalc-dims=\"1\" loading=\"lazy\" decoding=\"async\" class=\"alignnone size-medium wp-image-1089\" src=\"https:\/\/i0.wp.com\/www.sztgotthard-altisk.hu\/wp-content\/uploads\/2017\/05\/IMG_3414-300x225.jpg?resize=300%2C225\" alt=\"\" width=\"300\" height=\"225\" \/><\/a><\/p>\n<p style=\"text-align: justify;\">A t\u00e1rsasj\u00e1t\u00e9k alatt az oszt\u00e1lyok \u00fcgyeskez\u0171 tagjai plak\u00e1tokat k\u00e9sz\u00edtettek, melyek az aul\u00e1ban lettek ki\u00e1ll\u00edtva.<\/p>\n<p style=\"text-align: justify;\"><a href=\"https:\/\/i0.wp.com\/www.sztgotthard-altisk.hu\/wp-content\/uploads\/2017\/05\/IMG_3415.jpg\"><img data-recalc-dims=\"1\" loading=\"lazy\" decoding=\"async\" class=\"alignnone size-medium wp-image-1090\" src=\"https:\/\/i0.wp.com\/www.sztgotthard-altisk.hu\/wp-content\/uploads\/2017\/05\/IMG_3415-300x225.jpg?resize=300%2C225\" alt=\"\" width=\"300\" height=\"225\" srcset=\"https:\/\/i0.wp.com\/sztgotthard-altisk.hu\/wp-content\/uploads\/2017\/05\/IMG_3415.jpg?resize=300%2C225&amp;ssl=1 300w, https:\/\/i0.wp.com\/sztgotthard-altisk.hu\/wp-content\/uploads\/2017\/05\/IMG_3415.jpg?resize=1024%2C768&amp;ssl=1 1024w, https:\/\/i0.wp.com\/sztgotthard-altisk.hu\/wp-content\/uploads\/2017\/05\/IMG_3415.jpg?w=2280&amp;ssl=1 2280w, https:\/\/i0.wp.com\/sztgotthard-altisk.hu\/wp-content\/uploads\/2017\/05\/IMG_3415.jpg?w=3420&amp;ssl=1 3420w\" sizes=\"(max-width: 300px) 100vw, 300px\" \/><\/a><a href=\"https:\/\/i0.wp.com\/www.sztgotthard-altisk.hu\/wp-content\/uploads\/2017\/05\/IMG_3422.jpg\"><img data-recalc-dims=\"1\" loading=\"lazy\" decoding=\"async\" class=\"alignnone size-medium wp-image-1091\" src=\"https:\/\/i0.wp.com\/www.sztgotthard-altisk.hu\/wp-content\/uploads\/2017\/05\/IMG_3422-300x225.jpg?resize=300%2C225\" alt=\"\" width=\"300\" height=\"225\" srcset=\"https:\/\/i0.wp.com\/sztgotthard-altisk.hu\/wp-content\/uploads\/2017\/05\/IMG_3422.jpg?resize=300%2C225&amp;ssl=1 300w, https:\/\/i0.wp.com\/sztgotthard-altisk.hu\/wp-content\/uploads\/2017\/05\/IMG_3422.jpg?resize=1024%2C768&amp;ssl=1 1024w, https:\/\/i0.wp.com\/sztgotthard-altisk.hu\/wp-content\/uploads\/2017\/05\/IMG_3422.jpg?w=2280&amp;ssl=1 2280w, https:\/\/i0.wp.com\/sztgotthard-altisk.hu\/wp-content\/uploads\/2017\/05\/IMG_3422.jpg?w=3420&amp;ssl=1 3420w\" sizes=\"(max-width: 300px) 100vw, 300px\" \/><\/a><\/p>\n","protected":false},"excerpt":{"rendered":"<p>Fenntarthat\u00f3s\u00e1gi t\u00e9mah\u00e9t Az idei nevel\u00e9si \u00e9vben iskol\u00e1nk is csatlakozott az Emberi Er\u0151forr\u00e1sok Miniszt\u00e9riuma megb\u00edz\u00e1s\u00e1val a PontVelem Okos Program \u00e1ltal szervezett Fenntarthat\u00f3s\u00e1gi H\u00e9thez. Az \u00e1prilis 24-28. k\u00f6z\u00f6tt megrendezett program c\u00e9lja a F\u00f6ld Napja \u00fczenet\u00e9nek, a fenntarthat\u00f3s\u00e1g \u00e9s a k\u00f6rnyezettudatoss\u00e1g t\u00e9m\u00e1j\u00e1nak sz\u00e9les k\u00f6r\u0171 elterjeszt\u00e9se volt a di\u00e1kok k\u00f6z\u00f6tt Az adott t\u00e9mak\u00f6r a k\u00f6znevel\u00e9s tan\u00f3rai anyagban nincs benne, [&hellip;]<\/p>\n","protected":false},"author":2,"featured_media":1080,"comment_status":"open","ping_status":"open","sticky":false,"template":"","format":"standard","meta":{"_exactmetrics_skip_tracking":false,"_exactmetrics_sitenote_active":false,"_exactmetrics_sitenote_note":"","_exactmetrics_sitenote_category":0,"_jetpack_memberships_contains_paid_content":false,"footnotes":""},"categories":[5],"tags":[160,161,162],"class_list":["post-1094","post","type-post","status-publish","format-standard","has-post-thumbnail","hentry","category-hirek","tag-fenntarthatosag","tag-kornyezetvedelem","tag-taplalkozas"],"yoast_head":"<!-- This site is optimized with the Yoast SEO plugin v26.7 - https:\/\/yoast.com\/wordpress\/plugins\/seo\/ -->\n<title>- Szent Gotth\u00e1rd \u00c1ltal\u00e1nos Iskola<\/title>\n<meta name=\"robots\" content=\"index, follow, max-snippet:-1, max-image-preview:large, max-video-preview:-1\" \/>\n<link rel=\"canonical\" href=\"https:\/\/sztgotthard-altisk.hu\/?p=1094\" \/>\n<meta property=\"og:locale\" content=\"hu_HU\" \/>\n<meta property=\"og:type\" content=\"article\" \/>\n<meta property=\"og:title\" content=\"- Szent Gotth\u00e1rd \u00c1ltal\u00e1nos Iskola\" \/>\n<meta property=\"og:description\" content=\"Fenntarthat\u00f3s\u00e1gi t\u00e9mah\u00e9t Az idei nevel\u00e9si \u00e9vben iskol\u00e1nk is csatlakozott az Emberi Er\u0151forr\u00e1sok Miniszt\u00e9riuma megb\u00edz\u00e1s\u00e1val a PontVelem Okos Program \u00e1ltal szervezett Fenntarthat\u00f3s\u00e1gi H\u00e9thez. Az \u00e1prilis 24-28. k\u00f6z\u00f6tt megrendezett program c\u00e9lja a F\u00f6ld Napja \u00fczenet\u00e9nek, a fenntarthat\u00f3s\u00e1g \u00e9s a k\u00f6rnyezettudatoss\u00e1g t\u00e9m\u00e1j\u00e1nak sz\u00e9les k\u00f6r\u0171 elterjeszt\u00e9se volt a di\u00e1kok k\u00f6z\u00f6tt Az adott t\u00e9mak\u00f6r a k\u00f6znevel\u00e9s tan\u00f3rai anyagban nincs benne, [&hellip;]\" \/>\n<meta property=\"og:url\" content=\"https:\/\/sztgotthard-altisk.hu\/?p=1094\" \/>\n<meta property=\"og:site_name\" content=\"Szent Gotth\u00e1rd \u00c1ltal\u00e1nos Iskola\" \/>\n<meta property=\"article:published_time\" content=\"2017-05-08T09:33:09+00:00\" \/>\n<meta property=\"article:modified_time\" content=\"2017-05-08T09:57:26+00:00\" \/>\n<meta property=\"og:image\" content=\"https:\/\/i0.wp.com\/sztgotthard-altisk.hu\/wp-content\/uploads\/2017\/05\/fenntarthat\u00f3s\u00e1gi-t\u00e9mah\u00e9t.jpg?fit=400%2C667&ssl=1\" \/>\n\t<meta property=\"og:image:width\" content=\"400\" \/>\n\t<meta property=\"og:image:height\" content=\"667\" \/>\n\t<meta property=\"og:image:type\" content=\"image\/jpeg\" \/>\n<meta name=\"author\" content=\"Administrator\" \/>\n<meta name=\"twitter:card\" content=\"summary_large_image\" \/>\n<meta name=\"twitter:label1\" content=\"Szerz\u0151:\" \/>\n\t<meta name=\"twitter:data1\" content=\"Administrator\" \/>\n\t<meta name=\"twitter:label2\" content=\"Becs\u00fclt olvas\u00e1si id\u0151\" \/>\n\t<meta name=\"twitter:data2\" content=\"2 perc\" \/>\n<script type=\"application\/ld+json\" class=\"yoast-schema-graph\">{\"@context\":\"https:\/\/schema.org\",\"@graph\":[{\"@type\":\"Article\",\"@id\":\"https:\/\/sztgotthard-altisk.hu\/?p=1094#article\",\"isPartOf\":{\"@id\":\"https:\/\/sztgotthard-altisk.hu\/?p=1094\"},\"author\":{\"name\":\"Administrator\",\"@id\":\"https:\/\/sztgotthard-altisk.hu\/#\/schema\/person\/1cffb7c6f071c65c282763a1fb21afeb\"},\"headline\":\"Nincs c\u00edm\",\"datePublished\":\"2017-05-08T09:33:09+00:00\",\"dateModified\":\"2017-05-08T09:57:26+00:00\",\"mainEntityOfPage\":{\"@id\":\"https:\/\/sztgotthard-altisk.hu\/?p=1094\"},\"wordCount\":420,\"commentCount\":0,\"publisher\":{\"@id\":\"https:\/\/sztgotthard-altisk.hu\/#organization\"},\"image\":{\"@id\":\"https:\/\/sztgotthard-altisk.hu\/?p=1094#primaryimage\"},\"thumbnailUrl\":\"https:\/\/i0.wp.com\/sztgotthard-altisk.hu\/wp-content\/uploads\/2017\/05\/fenntarthat%C3%B3s%C3%A1gi-t%C3%A9mah%C3%A9t.jpg?fit=400%2C667&ssl=1\",\"keywords\":[\"fenntarthatosag\",\"kornyezetvedelem\",\"taplalkozas\"],\"articleSection\":[\"H\u00edrek\"],\"inLanguage\":\"hu\"},{\"@type\":\"WebPage\",\"@id\":\"https:\/\/sztgotthard-altisk.hu\/?p=1094\",\"url\":\"https:\/\/sztgotthard-altisk.hu\/?p=1094\",\"name\":\"- Szent Gotth\u00e1rd \u00c1ltal\u00e1nos Iskola\",\"isPartOf\":{\"@id\":\"https:\/\/sztgotthard-altisk.hu\/#website\"},\"primaryImageOfPage\":{\"@id\":\"https:\/\/sztgotthard-altisk.hu\/?p=1094#primaryimage\"},\"image\":{\"@id\":\"https:\/\/sztgotthard-altisk.hu\/?p=1094#primaryimage\"},\"thumbnailUrl\":\"https:\/\/i0.wp.com\/sztgotthard-altisk.hu\/wp-content\/uploads\/2017\/05\/fenntarthat%C3%B3s%C3%A1gi-t%C3%A9mah%C3%A9t.jpg?fit=400%2C667&ssl=1\",\"datePublished\":\"2017-05-08T09:33:09+00:00\",\"dateModified\":\"2017-05-08T09:57:26+00:00\",\"inLanguage\":\"hu\",\"potentialAction\":[{\"@type\":\"ReadAction\",\"target\":[\"https:\/\/sztgotthard-altisk.hu\/?p=1094\"]}]},{\"@type\":\"ImageObject\",\"inLanguage\":\"hu\",\"@id\":\"https:\/\/sztgotthard-altisk.hu\/?p=1094#primaryimage\",\"url\":\"https:\/\/i0.wp.com\/sztgotthard-altisk.hu\/wp-content\/uploads\/2017\/05\/fenntarthat%C3%B3s%C3%A1gi-t%C3%A9mah%C3%A9t.jpg?fit=400%2C667&ssl=1\",\"contentUrl\":\"https:\/\/i0.wp.com\/sztgotthard-altisk.hu\/wp-content\/uploads\/2017\/05\/fenntarthat%C3%B3s%C3%A1gi-t%C3%A9mah%C3%A9t.jpg?fit=400%2C667&ssl=1\",\"width\":400,\"height\":667},{\"@type\":\"WebSite\",\"@id\":\"https:\/\/sztgotthard-altisk.hu\/#website\",\"url\":\"https:\/\/sztgotthard-altisk.hu\/\",\"name\":\"Szent Gotth\u00e1rd \u00c1ltal\u00e1nos Iskola\",\"description\":\"Szent Gotth\u00e1rd \u00c1ltal\u00e1nos Iskola\",\"publisher\":{\"@id\":\"https:\/\/sztgotthard-altisk.hu\/#organization\"},\"potentialAction\":[{\"@type\":\"SearchAction\",\"target\":{\"@type\":\"EntryPoint\",\"urlTemplate\":\"https:\/\/sztgotthard-altisk.hu\/?s={search_term_string}\"},\"query-input\":{\"@type\":\"PropertyValueSpecification\",\"valueRequired\":true,\"valueName\":\"search_term_string\"}}],\"inLanguage\":\"hu\"},{\"@type\":\"Organization\",\"@id\":\"https:\/\/sztgotthard-altisk.hu\/#organization\",\"name\":\"Szent Gell\u00e9rt \u00c1ltal\u00e1nos Iskola\",\"url\":\"https:\/\/sztgotthard-altisk.hu\/\",\"logo\":{\"@type\":\"ImageObject\",\"inLanguage\":\"hu\",\"@id\":\"https:\/\/sztgotthard-altisk.hu\/#\/schema\/logo\/image\/\",\"url\":\"https:\/\/i0.wp.com\/www.sztgotthard-altisk.hu\/wp-content\/uploads\/2022\/01\/sztg_altisk_logo.png?fit=161%2C129&ssl=1\",\"contentUrl\":\"https:\/\/i0.wp.com\/www.sztgotthard-altisk.hu\/wp-content\/uploads\/2022\/01\/sztg_altisk_logo.png?fit=161%2C129&ssl=1\",\"width\":161,\"height\":129,\"caption\":\"Szent Gell\u00e9rt \u00c1ltal\u00e1nos Iskola\"},\"image\":{\"@id\":\"https:\/\/sztgotthard-altisk.hu\/#\/schema\/logo\/image\/\"}},{\"@type\":\"Person\",\"@id\":\"https:\/\/sztgotthard-altisk.hu\/#\/schema\/person\/1cffb7c6f071c65c282763a1fb21afeb\",\"name\":\"Administrator\",\"image\":{\"@type\":\"ImageObject\",\"inLanguage\":\"hu\",\"@id\":\"https:\/\/sztgotthard-altisk.hu\/#\/schema\/person\/image\/\",\"url\":\"https:\/\/secure.gravatar.com\/avatar\/1be83ffec85dcd4b06e404f51672a896729cc5093a05c89d191d0d1754436f7b?s=96&d=mm&r=g\",\"contentUrl\":\"https:\/\/secure.gravatar.com\/avatar\/1be83ffec85dcd4b06e404f51672a896729cc5093a05c89d191d0d1754436f7b?s=96&d=mm&r=g\",\"caption\":\"Administrator\"},\"url\":\"https:\/\/sztgotthard-altisk.hu\/?author=2\"}]}<\/script>\n<!-- \/ Yoast SEO plugin. -->","yoast_head_json":{"title":"- Szent Gotth\u00e1rd \u00c1ltal\u00e1nos Iskola","robots":{"index":"index","follow":"follow","max-snippet":"max-snippet:-1","max-image-preview":"max-image-preview:large","max-video-preview":"max-video-preview:-1"},"canonical":"https:\/\/sztgotthard-altisk.hu\/?p=1094","og_locale":"hu_HU","og_type":"article","og_title":"- Szent Gotth\u00e1rd \u00c1ltal\u00e1nos Iskola","og_description":"Fenntarthat\u00f3s\u00e1gi t\u00e9mah\u00e9t Az idei nevel\u00e9si \u00e9vben iskol\u00e1nk is csatlakozott az Emberi Er\u0151forr\u00e1sok Miniszt\u00e9riuma megb\u00edz\u00e1s\u00e1val a PontVelem Okos Program \u00e1ltal szervezett Fenntarthat\u00f3s\u00e1gi H\u00e9thez. Az \u00e1prilis 24-28. k\u00f6z\u00f6tt megrendezett program c\u00e9lja a F\u00f6ld Napja \u00fczenet\u00e9nek, a fenntarthat\u00f3s\u00e1g \u00e9s a k\u00f6rnyezettudatoss\u00e1g t\u00e9m\u00e1j\u00e1nak sz\u00e9les k\u00f6r\u0171 elterjeszt\u00e9se volt a di\u00e1kok k\u00f6z\u00f6tt Az adott t\u00e9mak\u00f6r a k\u00f6znevel\u00e9s tan\u00f3rai anyagban nincs benne, [&hellip;]","og_url":"https:\/\/sztgotthard-altisk.hu\/?p=1094","og_site_name":"Szent Gotth\u00e1rd \u00c1ltal\u00e1nos Iskola","article_published_time":"2017-05-08T09:33:09+00:00","article_modified_time":"2017-05-08T09:57:26+00:00","og_image":[{"width":400,"height":667,"url":"https:\/\/i0.wp.com\/sztgotthard-altisk.hu\/wp-content\/uploads\/2017\/05\/fenntarthat\u00f3s\u00e1gi-t\u00e9mah\u00e9t.jpg?fit=400%2C667&ssl=1","type":"image\/jpeg"}],"author":"Administrator","twitter_card":"summary_large_image","twitter_misc":{"Szerz\u0151:":"Administrator","Becs\u00fclt olvas\u00e1si id\u0151":"2 perc"},"schema":{"@context":"https:\/\/schema.org","@graph":[{"@type":"Article","@id":"https:\/\/sztgotthard-altisk.hu\/?p=1094#article","isPartOf":{"@id":"https:\/\/sztgotthard-altisk.hu\/?p=1094"},"author":{"name":"Administrator","@id":"https:\/\/sztgotthard-altisk.hu\/#\/schema\/person\/1cffb7c6f071c65c282763a1fb21afeb"},"headline":"Nincs c\u00edm","datePublished":"2017-05-08T09:33:09+00:00","dateModified":"2017-05-08T09:57:26+00:00","mainEntityOfPage":{"@id":"https:\/\/sztgotthard-altisk.hu\/?p=1094"},"wordCount":420,"commentCount":0,"publisher":{"@id":"https:\/\/sztgotthard-altisk.hu\/#organization"},"image":{"@id":"https:\/\/sztgotthard-altisk.hu\/?p=1094#primaryimage"},"thumbnailUrl":"https:\/\/i0.wp.com\/sztgotthard-altisk.hu\/wp-content\/uploads\/2017\/05\/fenntarthat%C3%B3s%C3%A1gi-t%C3%A9mah%C3%A9t.jpg?fit=400%2C667&ssl=1","keywords":["fenntarthatosag","kornyezetvedelem","taplalkozas"],"articleSection":["H\u00edrek"],"inLanguage":"hu"},{"@type":"WebPage","@id":"https:\/\/sztgotthard-altisk.hu\/?p=1094","url":"https:\/\/sztgotthard-altisk.hu\/?p=1094","name":"- Szent Gotth\u00e1rd \u00c1ltal\u00e1nos Iskola","isPartOf":{"@id":"https:\/\/sztgotthard-altisk.hu\/#website"},"primaryImageOfPage":{"@id":"https:\/\/sztgotthard-altisk.hu\/?p=1094#primaryimage"},"image":{"@id":"https:\/\/sztgotthard-altisk.hu\/?p=1094#primaryimage"},"thumbnailUrl":"https:\/\/i0.wp.com\/sztgotthard-altisk.hu\/wp-content\/uploads\/2017\/05\/fenntarthat%C3%B3s%C3%A1gi-t%C3%A9mah%C3%A9t.jpg?fit=400%2C667&ssl=1","datePublished":"2017-05-08T09:33:09+00:00","dateModified":"2017-05-08T09:57:26+00:00","inLanguage":"hu","potentialAction":[{"@type":"ReadAction","target":["https:\/\/sztgotthard-altisk.hu\/?p=1094"]}]},{"@type":"ImageObject","inLanguage":"hu","@id":"https:\/\/sztgotthard-altisk.hu\/?p=1094#primaryimage","url":"https:\/\/i0.wp.com\/sztgotthard-altisk.hu\/wp-content\/uploads\/2017\/05\/fenntarthat%C3%B3s%C3%A1gi-t%C3%A9mah%C3%A9t.jpg?fit=400%2C667&ssl=1","contentUrl":"https:\/\/i0.wp.com\/sztgotthard-altisk.hu\/wp-content\/uploads\/2017\/05\/fenntarthat%C3%B3s%C3%A1gi-t%C3%A9mah%C3%A9t.jpg?fit=400%2C667&ssl=1","width":400,"height":667},{"@type":"WebSite","@id":"https:\/\/sztgotthard-altisk.hu\/#website","url":"https:\/\/sztgotthard-altisk.hu\/","name":"Szent Gotth\u00e1rd \u00c1ltal\u00e1nos Iskola","description":"Szent Gotth\u00e1rd \u00c1ltal\u00e1nos Iskola","publisher":{"@id":"https:\/\/sztgotthard-altisk.hu\/#organization"},"potentialAction":[{"@type":"SearchAction","target":{"@type":"EntryPoint","urlTemplate":"https:\/\/sztgotthard-altisk.hu\/?s={search_term_string}"},"query-input":{"@type":"PropertyValueSpecification","valueRequired":true,"valueName":"search_term_string"}}],"inLanguage":"hu"},{"@type":"Organization","@id":"https:\/\/sztgotthard-altisk.hu\/#organization","name":"Szent Gell\u00e9rt \u00c1ltal\u00e1nos Iskola","url":"https:\/\/sztgotthard-altisk.hu\/","logo":{"@type":"ImageObject","inLanguage":"hu","@id":"https:\/\/sztgotthard-altisk.hu\/#\/schema\/logo\/image\/","url":"https:\/\/i0.wp.com\/www.sztgotthard-altisk.hu\/wp-content\/uploads\/2022\/01\/sztg_altisk_logo.png?fit=161%2C129&ssl=1","contentUrl":"https:\/\/i0.wp.com\/www.sztgotthard-altisk.hu\/wp-content\/uploads\/2022\/01\/sztg_altisk_logo.png?fit=161%2C129&ssl=1","width":161,"height":129,"caption":"Szent Gell\u00e9rt \u00c1ltal\u00e1nos Iskola"},"image":{"@id":"https:\/\/sztgotthard-altisk.hu\/#\/schema\/logo\/image\/"}},{"@type":"Person","@id":"https:\/\/sztgotthard-altisk.hu\/#\/schema\/person\/1cffb7c6f071c65c282763a1fb21afeb","name":"Administrator","image":{"@type":"ImageObject","inLanguage":"hu","@id":"https:\/\/sztgotthard-altisk.hu\/#\/schema\/person\/image\/","url":"https:\/\/secure.gravatar.com\/avatar\/1be83ffec85dcd4b06e404f51672a896729cc5093a05c89d191d0d1754436f7b?s=96&d=mm&r=g","contentUrl":"https:\/\/secure.gravatar.com\/avatar\/1be83ffec85dcd4b06e404f51672a896729cc5093a05c89d191d0d1754436f7b?s=96&d=mm&r=g","caption":"Administrator"},"url":"https:\/\/sztgotthard-altisk.hu\/?author=2"}]}},"jetpack_featured_media_url":"https:\/\/i0.wp.com\/sztgotthard-altisk.hu\/wp-content\/uploads\/2017\/05\/fenntarthat%C3%B3s%C3%A1gi-t%C3%A9mah%C3%A9t.jpg?fit=400%2C667&ssl=1","jetpack_shortlink":"https:\/\/wp.me\/s9tyQr-1094","jetpack_sharing_enabled":true,"_links":{"self":[{"href":"https:\/\/sztgotthard-altisk.hu\/index.php?rest_route=\/wp\/v2\/posts\/1094","targetHints":{"allow":["GET"]}}],"collection":[{"href":"https:\/\/sztgotthard-altisk.hu\/index.php?rest_route=\/wp\/v2\/posts"}],"about":[{"href":"https:\/\/sztgotthard-altisk.hu\/index.php?rest_route=\/wp\/v2\/types\/post"}],"author":[{"embeddable":true,"href":"https:\/\/sztgotthard-altisk.hu\/index.php?rest_route=\/wp\/v2\/users\/2"}],"replies":[{"embeddable":true,"href":"https:\/\/sztgotthard-altisk.hu\/index.php?rest_route=%2Fwp%2Fv2%2Fcomments&post=1094"}],"version-history":[{"count":3,"href":"https:\/\/sztgotthard-altisk.hu\/index.php?rest_route=\/wp\/v2\/posts\/1094\/revisions"}],"predecessor-version":[{"id":1097,"href":"https:\/\/sztgotthard-altisk.hu\/index.php?rest_route=\/wp\/v2\/posts\/1094\/revisions\/1097"}],"wp:featuredmedia":[{"embeddable":true,"href":"https:\/\/sztgotthard-altisk.hu\/index.php?rest_route=\/wp\/v2\/media\/1080"}],"wp:attachment":[{"href":"https:\/\/sztgotthard-altisk.hu\/index.php?rest_route=%2Fwp%2Fv2%2Fmedia&parent=1094"}],"wp:term":[{"taxonomy":"category","embeddable":true,"href":"https:\/\/sztgotthard-altisk.hu\/index.php?rest_route=%2Fwp%2Fv2%2Fcategories&post=1094"},{"taxonomy":"post_tag","embeddable":true,"href":"https:\/\/sztgotthard-altisk.hu\/index.php?rest_route=%2Fwp%2Fv2%2Ftags&post=1094"}],"curies":[{"name":"wp","href":"https:\/\/api.w.org\/{rel}","templated":true}]}}