{"id":10684,"date":"2026-01-30T09:54:51","date_gmt":"2026-01-30T08:54:51","guid":{"rendered":"https:\/\/sztgotthard-altisk.hu\/?p=10684"},"modified":"2026-01-30T09:54:51","modified_gmt":"2026-01-30T08:54:51","slug":"beiratasi-szandek-felmero-2026-2027","status":"publish","type":"post","link":"https:\/\/sztgotthard-altisk.hu\/?p=10684","title":{"rendered":"Be\u00edrat\u00e1si sz\u00e1nd\u00e9k felm\u00e9r\u0151 2026\/2027"},"content":{"rendered":"<p><a href=\"https:\/\/forms.gle\/XV2wC1s5iVDp4RXv7\">K\u00e9rj\u00fck, itt t\u00f6ltse ki a k\u00e9rd\u0151\u00edvet!<\/a><\/p>\n<p>K\u00f6sz\u00f6nj\u00fck a seg\u00edts\u00e9g\u00e9t!<\/p>\n<p>&nbsp;<\/p>\n","protected":false},"excerpt":{"rendered":"<p>K\u00e9rj\u00fck, itt t\u00f6ltse ki a k\u00e9rd\u0151\u00edvet! K\u00f6sz\u00f6nj\u00fck a seg\u00edts\u00e9g\u00e9t! &nbsp;<\/p>\n","protected":false},"author":8,"featured_media":0,"comment_status":"closed","ping_status":"closed","sticky":false,"template":"","format":"standard","meta":{"_exactmetrics_skip_tracking":false,"_exactmetrics_sitenote_active":false,"_exactmetrics_sitenote_note":"","_exactmetrics_sitenote_category":0,"_jetpack_memberships_contains_paid_content":false,"footnotes":""},"categories":[1],"tags":[],"class_list":["post-10684","post","type-post","status-publish","format-standard","hentry","category-egyeb"],"yoast_head":"<!-- This site is optimized with the Yoast SEO plugin v26.7 - https:\/\/yoast.com\/wordpress\/plugins\/seo\/ -->\n<title>Be\u00edrat\u00e1si sz\u00e1nd\u00e9k felm\u00e9r\u0151 2026\/2027 - Szent Gotth\u00e1rd \u00c1ltal\u00e1nos Iskola<\/title>\n<meta name=\"robots\" content=\"index, follow, max-snippet:-1, max-image-preview:large, max-video-preview:-1\" \/>\n<link rel=\"canonical\" href=\"https:\/\/sztgotthard-altisk.hu\/?p=10684\" \/>\n<meta property=\"og:locale\" content=\"hu_HU\" \/>\n<meta property=\"og:type\" content=\"article\" \/>\n<meta property=\"og:title\" content=\"Be\u00edrat\u00e1si sz\u00e1nd\u00e9k felm\u00e9r\u0151 2026\/2027 - Szent Gotth\u00e1rd \u00c1ltal\u00e1nos Iskola\" \/>\n<meta property=\"og:description\" content=\"K\u00e9rj\u00fck, itt t\u00f6ltse ki a k\u00e9rd\u0151\u00edvet! K\u00f6sz\u00f6nj\u00fck a seg\u00edts\u00e9g\u00e9t! &nbsp;\" \/>\n<meta property=\"og:url\" content=\"https:\/\/sztgotthard-altisk.hu\/?p=10684\" \/>\n<meta property=\"og:site_name\" content=\"Szent Gotth\u00e1rd \u00c1ltal\u00e1nos Iskola\" \/>\n<meta property=\"article:published_time\" content=\"2026-01-30T08:54:51+00:00\" \/>\n<meta name=\"author\" content=\"Heged\u0171s Gy\u00f6rgy\" \/>\n<meta name=\"twitter:card\" content=\"summary_large_image\" \/>\n<meta name=\"twitter:label1\" content=\"Szerz\u0151:\" \/>\n\t<meta name=\"twitter:data1\" content=\"Heged\u0171s Gy\u00f6rgy\" \/>\n<script type=\"application\/ld+json\" class=\"yoast-schema-graph\">{\"@context\":\"https:\/\/schema.org\",\"@graph\":[{\"@type\":\"Article\",\"@id\":\"https:\/\/sztgotthard-altisk.hu\/?p=10684#article\",\"isPartOf\":{\"@id\":\"https:\/\/sztgotthard-altisk.hu\/?p=10684\"},\"author\":{\"name\":\"Heged\u0171s Gy\u00f6rgy\",\"@id\":\"https:\/\/sztgotthard-altisk.hu\/#\/schema\/person\/5f6d058e080f150eb947e961edbb5076\"},\"headline\":\"Be\u00edrat\u00e1si sz\u00e1nd\u00e9k felm\u00e9r\u0151 2026\/2027\",\"datePublished\":\"2026-01-30T08:54:51+00:00\",\"mainEntityOfPage\":{\"@id\":\"https:\/\/sztgotthard-altisk.hu\/?p=10684\"},\"wordCount\":29,\"publisher\":{\"@id\":\"https:\/\/sztgotthard-altisk.hu\/#organization\"},\"inLanguage\":\"hu\"},{\"@type\":\"WebPage\",\"@id\":\"https:\/\/sztgotthard-altisk.hu\/?p=10684\",\"url\":\"https:\/\/sztgotthard-altisk.hu\/?p=10684\",\"name\":\"Be\u00edrat\u00e1si sz\u00e1nd\u00e9k felm\u00e9r\u0151 2026\/2027 - Szent Gotth\u00e1rd \u00c1ltal\u00e1nos Iskola\",\"isPartOf\":{\"@id\":\"https:\/\/sztgotthard-altisk.hu\/#website\"},\"datePublished\":\"2026-01-30T08:54:51+00:00\",\"breadcrumb\":{\"@id\":\"https:\/\/sztgotthard-altisk.hu\/?p=10684#breadcrumb\"},\"inLanguage\":\"hu\",\"potentialAction\":[{\"@type\":\"ReadAction\",\"target\":[\"https:\/\/sztgotthard-altisk.hu\/?p=10684\"]}]},{\"@type\":\"BreadcrumbList\",\"@id\":\"https:\/\/sztgotthard-altisk.hu\/?p=10684#breadcrumb\",\"itemListElement\":[{\"@type\":\"ListItem\",\"position\":1,\"name\":\"Kezd\u0151lap\",\"item\":\"https:\/\/sztgotthard-altisk.hu\/\"},{\"@type\":\"ListItem\",\"position\":2,\"name\":\"Be\u00edrat\u00e1si sz\u00e1nd\u00e9k felm\u00e9r\u0151 2026\/2027\"}]},{\"@type\":\"WebSite\",\"@id\":\"https:\/\/sztgotthard-altisk.hu\/#website\",\"url\":\"https:\/\/sztgotthard-altisk.hu\/\",\"name\":\"Szent Gotth\u00e1rd \u00c1ltal\u00e1nos Iskola\",\"description\":\"Szent Gotth\u00e1rd \u00c1ltal\u00e1nos Iskola\",\"publisher\":{\"@id\":\"https:\/\/sztgotthard-altisk.hu\/#organization\"},\"potentialAction\":[{\"@type\":\"SearchAction\",\"target\":{\"@type\":\"EntryPoint\",\"urlTemplate\":\"https:\/\/sztgotthard-altisk.hu\/?s={search_term_string}\"},\"query-input\":{\"@type\":\"PropertyValueSpecification\",\"valueRequired\":true,\"valueName\":\"search_term_string\"}}],\"inLanguage\":\"hu\"},{\"@type\":\"Organization\",\"@id\":\"https:\/\/sztgotthard-altisk.hu\/#organization\",\"name\":\"Szent Gell\u00e9rt \u00c1ltal\u00e1nos Iskola\",\"url\":\"https:\/\/sztgotthard-altisk.hu\/\",\"logo\":{\"@type\":\"ImageObject\",\"inLanguage\":\"hu\",\"@id\":\"https:\/\/sztgotthard-altisk.hu\/#\/schema\/logo\/image\/\",\"url\":\"https:\/\/i0.wp.com\/www.sztgotthard-altisk.hu\/wp-content\/uploads\/2022\/01\/sztg_altisk_logo.png?fit=161%2C129&ssl=1\",\"contentUrl\":\"https:\/\/i0.wp.com\/www.sztgotthard-altisk.hu\/wp-content\/uploads\/2022\/01\/sztg_altisk_logo.png?fit=161%2C129&ssl=1\",\"width\":161,\"height\":129,\"caption\":\"Szent Gell\u00e9rt \u00c1ltal\u00e1nos Iskola\"},\"image\":{\"@id\":\"https:\/\/sztgotthard-altisk.hu\/#\/schema\/logo\/image\/\"}},{\"@type\":\"Person\",\"@id\":\"https:\/\/sztgotthard-altisk.hu\/#\/schema\/person\/5f6d058e080f150eb947e961edbb5076\",\"name\":\"Heged\u0171s Gy\u00f6rgy\",\"image\":{\"@type\":\"ImageObject\",\"inLanguage\":\"hu\",\"@id\":\"https:\/\/sztgotthard-altisk.hu\/#\/schema\/person\/image\/\",\"url\":\"https:\/\/secure.gravatar.com\/avatar\/f848a8aa14c9be8aeee9c5dc58b65197c1c80d1180d7ed3d27f58f531a32e9ce?s=96&d=mm&r=g\",\"contentUrl\":\"https:\/\/secure.gravatar.com\/avatar\/f848a8aa14c9be8aeee9c5dc58b65197c1c80d1180d7ed3d27f58f531a32e9ce?s=96&d=mm&r=g\",\"caption\":\"Heged\u0171s Gy\u00f6rgy\"},\"url\":\"https:\/\/sztgotthard-altisk.hu\/?author=8\"}]}<\/script>\n<!-- \/ Yoast SEO plugin. -->","yoast_head_json":{"title":"Be\u00edrat\u00e1si sz\u00e1nd\u00e9k felm\u00e9r\u0151 2026\/2027 - Szent Gotth\u00e1rd \u00c1ltal\u00e1nos Iskola","robots":{"index":"index","follow":"follow","max-snippet":"max-snippet:-1","max-image-preview":"max-image-preview:large","max-video-preview":"max-video-preview:-1"},"canonical":"https:\/\/sztgotthard-altisk.hu\/?p=10684","og_locale":"hu_HU","og_type":"article","og_title":"Be\u00edrat\u00e1si sz\u00e1nd\u00e9k felm\u00e9r\u0151 2026\/2027 - Szent Gotth\u00e1rd \u00c1ltal\u00e1nos Iskola","og_description":"K\u00e9rj\u00fck, itt t\u00f6ltse ki a k\u00e9rd\u0151\u00edvet! K\u00f6sz\u00f6nj\u00fck a seg\u00edts\u00e9g\u00e9t! &nbsp;","og_url":"https:\/\/sztgotthard-altisk.hu\/?p=10684","og_site_name":"Szent Gotth\u00e1rd \u00c1ltal\u00e1nos Iskola","article_published_time":"2026-01-30T08:54:51+00:00","author":"Heged\u0171s Gy\u00f6rgy","twitter_card":"summary_large_image","twitter_misc":{"Szerz\u0151:":"Heged\u0171s Gy\u00f6rgy"},"schema":{"@context":"https:\/\/schema.org","@graph":[{"@type":"Article","@id":"https:\/\/sztgotthard-altisk.hu\/?p=10684#article","isPartOf":{"@id":"https:\/\/sztgotthard-altisk.hu\/?p=10684"},"author":{"name":"Heged\u0171s Gy\u00f6rgy","@id":"https:\/\/sztgotthard-altisk.hu\/#\/schema\/person\/5f6d058e080f150eb947e961edbb5076"},"headline":"Be\u00edrat\u00e1si sz\u00e1nd\u00e9k felm\u00e9r\u0151 2026\/2027","datePublished":"2026-01-30T08:54:51+00:00","mainEntityOfPage":{"@id":"https:\/\/sztgotthard-altisk.hu\/?p=10684"},"wordCount":29,"publisher":{"@id":"https:\/\/sztgotthard-altisk.hu\/#organization"},"inLanguage":"hu"},{"@type":"WebPage","@id":"https:\/\/sztgotthard-altisk.hu\/?p=10684","url":"https:\/\/sztgotthard-altisk.hu\/?p=10684","name":"Be\u00edrat\u00e1si sz\u00e1nd\u00e9k felm\u00e9r\u0151 2026\/2027 - Szent Gotth\u00e1rd \u00c1ltal\u00e1nos Iskola","isPartOf":{"@id":"https:\/\/sztgotthard-altisk.hu\/#website"},"datePublished":"2026-01-30T08:54:51+00:00","breadcrumb":{"@id":"https:\/\/sztgotthard-altisk.hu\/?p=10684#breadcrumb"},"inLanguage":"hu","potentialAction":[{"@type":"ReadAction","target":["https:\/\/sztgotthard-altisk.hu\/?p=10684"]}]},{"@type":"BreadcrumbList","@id":"https:\/\/sztgotthard-altisk.hu\/?p=10684#breadcrumb","itemListElement":[{"@type":"ListItem","position":1,"name":"Kezd\u0151lap","item":"https:\/\/sztgotthard-altisk.hu\/"},{"@type":"ListItem","position":2,"name":"Be\u00edrat\u00e1si sz\u00e1nd\u00e9k felm\u00e9r\u0151 2026\/2027"}]},{"@type":"WebSite","@id":"https:\/\/sztgotthard-altisk.hu\/#website","url":"https:\/\/sztgotthard-altisk.hu\/","name":"Szent Gotth\u00e1rd \u00c1ltal\u00e1nos Iskola","description":"Szent Gotth\u00e1rd \u00c1ltal\u00e1nos Iskola","publisher":{"@id":"https:\/\/sztgotthard-altisk.hu\/#organization"},"potentialAction":[{"@type":"SearchAction","target":{"@type":"EntryPoint","urlTemplate":"https:\/\/sztgotthard-altisk.hu\/?s={search_term_string}"},"query-input":{"@type":"PropertyValueSpecification","valueRequired":true,"valueName":"search_term_string"}}],"inLanguage":"hu"},{"@type":"Organization","@id":"https:\/\/sztgotthard-altisk.hu\/#organization","name":"Szent Gell\u00e9rt \u00c1ltal\u00e1nos Iskola","url":"https:\/\/sztgotthard-altisk.hu\/","logo":{"@type":"ImageObject","inLanguage":"hu","@id":"https:\/\/sztgotthard-altisk.hu\/#\/schema\/logo\/image\/","url":"https:\/\/i0.wp.com\/www.sztgotthard-altisk.hu\/wp-content\/uploads\/2022\/01\/sztg_altisk_logo.png?fit=161%2C129&ssl=1","contentUrl":"https:\/\/i0.wp.com\/www.sztgotthard-altisk.hu\/wp-content\/uploads\/2022\/01\/sztg_altisk_logo.png?fit=161%2C129&ssl=1","width":161,"height":129,"caption":"Szent Gell\u00e9rt \u00c1ltal\u00e1nos Iskola"},"image":{"@id":"https:\/\/sztgotthard-altisk.hu\/#\/schema\/logo\/image\/"}},{"@type":"Person","@id":"https:\/\/sztgotthard-altisk.hu\/#\/schema\/person\/5f6d058e080f150eb947e961edbb5076","name":"Heged\u0171s Gy\u00f6rgy","image":{"@type":"ImageObject","inLanguage":"hu","@id":"https:\/\/sztgotthard-altisk.hu\/#\/schema\/person\/image\/","url":"https:\/\/secure.gravatar.com\/avatar\/f848a8aa14c9be8aeee9c5dc58b65197c1c80d1180d7ed3d27f58f531a32e9ce?s=96&d=mm&r=g","contentUrl":"https:\/\/secure.gravatar.com\/avatar\/f848a8aa14c9be8aeee9c5dc58b65197c1c80d1180d7ed3d27f58f531a32e9ce?s=96&d=mm&r=g","caption":"Heged\u0171s Gy\u00f6rgy"},"url":"https:\/\/sztgotthard-altisk.hu\/?author=8"}]}},"jetpack_featured_media_url":"","jetpack_shortlink":"https:\/\/wp.me\/p9tyQr-2Mk","jetpack_sharing_enabled":true,"_links":{"self":[{"href":"https:\/\/sztgotthard-altisk.hu\/index.php?rest_route=\/wp\/v2\/posts\/10684","targetHints":{"allow":["GET"]}}],"collection":[{"href":"https:\/\/sztgotthard-altisk.hu\/index.php?rest_route=\/wp\/v2\/posts"}],"about":[{"href":"https:\/\/sztgotthard-altisk.hu\/index.php?rest_route=\/wp\/v2\/types\/post"}],"author":[{"embeddable":true,"href":"https:\/\/sztgotthard-altisk.hu\/index.php?rest_route=\/wp\/v2\/users\/8"}],"replies":[{"embeddable":true,"href":"https:\/\/sztgotthard-altisk.hu\/index.php?rest_route=%2Fwp%2Fv2%2Fcomments&post=10684"}],"version-history":[{"count":2,"href":"https:\/\/sztgotthard-altisk.hu\/index.php?rest_route=\/wp\/v2\/posts\/10684\/revisions"}],"predecessor-version":[{"id":10686,"href":"https:\/\/sztgotthard-altisk.hu\/index.php?rest_route=\/wp\/v2\/posts\/10684\/revisions\/10686"}],"wp:attachment":[{"href":"https:\/\/sztgotthard-altisk.hu\/index.php?rest_route=%2Fwp%2Fv2%2Fmedia&parent=10684"}],"wp:term":[{"taxonomy":"category","embeddable":true,"href":"https:\/\/sztgotthard-altisk.hu\/index.php?rest_route=%2Fwp%2Fv2%2Fcategories&post=10684"},{"taxonomy":"post_tag","embeddable":true,"href":"https:\/\/sztgotthard-altisk.hu\/index.php?rest_route=%2Fwp%2Fv2%2Ftags&post=10684"}],"curies":[{"name":"wp","href":"https:\/\/api.w.org\/{rel}","templated":true}]}}