{"id":10662,"date":"2025-10-16T08:44:29","date_gmt":"2025-10-16T07:44:29","guid":{"rendered":"https:\/\/sztgotthard-altisk.hu\/?p=10662"},"modified":"2025-12-12T08:53:05","modified_gmt":"2025-12-12T07:53:05","slug":"palyaorientacios-nap-2025-2","status":"publish","type":"post","link":"https:\/\/sztgotthard-altisk.hu\/?p=10662","title":{"rendered":"p\u00e1lyaorient\u00e1ci\u00f3s nap 2025"},"content":{"rendered":"<div dir=\"auto\">K\u00f6sz\u00f6net<\/div>\n<div dir=\"auto\">Okt\u00f3ber 14- \u00e9n a 4.a oszt\u00e1ly p\u00e1lyaorient\u00e1ci\u00f3s nap keret\u00e9ben a C.Tessile Sz\u00f6v\u0151gy\u00e1rba l\u00e1togatott.<\/div>\n<div dir=\"auto\">K\u00f6sz\u00f6nj\u00fck a profi szervez\u00e9st G\u00f6ncz Zsuzsanna \u00fcgyvezet\u0151 igazgat\u00f3nak.<\/div>\n<div dir=\"auto\">A gyermekek \u00e9letkori saj\u00e1toss\u00e1gainak megfelel\u0151 inform\u00e1ci\u00f3val mutatt\u00e1k be a gy\u00e1r t\u00f6rt\u00e9net\u00e9t.<\/div>\n<div dir=\"auto\">Betekint\u00e9st nyerhettek a tanul\u00f3k a sz\u00f6v\u0151gy\u00e1rban foly\u00f3 termel\u0151 munk\u00e1ba.<\/div>\n<div dir=\"auto\">K\u00f6sz\u00f6nj\u00fck R\u00f3zsi n\u00e9ni \u00e9s Rozi n\u00e9ni t\u00fcrelm\u00e9t,amit a gyerekek fel\u00e9 tan\u00fas\u00edtottak a d\u00e9lel\u0151tt folyam\u00e1n.<\/div>\n<div dir=\"auto\">Meglepet\u00e9sk\u00e9nt G\u00f6ncz Zsuzsanna \u00fcgyvezet\u0151 asszony nagy mennyis\u00e9g\u0171 textilanyagot adott aj\u00e1nd\u00e9kba iskok\u00e1nknak,amit ez\u00faton szeretn\u00e9nk megk\u00f6sz\u00f6nni Neki.<\/div>\n<div dir=\"auto\"><a href=\"https:\/\/i0.wp.com\/sztgotthard-altisk.hu\/wp-content\/uploads\/2025\/12\/561733702_1312896633965229_6040078679056950787_n.jpg?ssl=1\"><img data-recalc-dims=\"1\" fetchpriority=\"high\" decoding=\"async\" class=\"alignnone size-medium wp-image-10663\" src=\"https:\/\/i0.wp.com\/sztgotthard-altisk.hu\/wp-content\/uploads\/2025\/12\/561733702_1312896633965229_6040078679056950787_n.jpg?resize=226%2C300&#038;ssl=1\" alt=\"\" width=\"226\" height=\"300\" srcset=\"https:\/\/i0.wp.com\/sztgotthard-altisk.hu\/wp-content\/uploads\/2025\/12\/561733702_1312896633965229_6040078679056950787_n.jpg?resize=226%2C300&amp;ssl=1 226w, https:\/\/i0.wp.com\/sztgotthard-altisk.hu\/wp-content\/uploads\/2025\/12\/561733702_1312896633965229_6040078679056950787_n.jpg?resize=771%2C1024&amp;ssl=1 771w, https:\/\/i0.wp.com\/sztgotthard-altisk.hu\/wp-content\/uploads\/2025\/12\/561733702_1312896633965229_6040078679056950787_n.jpg?resize=768%2C1020&amp;ssl=1 768w, https:\/\/i0.wp.com\/sztgotthard-altisk.hu\/wp-content\/uploads\/2025\/12\/561733702_1312896633965229_6040078679056950787_n.jpg?resize=1157%2C1536&amp;ssl=1 1157w, https:\/\/i0.wp.com\/sztgotthard-altisk.hu\/wp-content\/uploads\/2025\/12\/561733702_1312896633965229_6040078679056950787_n.jpg?w=1542&amp;ssl=1 1542w\" sizes=\"(max-width: 226px) 100vw, 226px\" \/><\/a> <a href=\"https:\/\/i0.wp.com\/sztgotthard-altisk.hu\/wp-content\/uploads\/2025\/12\/564582510_1312896663965226_5547294588082904782_n.jpg?ssl=1\"><img data-recalc-dims=\"1\" decoding=\"async\" class=\"alignnone size-medium wp-image-10664\" src=\"https:\/\/i0.wp.com\/sztgotthard-altisk.hu\/wp-content\/uploads\/2025\/12\/564582510_1312896663965226_5547294588082904782_n.jpg?resize=226%2C300&#038;ssl=1\" alt=\"\" width=\"226\" height=\"300\" srcset=\"https:\/\/i0.wp.com\/sztgotthard-altisk.hu\/wp-content\/uploads\/2025\/12\/564582510_1312896663965226_5547294588082904782_n.jpg?resize=226%2C300&amp;ssl=1 226w, https:\/\/i0.wp.com\/sztgotthard-altisk.hu\/wp-content\/uploads\/2025\/12\/564582510_1312896663965226_5547294588082904782_n.jpg?resize=771%2C1024&amp;ssl=1 771w, https:\/\/i0.wp.com\/sztgotthard-altisk.hu\/wp-content\/uploads\/2025\/12\/564582510_1312896663965226_5547294588082904782_n.jpg?resize=768%2C1020&amp;ssl=1 768w, https:\/\/i0.wp.com\/sztgotthard-altisk.hu\/wp-content\/uploads\/2025\/12\/564582510_1312896663965226_5547294588082904782_n.jpg?resize=1157%2C1536&amp;ssl=1 1157w, https:\/\/i0.wp.com\/sztgotthard-altisk.hu\/wp-content\/uploads\/2025\/12\/564582510_1312896663965226_5547294588082904782_n.jpg?w=1542&amp;ssl=1 1542w\" sizes=\"(max-width: 226px) 100vw, 226px\" \/><\/a> <a href=\"https:\/\/i0.wp.com\/sztgotthard-altisk.hu\/wp-content\/uploads\/2025\/12\/565117492_1312896667298559_1522079509957417855_n.jpg?ssl=1\"><img data-recalc-dims=\"1\" decoding=\"async\" class=\"alignnone size-medium wp-image-10665\" src=\"https:\/\/i0.wp.com\/sztgotthard-altisk.hu\/wp-content\/uploads\/2025\/12\/565117492_1312896667298559_1522079509957417855_n.jpg?resize=226%2C300&#038;ssl=1\" alt=\"\" width=\"226\" height=\"300\" srcset=\"https:\/\/i0.wp.com\/sztgotthard-altisk.hu\/wp-content\/uploads\/2025\/12\/565117492_1312896667298559_1522079509957417855_n.jpg?resize=226%2C300&amp;ssl=1 226w, https:\/\/i0.wp.com\/sztgotthard-altisk.hu\/wp-content\/uploads\/2025\/12\/565117492_1312896667298559_1522079509957417855_n.jpg?resize=771%2C1024&amp;ssl=1 771w, https:\/\/i0.wp.com\/sztgotthard-altisk.hu\/wp-content\/uploads\/2025\/12\/565117492_1312896667298559_1522079509957417855_n.jpg?resize=768%2C1020&amp;ssl=1 768w, https:\/\/i0.wp.com\/sztgotthard-altisk.hu\/wp-content\/uploads\/2025\/12\/565117492_1312896667298559_1522079509957417855_n.jpg?resize=1157%2C1536&amp;ssl=1 1157w, https:\/\/i0.wp.com\/sztgotthard-altisk.hu\/wp-content\/uploads\/2025\/12\/565117492_1312896667298559_1522079509957417855_n.jpg?w=1542&amp;ssl=1 1542w\" sizes=\"(max-width: 226px) 100vw, 226px\" \/><\/a> <a href=\"https:\/\/i0.wp.com\/sztgotthard-altisk.hu\/wp-content\/uploads\/2025\/12\/564185836_1312896627298563_2234587778542870015_n.jpg?ssl=1\"><img data-recalc-dims=\"1\" loading=\"lazy\" decoding=\"async\" class=\"alignnone size-medium wp-image-10666\" src=\"https:\/\/i0.wp.com\/sztgotthard-altisk.hu\/wp-content\/uploads\/2025\/12\/564185836_1312896627298563_2234587778542870015_n.jpg?resize=226%2C300&#038;ssl=1\" alt=\"\" width=\"226\" height=\"300\" srcset=\"https:\/\/i0.wp.com\/sztgotthard-altisk.hu\/wp-content\/uploads\/2025\/12\/564185836_1312896627298563_2234587778542870015_n.jpg?resize=226%2C300&amp;ssl=1 226w, https:\/\/i0.wp.com\/sztgotthard-altisk.hu\/wp-content\/uploads\/2025\/12\/564185836_1312896627298563_2234587778542870015_n.jpg?resize=771%2C1024&amp;ssl=1 771w, https:\/\/i0.wp.com\/sztgotthard-altisk.hu\/wp-content\/uploads\/2025\/12\/564185836_1312896627298563_2234587778542870015_n.jpg?resize=768%2C1020&amp;ssl=1 768w, https:\/\/i0.wp.com\/sztgotthard-altisk.hu\/wp-content\/uploads\/2025\/12\/564185836_1312896627298563_2234587778542870015_n.jpg?resize=1157%2C1536&amp;ssl=1 1157w, https:\/\/i0.wp.com\/sztgotthard-altisk.hu\/wp-content\/uploads\/2025\/12\/564185836_1312896627298563_2234587778542870015_n.jpg?w=1542&amp;ssl=1 1542w\" sizes=\"(max-width: 226px) 100vw, 226px\" \/><\/a><\/div>\n","protected":false},"excerpt":{"rendered":"<p>K\u00f6sz\u00f6net Okt\u00f3ber 14- \u00e9n a 4.a oszt\u00e1ly p\u00e1lyaorient\u00e1ci\u00f3s nap keret\u00e9ben a C.Tessile Sz\u00f6v\u0151gy\u00e1rba l\u00e1togatott. K\u00f6sz\u00f6nj\u00fck a profi szervez\u00e9st G\u00f6ncz Zsuzsanna \u00fcgyvezet\u0151 igazgat\u00f3nak. A gyermekek \u00e9letkori saj\u00e1toss\u00e1gainak megfelel\u0151 inform\u00e1ci\u00f3val mutatt\u00e1k be a gy\u00e1r t\u00f6rt\u00e9net\u00e9t. Betekint\u00e9st nyerhettek a tanul\u00f3k a sz\u00f6v\u0151gy\u00e1rban foly\u00f3 termel\u0151 munk\u00e1ba. K\u00f6sz\u00f6nj\u00fck R\u00f3zsi n\u00e9ni \u00e9s Rozi n\u00e9ni t\u00fcrelm\u00e9t,amit a gyerekek fel\u00e9 tan\u00fas\u00edtottak a d\u00e9lel\u0151tt [&hellip;]<\/p>\n","protected":false},"author":7,"featured_media":10666,"comment_status":"closed","ping_status":"closed","sticky":false,"template":"","format":"standard","meta":{"_exactmetrics_skip_tracking":false,"_exactmetrics_sitenote_active":false,"_exactmetrics_sitenote_note":"","_exactmetrics_sitenote_category":0,"_jetpack_memberships_contains_paid_content":false,"footnotes":""},"categories":[1],"tags":[],"class_list":["post-10662","post","type-post","status-publish","format-standard","has-post-thumbnail","hentry","category-egyeb"],"yoast_head":"<!-- This site is optimized with the Yoast SEO plugin v26.7 - https:\/\/yoast.com\/wordpress\/plugins\/seo\/ -->\n<title>p\u00e1lyaorient\u00e1ci\u00f3s nap 2025 - Szent Gotth\u00e1rd \u00c1ltal\u00e1nos Iskola<\/title>\n<meta name=\"robots\" content=\"index, follow, max-snippet:-1, max-image-preview:large, max-video-preview:-1\" \/>\n<link rel=\"canonical\" href=\"https:\/\/sztgotthard-altisk.hu\/?p=10662\" \/>\n<meta property=\"og:locale\" content=\"hu_HU\" \/>\n<meta property=\"og:type\" content=\"article\" \/>\n<meta property=\"og:title\" content=\"p\u00e1lyaorient\u00e1ci\u00f3s nap 2025 - Szent Gotth\u00e1rd \u00c1ltal\u00e1nos Iskola\" \/>\n<meta property=\"og:description\" content=\"K\u00f6sz\u00f6net Okt\u00f3ber 14- \u00e9n a 4.a oszt\u00e1ly p\u00e1lyaorient\u00e1ci\u00f3s nap keret\u00e9ben a C.Tessile Sz\u00f6v\u0151gy\u00e1rba l\u00e1togatott. K\u00f6sz\u00f6nj\u00fck a profi szervez\u00e9st G\u00f6ncz Zsuzsanna \u00fcgyvezet\u0151 igazgat\u00f3nak. A gyermekek \u00e9letkori saj\u00e1toss\u00e1gainak megfelel\u0151 inform\u00e1ci\u00f3val mutatt\u00e1k be a gy\u00e1r t\u00f6rt\u00e9net\u00e9t. Betekint\u00e9st nyerhettek a tanul\u00f3k a sz\u00f6v\u0151gy\u00e1rban foly\u00f3 termel\u0151 munk\u00e1ba. K\u00f6sz\u00f6nj\u00fck R\u00f3zsi n\u00e9ni \u00e9s Rozi n\u00e9ni t\u00fcrelm\u00e9t,amit a gyerekek fel\u00e9 tan\u00fas\u00edtottak a d\u00e9lel\u0151tt [&hellip;]\" \/>\n<meta property=\"og:url\" content=\"https:\/\/sztgotthard-altisk.hu\/?p=10662\" \/>\n<meta property=\"og:site_name\" content=\"Szent Gotth\u00e1rd \u00c1ltal\u00e1nos Iskola\" \/>\n<meta property=\"article:published_time\" content=\"2025-10-16T07:44:29+00:00\" \/>\n<meta property=\"article:modified_time\" content=\"2025-12-12T07:53:05+00:00\" \/>\n<meta property=\"og:image\" content=\"https:\/\/sztgotthard-altisk.hu\/wp-content\/uploads\/2025\/12\/564185836_1312896627298563_2234587778542870015_n.jpg\" \/>\n\t<meta property=\"og:image:width\" content=\"1542\" \/>\n\t<meta property=\"og:image:height\" content=\"2048\" \/>\n\t<meta property=\"og:image:type\" content=\"image\/jpeg\" \/>\n<meta name=\"author\" content=\"Kert\u00e9sz Eszter\" \/>\n<meta name=\"twitter:card\" content=\"summary_large_image\" \/>\n<meta name=\"twitter:label1\" content=\"Szerz\u0151:\" \/>\n\t<meta name=\"twitter:data1\" content=\"Kert\u00e9sz Eszter\" \/>\n\t<meta name=\"twitter:label2\" content=\"Becs\u00fclt olvas\u00e1si id\u0151\" \/>\n\t<meta name=\"twitter:data2\" content=\"1 perc\" \/>\n<script type=\"application\/ld+json\" class=\"yoast-schema-graph\">{\"@context\":\"https:\/\/schema.org\",\"@graph\":[{\"@type\":\"Article\",\"@id\":\"https:\/\/sztgotthard-altisk.hu\/?p=10662#article\",\"isPartOf\":{\"@id\":\"https:\/\/sztgotthard-altisk.hu\/?p=10662\"},\"author\":{\"name\":\"Kert\u00e9sz Eszter\",\"@id\":\"https:\/\/sztgotthard-altisk.hu\/#\/schema\/person\/74426125c27fc0ae6f8250a304ac184f\"},\"headline\":\"p\u00e1lyaorient\u00e1ci\u00f3s nap 2025\",\"datePublished\":\"2025-10-16T07:44:29+00:00\",\"dateModified\":\"2025-12-12T07:53:05+00:00\",\"mainEntityOfPage\":{\"@id\":\"https:\/\/sztgotthard-altisk.hu\/?p=10662\"},\"wordCount\":136,\"publisher\":{\"@id\":\"https:\/\/sztgotthard-altisk.hu\/#organization\"},\"image\":{\"@id\":\"https:\/\/sztgotthard-altisk.hu\/?p=10662#primaryimage\"},\"thumbnailUrl\":\"https:\/\/i0.wp.com\/sztgotthard-altisk.hu\/wp-content\/uploads\/2025\/12\/564185836_1312896627298563_2234587778542870015_n.jpg?fit=1542%2C2048&ssl=1\",\"inLanguage\":\"hu\"},{\"@type\":\"WebPage\",\"@id\":\"https:\/\/sztgotthard-altisk.hu\/?p=10662\",\"url\":\"https:\/\/sztgotthard-altisk.hu\/?p=10662\",\"name\":\"p\u00e1lyaorient\u00e1ci\u00f3s nap 2025 - Szent Gotth\u00e1rd \u00c1ltal\u00e1nos Iskola\",\"isPartOf\":{\"@id\":\"https:\/\/sztgotthard-altisk.hu\/#website\"},\"primaryImageOfPage\":{\"@id\":\"https:\/\/sztgotthard-altisk.hu\/?p=10662#primaryimage\"},\"image\":{\"@id\":\"https:\/\/sztgotthard-altisk.hu\/?p=10662#primaryimage\"},\"thumbnailUrl\":\"https:\/\/i0.wp.com\/sztgotthard-altisk.hu\/wp-content\/uploads\/2025\/12\/564185836_1312896627298563_2234587778542870015_n.jpg?fit=1542%2C2048&ssl=1\",\"datePublished\":\"2025-10-16T07:44:29+00:00\",\"dateModified\":\"2025-12-12T07:53:05+00:00\",\"breadcrumb\":{\"@id\":\"https:\/\/sztgotthard-altisk.hu\/?p=10662#breadcrumb\"},\"inLanguage\":\"hu\",\"potentialAction\":[{\"@type\":\"ReadAction\",\"target\":[\"https:\/\/sztgotthard-altisk.hu\/?p=10662\"]}]},{\"@type\":\"ImageObject\",\"inLanguage\":\"hu\",\"@id\":\"https:\/\/sztgotthard-altisk.hu\/?p=10662#primaryimage\",\"url\":\"https:\/\/i0.wp.com\/sztgotthard-altisk.hu\/wp-content\/uploads\/2025\/12\/564185836_1312896627298563_2234587778542870015_n.jpg?fit=1542%2C2048&ssl=1\",\"contentUrl\":\"https:\/\/i0.wp.com\/sztgotthard-altisk.hu\/wp-content\/uploads\/2025\/12\/564185836_1312896627298563_2234587778542870015_n.jpg?fit=1542%2C2048&ssl=1\",\"width\":1542,\"height\":2048},{\"@type\":\"BreadcrumbList\",\"@id\":\"https:\/\/sztgotthard-altisk.hu\/?p=10662#breadcrumb\",\"itemListElement\":[{\"@type\":\"ListItem\",\"position\":1,\"name\":\"Kezd\u0151lap\",\"item\":\"https:\/\/sztgotthard-altisk.hu\/\"},{\"@type\":\"ListItem\",\"position\":2,\"name\":\"p\u00e1lyaorient\u00e1ci\u00f3s nap 2025\"}]},{\"@type\":\"WebSite\",\"@id\":\"https:\/\/sztgotthard-altisk.hu\/#website\",\"url\":\"https:\/\/sztgotthard-altisk.hu\/\",\"name\":\"Szent Gotth\u00e1rd \u00c1ltal\u00e1nos Iskola\",\"description\":\"Szent Gotth\u00e1rd \u00c1ltal\u00e1nos Iskola\",\"publisher\":{\"@id\":\"https:\/\/sztgotthard-altisk.hu\/#organization\"},\"potentialAction\":[{\"@type\":\"SearchAction\",\"target\":{\"@type\":\"EntryPoint\",\"urlTemplate\":\"https:\/\/sztgotthard-altisk.hu\/?s={search_term_string}\"},\"query-input\":{\"@type\":\"PropertyValueSpecification\",\"valueRequired\":true,\"valueName\":\"search_term_string\"}}],\"inLanguage\":\"hu\"},{\"@type\":\"Organization\",\"@id\":\"https:\/\/sztgotthard-altisk.hu\/#organization\",\"name\":\"Szent Gell\u00e9rt \u00c1ltal\u00e1nos Iskola\",\"url\":\"https:\/\/sztgotthard-altisk.hu\/\",\"logo\":{\"@type\":\"ImageObject\",\"inLanguage\":\"hu\",\"@id\":\"https:\/\/sztgotthard-altisk.hu\/#\/schema\/logo\/image\/\",\"url\":\"https:\/\/i0.wp.com\/www.sztgotthard-altisk.hu\/wp-content\/uploads\/2022\/01\/sztg_altisk_logo.png?fit=161%2C129&ssl=1\",\"contentUrl\":\"https:\/\/i0.wp.com\/www.sztgotthard-altisk.hu\/wp-content\/uploads\/2022\/01\/sztg_altisk_logo.png?fit=161%2C129&ssl=1\",\"width\":161,\"height\":129,\"caption\":\"Szent Gell\u00e9rt \u00c1ltal\u00e1nos Iskola\"},\"image\":{\"@id\":\"https:\/\/sztgotthard-altisk.hu\/#\/schema\/logo\/image\/\"}},{\"@type\":\"Person\",\"@id\":\"https:\/\/sztgotthard-altisk.hu\/#\/schema\/person\/74426125c27fc0ae6f8250a304ac184f\",\"name\":\"Kert\u00e9sz Eszter\",\"image\":{\"@type\":\"ImageObject\",\"inLanguage\":\"hu\",\"@id\":\"https:\/\/sztgotthard-altisk.hu\/#\/schema\/person\/image\/\",\"url\":\"https:\/\/secure.gravatar.com\/avatar\/e6149a4d3ceb751a9028a999ab9bf4153acf7a5ffb94985144b15c5393557aad?s=96&d=mm&r=g\",\"contentUrl\":\"https:\/\/secure.gravatar.com\/avatar\/e6149a4d3ceb751a9028a999ab9bf4153acf7a5ffb94985144b15c5393557aad?s=96&d=mm&r=g\",\"caption\":\"Kert\u00e9sz Eszter\"},\"url\":\"https:\/\/sztgotthard-altisk.hu\/?author=7\"}]}<\/script>\n<!-- \/ Yoast SEO plugin. -->","yoast_head_json":{"title":"p\u00e1lyaorient\u00e1ci\u00f3s nap 2025 - Szent Gotth\u00e1rd \u00c1ltal\u00e1nos Iskola","robots":{"index":"index","follow":"follow","max-snippet":"max-snippet:-1","max-image-preview":"max-image-preview:large","max-video-preview":"max-video-preview:-1"},"canonical":"https:\/\/sztgotthard-altisk.hu\/?p=10662","og_locale":"hu_HU","og_type":"article","og_title":"p\u00e1lyaorient\u00e1ci\u00f3s nap 2025 - Szent Gotth\u00e1rd \u00c1ltal\u00e1nos Iskola","og_description":"K\u00f6sz\u00f6net Okt\u00f3ber 14- \u00e9n a 4.a oszt\u00e1ly p\u00e1lyaorient\u00e1ci\u00f3s nap keret\u00e9ben a C.Tessile Sz\u00f6v\u0151gy\u00e1rba l\u00e1togatott. K\u00f6sz\u00f6nj\u00fck a profi szervez\u00e9st G\u00f6ncz Zsuzsanna \u00fcgyvezet\u0151 igazgat\u00f3nak. A gyermekek \u00e9letkori saj\u00e1toss\u00e1gainak megfelel\u0151 inform\u00e1ci\u00f3val mutatt\u00e1k be a gy\u00e1r t\u00f6rt\u00e9net\u00e9t. Betekint\u00e9st nyerhettek a tanul\u00f3k a sz\u00f6v\u0151gy\u00e1rban foly\u00f3 termel\u0151 munk\u00e1ba. K\u00f6sz\u00f6nj\u00fck R\u00f3zsi n\u00e9ni \u00e9s Rozi n\u00e9ni t\u00fcrelm\u00e9t,amit a gyerekek fel\u00e9 tan\u00fas\u00edtottak a d\u00e9lel\u0151tt [&hellip;]","og_url":"https:\/\/sztgotthard-altisk.hu\/?p=10662","og_site_name":"Szent Gotth\u00e1rd \u00c1ltal\u00e1nos Iskola","article_published_time":"2025-10-16T07:44:29+00:00","article_modified_time":"2025-12-12T07:53:05+00:00","og_image":[{"width":1542,"height":2048,"url":"https:\/\/sztgotthard-altisk.hu\/wp-content\/uploads\/2025\/12\/564185836_1312896627298563_2234587778542870015_n.jpg","type":"image\/jpeg"}],"author":"Kert\u00e9sz Eszter","twitter_card":"summary_large_image","twitter_misc":{"Szerz\u0151:":"Kert\u00e9sz Eszter","Becs\u00fclt olvas\u00e1si id\u0151":"1 perc"},"schema":{"@context":"https:\/\/schema.org","@graph":[{"@type":"Article","@id":"https:\/\/sztgotthard-altisk.hu\/?p=10662#article","isPartOf":{"@id":"https:\/\/sztgotthard-altisk.hu\/?p=10662"},"author":{"name":"Kert\u00e9sz Eszter","@id":"https:\/\/sztgotthard-altisk.hu\/#\/schema\/person\/74426125c27fc0ae6f8250a304ac184f"},"headline":"p\u00e1lyaorient\u00e1ci\u00f3s nap 2025","datePublished":"2025-10-16T07:44:29+00:00","dateModified":"2025-12-12T07:53:05+00:00","mainEntityOfPage":{"@id":"https:\/\/sztgotthard-altisk.hu\/?p=10662"},"wordCount":136,"publisher":{"@id":"https:\/\/sztgotthard-altisk.hu\/#organization"},"image":{"@id":"https:\/\/sztgotthard-altisk.hu\/?p=10662#primaryimage"},"thumbnailUrl":"https:\/\/i0.wp.com\/sztgotthard-altisk.hu\/wp-content\/uploads\/2025\/12\/564185836_1312896627298563_2234587778542870015_n.jpg?fit=1542%2C2048&ssl=1","inLanguage":"hu"},{"@type":"WebPage","@id":"https:\/\/sztgotthard-altisk.hu\/?p=10662","url":"https:\/\/sztgotthard-altisk.hu\/?p=10662","name":"p\u00e1lyaorient\u00e1ci\u00f3s nap 2025 - Szent Gotth\u00e1rd \u00c1ltal\u00e1nos Iskola","isPartOf":{"@id":"https:\/\/sztgotthard-altisk.hu\/#website"},"primaryImageOfPage":{"@id":"https:\/\/sztgotthard-altisk.hu\/?p=10662#primaryimage"},"image":{"@id":"https:\/\/sztgotthard-altisk.hu\/?p=10662#primaryimage"},"thumbnailUrl":"https:\/\/i0.wp.com\/sztgotthard-altisk.hu\/wp-content\/uploads\/2025\/12\/564185836_1312896627298563_2234587778542870015_n.jpg?fit=1542%2C2048&ssl=1","datePublished":"2025-10-16T07:44:29+00:00","dateModified":"2025-12-12T07:53:05+00:00","breadcrumb":{"@id":"https:\/\/sztgotthard-altisk.hu\/?p=10662#breadcrumb"},"inLanguage":"hu","potentialAction":[{"@type":"ReadAction","target":["https:\/\/sztgotthard-altisk.hu\/?p=10662"]}]},{"@type":"ImageObject","inLanguage":"hu","@id":"https:\/\/sztgotthard-altisk.hu\/?p=10662#primaryimage","url":"https:\/\/i0.wp.com\/sztgotthard-altisk.hu\/wp-content\/uploads\/2025\/12\/564185836_1312896627298563_2234587778542870015_n.jpg?fit=1542%2C2048&ssl=1","contentUrl":"https:\/\/i0.wp.com\/sztgotthard-altisk.hu\/wp-content\/uploads\/2025\/12\/564185836_1312896627298563_2234587778542870015_n.jpg?fit=1542%2C2048&ssl=1","width":1542,"height":2048},{"@type":"BreadcrumbList","@id":"https:\/\/sztgotthard-altisk.hu\/?p=10662#breadcrumb","itemListElement":[{"@type":"ListItem","position":1,"name":"Kezd\u0151lap","item":"https:\/\/sztgotthard-altisk.hu\/"},{"@type":"ListItem","position":2,"name":"p\u00e1lyaorient\u00e1ci\u00f3s nap 2025"}]},{"@type":"WebSite","@id":"https:\/\/sztgotthard-altisk.hu\/#website","url":"https:\/\/sztgotthard-altisk.hu\/","name":"Szent Gotth\u00e1rd \u00c1ltal\u00e1nos Iskola","description":"Szent Gotth\u00e1rd \u00c1ltal\u00e1nos Iskola","publisher":{"@id":"https:\/\/sztgotthard-altisk.hu\/#organization"},"potentialAction":[{"@type":"SearchAction","target":{"@type":"EntryPoint","urlTemplate":"https:\/\/sztgotthard-altisk.hu\/?s={search_term_string}"},"query-input":{"@type":"PropertyValueSpecification","valueRequired":true,"valueName":"search_term_string"}}],"inLanguage":"hu"},{"@type":"Organization","@id":"https:\/\/sztgotthard-altisk.hu\/#organization","name":"Szent Gell\u00e9rt \u00c1ltal\u00e1nos Iskola","url":"https:\/\/sztgotthard-altisk.hu\/","logo":{"@type":"ImageObject","inLanguage":"hu","@id":"https:\/\/sztgotthard-altisk.hu\/#\/schema\/logo\/image\/","url":"https:\/\/i0.wp.com\/www.sztgotthard-altisk.hu\/wp-content\/uploads\/2022\/01\/sztg_altisk_logo.png?fit=161%2C129&ssl=1","contentUrl":"https:\/\/i0.wp.com\/www.sztgotthard-altisk.hu\/wp-content\/uploads\/2022\/01\/sztg_altisk_logo.png?fit=161%2C129&ssl=1","width":161,"height":129,"caption":"Szent Gell\u00e9rt \u00c1ltal\u00e1nos Iskola"},"image":{"@id":"https:\/\/sztgotthard-altisk.hu\/#\/schema\/logo\/image\/"}},{"@type":"Person","@id":"https:\/\/sztgotthard-altisk.hu\/#\/schema\/person\/74426125c27fc0ae6f8250a304ac184f","name":"Kert\u00e9sz Eszter","image":{"@type":"ImageObject","inLanguage":"hu","@id":"https:\/\/sztgotthard-altisk.hu\/#\/schema\/person\/image\/","url":"https:\/\/secure.gravatar.com\/avatar\/e6149a4d3ceb751a9028a999ab9bf4153acf7a5ffb94985144b15c5393557aad?s=96&d=mm&r=g","contentUrl":"https:\/\/secure.gravatar.com\/avatar\/e6149a4d3ceb751a9028a999ab9bf4153acf7a5ffb94985144b15c5393557aad?s=96&d=mm&r=g","caption":"Kert\u00e9sz Eszter"},"url":"https:\/\/sztgotthard-altisk.hu\/?author=7"}]}},"jetpack_featured_media_url":"https:\/\/i0.wp.com\/sztgotthard-altisk.hu\/wp-content\/uploads\/2025\/12\/564185836_1312896627298563_2234587778542870015_n.jpg?fit=1542%2C2048&ssl=1","jetpack_shortlink":"https:\/\/wp.me\/p9tyQr-2LY","jetpack_sharing_enabled":true,"_links":{"self":[{"href":"https:\/\/sztgotthard-altisk.hu\/index.php?rest_route=\/wp\/v2\/posts\/10662","targetHints":{"allow":["GET"]}}],"collection":[{"href":"https:\/\/sztgotthard-altisk.hu\/index.php?rest_route=\/wp\/v2\/posts"}],"about":[{"href":"https:\/\/sztgotthard-altisk.hu\/index.php?rest_route=\/wp\/v2\/types\/post"}],"author":[{"embeddable":true,"href":"https:\/\/sztgotthard-altisk.hu\/index.php?rest_route=\/wp\/v2\/users\/7"}],"replies":[{"embeddable":true,"href":"https:\/\/sztgotthard-altisk.hu\/index.php?rest_route=%2Fwp%2Fv2%2Fcomments&post=10662"}],"version-history":[{"count":1,"href":"https:\/\/sztgotthard-altisk.hu\/index.php?rest_route=\/wp\/v2\/posts\/10662\/revisions"}],"predecessor-version":[{"id":10667,"href":"https:\/\/sztgotthard-altisk.hu\/index.php?rest_route=\/wp\/v2\/posts\/10662\/revisions\/10667"}],"wp:featuredmedia":[{"embeddable":true,"href":"https:\/\/sztgotthard-altisk.hu\/index.php?rest_route=\/wp\/v2\/media\/10666"}],"wp:attachment":[{"href":"https:\/\/sztgotthard-altisk.hu\/index.php?rest_route=%2Fwp%2Fv2%2Fmedia&parent=10662"}],"wp:term":[{"taxonomy":"category","embeddable":true,"href":"https:\/\/sztgotthard-altisk.hu\/index.php?rest_route=%2Fwp%2Fv2%2Fcategories&post=10662"},{"taxonomy":"post_tag","embeddable":true,"href":"https:\/\/sztgotthard-altisk.hu\/index.php?rest_route=%2Fwp%2Fv2%2Ftags&post=10662"}],"curies":[{"name":"wp","href":"https:\/\/api.w.org\/{rel}","templated":true}]}}