{"id":10429,"date":"2025-10-07T09:57:31","date_gmt":"2025-10-07T08:57:31","guid":{"rendered":"https:\/\/sztgotthard-altisk.hu\/?p=10429"},"modified":"2025-12-02T09:59:19","modified_gmt":"2025-12-02T08:59:19","slug":"a-rozsafuzer-napja","status":"publish","type":"post","link":"https:\/\/sztgotthard-altisk.hu\/?p=10429","title":{"rendered":"A r\u00f3zsaf\u00fcz\u00e9r napja"},"content":{"rendered":"<p>Okt\u00f3ber a Sz\u0171zanya h\u00f3napja, amikor vil\u00e1gszerte naponta im\u00e1dkozz\u00e1k a r\u00f3zsaf\u00fcz\u00e9rt. A mai napon iskol\u00e1nk is csatlakozott egy vil\u00e1gszint\u0171 kezdem\u00e9nyez\u00e9shez. Az els\u0151 \u00f3r\u00e1t k\u00f6vet\u0151 sz\u00fcnetben mi is az aul\u00e1ban gy\u0171lt\u00fcnk \u00f6ssze B\u00e9la atya vezet\u00e9s\u00e9vel, hogy egy tized elim\u00e1dkoz\u00e1s\u00e1val bekapcsol\u00f3djunk az \u201eEgy milli\u00f3 gyermek im\u00e1dkozza a r\u00f3zsaf\u00fcz\u00e9rt\u201d elnevez\u00e9s\u0171 kezdem\u00e9nyez\u00e9shez.<\/p>\n<p><a href=\"https:\/\/i0.wp.com\/sztgotthard-altisk.hu\/wp-content\/uploads\/2025\/12\/558127364_1304660498122176_8988879688705434280_n.jpg?ssl=1\"><img data-recalc-dims=\"1\" fetchpriority=\"high\" decoding=\"async\" class=\"alignnone size-medium wp-image-10430\" src=\"https:\/\/i0.wp.com\/sztgotthard-altisk.hu\/wp-content\/uploads\/2025\/12\/558127364_1304660498122176_8988879688705434280_n.jpg?resize=300%2C225&#038;ssl=1\" alt=\"\" width=\"300\" height=\"225\" srcset=\"https:\/\/i0.wp.com\/sztgotthard-altisk.hu\/wp-content\/uploads\/2025\/12\/558127364_1304660498122176_8988879688705434280_n.jpg?resize=300%2C225&amp;ssl=1 300w, https:\/\/i0.wp.com\/sztgotthard-altisk.hu\/wp-content\/uploads\/2025\/12\/558127364_1304660498122176_8988879688705434280_n.jpg?resize=1024%2C768&amp;ssl=1 1024w, https:\/\/i0.wp.com\/sztgotthard-altisk.hu\/wp-content\/uploads\/2025\/12\/558127364_1304660498122176_8988879688705434280_n.jpg?resize=768%2C576&amp;ssl=1 768w, https:\/\/i0.wp.com\/sztgotthard-altisk.hu\/wp-content\/uploads\/2025\/12\/558127364_1304660498122176_8988879688705434280_n.jpg?resize=1536%2C1152&amp;ssl=1 1536w, https:\/\/i0.wp.com\/sztgotthard-altisk.hu\/wp-content\/uploads\/2025\/12\/558127364_1304660498122176_8988879688705434280_n.jpg?w=2048&amp;ssl=1 2048w\" sizes=\"(max-width: 300px) 100vw, 300px\" \/><\/a> <a href=\"https:\/\/i0.wp.com\/sztgotthard-altisk.hu\/wp-content\/uploads\/2025\/12\/558931652_1304659541455605_8788562954000146347_n.jpg?ssl=1\"><img data-recalc-dims=\"1\" decoding=\"async\" class=\"alignnone size-medium wp-image-10431\" src=\"https:\/\/i0.wp.com\/sztgotthard-altisk.hu\/wp-content\/uploads\/2025\/12\/558931652_1304659541455605_8788562954000146347_n.jpg?resize=214%2C300&#038;ssl=1\" alt=\"\" width=\"214\" height=\"300\" srcset=\"https:\/\/i0.wp.com\/sztgotthard-altisk.hu\/wp-content\/uploads\/2025\/12\/558931652_1304659541455605_8788562954000146347_n.jpg?resize=214%2C300&amp;ssl=1 214w, https:\/\/i0.wp.com\/sztgotthard-altisk.hu\/wp-content\/uploads\/2025\/12\/558931652_1304659541455605_8788562954000146347_n.jpg?w=427&amp;ssl=1 427w\" sizes=\"(max-width: 214px) 100vw, 214px\" \/><\/a> <a href=\"https:\/\/i0.wp.com\/sztgotthard-altisk.hu\/wp-content\/uploads\/2025\/12\/558161665_1304660441455515_8202554575131484171_n.jpg?ssl=1\"><img data-recalc-dims=\"1\" decoding=\"async\" class=\"alignnone size-medium wp-image-10432\" src=\"https:\/\/i0.wp.com\/sztgotthard-altisk.hu\/wp-content\/uploads\/2025\/12\/558161665_1304660441455515_8202554575131484171_n.jpg?resize=300%2C225&#038;ssl=1\" alt=\"\" width=\"300\" height=\"225\" srcset=\"https:\/\/i0.wp.com\/sztgotthard-altisk.hu\/wp-content\/uploads\/2025\/12\/558161665_1304660441455515_8202554575131484171_n.jpg?resize=300%2C225&amp;ssl=1 300w, https:\/\/i0.wp.com\/sztgotthard-altisk.hu\/wp-content\/uploads\/2025\/12\/558161665_1304660441455515_8202554575131484171_n.jpg?resize=1024%2C768&amp;ssl=1 1024w, https:\/\/i0.wp.com\/sztgotthard-altisk.hu\/wp-content\/uploads\/2025\/12\/558161665_1304660441455515_8202554575131484171_n.jpg?resize=768%2C576&amp;ssl=1 768w, https:\/\/i0.wp.com\/sztgotthard-altisk.hu\/wp-content\/uploads\/2025\/12\/558161665_1304660441455515_8202554575131484171_n.jpg?resize=1536%2C1152&amp;ssl=1 1536w, https:\/\/i0.wp.com\/sztgotthard-altisk.hu\/wp-content\/uploads\/2025\/12\/558161665_1304660441455515_8202554575131484171_n.jpg?w=2048&amp;ssl=1 2048w\" sizes=\"(max-width: 300px) 100vw, 300px\" \/><\/a> <a href=\"https:\/\/i0.wp.com\/sztgotthard-altisk.hu\/wp-content\/uploads\/2025\/12\/559895961_1304660654788827_7881126865744420379_n.jpg?ssl=1\"><img data-recalc-dims=\"1\" loading=\"lazy\" decoding=\"async\" class=\"alignnone size-medium wp-image-10433\" src=\"https:\/\/i0.wp.com\/sztgotthard-altisk.hu\/wp-content\/uploads\/2025\/12\/559895961_1304660654788827_7881126865744420379_n.jpg?resize=300%2C225&#038;ssl=1\" alt=\"\" width=\"300\" height=\"225\" srcset=\"https:\/\/i0.wp.com\/sztgotthard-altisk.hu\/wp-content\/uploads\/2025\/12\/559895961_1304660654788827_7881126865744420379_n.jpg?resize=300%2C225&amp;ssl=1 300w, https:\/\/i0.wp.com\/sztgotthard-altisk.hu\/wp-content\/uploads\/2025\/12\/559895961_1304660654788827_7881126865744420379_n.jpg?resize=1024%2C768&amp;ssl=1 1024w, https:\/\/i0.wp.com\/sztgotthard-altisk.hu\/wp-content\/uploads\/2025\/12\/559895961_1304660654788827_7881126865744420379_n.jpg?resize=768%2C576&amp;ssl=1 768w, https:\/\/i0.wp.com\/sztgotthard-altisk.hu\/wp-content\/uploads\/2025\/12\/559895961_1304660654788827_7881126865744420379_n.jpg?resize=1536%2C1152&amp;ssl=1 1536w, https:\/\/i0.wp.com\/sztgotthard-altisk.hu\/wp-content\/uploads\/2025\/12\/559895961_1304660654788827_7881126865744420379_n.jpg?w=2048&amp;ssl=1 2048w\" sizes=\"(max-width: 300px) 100vw, 300px\" \/><\/a> <a href=\"https:\/\/i0.wp.com\/sztgotthard-altisk.hu\/wp-content\/uploads\/2025\/12\/559034978_1304660471455512_9206773945283723037_n.jpg?ssl=1\"><img data-recalc-dims=\"1\" loading=\"lazy\" decoding=\"async\" class=\"alignnone size-medium wp-image-10434\" src=\"https:\/\/i0.wp.com\/sztgotthard-altisk.hu\/wp-content\/uploads\/2025\/12\/559034978_1304660471455512_9206773945283723037_n.jpg?resize=300%2C225&#038;ssl=1\" alt=\"\" width=\"300\" height=\"225\" srcset=\"https:\/\/i0.wp.com\/sztgotthard-altisk.hu\/wp-content\/uploads\/2025\/12\/559034978_1304660471455512_9206773945283723037_n.jpg?resize=300%2C225&amp;ssl=1 300w, https:\/\/i0.wp.com\/sztgotthard-altisk.hu\/wp-content\/uploads\/2025\/12\/559034978_1304660471455512_9206773945283723037_n.jpg?resize=1024%2C768&amp;ssl=1 1024w, https:\/\/i0.wp.com\/sztgotthard-altisk.hu\/wp-content\/uploads\/2025\/12\/559034978_1304660471455512_9206773945283723037_n.jpg?resize=768%2C576&amp;ssl=1 768w, https:\/\/i0.wp.com\/sztgotthard-altisk.hu\/wp-content\/uploads\/2025\/12\/559034978_1304660471455512_9206773945283723037_n.jpg?resize=1536%2C1152&amp;ssl=1 1536w, https:\/\/i0.wp.com\/sztgotthard-altisk.hu\/wp-content\/uploads\/2025\/12\/559034978_1304660471455512_9206773945283723037_n.jpg?w=2048&amp;ssl=1 2048w\" sizes=\"(max-width: 300px) 100vw, 300px\" \/><\/a> <a href=\"https:\/\/i0.wp.com\/sztgotthard-altisk.hu\/wp-content\/uploads\/2025\/12\/558085994_1304660478122178_6446496409145493650_n.jpg?ssl=1\"><img data-recalc-dims=\"1\" loading=\"lazy\" decoding=\"async\" class=\"alignnone size-medium wp-image-10435\" src=\"https:\/\/i0.wp.com\/sztgotthard-altisk.hu\/wp-content\/uploads\/2025\/12\/558085994_1304660478122178_6446496409145493650_n.jpg?resize=300%2C225&#038;ssl=1\" alt=\"\" width=\"300\" height=\"225\" srcset=\"https:\/\/i0.wp.com\/sztgotthard-altisk.hu\/wp-content\/uploads\/2025\/12\/558085994_1304660478122178_6446496409145493650_n.jpg?resize=300%2C225&amp;ssl=1 300w, https:\/\/i0.wp.com\/sztgotthard-altisk.hu\/wp-content\/uploads\/2025\/12\/558085994_1304660478122178_6446496409145493650_n.jpg?resize=1024%2C768&amp;ssl=1 1024w, https:\/\/i0.wp.com\/sztgotthard-altisk.hu\/wp-content\/uploads\/2025\/12\/558085994_1304660478122178_6446496409145493650_n.jpg?resize=768%2C576&amp;ssl=1 768w, https:\/\/i0.wp.com\/sztgotthard-altisk.hu\/wp-content\/uploads\/2025\/12\/558085994_1304660478122178_6446496409145493650_n.jpg?resize=1536%2C1152&amp;ssl=1 1536w, https:\/\/i0.wp.com\/sztgotthard-altisk.hu\/wp-content\/uploads\/2025\/12\/558085994_1304660478122178_6446496409145493650_n.jpg?w=2048&amp;ssl=1 2048w\" sizes=\"(max-width: 300px) 100vw, 300px\" \/><\/a> <a href=\"https:\/\/i0.wp.com\/sztgotthard-altisk.hu\/wp-content\/uploads\/2025\/12\/558889155_1304660434788849_5950158295514656824_n.jpg?ssl=1\"><img data-recalc-dims=\"1\" loading=\"lazy\" decoding=\"async\" class=\"alignnone size-medium wp-image-10436\" src=\"https:\/\/i0.wp.com\/sztgotthard-altisk.hu\/wp-content\/uploads\/2025\/12\/558889155_1304660434788849_5950158295514656824_n.jpg?resize=300%2C225&#038;ssl=1\" alt=\"\" width=\"300\" height=\"225\" srcset=\"https:\/\/i0.wp.com\/sztgotthard-altisk.hu\/wp-content\/uploads\/2025\/12\/558889155_1304660434788849_5950158295514656824_n.jpg?resize=300%2C225&amp;ssl=1 300w, https:\/\/i0.wp.com\/sztgotthard-altisk.hu\/wp-content\/uploads\/2025\/12\/558889155_1304660434788849_5950158295514656824_n.jpg?resize=1024%2C768&amp;ssl=1 1024w, https:\/\/i0.wp.com\/sztgotthard-altisk.hu\/wp-content\/uploads\/2025\/12\/558889155_1304660434788849_5950158295514656824_n.jpg?resize=768%2C576&amp;ssl=1 768w, https:\/\/i0.wp.com\/sztgotthard-altisk.hu\/wp-content\/uploads\/2025\/12\/558889155_1304660434788849_5950158295514656824_n.jpg?resize=1536%2C1152&amp;ssl=1 1536w, https:\/\/i0.wp.com\/sztgotthard-altisk.hu\/wp-content\/uploads\/2025\/12\/558889155_1304660434788849_5950158295514656824_n.jpg?w=2048&amp;ssl=1 2048w\" sizes=\"(max-width: 300px) 100vw, 300px\" \/><\/a> <a href=\"https:\/\/i0.wp.com\/sztgotthard-altisk.hu\/wp-content\/uploads\/2025\/12\/557857031_1304660514788841_8182416653981784999_n.jpg?ssl=1\"><img data-recalc-dims=\"1\" loading=\"lazy\" decoding=\"async\" class=\"alignnone size-medium wp-image-10437\" src=\"https:\/\/i0.wp.com\/sztgotthard-altisk.hu\/wp-content\/uploads\/2025\/12\/557857031_1304660514788841_8182416653981784999_n.jpg?resize=300%2C225&#038;ssl=1\" alt=\"\" width=\"300\" height=\"225\" srcset=\"https:\/\/i0.wp.com\/sztgotthard-altisk.hu\/wp-content\/uploads\/2025\/12\/557857031_1304660514788841_8182416653981784999_n.jpg?resize=300%2C225&amp;ssl=1 300w, https:\/\/i0.wp.com\/sztgotthard-altisk.hu\/wp-content\/uploads\/2025\/12\/557857031_1304660514788841_8182416653981784999_n.jpg?resize=1024%2C768&amp;ssl=1 1024w, https:\/\/i0.wp.com\/sztgotthard-altisk.hu\/wp-content\/uploads\/2025\/12\/557857031_1304660514788841_8182416653981784999_n.jpg?resize=768%2C576&amp;ssl=1 768w, https:\/\/i0.wp.com\/sztgotthard-altisk.hu\/wp-content\/uploads\/2025\/12\/557857031_1304660514788841_8182416653981784999_n.jpg?resize=1536%2C1152&amp;ssl=1 1536w, https:\/\/i0.wp.com\/sztgotthard-altisk.hu\/wp-content\/uploads\/2025\/12\/557857031_1304660514788841_8182416653981784999_n.jpg?w=2048&amp;ssl=1 2048w\" sizes=\"(max-width: 300px) 100vw, 300px\" \/><\/a><\/p>\n","protected":false},"excerpt":{"rendered":"<p>Okt\u00f3ber a Sz\u0171zanya h\u00f3napja, amikor vil\u00e1gszerte naponta im\u00e1dkozz\u00e1k a r\u00f3zsaf\u00fcz\u00e9rt. A mai napon iskol\u00e1nk is csatlakozott egy vil\u00e1gszint\u0171 kezdem\u00e9nyez\u00e9shez. Az els\u0151 \u00f3r\u00e1t k\u00f6vet\u0151 sz\u00fcnetben mi is az aul\u00e1ban gy\u0171lt\u00fcnk \u00f6ssze B\u00e9la atya vezet\u00e9s\u00e9vel, hogy egy tized elim\u00e1dkoz\u00e1s\u00e1val bekapcsol\u00f3djunk az \u201eEgy milli\u00f3 gyermek im\u00e1dkozza a r\u00f3zsaf\u00fcz\u00e9rt\u201d elnevez\u00e9s\u0171 kezdem\u00e9nyez\u00e9shez.<\/p>\n","protected":false},"author":7,"featured_media":10431,"comment_status":"closed","ping_status":"closed","sticky":false,"template":"","format":"standard","meta":{"_exactmetrics_skip_tracking":false,"_exactmetrics_sitenote_active":false,"_exactmetrics_sitenote_note":"","_exactmetrics_sitenote_category":0,"_jetpack_memberships_contains_paid_content":false,"footnotes":""},"categories":[1],"tags":[],"class_list":["post-10429","post","type-post","status-publish","format-standard","has-post-thumbnail","hentry","category-egyeb"],"yoast_head":"<!-- This site is optimized with the Yoast SEO plugin v26.7 - https:\/\/yoast.com\/wordpress\/plugins\/seo\/ -->\n<title>A r\u00f3zsaf\u00fcz\u00e9r napja - Szent Gotth\u00e1rd \u00c1ltal\u00e1nos Iskola<\/title>\n<meta name=\"robots\" content=\"index, follow, max-snippet:-1, max-image-preview:large, max-video-preview:-1\" \/>\n<link rel=\"canonical\" href=\"https:\/\/sztgotthard-altisk.hu\/?p=10429\" \/>\n<meta property=\"og:locale\" content=\"hu_HU\" \/>\n<meta property=\"og:type\" content=\"article\" \/>\n<meta property=\"og:title\" content=\"A r\u00f3zsaf\u00fcz\u00e9r napja - Szent Gotth\u00e1rd \u00c1ltal\u00e1nos Iskola\" \/>\n<meta property=\"og:description\" content=\"Okt\u00f3ber a Sz\u0171zanya h\u00f3napja, amikor vil\u00e1gszerte naponta im\u00e1dkozz\u00e1k a r\u00f3zsaf\u00fcz\u00e9rt. A mai napon iskol\u00e1nk is csatlakozott egy vil\u00e1gszint\u0171 kezdem\u00e9nyez\u00e9shez. Az els\u0151 \u00f3r\u00e1t k\u00f6vet\u0151 sz\u00fcnetben mi is az aul\u00e1ban gy\u0171lt\u00fcnk \u00f6ssze B\u00e9la atya vezet\u00e9s\u00e9vel, hogy egy tized elim\u00e1dkoz\u00e1s\u00e1val bekapcsol\u00f3djunk az \u201eEgy milli\u00f3 gyermek im\u00e1dkozza a r\u00f3zsaf\u00fcz\u00e9rt\u201d elnevez\u00e9s\u0171 kezdem\u00e9nyez\u00e9shez.\" \/>\n<meta property=\"og:url\" content=\"https:\/\/sztgotthard-altisk.hu\/?p=10429\" \/>\n<meta property=\"og:site_name\" content=\"Szent Gotth\u00e1rd \u00c1ltal\u00e1nos Iskola\" \/>\n<meta property=\"article:published_time\" content=\"2025-10-07T08:57:31+00:00\" \/>\n<meta property=\"article:modified_time\" content=\"2025-12-02T08:59:19+00:00\" \/>\n<meta property=\"og:image\" content=\"https:\/\/sztgotthard-altisk.hu\/wp-content\/uploads\/2025\/12\/558931652_1304659541455605_8788562954000146347_n.jpg\" \/>\n\t<meta property=\"og:image:width\" content=\"427\" \/>\n\t<meta property=\"og:image:height\" content=\"600\" \/>\n\t<meta property=\"og:image:type\" content=\"image\/jpeg\" \/>\n<meta name=\"author\" content=\"Kert\u00e9sz Eszter\" \/>\n<meta name=\"twitter:card\" content=\"summary_large_image\" \/>\n<meta name=\"twitter:label1\" content=\"Szerz\u0151:\" \/>\n\t<meta name=\"twitter:data1\" content=\"Kert\u00e9sz Eszter\" \/>\n<script type=\"application\/ld+json\" class=\"yoast-schema-graph\">{\"@context\":\"https:\/\/schema.org\",\"@graph\":[{\"@type\":\"Article\",\"@id\":\"https:\/\/sztgotthard-altisk.hu\/?p=10429#article\",\"isPartOf\":{\"@id\":\"https:\/\/sztgotthard-altisk.hu\/?p=10429\"},\"author\":{\"name\":\"Kert\u00e9sz Eszter\",\"@id\":\"https:\/\/sztgotthard-altisk.hu\/#\/schema\/person\/74426125c27fc0ae6f8250a304ac184f\"},\"headline\":\"A r\u00f3zsaf\u00fcz\u00e9r napja\",\"datePublished\":\"2025-10-07T08:57:31+00:00\",\"dateModified\":\"2025-12-02T08:59:19+00:00\",\"mainEntityOfPage\":{\"@id\":\"https:\/\/sztgotthard-altisk.hu\/?p=10429\"},\"wordCount\":86,\"publisher\":{\"@id\":\"https:\/\/sztgotthard-altisk.hu\/#organization\"},\"image\":{\"@id\":\"https:\/\/sztgotthard-altisk.hu\/?p=10429#primaryimage\"},\"thumbnailUrl\":\"https:\/\/i0.wp.com\/sztgotthard-altisk.hu\/wp-content\/uploads\/2025\/12\/558931652_1304659541455605_8788562954000146347_n.jpg?fit=427%2C600&ssl=1\",\"inLanguage\":\"hu\"},{\"@type\":\"WebPage\",\"@id\":\"https:\/\/sztgotthard-altisk.hu\/?p=10429\",\"url\":\"https:\/\/sztgotthard-altisk.hu\/?p=10429\",\"name\":\"A r\u00f3zsaf\u00fcz\u00e9r napja - Szent Gotth\u00e1rd \u00c1ltal\u00e1nos Iskola\",\"isPartOf\":{\"@id\":\"https:\/\/sztgotthard-altisk.hu\/#website\"},\"primaryImageOfPage\":{\"@id\":\"https:\/\/sztgotthard-altisk.hu\/?p=10429#primaryimage\"},\"image\":{\"@id\":\"https:\/\/sztgotthard-altisk.hu\/?p=10429#primaryimage\"},\"thumbnailUrl\":\"https:\/\/i0.wp.com\/sztgotthard-altisk.hu\/wp-content\/uploads\/2025\/12\/558931652_1304659541455605_8788562954000146347_n.jpg?fit=427%2C600&ssl=1\",\"datePublished\":\"2025-10-07T08:57:31+00:00\",\"dateModified\":\"2025-12-02T08:59:19+00:00\",\"breadcrumb\":{\"@id\":\"https:\/\/sztgotthard-altisk.hu\/?p=10429#breadcrumb\"},\"inLanguage\":\"hu\",\"potentialAction\":[{\"@type\":\"ReadAction\",\"target\":[\"https:\/\/sztgotthard-altisk.hu\/?p=10429\"]}]},{\"@type\":\"ImageObject\",\"inLanguage\":\"hu\",\"@id\":\"https:\/\/sztgotthard-altisk.hu\/?p=10429#primaryimage\",\"url\":\"https:\/\/i0.wp.com\/sztgotthard-altisk.hu\/wp-content\/uploads\/2025\/12\/558931652_1304659541455605_8788562954000146347_n.jpg?fit=427%2C600&ssl=1\",\"contentUrl\":\"https:\/\/i0.wp.com\/sztgotthard-altisk.hu\/wp-content\/uploads\/2025\/12\/558931652_1304659541455605_8788562954000146347_n.jpg?fit=427%2C600&ssl=1\",\"width\":427,\"height\":600},{\"@type\":\"BreadcrumbList\",\"@id\":\"https:\/\/sztgotthard-altisk.hu\/?p=10429#breadcrumb\",\"itemListElement\":[{\"@type\":\"ListItem\",\"position\":1,\"name\":\"Kezd\u0151lap\",\"item\":\"https:\/\/sztgotthard-altisk.hu\/\"},{\"@type\":\"ListItem\",\"position\":2,\"name\":\"A r\u00f3zsaf\u00fcz\u00e9r napja\"}]},{\"@type\":\"WebSite\",\"@id\":\"https:\/\/sztgotthard-altisk.hu\/#website\",\"url\":\"https:\/\/sztgotthard-altisk.hu\/\",\"name\":\"Szent Gotth\u00e1rd \u00c1ltal\u00e1nos Iskola\",\"description\":\"Szent Gotth\u00e1rd \u00c1ltal\u00e1nos Iskola\",\"publisher\":{\"@id\":\"https:\/\/sztgotthard-altisk.hu\/#organization\"},\"potentialAction\":[{\"@type\":\"SearchAction\",\"target\":{\"@type\":\"EntryPoint\",\"urlTemplate\":\"https:\/\/sztgotthard-altisk.hu\/?s={search_term_string}\"},\"query-input\":{\"@type\":\"PropertyValueSpecification\",\"valueRequired\":true,\"valueName\":\"search_term_string\"}}],\"inLanguage\":\"hu\"},{\"@type\":\"Organization\",\"@id\":\"https:\/\/sztgotthard-altisk.hu\/#organization\",\"name\":\"Szent Gell\u00e9rt \u00c1ltal\u00e1nos Iskola\",\"url\":\"https:\/\/sztgotthard-altisk.hu\/\",\"logo\":{\"@type\":\"ImageObject\",\"inLanguage\":\"hu\",\"@id\":\"https:\/\/sztgotthard-altisk.hu\/#\/schema\/logo\/image\/\",\"url\":\"https:\/\/i0.wp.com\/www.sztgotthard-altisk.hu\/wp-content\/uploads\/2022\/01\/sztg_altisk_logo.png?fit=161%2C129&ssl=1\",\"contentUrl\":\"https:\/\/i0.wp.com\/www.sztgotthard-altisk.hu\/wp-content\/uploads\/2022\/01\/sztg_altisk_logo.png?fit=161%2C129&ssl=1\",\"width\":161,\"height\":129,\"caption\":\"Szent Gell\u00e9rt \u00c1ltal\u00e1nos Iskola\"},\"image\":{\"@id\":\"https:\/\/sztgotthard-altisk.hu\/#\/schema\/logo\/image\/\"}},{\"@type\":\"Person\",\"@id\":\"https:\/\/sztgotthard-altisk.hu\/#\/schema\/person\/74426125c27fc0ae6f8250a304ac184f\",\"name\":\"Kert\u00e9sz Eszter\",\"image\":{\"@type\":\"ImageObject\",\"inLanguage\":\"hu\",\"@id\":\"https:\/\/sztgotthard-altisk.hu\/#\/schema\/person\/image\/\",\"url\":\"https:\/\/secure.gravatar.com\/avatar\/e6149a4d3ceb751a9028a999ab9bf4153acf7a5ffb94985144b15c5393557aad?s=96&d=mm&r=g\",\"contentUrl\":\"https:\/\/secure.gravatar.com\/avatar\/e6149a4d3ceb751a9028a999ab9bf4153acf7a5ffb94985144b15c5393557aad?s=96&d=mm&r=g\",\"caption\":\"Kert\u00e9sz Eszter\"},\"url\":\"https:\/\/sztgotthard-altisk.hu\/?author=7\"}]}<\/script>\n<!-- \/ Yoast SEO plugin. -->","yoast_head_json":{"title":"A r\u00f3zsaf\u00fcz\u00e9r napja - Szent Gotth\u00e1rd \u00c1ltal\u00e1nos Iskola","robots":{"index":"index","follow":"follow","max-snippet":"max-snippet:-1","max-image-preview":"max-image-preview:large","max-video-preview":"max-video-preview:-1"},"canonical":"https:\/\/sztgotthard-altisk.hu\/?p=10429","og_locale":"hu_HU","og_type":"article","og_title":"A r\u00f3zsaf\u00fcz\u00e9r napja - Szent Gotth\u00e1rd \u00c1ltal\u00e1nos Iskola","og_description":"Okt\u00f3ber a Sz\u0171zanya h\u00f3napja, amikor vil\u00e1gszerte naponta im\u00e1dkozz\u00e1k a r\u00f3zsaf\u00fcz\u00e9rt. A mai napon iskol\u00e1nk is csatlakozott egy vil\u00e1gszint\u0171 kezdem\u00e9nyez\u00e9shez. Az els\u0151 \u00f3r\u00e1t k\u00f6vet\u0151 sz\u00fcnetben mi is az aul\u00e1ban gy\u0171lt\u00fcnk \u00f6ssze B\u00e9la atya vezet\u00e9s\u00e9vel, hogy egy tized elim\u00e1dkoz\u00e1s\u00e1val bekapcsol\u00f3djunk az \u201eEgy milli\u00f3 gyermek im\u00e1dkozza a r\u00f3zsaf\u00fcz\u00e9rt\u201d elnevez\u00e9s\u0171 kezdem\u00e9nyez\u00e9shez.","og_url":"https:\/\/sztgotthard-altisk.hu\/?p=10429","og_site_name":"Szent Gotth\u00e1rd \u00c1ltal\u00e1nos Iskola","article_published_time":"2025-10-07T08:57:31+00:00","article_modified_time":"2025-12-02T08:59:19+00:00","og_image":[{"width":427,"height":600,"url":"https:\/\/sztgotthard-altisk.hu\/wp-content\/uploads\/2025\/12\/558931652_1304659541455605_8788562954000146347_n.jpg","type":"image\/jpeg"}],"author":"Kert\u00e9sz Eszter","twitter_card":"summary_large_image","twitter_misc":{"Szerz\u0151:":"Kert\u00e9sz Eszter"},"schema":{"@context":"https:\/\/schema.org","@graph":[{"@type":"Article","@id":"https:\/\/sztgotthard-altisk.hu\/?p=10429#article","isPartOf":{"@id":"https:\/\/sztgotthard-altisk.hu\/?p=10429"},"author":{"name":"Kert\u00e9sz Eszter","@id":"https:\/\/sztgotthard-altisk.hu\/#\/schema\/person\/74426125c27fc0ae6f8250a304ac184f"},"headline":"A r\u00f3zsaf\u00fcz\u00e9r napja","datePublished":"2025-10-07T08:57:31+00:00","dateModified":"2025-12-02T08:59:19+00:00","mainEntityOfPage":{"@id":"https:\/\/sztgotthard-altisk.hu\/?p=10429"},"wordCount":86,"publisher":{"@id":"https:\/\/sztgotthard-altisk.hu\/#organization"},"image":{"@id":"https:\/\/sztgotthard-altisk.hu\/?p=10429#primaryimage"},"thumbnailUrl":"https:\/\/i0.wp.com\/sztgotthard-altisk.hu\/wp-content\/uploads\/2025\/12\/558931652_1304659541455605_8788562954000146347_n.jpg?fit=427%2C600&ssl=1","inLanguage":"hu"},{"@type":"WebPage","@id":"https:\/\/sztgotthard-altisk.hu\/?p=10429","url":"https:\/\/sztgotthard-altisk.hu\/?p=10429","name":"A r\u00f3zsaf\u00fcz\u00e9r napja - Szent Gotth\u00e1rd \u00c1ltal\u00e1nos Iskola","isPartOf":{"@id":"https:\/\/sztgotthard-altisk.hu\/#website"},"primaryImageOfPage":{"@id":"https:\/\/sztgotthard-altisk.hu\/?p=10429#primaryimage"},"image":{"@id":"https:\/\/sztgotthard-altisk.hu\/?p=10429#primaryimage"},"thumbnailUrl":"https:\/\/i0.wp.com\/sztgotthard-altisk.hu\/wp-content\/uploads\/2025\/12\/558931652_1304659541455605_8788562954000146347_n.jpg?fit=427%2C600&ssl=1","datePublished":"2025-10-07T08:57:31+00:00","dateModified":"2025-12-02T08:59:19+00:00","breadcrumb":{"@id":"https:\/\/sztgotthard-altisk.hu\/?p=10429#breadcrumb"},"inLanguage":"hu","potentialAction":[{"@type":"ReadAction","target":["https:\/\/sztgotthard-altisk.hu\/?p=10429"]}]},{"@type":"ImageObject","inLanguage":"hu","@id":"https:\/\/sztgotthard-altisk.hu\/?p=10429#primaryimage","url":"https:\/\/i0.wp.com\/sztgotthard-altisk.hu\/wp-content\/uploads\/2025\/12\/558931652_1304659541455605_8788562954000146347_n.jpg?fit=427%2C600&ssl=1","contentUrl":"https:\/\/i0.wp.com\/sztgotthard-altisk.hu\/wp-content\/uploads\/2025\/12\/558931652_1304659541455605_8788562954000146347_n.jpg?fit=427%2C600&ssl=1","width":427,"height":600},{"@type":"BreadcrumbList","@id":"https:\/\/sztgotthard-altisk.hu\/?p=10429#breadcrumb","itemListElement":[{"@type":"ListItem","position":1,"name":"Kezd\u0151lap","item":"https:\/\/sztgotthard-altisk.hu\/"},{"@type":"ListItem","position":2,"name":"A r\u00f3zsaf\u00fcz\u00e9r napja"}]},{"@type":"WebSite","@id":"https:\/\/sztgotthard-altisk.hu\/#website","url":"https:\/\/sztgotthard-altisk.hu\/","name":"Szent Gotth\u00e1rd \u00c1ltal\u00e1nos Iskola","description":"Szent Gotth\u00e1rd \u00c1ltal\u00e1nos Iskola","publisher":{"@id":"https:\/\/sztgotthard-altisk.hu\/#organization"},"potentialAction":[{"@type":"SearchAction","target":{"@type":"EntryPoint","urlTemplate":"https:\/\/sztgotthard-altisk.hu\/?s={search_term_string}"},"query-input":{"@type":"PropertyValueSpecification","valueRequired":true,"valueName":"search_term_string"}}],"inLanguage":"hu"},{"@type":"Organization","@id":"https:\/\/sztgotthard-altisk.hu\/#organization","name":"Szent Gell\u00e9rt \u00c1ltal\u00e1nos Iskola","url":"https:\/\/sztgotthard-altisk.hu\/","logo":{"@type":"ImageObject","inLanguage":"hu","@id":"https:\/\/sztgotthard-altisk.hu\/#\/schema\/logo\/image\/","url":"https:\/\/i0.wp.com\/www.sztgotthard-altisk.hu\/wp-content\/uploads\/2022\/01\/sztg_altisk_logo.png?fit=161%2C129&ssl=1","contentUrl":"https:\/\/i0.wp.com\/www.sztgotthard-altisk.hu\/wp-content\/uploads\/2022\/01\/sztg_altisk_logo.png?fit=161%2C129&ssl=1","width":161,"height":129,"caption":"Szent Gell\u00e9rt \u00c1ltal\u00e1nos Iskola"},"image":{"@id":"https:\/\/sztgotthard-altisk.hu\/#\/schema\/logo\/image\/"}},{"@type":"Person","@id":"https:\/\/sztgotthard-altisk.hu\/#\/schema\/person\/74426125c27fc0ae6f8250a304ac184f","name":"Kert\u00e9sz Eszter","image":{"@type":"ImageObject","inLanguage":"hu","@id":"https:\/\/sztgotthard-altisk.hu\/#\/schema\/person\/image\/","url":"https:\/\/secure.gravatar.com\/avatar\/e6149a4d3ceb751a9028a999ab9bf4153acf7a5ffb94985144b15c5393557aad?s=96&d=mm&r=g","contentUrl":"https:\/\/secure.gravatar.com\/avatar\/e6149a4d3ceb751a9028a999ab9bf4153acf7a5ffb94985144b15c5393557aad?s=96&d=mm&r=g","caption":"Kert\u00e9sz Eszter"},"url":"https:\/\/sztgotthard-altisk.hu\/?author=7"}]}},"jetpack_featured_media_url":"https:\/\/i0.wp.com\/sztgotthard-altisk.hu\/wp-content\/uploads\/2025\/12\/558931652_1304659541455605_8788562954000146347_n.jpg?fit=427%2C600&ssl=1","jetpack_shortlink":"https:\/\/wp.me\/p9tyQr-2Id","jetpack_sharing_enabled":true,"_links":{"self":[{"href":"https:\/\/sztgotthard-altisk.hu\/index.php?rest_route=\/wp\/v2\/posts\/10429","targetHints":{"allow":["GET"]}}],"collection":[{"href":"https:\/\/sztgotthard-altisk.hu\/index.php?rest_route=\/wp\/v2\/posts"}],"about":[{"href":"https:\/\/sztgotthard-altisk.hu\/index.php?rest_route=\/wp\/v2\/types\/post"}],"author":[{"embeddable":true,"href":"https:\/\/sztgotthard-altisk.hu\/index.php?rest_route=\/wp\/v2\/users\/7"}],"replies":[{"embeddable":true,"href":"https:\/\/sztgotthard-altisk.hu\/index.php?rest_route=%2Fwp%2Fv2%2Fcomments&post=10429"}],"version-history":[{"count":1,"href":"https:\/\/sztgotthard-altisk.hu\/index.php?rest_route=\/wp\/v2\/posts\/10429\/revisions"}],"predecessor-version":[{"id":10438,"href":"https:\/\/sztgotthard-altisk.hu\/index.php?rest_route=\/wp\/v2\/posts\/10429\/revisions\/10438"}],"wp:featuredmedia":[{"embeddable":true,"href":"https:\/\/sztgotthard-altisk.hu\/index.php?rest_route=\/wp\/v2\/media\/10431"}],"wp:attachment":[{"href":"https:\/\/sztgotthard-altisk.hu\/index.php?rest_route=%2Fwp%2Fv2%2Fmedia&parent=10429"}],"wp:term":[{"taxonomy":"category","embeddable":true,"href":"https:\/\/sztgotthard-altisk.hu\/index.php?rest_route=%2Fwp%2Fv2%2Fcategories&post=10429"},{"taxonomy":"post_tag","embeddable":true,"href":"https:\/\/sztgotthard-altisk.hu\/index.php?rest_route=%2Fwp%2Fv2%2Ftags&post=10429"}],"curies":[{"name":"wp","href":"https:\/\/api.w.org\/{rel}","templated":true}]}}