{"id":10001,"date":"2025-09-02T14:30:55","date_gmt":"2025-09-02T13:30:55","guid":{"rendered":"https:\/\/sztgotthard-altisk.hu\/?p=10001"},"modified":"2025-09-16T14:32:23","modified_gmt":"2025-09-16T13:32:23","slug":"egeszseg-mint-ertek-rajzpalyazat","status":"publish","type":"post","link":"https:\/\/sztgotthard-altisk.hu\/?p=10001","title":{"rendered":"Eg\u00e9szs\u00e9g, mint \u00e9rt\u00e9k rajzp\u00e1ly\u00e1zat"},"content":{"rendered":"<div class=\"xdj266r x14z9mp xat24cr x1lziwak x1vvkbs x126k92a\">\n<div dir=\"auto\">A h\u00e9tf\u0151i tan\u00e9vnyit\u00f3 \u00fcnneps\u00e9gen adt\u00e1k \u00e1t a Magyar Eg\u00e9szs\u00e9g\u00fcgyi Szakdolgoz\u00f3i Kamara Orsz\u00e1gos Szakk\u00e9pz\u00e9si Oktat\u00e1si \u00e9s Tov\u00e1bbk\u00e9pz\u00e9si Igazgat\u00f3s\u00e1ga \u00e1ltal meghirdetett \u201eEg\u00e9szs\u00e9g, mint \u00e9rt\u00e9k!\u201d rajzp\u00e1ly\u00e1zat d\u00edjazottainak a jutalmakat. Iskol\u00e1nk k\u00e9t tanul\u00f3ja gy\u00f6ny\u00f6r\u0171 eredm\u00e9nyt \u00e9rt el:<\/div>\n<\/div>\n<div class=\"x14z9mp xat24cr x1lziwak x1vvkbs xtlvy1s x126k92a\">\n<div dir=\"auto\">I. korcsoport:<\/div>\n<div dir=\"auto\">1. helyez\u00e9s Guti Kira<\/div>\n<\/div>\n<div class=\"x14z9mp xat24cr x1lziwak x1vvkbs xtlvy1s x126k92a\">\n<div dir=\"auto\">II. korcsoport:<\/div>\n<div dir=\"auto\">2. helyez\u00e9s Halma Leona<\/div>\n<\/div>\n<div class=\"x14z9mp xat24cr x1lziwak x1vvkbs xtlvy1s x126k92a\">\n<div dir=\"auto\">Felk\u00e9sz\u00edt\u0151j\u00fck H\u00e1rin\u00e9 D\u00fch Katalin tan\u00e1rn\u0151 volt.<\/div>\n<div dir=\"auto\">A jutalmakat Padosn\u00e9 Balassa Piroska, a MESZK Vas V\u00e1rmegyei Ter\u00fcleti Szervezet szakk\u00e9pz\u00e9si referense adta \u00e1t.<\/div>\n<\/div>\n<div class=\"x14z9mp xat24cr x1lziwak x1vvkbs xtlvy1s x126k92a\">\n<div dir=\"auto\">Gratul\u00e1lunk a di\u00e1koknak \u00e9s a felk\u00e9sz\u00edt\u0151nek!<\/div>\n<div dir=\"auto\"><a href=\"https:\/\/i0.wp.com\/sztgotthard-altisk.hu\/wp-content\/uploads\/2025\/09\/540345029_1275308811057345_1908452387311329234_n.jpg?ssl=1\"><img data-recalc-dims=\"1\" fetchpriority=\"high\" decoding=\"async\" class=\"alignnone size-medium wp-image-10002\" src=\"https:\/\/i0.wp.com\/sztgotthard-altisk.hu\/wp-content\/uploads\/2025\/09\/540345029_1275308811057345_1908452387311329234_n.jpg?resize=300%2C225&#038;ssl=1\" alt=\"\" width=\"300\" height=\"225\" srcset=\"https:\/\/i0.wp.com\/sztgotthard-altisk.hu\/wp-content\/uploads\/2025\/09\/540345029_1275308811057345_1908452387311329234_n.jpg?resize=300%2C225&amp;ssl=1 300w, https:\/\/i0.wp.com\/sztgotthard-altisk.hu\/wp-content\/uploads\/2025\/09\/540345029_1275308811057345_1908452387311329234_n.jpg?w=600&amp;ssl=1 600w\" sizes=\"(max-width: 300px) 100vw, 300px\" \/><\/a> <a href=\"https:\/\/i0.wp.com\/sztgotthard-altisk.hu\/wp-content\/uploads\/2025\/09\/540950116_1275308767724016_2934898839363942619_n.jpg?ssl=1\"><img data-recalc-dims=\"1\" decoding=\"async\" class=\"alignnone size-medium wp-image-10003\" src=\"https:\/\/i0.wp.com\/sztgotthard-altisk.hu\/wp-content\/uploads\/2025\/09\/540950116_1275308767724016_2934898839363942619_n.jpg?resize=225%2C300&#038;ssl=1\" alt=\"\" width=\"225\" height=\"300\" srcset=\"https:\/\/i0.wp.com\/sztgotthard-altisk.hu\/wp-content\/uploads\/2025\/09\/540950116_1275308767724016_2934898839363942619_n.jpg?resize=225%2C300&amp;ssl=1 225w, https:\/\/i0.wp.com\/sztgotthard-altisk.hu\/wp-content\/uploads\/2025\/09\/540950116_1275308767724016_2934898839363942619_n.jpg?w=450&amp;ssl=1 450w\" sizes=\"(max-width: 225px) 100vw, 225px\" \/><\/a> <a href=\"https:\/\/i0.wp.com\/sztgotthard-altisk.hu\/wp-content\/uploads\/2025\/09\/541774424_1275308771057349_9114420067925754120_n.jpg?ssl=1\"><img data-recalc-dims=\"1\" decoding=\"async\" class=\"alignnone size-medium wp-image-10004\" src=\"https:\/\/i0.wp.com\/sztgotthard-altisk.hu\/wp-content\/uploads\/2025\/09\/541774424_1275308771057349_9114420067925754120_n.jpg?resize=300%2C225&#038;ssl=1\" alt=\"\" width=\"300\" height=\"225\" srcset=\"https:\/\/i0.wp.com\/sztgotthard-altisk.hu\/wp-content\/uploads\/2025\/09\/541774424_1275308771057349_9114420067925754120_n.jpg?resize=300%2C225&amp;ssl=1 300w, https:\/\/i0.wp.com\/sztgotthard-altisk.hu\/wp-content\/uploads\/2025\/09\/541774424_1275308771057349_9114420067925754120_n.jpg?w=600&amp;ssl=1 600w\" sizes=\"(max-width: 300px) 100vw, 300px\" \/><\/a> <a href=\"https:\/\/i0.wp.com\/sztgotthard-altisk.hu\/wp-content\/uploads\/2025\/09\/541396097_1275308814390678_5641100645552076114_n.jpg?ssl=1\"><img data-recalc-dims=\"1\" loading=\"lazy\" decoding=\"async\" class=\"alignnone size-medium wp-image-10005\" src=\"https:\/\/i0.wp.com\/sztgotthard-altisk.hu\/wp-content\/uploads\/2025\/09\/541396097_1275308814390678_5641100645552076114_n.jpg?resize=300%2C225&#038;ssl=1\" alt=\"\" width=\"300\" height=\"225\" srcset=\"https:\/\/i0.wp.com\/sztgotthard-altisk.hu\/wp-content\/uploads\/2025\/09\/541396097_1275308814390678_5641100645552076114_n.jpg?resize=300%2C225&amp;ssl=1 300w, https:\/\/i0.wp.com\/sztgotthard-altisk.hu\/wp-content\/uploads\/2025\/09\/541396097_1275308814390678_5641100645552076114_n.jpg?w=600&amp;ssl=1 600w\" sizes=\"(max-width: 300px) 100vw, 300px\" \/><\/a><\/div>\n<\/div>\n","protected":false},"excerpt":{"rendered":"<p>A h\u00e9tf\u0151i tan\u00e9vnyit\u00f3 \u00fcnneps\u00e9gen adt\u00e1k \u00e1t a Magyar Eg\u00e9szs\u00e9g\u00fcgyi Szakdolgoz\u00f3i Kamara Orsz\u00e1gos Szakk\u00e9pz\u00e9si Oktat\u00e1si \u00e9s Tov\u00e1bbk\u00e9pz\u00e9si Igazgat\u00f3s\u00e1ga \u00e1ltal meghirdetett \u201eEg\u00e9szs\u00e9g, mint \u00e9rt\u00e9k!\u201d rajzp\u00e1ly\u00e1zat d\u00edjazottainak a jutalmakat. Iskol\u00e1nk k\u00e9t tanul\u00f3ja gy\u00f6ny\u00f6r\u0171 eredm\u00e9nyt \u00e9rt el: I. korcsoport: 1. helyez\u00e9s Guti Kira II. korcsoport: 2. helyez\u00e9s Halma Leona Felk\u00e9sz\u00edt\u0151j\u00fck H\u00e1rin\u00e9 D\u00fch Katalin tan\u00e1rn\u0151 volt. A jutalmakat Padosn\u00e9 Balassa [&hellip;]<\/p>\n","protected":false},"author":7,"featured_media":10005,"comment_status":"closed","ping_status":"closed","sticky":false,"template":"","format":"standard","meta":{"_exactmetrics_skip_tracking":false,"_exactmetrics_sitenote_active":false,"_exactmetrics_sitenote_note":"","_exactmetrics_sitenote_category":0,"_jetpack_memberships_contains_paid_content":false,"footnotes":""},"categories":[5],"tags":[],"class_list":["post-10001","post","type-post","status-publish","format-standard","has-post-thumbnail","hentry","category-hirek"],"yoast_head":"<!-- This site is optimized with the Yoast SEO plugin v26.7 - https:\/\/yoast.com\/wordpress\/plugins\/seo\/ -->\n<title>Eg\u00e9szs\u00e9g, mint \u00e9rt\u00e9k rajzp\u00e1ly\u00e1zat - Szent Gotth\u00e1rd \u00c1ltal\u00e1nos Iskola<\/title>\n<meta name=\"robots\" content=\"index, follow, max-snippet:-1, max-image-preview:large, max-video-preview:-1\" \/>\n<link rel=\"canonical\" href=\"https:\/\/sztgotthard-altisk.hu\/?p=10001\" \/>\n<meta property=\"og:locale\" content=\"hu_HU\" \/>\n<meta property=\"og:type\" content=\"article\" \/>\n<meta property=\"og:title\" content=\"Eg\u00e9szs\u00e9g, mint \u00e9rt\u00e9k rajzp\u00e1ly\u00e1zat - Szent Gotth\u00e1rd \u00c1ltal\u00e1nos Iskola\" \/>\n<meta property=\"og:description\" content=\"A h\u00e9tf\u0151i tan\u00e9vnyit\u00f3 \u00fcnneps\u00e9gen adt\u00e1k \u00e1t a Magyar Eg\u00e9szs\u00e9g\u00fcgyi Szakdolgoz\u00f3i Kamara Orsz\u00e1gos Szakk\u00e9pz\u00e9si Oktat\u00e1si \u00e9s Tov\u00e1bbk\u00e9pz\u00e9si Igazgat\u00f3s\u00e1ga \u00e1ltal meghirdetett \u201eEg\u00e9szs\u00e9g, mint \u00e9rt\u00e9k!\u201d rajzp\u00e1ly\u00e1zat d\u00edjazottainak a jutalmakat. Iskol\u00e1nk k\u00e9t tanul\u00f3ja gy\u00f6ny\u00f6r\u0171 eredm\u00e9nyt \u00e9rt el: I. korcsoport: 1. helyez\u00e9s Guti Kira II. korcsoport: 2. helyez\u00e9s Halma Leona Felk\u00e9sz\u00edt\u0151j\u00fck H\u00e1rin\u00e9 D\u00fch Katalin tan\u00e1rn\u0151 volt. A jutalmakat Padosn\u00e9 Balassa [&hellip;]\" \/>\n<meta property=\"og:url\" content=\"https:\/\/sztgotthard-altisk.hu\/?p=10001\" \/>\n<meta property=\"og:site_name\" content=\"Szent Gotth\u00e1rd \u00c1ltal\u00e1nos Iskola\" \/>\n<meta property=\"article:published_time\" content=\"2025-09-02T13:30:55+00:00\" \/>\n<meta property=\"article:modified_time\" content=\"2025-09-16T13:32:23+00:00\" \/>\n<meta property=\"og:image\" content=\"https:\/\/sztgotthard-altisk.hu\/wp-content\/uploads\/2025\/09\/541396097_1275308814390678_5641100645552076114_n.jpg\" \/>\n\t<meta property=\"og:image:width\" content=\"600\" \/>\n\t<meta property=\"og:image:height\" content=\"450\" \/>\n\t<meta property=\"og:image:type\" content=\"image\/jpeg\" \/>\n<meta name=\"author\" content=\"Kert\u00e9sz Eszter\" \/>\n<meta name=\"twitter:card\" content=\"summary_large_image\" \/>\n<meta name=\"twitter:label1\" content=\"Szerz\u0151:\" \/>\n\t<meta name=\"twitter:data1\" content=\"Kert\u00e9sz Eszter\" \/>\n\t<meta name=\"twitter:label2\" content=\"Becs\u00fclt olvas\u00e1si id\u0151\" \/>\n\t<meta name=\"twitter:data2\" content=\"1 perc\" \/>\n<script type=\"application\/ld+json\" class=\"yoast-schema-graph\">{\"@context\":\"https:\/\/schema.org\",\"@graph\":[{\"@type\":\"Article\",\"@id\":\"https:\/\/sztgotthard-altisk.hu\/?p=10001#article\",\"isPartOf\":{\"@id\":\"https:\/\/sztgotthard-altisk.hu\/?p=10001\"},\"author\":{\"name\":\"Kert\u00e9sz Eszter\",\"@id\":\"https:\/\/sztgotthard-altisk.hu\/#\/schema\/person\/74426125c27fc0ae6f8250a304ac184f\"},\"headline\":\"Eg\u00e9szs\u00e9g, mint \u00e9rt\u00e9k rajzp\u00e1ly\u00e1zat\",\"datePublished\":\"2025-09-02T13:30:55+00:00\",\"dateModified\":\"2025-09-16T13:32:23+00:00\",\"mainEntityOfPage\":{\"@id\":\"https:\/\/sztgotthard-altisk.hu\/?p=10001\"},\"wordCount\":127,\"publisher\":{\"@id\":\"https:\/\/sztgotthard-altisk.hu\/#organization\"},\"image\":{\"@id\":\"https:\/\/sztgotthard-altisk.hu\/?p=10001#primaryimage\"},\"thumbnailUrl\":\"https:\/\/i0.wp.com\/sztgotthard-altisk.hu\/wp-content\/uploads\/2025\/09\/541396097_1275308814390678_5641100645552076114_n.jpg?fit=600%2C450&ssl=1\",\"articleSection\":[\"H\u00edrek\"],\"inLanguage\":\"hu\"},{\"@type\":\"WebPage\",\"@id\":\"https:\/\/sztgotthard-altisk.hu\/?p=10001\",\"url\":\"https:\/\/sztgotthard-altisk.hu\/?p=10001\",\"name\":\"Eg\u00e9szs\u00e9g, mint \u00e9rt\u00e9k rajzp\u00e1ly\u00e1zat - Szent Gotth\u00e1rd \u00c1ltal\u00e1nos Iskola\",\"isPartOf\":{\"@id\":\"https:\/\/sztgotthard-altisk.hu\/#website\"},\"primaryImageOfPage\":{\"@id\":\"https:\/\/sztgotthard-altisk.hu\/?p=10001#primaryimage\"},\"image\":{\"@id\":\"https:\/\/sztgotthard-altisk.hu\/?p=10001#primaryimage\"},\"thumbnailUrl\":\"https:\/\/i0.wp.com\/sztgotthard-altisk.hu\/wp-content\/uploads\/2025\/09\/541396097_1275308814390678_5641100645552076114_n.jpg?fit=600%2C450&ssl=1\",\"datePublished\":\"2025-09-02T13:30:55+00:00\",\"dateModified\":\"2025-09-16T13:32:23+00:00\",\"breadcrumb\":{\"@id\":\"https:\/\/sztgotthard-altisk.hu\/?p=10001#breadcrumb\"},\"inLanguage\":\"hu\",\"potentialAction\":[{\"@type\":\"ReadAction\",\"target\":[\"https:\/\/sztgotthard-altisk.hu\/?p=10001\"]}]},{\"@type\":\"ImageObject\",\"inLanguage\":\"hu\",\"@id\":\"https:\/\/sztgotthard-altisk.hu\/?p=10001#primaryimage\",\"url\":\"https:\/\/i0.wp.com\/sztgotthard-altisk.hu\/wp-content\/uploads\/2025\/09\/541396097_1275308814390678_5641100645552076114_n.jpg?fit=600%2C450&ssl=1\",\"contentUrl\":\"https:\/\/i0.wp.com\/sztgotthard-altisk.hu\/wp-content\/uploads\/2025\/09\/541396097_1275308814390678_5641100645552076114_n.jpg?fit=600%2C450&ssl=1\",\"width\":600,\"height\":450},{\"@type\":\"BreadcrumbList\",\"@id\":\"https:\/\/sztgotthard-altisk.hu\/?p=10001#breadcrumb\",\"itemListElement\":[{\"@type\":\"ListItem\",\"position\":1,\"name\":\"Kezd\u0151lap\",\"item\":\"https:\/\/sztgotthard-altisk.hu\/\"},{\"@type\":\"ListItem\",\"position\":2,\"name\":\"Eg\u00e9szs\u00e9g, mint \u00e9rt\u00e9k rajzp\u00e1ly\u00e1zat\"}]},{\"@type\":\"WebSite\",\"@id\":\"https:\/\/sztgotthard-altisk.hu\/#website\",\"url\":\"https:\/\/sztgotthard-altisk.hu\/\",\"name\":\"Szent Gotth\u00e1rd \u00c1ltal\u00e1nos Iskola\",\"description\":\"Szent Gotth\u00e1rd \u00c1ltal\u00e1nos Iskola\",\"publisher\":{\"@id\":\"https:\/\/sztgotthard-altisk.hu\/#organization\"},\"potentialAction\":[{\"@type\":\"SearchAction\",\"target\":{\"@type\":\"EntryPoint\",\"urlTemplate\":\"https:\/\/sztgotthard-altisk.hu\/?s={search_term_string}\"},\"query-input\":{\"@type\":\"PropertyValueSpecification\",\"valueRequired\":true,\"valueName\":\"search_term_string\"}}],\"inLanguage\":\"hu\"},{\"@type\":\"Organization\",\"@id\":\"https:\/\/sztgotthard-altisk.hu\/#organization\",\"name\":\"Szent Gell\u00e9rt \u00c1ltal\u00e1nos Iskola\",\"url\":\"https:\/\/sztgotthard-altisk.hu\/\",\"logo\":{\"@type\":\"ImageObject\",\"inLanguage\":\"hu\",\"@id\":\"https:\/\/sztgotthard-altisk.hu\/#\/schema\/logo\/image\/\",\"url\":\"https:\/\/i0.wp.com\/www.sztgotthard-altisk.hu\/wp-content\/uploads\/2022\/01\/sztg_altisk_logo.png?fit=161%2C129&ssl=1\",\"contentUrl\":\"https:\/\/i0.wp.com\/www.sztgotthard-altisk.hu\/wp-content\/uploads\/2022\/01\/sztg_altisk_logo.png?fit=161%2C129&ssl=1\",\"width\":161,\"height\":129,\"caption\":\"Szent Gell\u00e9rt \u00c1ltal\u00e1nos Iskola\"},\"image\":{\"@id\":\"https:\/\/sztgotthard-altisk.hu\/#\/schema\/logo\/image\/\"}},{\"@type\":\"Person\",\"@id\":\"https:\/\/sztgotthard-altisk.hu\/#\/schema\/person\/74426125c27fc0ae6f8250a304ac184f\",\"name\":\"Kert\u00e9sz Eszter\",\"image\":{\"@type\":\"ImageObject\",\"inLanguage\":\"hu\",\"@id\":\"https:\/\/sztgotthard-altisk.hu\/#\/schema\/person\/image\/\",\"url\":\"https:\/\/secure.gravatar.com\/avatar\/e6149a4d3ceb751a9028a999ab9bf4153acf7a5ffb94985144b15c5393557aad?s=96&d=mm&r=g\",\"contentUrl\":\"https:\/\/secure.gravatar.com\/avatar\/e6149a4d3ceb751a9028a999ab9bf4153acf7a5ffb94985144b15c5393557aad?s=96&d=mm&r=g\",\"caption\":\"Kert\u00e9sz Eszter\"},\"url\":\"https:\/\/sztgotthard-altisk.hu\/?author=7\"}]}<\/script>\n<!-- \/ Yoast SEO plugin. -->","yoast_head_json":{"title":"Eg\u00e9szs\u00e9g, mint \u00e9rt\u00e9k rajzp\u00e1ly\u00e1zat - Szent Gotth\u00e1rd \u00c1ltal\u00e1nos Iskola","robots":{"index":"index","follow":"follow","max-snippet":"max-snippet:-1","max-image-preview":"max-image-preview:large","max-video-preview":"max-video-preview:-1"},"canonical":"https:\/\/sztgotthard-altisk.hu\/?p=10001","og_locale":"hu_HU","og_type":"article","og_title":"Eg\u00e9szs\u00e9g, mint \u00e9rt\u00e9k rajzp\u00e1ly\u00e1zat - Szent Gotth\u00e1rd \u00c1ltal\u00e1nos Iskola","og_description":"A h\u00e9tf\u0151i tan\u00e9vnyit\u00f3 \u00fcnneps\u00e9gen adt\u00e1k \u00e1t a Magyar Eg\u00e9szs\u00e9g\u00fcgyi Szakdolgoz\u00f3i Kamara Orsz\u00e1gos Szakk\u00e9pz\u00e9si Oktat\u00e1si \u00e9s Tov\u00e1bbk\u00e9pz\u00e9si Igazgat\u00f3s\u00e1ga \u00e1ltal meghirdetett \u201eEg\u00e9szs\u00e9g, mint \u00e9rt\u00e9k!\u201d rajzp\u00e1ly\u00e1zat d\u00edjazottainak a jutalmakat. Iskol\u00e1nk k\u00e9t tanul\u00f3ja gy\u00f6ny\u00f6r\u0171 eredm\u00e9nyt \u00e9rt el: I. korcsoport: 1. helyez\u00e9s Guti Kira II. korcsoport: 2. helyez\u00e9s Halma Leona Felk\u00e9sz\u00edt\u0151j\u00fck H\u00e1rin\u00e9 D\u00fch Katalin tan\u00e1rn\u0151 volt. A jutalmakat Padosn\u00e9 Balassa [&hellip;]","og_url":"https:\/\/sztgotthard-altisk.hu\/?p=10001","og_site_name":"Szent Gotth\u00e1rd \u00c1ltal\u00e1nos Iskola","article_published_time":"2025-09-02T13:30:55+00:00","article_modified_time":"2025-09-16T13:32:23+00:00","og_image":[{"width":600,"height":450,"url":"https:\/\/sztgotthard-altisk.hu\/wp-content\/uploads\/2025\/09\/541396097_1275308814390678_5641100645552076114_n.jpg","type":"image\/jpeg"}],"author":"Kert\u00e9sz Eszter","twitter_card":"summary_large_image","twitter_misc":{"Szerz\u0151:":"Kert\u00e9sz Eszter","Becs\u00fclt olvas\u00e1si id\u0151":"1 perc"},"schema":{"@context":"https:\/\/schema.org","@graph":[{"@type":"Article","@id":"https:\/\/sztgotthard-altisk.hu\/?p=10001#article","isPartOf":{"@id":"https:\/\/sztgotthard-altisk.hu\/?p=10001"},"author":{"name":"Kert\u00e9sz Eszter","@id":"https:\/\/sztgotthard-altisk.hu\/#\/schema\/person\/74426125c27fc0ae6f8250a304ac184f"},"headline":"Eg\u00e9szs\u00e9g, mint \u00e9rt\u00e9k rajzp\u00e1ly\u00e1zat","datePublished":"2025-09-02T13:30:55+00:00","dateModified":"2025-09-16T13:32:23+00:00","mainEntityOfPage":{"@id":"https:\/\/sztgotthard-altisk.hu\/?p=10001"},"wordCount":127,"publisher":{"@id":"https:\/\/sztgotthard-altisk.hu\/#organization"},"image":{"@id":"https:\/\/sztgotthard-altisk.hu\/?p=10001#primaryimage"},"thumbnailUrl":"https:\/\/i0.wp.com\/sztgotthard-altisk.hu\/wp-content\/uploads\/2025\/09\/541396097_1275308814390678_5641100645552076114_n.jpg?fit=600%2C450&ssl=1","articleSection":["H\u00edrek"],"inLanguage":"hu"},{"@type":"WebPage","@id":"https:\/\/sztgotthard-altisk.hu\/?p=10001","url":"https:\/\/sztgotthard-altisk.hu\/?p=10001","name":"Eg\u00e9szs\u00e9g, mint \u00e9rt\u00e9k rajzp\u00e1ly\u00e1zat - Szent Gotth\u00e1rd \u00c1ltal\u00e1nos Iskola","isPartOf":{"@id":"https:\/\/sztgotthard-altisk.hu\/#website"},"primaryImageOfPage":{"@id":"https:\/\/sztgotthard-altisk.hu\/?p=10001#primaryimage"},"image":{"@id":"https:\/\/sztgotthard-altisk.hu\/?p=10001#primaryimage"},"thumbnailUrl":"https:\/\/i0.wp.com\/sztgotthard-altisk.hu\/wp-content\/uploads\/2025\/09\/541396097_1275308814390678_5641100645552076114_n.jpg?fit=600%2C450&ssl=1","datePublished":"2025-09-02T13:30:55+00:00","dateModified":"2025-09-16T13:32:23+00:00","breadcrumb":{"@id":"https:\/\/sztgotthard-altisk.hu\/?p=10001#breadcrumb"},"inLanguage":"hu","potentialAction":[{"@type":"ReadAction","target":["https:\/\/sztgotthard-altisk.hu\/?p=10001"]}]},{"@type":"ImageObject","inLanguage":"hu","@id":"https:\/\/sztgotthard-altisk.hu\/?p=10001#primaryimage","url":"https:\/\/i0.wp.com\/sztgotthard-altisk.hu\/wp-content\/uploads\/2025\/09\/541396097_1275308814390678_5641100645552076114_n.jpg?fit=600%2C450&ssl=1","contentUrl":"https:\/\/i0.wp.com\/sztgotthard-altisk.hu\/wp-content\/uploads\/2025\/09\/541396097_1275308814390678_5641100645552076114_n.jpg?fit=600%2C450&ssl=1","width":600,"height":450},{"@type":"BreadcrumbList","@id":"https:\/\/sztgotthard-altisk.hu\/?p=10001#breadcrumb","itemListElement":[{"@type":"ListItem","position":1,"name":"Kezd\u0151lap","item":"https:\/\/sztgotthard-altisk.hu\/"},{"@type":"ListItem","position":2,"name":"Eg\u00e9szs\u00e9g, mint \u00e9rt\u00e9k rajzp\u00e1ly\u00e1zat"}]},{"@type":"WebSite","@id":"https:\/\/sztgotthard-altisk.hu\/#website","url":"https:\/\/sztgotthard-altisk.hu\/","name":"Szent Gotth\u00e1rd \u00c1ltal\u00e1nos Iskola","description":"Szent Gotth\u00e1rd \u00c1ltal\u00e1nos Iskola","publisher":{"@id":"https:\/\/sztgotthard-altisk.hu\/#organization"},"potentialAction":[{"@type":"SearchAction","target":{"@type":"EntryPoint","urlTemplate":"https:\/\/sztgotthard-altisk.hu\/?s={search_term_string}"},"query-input":{"@type":"PropertyValueSpecification","valueRequired":true,"valueName":"search_term_string"}}],"inLanguage":"hu"},{"@type":"Organization","@id":"https:\/\/sztgotthard-altisk.hu\/#organization","name":"Szent Gell\u00e9rt \u00c1ltal\u00e1nos Iskola","url":"https:\/\/sztgotthard-altisk.hu\/","logo":{"@type":"ImageObject","inLanguage":"hu","@id":"https:\/\/sztgotthard-altisk.hu\/#\/schema\/logo\/image\/","url":"https:\/\/i0.wp.com\/www.sztgotthard-altisk.hu\/wp-content\/uploads\/2022\/01\/sztg_altisk_logo.png?fit=161%2C129&ssl=1","contentUrl":"https:\/\/i0.wp.com\/www.sztgotthard-altisk.hu\/wp-content\/uploads\/2022\/01\/sztg_altisk_logo.png?fit=161%2C129&ssl=1","width":161,"height":129,"caption":"Szent Gell\u00e9rt \u00c1ltal\u00e1nos Iskola"},"image":{"@id":"https:\/\/sztgotthard-altisk.hu\/#\/schema\/logo\/image\/"}},{"@type":"Person","@id":"https:\/\/sztgotthard-altisk.hu\/#\/schema\/person\/74426125c27fc0ae6f8250a304ac184f","name":"Kert\u00e9sz Eszter","image":{"@type":"ImageObject","inLanguage":"hu","@id":"https:\/\/sztgotthard-altisk.hu\/#\/schema\/person\/image\/","url":"https:\/\/secure.gravatar.com\/avatar\/e6149a4d3ceb751a9028a999ab9bf4153acf7a5ffb94985144b15c5393557aad?s=96&d=mm&r=g","contentUrl":"https:\/\/secure.gravatar.com\/avatar\/e6149a4d3ceb751a9028a999ab9bf4153acf7a5ffb94985144b15c5393557aad?s=96&d=mm&r=g","caption":"Kert\u00e9sz Eszter"},"url":"https:\/\/sztgotthard-altisk.hu\/?author=7"}]}},"jetpack_featured_media_url":"https:\/\/i0.wp.com\/sztgotthard-altisk.hu\/wp-content\/uploads\/2025\/09\/541396097_1275308814390678_5641100645552076114_n.jpg?fit=600%2C450&ssl=1","jetpack_shortlink":"https:\/\/wp.me\/p9tyQr-2Bj","jetpack_sharing_enabled":true,"_links":{"self":[{"href":"https:\/\/sztgotthard-altisk.hu\/index.php?rest_route=\/wp\/v2\/posts\/10001","targetHints":{"allow":["GET"]}}],"collection":[{"href":"https:\/\/sztgotthard-altisk.hu\/index.php?rest_route=\/wp\/v2\/posts"}],"about":[{"href":"https:\/\/sztgotthard-altisk.hu\/index.php?rest_route=\/wp\/v2\/types\/post"}],"author":[{"embeddable":true,"href":"https:\/\/sztgotthard-altisk.hu\/index.php?rest_route=\/wp\/v2\/users\/7"}],"replies":[{"embeddable":true,"href":"https:\/\/sztgotthard-altisk.hu\/index.php?rest_route=%2Fwp%2Fv2%2Fcomments&post=10001"}],"version-history":[{"count":1,"href":"https:\/\/sztgotthard-altisk.hu\/index.php?rest_route=\/wp\/v2\/posts\/10001\/revisions"}],"predecessor-version":[{"id":10006,"href":"https:\/\/sztgotthard-altisk.hu\/index.php?rest_route=\/wp\/v2\/posts\/10001\/revisions\/10006"}],"wp:featuredmedia":[{"embeddable":true,"href":"https:\/\/sztgotthard-altisk.hu\/index.php?rest_route=\/wp\/v2\/media\/10005"}],"wp:attachment":[{"href":"https:\/\/sztgotthard-altisk.hu\/index.php?rest_route=%2Fwp%2Fv2%2Fmedia&parent=10001"}],"wp:term":[{"taxonomy":"category","embeddable":true,"href":"https:\/\/sztgotthard-altisk.hu\/index.php?rest_route=%2Fwp%2Fv2%2Fcategories&post=10001"},{"taxonomy":"post_tag","embeddable":true,"href":"https:\/\/sztgotthard-altisk.hu\/index.php?rest_route=%2Fwp%2Fv2%2Ftags&post=10001"}],"curies":[{"name":"wp","href":"https:\/\/api.w.org\/{rel}","templated":true}]}}